{"id":106326,"date":"2023-06-25T09:13:19","date_gmt":"2023-06-25T12:13:19","guid":{"rendered":"https:\/\/infoecos.com.ar\/?p=106326"},"modified":"2023-07-01T03:02:56","modified_gmt":"2023-07-01T06:02:56","slug":"kicillof-magario-santilli-posse-grindetti-fernandez-piparo-oneto-algunas-formulas","status":"publish","type":"post","link":"https:\/\/infoecos.com.ar\/index.php\/kicillof-magario-santilli-posse-grindetti-fernandez-piparo-oneto-algunas-formulas\/","title":{"rendered":"Kicillof-Magario; Santilli-Posse; Grindetti-Fern\u00e1ndez; P\u00edparo-Oneto, algunas f\u00f3rmulas"},"content":{"rendered":"\n<p><strong>Infograf\u00eda: Infobae.com <\/strong><\/p>\n\n\n\n<figure class=\"wp-block-image size-full\"><img loading=\"lazy\" decoding=\"async\" width=\"992\" height=\"558\" src=\"https:\/\/infoecos.com.ar\/wp-content\/uploads\/2023\/06\/image-88.png\" alt=\"\" class=\"wp-image-106327\" srcset=\"https:\/\/infoecos.com.ar\/wp-content\/uploads\/2023\/06\/image-88.png 992w, https:\/\/infoecos.com.ar\/wp-content\/uploads\/2023\/06\/image-88-800x450.png 800w, https:\/\/infoecos.com.ar\/wp-content\/uploads\/2023\/06\/image-88-768x432.png 768w\" sizes=\"(max-width: 992px) 100vw, 992px\" \/><\/figure>\n\n\n\n<p><strong>Axel Kicillof y Ver\u00f3nica Magario (Uni\u00f3n por la Patria)<\/strong>.<\/p>\n\n\n\n<p><strong>Diego Santilli y Gustavo Posse (Juntos por el Cambio)<\/strong><\/p>\n\n\n\n<p><strong>N\u00e9stor Grindetti y Miguel Fern\u00e1ndez (intendente de Trenque Lauquen)<\/strong> (Juntos por el Cambio)<\/p>\n\n\n\n<p><strong>Carolina P\u00edparo y Francisco Oneto (La Libertad Avanza) <\/strong><\/p>\n\n\n\n<p><strong>Alejandro Bodart y Jimena Letieri (Frente de Izquierda)<\/strong><\/p>\n\n\n\n<p><strong>Rub\u00e9n Sobrero y Nathalia Gonz\u00e1lez Seligra (Frente de Izquierda)<\/strong><\/p>\n\n\n\n<p><strong>Luis D\u2019El\u00eda y Fabiana Montoni (Principios y Valores)<\/strong><\/p>\n\n\n\n<p><strong>Soledad Yapura y Jorge Ayala (Nuevo M\u00e1s)<\/strong><\/p>\n\n\n\n<p><strong>Pablo Busch y Eva Guti\u00e9rrez<\/strong> <strong>(Pol\u00edtica Obrera)<\/strong><\/p>\n\n\n\n<p><strong>Silvia Saravia &#8211; Rodrigo Hern\u00e1ndez<\/strong> <strong>(Libres del Sur)<\/strong><\/p>\n\n\n\n<p>De acuerdo a lo dispuesto por el m\u00e1ximo tribunal&nbsp;electoral, las Primarias Abiertas, Simult\u00e1neas y Obligatorias ser\u00e1n el 13 de agosto, en tanto que las elecciones generales se realizar\u00e1n en todo el pa\u00eds el 22 de octubre. Previamente, habr\u00e1 dos debates presidenciales obligatorios, uno que se llevar\u00e1 adelante el 8 de octubre y otro, el 19.&nbsp;<strong>La fecha establecida para una potencial segunda vuelta electoral ser\u00e1 el 19 de noviembre<\/strong><\/p>\n","protected":false},"excerpt":{"rendered":"<p>De acuerdo a lo dispuesto por el m\u00e1ximo tribunal\u00a0electoral, las Primarias Abiertas, Simult\u00e1neas y Obligatorias ser\u00e1n el 13 de agosto, en tanto que las elecciones generales se realizar\u00e1n en todo el pa\u00eds el 22 de octubre<\/p>\n","protected":false},"author":2,"featured_media":106327,"comment_status":"closed","ping_status":"open","sticky":false,"template":"","format":"standard","meta":{"footnotes":""},"categories":[1333],"tags":[8189],"class_list":["post-106326","post","type-post","status-publish","format-standard","has-post-thumbnail","hentry","category-inferior13","tag-precandidatos-a-gobernador"],"yoast_head":"<!-- This site is optimized with the Yoast SEO plugin v23.4 - https:\/\/yoast.com\/wordpress\/plugins\/seo\/ -->\n<title>Kicillof-Magario; Santilli-Posse; Grindetti-Fern\u00e1ndez; P\u00edparo-Oneto, algunas f\u00f3rmulas - Infoecos<\/title>\n<meta name=\"robots\" content=\"index, follow, max-snippet:-1, max-image-preview:large, max-video-preview:-1\" \/>\n<link rel=\"canonical\" href=\"https:\/\/infoecos.com.ar\/index.php\/kicillof-magario-santilli-posse-grindetti-fernandez-piparo-oneto-algunas-formulas\/\" \/>\n<meta property=\"og:locale\" content=\"es_ES\" \/>\n<meta property=\"og:type\" content=\"article\" \/>\n<meta property=\"og:title\" content=\"Kicillof-Magario; Santilli-Posse; Grindetti-Fern\u00e1ndez; P\u00edparo-Oneto, algunas f\u00f3rmulas - Infoecos\" \/>\n<meta property=\"og:description\" content=\"De acuerdo a lo dispuesto por el m\u00e1ximo tribunal\u00a0electoral, las Primarias Abiertas, Simult\u00e1neas y Obligatorias ser\u00e1n el 13 de agosto, en tanto que las elecciones generales se realizar\u00e1n en todo el pa\u00eds el 22 de octubre\" \/>\n<meta property=\"og:url\" content=\"https:\/\/infoecos.com.ar\/index.php\/kicillof-magario-santilli-posse-grindetti-fernandez-piparo-oneto-algunas-formulas\/\" \/>\n<meta property=\"og:site_name\" content=\"Infoecos\" \/>\n<meta property=\"article:publisher\" content=\"https:\/\/www.facebook.com\/profile.php?id=100063200290284\" \/>\n<meta property=\"article:published_time\" content=\"2023-06-25T12:13:19+00:00\" \/>\n<meta property=\"article:modified_time\" content=\"2023-07-01T06:02:56+00:00\" \/>\n<meta property=\"og:image\" content=\"https:\/\/infoecos.com.ar\/wp-content\/uploads\/2023\/06\/image-88.png\" \/>\n\t<meta property=\"og:image:width\" content=\"992\" \/>\n\t<meta property=\"og:image:height\" content=\"558\" \/>\n\t<meta property=\"og:image:type\" content=\"image\/png\" \/>\n<meta name=\"author\" content=\"Jorge Matheus\" \/>\n<meta name=\"twitter:card\" content=\"summary_large_image\" \/>\n<meta name=\"twitter:creator\" content=\"@infoecos\" \/>\n<meta name=\"twitter:site\" content=\"@infoecos\" \/>\n<meta name=\"twitter:label1\" content=\"Escrito por\" \/>\n\t<meta name=\"twitter:data1\" content=\"Jorge Matheus\" \/>\n\t<meta name=\"twitter:label2\" content=\"Tiempo de lectura\" \/>\n\t<meta name=\"twitter:data2\" content=\"1 minuto\" \/>\n<script type=\"application\/ld+json\" class=\"yoast-schema-graph\">{\"@context\":\"https:\/\/schema.org\",\"@graph\":[{\"@type\":\"Article\",\"@id\":\"https:\/\/infoecos.com.ar\/index.php\/kicillof-magario-santilli-posse-grindetti-fernandez-piparo-oneto-algunas-formulas\/#article\",\"isPartOf\":{\"@id\":\"https:\/\/infoecos.com.ar\/index.php\/kicillof-magario-santilli-posse-grindetti-fernandez-piparo-oneto-algunas-formulas\/\"},\"author\":{\"name\":\"Jorge Matheus\",\"@id\":\"https:\/\/infoecos.com.ar\/#\/schema\/person\/8f5ace5ce73b4b4aac4b7245aee6f191\"},\"headline\":\"Kicillof-Magario; Santilli-Posse; Grindetti-Fern\u00e1ndez; P\u00edparo-Oneto, algunas f\u00f3rmulas\",\"datePublished\":\"2023-06-25T12:13:19+00:00\",\"dateModified\":\"2023-07-01T06:02:56+00:00\",\"mainEntityOfPage\":{\"@id\":\"https:\/\/infoecos.com.ar\/index.php\/kicillof-magario-santilli-posse-grindetti-fernandez-piparo-oneto-algunas-formulas\/\"},\"wordCount\":184,\"publisher\":{\"@id\":\"https:\/\/infoecos.com.ar\/#organization\"},\"image\":{\"@id\":\"https:\/\/infoecos.com.ar\/index.php\/kicillof-magario-santilli-posse-grindetti-fernandez-piparo-oneto-algunas-formulas\/#primaryimage\"},\"thumbnailUrl\":\"https:\/\/infoecos.com.ar\/wp-content\/uploads\/2023\/06\/image-88.png\",\"keywords\":[\"PRECANDIDATOS A GOBERNADOR\"],\"articleSection\":[\"Bloque inferior - 13\"],\"inLanguage\":\"es\"},{\"@type\":\"WebPage\",\"@id\":\"https:\/\/infoecos.com.ar\/index.php\/kicillof-magario-santilli-posse-grindetti-fernandez-piparo-oneto-algunas-formulas\/\",\"url\":\"https:\/\/infoecos.com.ar\/index.php\/kicillof-magario-santilli-posse-grindetti-fernandez-piparo-oneto-algunas-formulas\/\",\"name\":\"Kicillof-Magario; Santilli-Posse; Grindetti-Fern\u00e1ndez; P\u00edparo-Oneto, algunas f\u00f3rmulas - Infoecos\",\"isPartOf\":{\"@id\":\"https:\/\/infoecos.com.ar\/#website\"},\"primaryImageOfPage\":{\"@id\":\"https:\/\/infoecos.com.ar\/index.php\/kicillof-magario-santilli-posse-grindetti-fernandez-piparo-oneto-algunas-formulas\/#primaryimage\"},\"image\":{\"@id\":\"https:\/\/infoecos.com.ar\/index.php\/kicillof-magario-santilli-posse-grindetti-fernandez-piparo-oneto-algunas-formulas\/#primaryimage\"},\"thumbnailUrl\":\"https:\/\/infoecos.com.ar\/wp-content\/uploads\/2023\/06\/image-88.png\",\"datePublished\":\"2023-06-25T12:13:19+00:00\",\"dateModified\":\"2023-07-01T06:02:56+00:00\",\"breadcrumb\":{\"@id\":\"https:\/\/infoecos.com.ar\/index.php\/kicillof-magario-santilli-posse-grindetti-fernandez-piparo-oneto-algunas-formulas\/#breadcrumb\"},\"inLanguage\":\"es\",\"potentialAction\":[{\"@type\":\"ReadAction\",\"target\":[\"https:\/\/infoecos.com.ar\/index.php\/kicillof-magario-santilli-posse-grindetti-fernandez-piparo-oneto-algunas-formulas\/\"]}]},{\"@type\":\"ImageObject\",\"inLanguage\":\"es\",\"@id\":\"https:\/\/infoecos.com.ar\/index.php\/kicillof-magario-santilli-posse-grindetti-fernandez-piparo-oneto-algunas-formulas\/#primaryimage\",\"url\":\"https:\/\/infoecos.com.ar\/wp-content\/uploads\/2023\/06\/image-88.png\",\"contentUrl\":\"https:\/\/infoecos.com.ar\/wp-content\/uploads\/2023\/06\/image-88.png\",\"width\":992,\"height\":558},{\"@type\":\"BreadcrumbList\",\"@id\":\"https:\/\/infoecos.com.ar\/index.php\/kicillof-magario-santilli-posse-grindetti-fernandez-piparo-oneto-algunas-formulas\/#breadcrumb\",\"itemListElement\":[{\"@type\":\"ListItem\",\"position\":1,\"name\":\"Portada\",\"item\":\"https:\/\/infoecos.com.ar\/\"},{\"@type\":\"ListItem\",\"position\":2,\"name\":\"Kicillof-Magario; Santilli-Posse; Grindetti-Fern\u00e1ndez; P\u00edparo-Oneto, algunas f\u00f3rmulas\"}]},{\"@type\":\"WebSite\",\"@id\":\"https:\/\/infoecos.com.ar\/#website\",\"url\":\"https:\/\/infoecos.com.ar\/\",\"name\":\"Infoecos\",\"description\":\"Noticias de trenque lauquen y la zona\",\"publisher\":{\"@id\":\"https:\/\/infoecos.com.ar\/#organization\"},\"alternateName\":\"Noticias\",\"potentialAction\":[{\"@type\":\"SearchAction\",\"target\":{\"@type\":\"EntryPoint\",\"urlTemplate\":\"https:\/\/infoecos.com.ar\/?s={search_term_string}\"},\"query-input\":{\"@type\":\"PropertyValueSpecification\",\"valueRequired\":true,\"valueName\":\"search_term_string\"}}],\"inLanguage\":\"es\"},{\"@type\":\"Organization\",\"@id\":\"https:\/\/infoecos.com.ar\/#organization\",\"name\":\"Infoecos\",\"alternateName\":\"Noticias\",\"url\":\"https:\/\/infoecos.com.ar\/\",\"logo\":{\"@type\":\"ImageObject\",\"inLanguage\":\"es\",\"@id\":\"https:\/\/infoecos.com.ar\/#\/schema\/logo\/image\/\",\"url\":\"https:\/\/infoecos.com.ar\/wp-content\/uploads\/2024\/03\/cropped-logo.png\",\"contentUrl\":\"https:\/\/infoecos.com.ar\/wp-content\/uploads\/2024\/03\/cropped-logo.png\",\"width\":374,\"height\":90,\"caption\":\"Infoecos\"},\"image\":{\"@id\":\"https:\/\/infoecos.com.ar\/#\/schema\/logo\/image\/\"},\"sameAs\":[\"https:\/\/www.facebook.com\/profile.php?id=100063200290284\",\"https:\/\/x.com\/infoecos\"]},{\"@type\":\"Person\",\"@id\":\"https:\/\/infoecos.com.ar\/#\/schema\/person\/8f5ace5ce73b4b4aac4b7245aee6f191\",\"name\":\"Jorge Matheus\",\"url\":\"https:\/\/infoecos.com.ar\/index.php\/author\/jomatheus\/\"}]}<\/script>\n<!-- \/ Yoast SEO plugin. -->","yoast_head_json":{"title":"Kicillof-Magario; Santilli-Posse; Grindetti-Fern\u00e1ndez; P\u00edparo-Oneto, algunas f\u00f3rmulas - Infoecos","robots":{"index":"index","follow":"follow","max-snippet":"max-snippet:-1","max-image-preview":"max-image-preview:large","max-video-preview":"max-video-preview:-1"},"canonical":"https:\/\/infoecos.com.ar\/index.php\/kicillof-magario-santilli-posse-grindetti-fernandez-piparo-oneto-algunas-formulas\/","og_locale":"es_ES","og_type":"article","og_title":"Kicillof-Magario; Santilli-Posse; Grindetti-Fern\u00e1ndez; P\u00edparo-Oneto, algunas f\u00f3rmulas - Infoecos","og_description":"De acuerdo a lo dispuesto por el m\u00e1ximo tribunal\u00a0electoral, las Primarias Abiertas, Simult\u00e1neas y Obligatorias ser\u00e1n el 13 de agosto, en tanto que las elecciones generales se realizar\u00e1n en todo el pa\u00eds el 22 de octubre","og_url":"https:\/\/infoecos.com.ar\/index.php\/kicillof-magario-santilli-posse-grindetti-fernandez-piparo-oneto-algunas-formulas\/","og_site_name":"Infoecos","article_publisher":"https:\/\/www.facebook.com\/profile.php?id=100063200290284","article_published_time":"2023-06-25T12:13:19+00:00","article_modified_time":"2023-07-01T06:02:56+00:00","og_image":[{"width":992,"height":558,"url":"https:\/\/infoecos.com.ar\/wp-content\/uploads\/2023\/06\/image-88.png","type":"image\/png"}],"author":"Jorge Matheus","twitter_card":"summary_large_image","twitter_creator":"@infoecos","twitter_site":"@infoecos","twitter_misc":{"Escrito por":"Jorge Matheus","Tiempo de lectura":"1 minuto"},"schema":{"@context":"https:\/\/schema.org","@graph":[{"@type":"Article","@id":"https:\/\/infoecos.com.ar\/index.php\/kicillof-magario-santilli-posse-grindetti-fernandez-piparo-oneto-algunas-formulas\/#article","isPartOf":{"@id":"https:\/\/infoecos.com.ar\/index.php\/kicillof-magario-santilli-posse-grindetti-fernandez-piparo-oneto-algunas-formulas\/"},"author":{"name":"Jorge Matheus","@id":"https:\/\/infoecos.com.ar\/#\/schema\/person\/8f5ace5ce73b4b4aac4b7245aee6f191"},"headline":"Kicillof-Magario; Santilli-Posse; Grindetti-Fern\u00e1ndez; P\u00edparo-Oneto, algunas f\u00f3rmulas","datePublished":"2023-06-25T12:13:19+00:00","dateModified":"2023-07-01T06:02:56+00:00","mainEntityOfPage":{"@id":"https:\/\/infoecos.com.ar\/index.php\/kicillof-magario-santilli-posse-grindetti-fernandez-piparo-oneto-algunas-formulas\/"},"wordCount":184,"publisher":{"@id":"https:\/\/infoecos.com.ar\/#organization"},"image":{"@id":"https:\/\/infoecos.com.ar\/index.php\/kicillof-magario-santilli-posse-grindetti-fernandez-piparo-oneto-algunas-formulas\/#primaryimage"},"thumbnailUrl":"https:\/\/infoecos.com.ar\/wp-content\/uploads\/2023\/06\/image-88.png","keywords":["PRECANDIDATOS A GOBERNADOR"],"articleSection":["Bloque inferior - 13"],"inLanguage":"es"},{"@type":"WebPage","@id":"https:\/\/infoecos.com.ar\/index.php\/kicillof-magario-santilli-posse-grindetti-fernandez-piparo-oneto-algunas-formulas\/","url":"https:\/\/infoecos.com.ar\/index.php\/kicillof-magario-santilli-posse-grindetti-fernandez-piparo-oneto-algunas-formulas\/","name":"Kicillof-Magario; Santilli-Posse; Grindetti-Fern\u00e1ndez; P\u00edparo-Oneto, algunas f\u00f3rmulas - Infoecos","isPartOf":{"@id":"https:\/\/infoecos.com.ar\/#website"},"primaryImageOfPage":{"@id":"https:\/\/infoecos.com.ar\/index.php\/kicillof-magario-santilli-posse-grindetti-fernandez-piparo-oneto-algunas-formulas\/#primaryimage"},"image":{"@id":"https:\/\/infoecos.com.ar\/index.php\/kicillof-magario-santilli-posse-grindetti-fernandez-piparo-oneto-algunas-formulas\/#primaryimage"},"thumbnailUrl":"https:\/\/infoecos.com.ar\/wp-content\/uploads\/2023\/06\/image-88.png","datePublished":"2023-06-25T12:13:19+00:00","dateModified":"2023-07-01T06:02:56+00:00","breadcrumb":{"@id":"https:\/\/infoecos.com.ar\/index.php\/kicillof-magario-santilli-posse-grindetti-fernandez-piparo-oneto-algunas-formulas\/#breadcrumb"},"inLanguage":"es","potentialAction":[{"@type":"ReadAction","target":["https:\/\/infoecos.com.ar\/index.php\/kicillof-magario-santilli-posse-grindetti-fernandez-piparo-oneto-algunas-formulas\/"]}]},{"@type":"ImageObject","inLanguage":"es","@id":"https:\/\/infoecos.com.ar\/index.php\/kicillof-magario-santilli-posse-grindetti-fernandez-piparo-oneto-algunas-formulas\/#primaryimage","url":"https:\/\/infoecos.com.ar\/wp-content\/uploads\/2023\/06\/image-88.png","contentUrl":"https:\/\/infoecos.com.ar\/wp-content\/uploads\/2023\/06\/image-88.png","width":992,"height":558},{"@type":"BreadcrumbList","@id":"https:\/\/infoecos.com.ar\/index.php\/kicillof-magario-santilli-posse-grindetti-fernandez-piparo-oneto-algunas-formulas\/#breadcrumb","itemListElement":[{"@type":"ListItem","position":1,"name":"Portada","item":"https:\/\/infoecos.com.ar\/"},{"@type":"ListItem","position":2,"name":"Kicillof-Magario; Santilli-Posse; Grindetti-Fern\u00e1ndez; P\u00edparo-Oneto, algunas f\u00f3rmulas"}]},{"@type":"WebSite","@id":"https:\/\/infoecos.com.ar\/#website","url":"https:\/\/infoecos.com.ar\/","name":"Infoecos","description":"Noticias de trenque lauquen y la zona","publisher":{"@id":"https:\/\/infoecos.com.ar\/#organization"},"alternateName":"Noticias","potentialAction":[{"@type":"SearchAction","target":{"@type":"EntryPoint","urlTemplate":"https:\/\/infoecos.com.ar\/?s={search_term_string}"},"query-input":{"@type":"PropertyValueSpecification","valueRequired":true,"valueName":"search_term_string"}}],"inLanguage":"es"},{"@type":"Organization","@id":"https:\/\/infoecos.com.ar\/#organization","name":"Infoecos","alternateName":"Noticias","url":"https:\/\/infoecos.com.ar\/","logo":{"@type":"ImageObject","inLanguage":"es","@id":"https:\/\/infoecos.com.ar\/#\/schema\/logo\/image\/","url":"https:\/\/infoecos.com.ar\/wp-content\/uploads\/2024\/03\/cropped-logo.png","contentUrl":"https:\/\/infoecos.com.ar\/wp-content\/uploads\/2024\/03\/cropped-logo.png","width":374,"height":90,"caption":"Infoecos"},"image":{"@id":"https:\/\/infoecos.com.ar\/#\/schema\/logo\/image\/"},"sameAs":["https:\/\/www.facebook.com\/profile.php?id=100063200290284","https:\/\/x.com\/infoecos"]},{"@type":"Person","@id":"https:\/\/infoecos.com.ar\/#\/schema\/person\/8f5ace5ce73b4b4aac4b7245aee6f191","name":"Jorge Matheus","url":"https:\/\/infoecos.com.ar\/index.php\/author\/jomatheus\/"}]}},"featured_image_urls":{"full":["https:\/\/infoecos.com.ar\/wp-content\/uploads\/2023\/06\/image-88.png",992,558,false],"thumbnail":["https:\/\/infoecos.com.ar\/wp-content\/uploads\/2023\/06\/image-88-300x150.png",300,150,true],"medium":["https:\/\/infoecos.com.ar\/wp-content\/uploads\/2023\/06\/image-88-800x450.png",800,450,true],"medium_large":["https:\/\/infoecos.com.ar\/wp-content\/uploads\/2023\/06\/image-88-768x432.png",640,360,true],"large":["https:\/\/infoecos.com.ar\/wp-content\/uploads\/2023\/06\/image-88.png",640,360,false],"1536x1536":["https:\/\/infoecos.com.ar\/wp-content\/uploads\/2023\/06\/image-88.png",992,558,false],"2048x2048":["https:\/\/infoecos.com.ar\/wp-content\/uploads\/2023\/06\/image-88.png",992,558,false],"covernews-slider-full":["https:\/\/infoecos.com.ar\/wp-content\/uploads\/2023\/06\/image-88.png",992,558,false],"covernews-slider-center":["https:\/\/infoecos.com.ar\/wp-content\/uploads\/2023\/06\/image-88-936x558.png",800,477,true],"covernews-featured":["https:\/\/infoecos.com.ar\/wp-content\/uploads\/2023\/06\/image-88.png",992,558,false],"covernews-medium":["https:\/\/infoecos.com.ar\/wp-content\/uploads\/2023\/06\/image-88-720x380.png",540,285,true],"covernews-medium-square":["https:\/\/infoecos.com.ar\/wp-content\/uploads\/2023\/06\/image-88-675x450.png",375,250,true]},"author_info":{"info":["Jorge Matheus"]},"category_info":"<a href=\"https:\/\/infoecos.com.ar\/index.php\/category\/inferior13\/\" rel=\"category tag\">Bloque inferior - 13<\/a>","tag_info":"Bloque inferior - 13","comment_count":"0","_links":{"self":[{"href":"https:\/\/infoecos.com.ar\/index.php\/wp-json\/wp\/v2\/posts\/106326"}],"collection":[{"href":"https:\/\/infoecos.com.ar\/index.php\/wp-json\/wp\/v2\/posts"}],"about":[{"href":"https:\/\/infoecos.com.ar\/index.php\/wp-json\/wp\/v2\/types\/post"}],"author":[{"embeddable":true,"href":"https:\/\/infoecos.com.ar\/index.php\/wp-json\/wp\/v2\/users\/2"}],"replies":[{"embeddable":true,"href":"https:\/\/infoecos.com.ar\/index.php\/wp-json\/wp\/v2\/comments?post=106326"}],"version-history":[{"count":2,"href":"https:\/\/infoecos.com.ar\/index.php\/wp-json\/wp\/v2\/posts\/106326\/revisions"}],"predecessor-version":[{"id":106372,"href":"https:\/\/infoecos.com.ar\/index.php\/wp-json\/wp\/v2\/posts\/106326\/revisions\/106372"}],"wp:featuredmedia":[{"embeddable":true,"href":"https:\/\/infoecos.com.ar\/index.php\/wp-json\/wp\/v2\/media\/106327"}],"wp:attachment":[{"href":"https:\/\/infoecos.com.ar\/index.php\/wp-json\/wp\/v2\/media?parent=106326"}],"wp:term":[{"taxonomy":"category","embeddable":true,"href":"https:\/\/infoecos.com.ar\/index.php\/wp-json\/wp\/v2\/categories?post=106326"},{"taxonomy":"post_tag","embeddable":true,"href":"https:\/\/infoecos.com.ar\/index.php\/wp-json\/wp\/v2\/tags?post=106326"}],"curies":[{"name":"wp","href":"https:\/\/api.w.org\/{rel}","templated":true}]}}