{"id":106339,"date":"2023-06-25T10:00:36","date_gmt":"2023-06-25T13:00:36","guid":{"rendered":"https:\/\/infoecos.com.ar\/?p=106339"},"modified":"2023-06-27T23:58:03","modified_gmt":"2023-06-28T02:58:03","slug":"german-lauro-se-mete-de-lleno-en-la-politica-candidato-a-concejal-por-el-sector-de-recoulat","status":"publish","type":"post","link":"https:\/\/infoecos.com.ar\/index.php\/german-lauro-se-mete-de-lleno-en-la-politica-candidato-a-concejal-por-el-sector-de-recoulat\/","title":{"rendered":"Germ\u00e1n Lauro se mete de lleno en la pol\u00edtica: candidato a concejal por el sector de Recoulat"},"content":{"rendered":"\n<p>Habr\u00e1 internas en las PASO del oficialismo en Trenque Lauquen.<\/p>\n\n\n\n<figure class=\"wp-block-image aligncenter size-full is-resized\"><img loading=\"lazy\" decoding=\"async\" src=\"https:\/\/infoecos.com.ar\/wp-content\/uploads\/2023\/06\/image-90.png\" alt=\"\" class=\"wp-image-106340\" width=\"365\" height=\"365\"\/><\/figure>\n\n\n\n<p>Francisco Recoulat aspira por el sector del ri\u00f1\u00f3n de Miguel Fern\u00e1ndez, y Adriana Vel\u00e1zquez por el de Rodr\u00edguez Larreta.<\/p>\n\n\n\n<p>En el sector de Recoulat queda bien claro el acuerdo con Emilio Monz\u00f3. Su hermana integra la lista del legislador comunal. Por otro lado, el respaldo del intendente Fern\u00e1ndez, pu\u00e9s encabeza el actual reemplazante natural para Villegas 555, Esteban Vidal y para ponerle el \u00abmo\u00f1o\u00bb a los acuerdos, el apoyo de los j\u00f3venes radicales incorporando a Germ\u00e1n Lauro, el ex ol\u00edmpico, como precandidato a concejal. <\/p>\n\n\n\n<figure class=\"wp-block-image aligncenter size-full is-resized\"><img loading=\"lazy\" decoding=\"async\" src=\"https:\/\/infoecos.com.ar\/wp-content\/uploads\/2023\/06\/image-91.png\" alt=\"\" class=\"wp-image-106341\" width=\"384\" height=\"288\" srcset=\"https:\/\/infoecos.com.ar\/wp-content\/uploads\/2023\/06\/image-91.png 1024w, https:\/\/infoecos.com.ar\/wp-content\/uploads\/2023\/06\/image-91-800x600.png 800w, https:\/\/infoecos.com.ar\/wp-content\/uploads\/2023\/06\/image-91-768x576.png 768w\" sizes=\"(max-width: 384px) 100vw, 384px\" \/><\/figure>\n","protected":false},"excerpt":{"rendered":"<p>Francisco Recoulat aspira por el sector del ri\u00f1\u00f3n de Miguel Fern\u00e1ndez, y Adriana Vel\u00e1zquez por el de Rodr\u00edguez Larreta<\/p>\n","protected":false},"author":2,"featured_media":57545,"comment_status":"closed","ping_status":"open","sticky":false,"template":"","format":"standard","meta":{"footnotes":""},"categories":[200],"tags":[6789],"class_list":["post-106339","post","type-post","status-publish","format-standard","has-post-thumbnail","hentry","category-inferior8","tag-elecciones-2023"],"yoast_head":"<!-- This site is optimized with the Yoast SEO plugin v23.4 - https:\/\/yoast.com\/wordpress\/plugins\/seo\/ -->\n<title>Germ\u00e1n Lauro se mete de lleno en la pol\u00edtica: candidato a concejal por el sector de Recoulat - Infoecos<\/title>\n<meta name=\"robots\" content=\"index, follow, max-snippet:-1, max-image-preview:large, max-video-preview:-1\" \/>\n<link rel=\"canonical\" href=\"https:\/\/infoecos.com.ar\/index.php\/german-lauro-se-mete-de-lleno-en-la-politica-candidato-a-concejal-por-el-sector-de-recoulat\/\" \/>\n<meta property=\"og:locale\" content=\"es_ES\" \/>\n<meta property=\"og:type\" content=\"article\" \/>\n<meta property=\"og:title\" content=\"Germ\u00e1n Lauro se mete de lleno en la pol\u00edtica: candidato a concejal por el sector de Recoulat - Infoecos\" \/>\n<meta property=\"og:description\" content=\"Francisco Recoulat aspira por el sector del ri\u00f1\u00f3n de Miguel Fern\u00e1ndez, y Adriana Vel\u00e1zquez por el de Rodr\u00edguez Larreta\" \/>\n<meta property=\"og:url\" content=\"https:\/\/infoecos.com.ar\/index.php\/german-lauro-se-mete-de-lleno-en-la-politica-candidato-a-concejal-por-el-sector-de-recoulat\/\" \/>\n<meta property=\"og:site_name\" content=\"Infoecos\" \/>\n<meta property=\"article:publisher\" content=\"https:\/\/www.facebook.com\/profile.php?id=100063200290284\" \/>\n<meta property=\"article:published_time\" content=\"2023-06-25T13:00:36+00:00\" \/>\n<meta property=\"article:modified_time\" content=\"2023-06-28T02:58:03+00:00\" \/>\n<meta property=\"og:image\" content=\"https:\/\/infoecos.com.ar\/wp-content\/uploads\/german_lauro.jpg\" \/>\n\t<meta property=\"og:image:width\" content=\"1072\" \/>\n\t<meta property=\"og:image:height\" content=\"575\" \/>\n\t<meta property=\"og:image:type\" content=\"image\/jpeg\" \/>\n<meta name=\"author\" content=\"Jorge Matheus\" \/>\n<meta name=\"twitter:card\" content=\"summary_large_image\" \/>\n<meta name=\"twitter:creator\" content=\"@infoecos\" \/>\n<meta name=\"twitter:site\" content=\"@infoecos\" \/>\n<meta name=\"twitter:label1\" content=\"Escrito por\" \/>\n\t<meta name=\"twitter:data1\" content=\"Jorge Matheus\" \/>\n\t<meta name=\"twitter:label2\" content=\"Tiempo de lectura\" \/>\n\t<meta name=\"twitter:data2\" content=\"1 minuto\" \/>\n<script type=\"application\/ld+json\" class=\"yoast-schema-graph\">{\"@context\":\"https:\/\/schema.org\",\"@graph\":[{\"@type\":\"Article\",\"@id\":\"https:\/\/infoecos.com.ar\/index.php\/german-lauro-se-mete-de-lleno-en-la-politica-candidato-a-concejal-por-el-sector-de-recoulat\/#article\",\"isPartOf\":{\"@id\":\"https:\/\/infoecos.com.ar\/index.php\/german-lauro-se-mete-de-lleno-en-la-politica-candidato-a-concejal-por-el-sector-de-recoulat\/\"},\"author\":{\"name\":\"Jorge Matheus\",\"@id\":\"https:\/\/infoecos.com.ar\/#\/schema\/person\/8f5ace5ce73b4b4aac4b7245aee6f191\"},\"headline\":\"Germ\u00e1n Lauro se mete de lleno en la pol\u00edtica: candidato a concejal por el sector de Recoulat\",\"datePublished\":\"2023-06-25T13:00:36+00:00\",\"dateModified\":\"2023-06-28T02:58:03+00:00\",\"mainEntityOfPage\":{\"@id\":\"https:\/\/infoecos.com.ar\/index.php\/german-lauro-se-mete-de-lleno-en-la-politica-candidato-a-concejal-por-el-sector-de-recoulat\/\"},\"wordCount\":122,\"publisher\":{\"@id\":\"https:\/\/infoecos.com.ar\/#organization\"},\"image\":{\"@id\":\"https:\/\/infoecos.com.ar\/index.php\/german-lauro-se-mete-de-lleno-en-la-politica-candidato-a-concejal-por-el-sector-de-recoulat\/#primaryimage\"},\"thumbnailUrl\":\"\",\"keywords\":[\"elecciones 2023\"],\"articleSection\":[\"Bloque inferior - 8\"],\"inLanguage\":\"es\"},{\"@type\":\"WebPage\",\"@id\":\"https:\/\/infoecos.com.ar\/index.php\/german-lauro-se-mete-de-lleno-en-la-politica-candidato-a-concejal-por-el-sector-de-recoulat\/\",\"url\":\"https:\/\/infoecos.com.ar\/index.php\/german-lauro-se-mete-de-lleno-en-la-politica-candidato-a-concejal-por-el-sector-de-recoulat\/\",\"name\":\"Germ\u00e1n Lauro se mete de lleno en la pol\u00edtica: candidato a concejal por el sector de Recoulat - Infoecos\",\"isPartOf\":{\"@id\":\"https:\/\/infoecos.com.ar\/#website\"},\"primaryImageOfPage\":{\"@id\":\"https:\/\/infoecos.com.ar\/index.php\/german-lauro-se-mete-de-lleno-en-la-politica-candidato-a-concejal-por-el-sector-de-recoulat\/#primaryimage\"},\"image\":{\"@id\":\"https:\/\/infoecos.com.ar\/index.php\/german-lauro-se-mete-de-lleno-en-la-politica-candidato-a-concejal-por-el-sector-de-recoulat\/#primaryimage\"},\"thumbnailUrl\":\"\",\"datePublished\":\"2023-06-25T13:00:36+00:00\",\"dateModified\":\"2023-06-28T02:58:03+00:00\",\"breadcrumb\":{\"@id\":\"https:\/\/infoecos.com.ar\/index.php\/german-lauro-se-mete-de-lleno-en-la-politica-candidato-a-concejal-por-el-sector-de-recoulat\/#breadcrumb\"},\"inLanguage\":\"es\",\"potentialAction\":[{\"@type\":\"ReadAction\",\"target\":[\"https:\/\/infoecos.com.ar\/index.php\/german-lauro-se-mete-de-lleno-en-la-politica-candidato-a-concejal-por-el-sector-de-recoulat\/\"]}]},{\"@type\":\"ImageObject\",\"inLanguage\":\"es\",\"@id\":\"https:\/\/infoecos.com.ar\/index.php\/german-lauro-se-mete-de-lleno-en-la-politica-candidato-a-concejal-por-el-sector-de-recoulat\/#primaryimage\",\"url\":\"\",\"contentUrl\":\"\"},{\"@type\":\"BreadcrumbList\",\"@id\":\"https:\/\/infoecos.com.ar\/index.php\/german-lauro-se-mete-de-lleno-en-la-politica-candidato-a-concejal-por-el-sector-de-recoulat\/#breadcrumb\",\"itemListElement\":[{\"@type\":\"ListItem\",\"position\":1,\"name\":\"Portada\",\"item\":\"https:\/\/infoecos.com.ar\/\"},{\"@type\":\"ListItem\",\"position\":2,\"name\":\"Germ\u00e1n Lauro se mete de lleno en la pol\u00edtica: candidato a concejal por el sector de Recoulat\"}]},{\"@type\":\"WebSite\",\"@id\":\"https:\/\/infoecos.com.ar\/#website\",\"url\":\"https:\/\/infoecos.com.ar\/\",\"name\":\"Infoecos\",\"description\":\"Noticias de trenque lauquen y la zona\",\"publisher\":{\"@id\":\"https:\/\/infoecos.com.ar\/#organization\"},\"alternateName\":\"Noticias\",\"potentialAction\":[{\"@type\":\"SearchAction\",\"target\":{\"@type\":\"EntryPoint\",\"urlTemplate\":\"https:\/\/infoecos.com.ar\/?s={search_term_string}\"},\"query-input\":{\"@type\":\"PropertyValueSpecification\",\"valueRequired\":true,\"valueName\":\"search_term_string\"}}],\"inLanguage\":\"es\"},{\"@type\":\"Organization\",\"@id\":\"https:\/\/infoecos.com.ar\/#organization\",\"name\":\"Infoecos\",\"alternateName\":\"Noticias\",\"url\":\"https:\/\/infoecos.com.ar\/\",\"logo\":{\"@type\":\"ImageObject\",\"inLanguage\":\"es\",\"@id\":\"https:\/\/infoecos.com.ar\/#\/schema\/logo\/image\/\",\"url\":\"https:\/\/infoecos.com.ar\/wp-content\/uploads\/2024\/03\/cropped-logo.png\",\"contentUrl\":\"https:\/\/infoecos.com.ar\/wp-content\/uploads\/2024\/03\/cropped-logo.png\",\"width\":374,\"height\":90,\"caption\":\"Infoecos\"},\"image\":{\"@id\":\"https:\/\/infoecos.com.ar\/#\/schema\/logo\/image\/\"},\"sameAs\":[\"https:\/\/www.facebook.com\/profile.php?id=100063200290284\",\"https:\/\/x.com\/infoecos\"]},{\"@type\":\"Person\",\"@id\":\"https:\/\/infoecos.com.ar\/#\/schema\/person\/8f5ace5ce73b4b4aac4b7245aee6f191\",\"name\":\"Jorge Matheus\",\"url\":\"https:\/\/infoecos.com.ar\/index.php\/author\/jomatheus\/\"}]}<\/script>\n<!-- \/ Yoast SEO plugin. -->","yoast_head_json":{"title":"Germ\u00e1n Lauro se mete de lleno en la pol\u00edtica: candidato a concejal por el sector de Recoulat - Infoecos","robots":{"index":"index","follow":"follow","max-snippet":"max-snippet:-1","max-image-preview":"max-image-preview:large","max-video-preview":"max-video-preview:-1"},"canonical":"https:\/\/infoecos.com.ar\/index.php\/german-lauro-se-mete-de-lleno-en-la-politica-candidato-a-concejal-por-el-sector-de-recoulat\/","og_locale":"es_ES","og_type":"article","og_title":"Germ\u00e1n Lauro se mete de lleno en la pol\u00edtica: candidato a concejal por el sector de Recoulat - Infoecos","og_description":"Francisco Recoulat aspira por el sector del ri\u00f1\u00f3n de Miguel Fern\u00e1ndez, y Adriana Vel\u00e1zquez por el de Rodr\u00edguez Larreta","og_url":"https:\/\/infoecos.com.ar\/index.php\/german-lauro-se-mete-de-lleno-en-la-politica-candidato-a-concejal-por-el-sector-de-recoulat\/","og_site_name":"Infoecos","article_publisher":"https:\/\/www.facebook.com\/profile.php?id=100063200290284","article_published_time":"2023-06-25T13:00:36+00:00","article_modified_time":"2023-06-28T02:58:03+00:00","og_image":[{"width":1072,"height":575,"url":"https:\/\/infoecos.com.ar\/wp-content\/uploads\/german_lauro.jpg","type":"image\/jpeg"}],"author":"Jorge Matheus","twitter_card":"summary_large_image","twitter_creator":"@infoecos","twitter_site":"@infoecos","twitter_misc":{"Escrito por":"Jorge Matheus","Tiempo de lectura":"1 minuto"},"schema":{"@context":"https:\/\/schema.org","@graph":[{"@type":"Article","@id":"https:\/\/infoecos.com.ar\/index.php\/german-lauro-se-mete-de-lleno-en-la-politica-candidato-a-concejal-por-el-sector-de-recoulat\/#article","isPartOf":{"@id":"https:\/\/infoecos.com.ar\/index.php\/german-lauro-se-mete-de-lleno-en-la-politica-candidato-a-concejal-por-el-sector-de-recoulat\/"},"author":{"name":"Jorge Matheus","@id":"https:\/\/infoecos.com.ar\/#\/schema\/person\/8f5ace5ce73b4b4aac4b7245aee6f191"},"headline":"Germ\u00e1n Lauro se mete de lleno en la pol\u00edtica: candidato a concejal por el sector de Recoulat","datePublished":"2023-06-25T13:00:36+00:00","dateModified":"2023-06-28T02:58:03+00:00","mainEntityOfPage":{"@id":"https:\/\/infoecos.com.ar\/index.php\/german-lauro-se-mete-de-lleno-en-la-politica-candidato-a-concejal-por-el-sector-de-recoulat\/"},"wordCount":122,"publisher":{"@id":"https:\/\/infoecos.com.ar\/#organization"},"image":{"@id":"https:\/\/infoecos.com.ar\/index.php\/german-lauro-se-mete-de-lleno-en-la-politica-candidato-a-concejal-por-el-sector-de-recoulat\/#primaryimage"},"thumbnailUrl":"","keywords":["elecciones 2023"],"articleSection":["Bloque inferior - 8"],"inLanguage":"es"},{"@type":"WebPage","@id":"https:\/\/infoecos.com.ar\/index.php\/german-lauro-se-mete-de-lleno-en-la-politica-candidato-a-concejal-por-el-sector-de-recoulat\/","url":"https:\/\/infoecos.com.ar\/index.php\/german-lauro-se-mete-de-lleno-en-la-politica-candidato-a-concejal-por-el-sector-de-recoulat\/","name":"Germ\u00e1n Lauro se mete de lleno en la pol\u00edtica: candidato a concejal por el sector de Recoulat - Infoecos","isPartOf":{"@id":"https:\/\/infoecos.com.ar\/#website"},"primaryImageOfPage":{"@id":"https:\/\/infoecos.com.ar\/index.php\/german-lauro-se-mete-de-lleno-en-la-politica-candidato-a-concejal-por-el-sector-de-recoulat\/#primaryimage"},"image":{"@id":"https:\/\/infoecos.com.ar\/index.php\/german-lauro-se-mete-de-lleno-en-la-politica-candidato-a-concejal-por-el-sector-de-recoulat\/#primaryimage"},"thumbnailUrl":"","datePublished":"2023-06-25T13:00:36+00:00","dateModified":"2023-06-28T02:58:03+00:00","breadcrumb":{"@id":"https:\/\/infoecos.com.ar\/index.php\/german-lauro-se-mete-de-lleno-en-la-politica-candidato-a-concejal-por-el-sector-de-recoulat\/#breadcrumb"},"inLanguage":"es","potentialAction":[{"@type":"ReadAction","target":["https:\/\/infoecos.com.ar\/index.php\/german-lauro-se-mete-de-lleno-en-la-politica-candidato-a-concejal-por-el-sector-de-recoulat\/"]}]},{"@type":"ImageObject","inLanguage":"es","@id":"https:\/\/infoecos.com.ar\/index.php\/german-lauro-se-mete-de-lleno-en-la-politica-candidato-a-concejal-por-el-sector-de-recoulat\/#primaryimage","url":"","contentUrl":""},{"@type":"BreadcrumbList","@id":"https:\/\/infoecos.com.ar\/index.php\/german-lauro-se-mete-de-lleno-en-la-politica-candidato-a-concejal-por-el-sector-de-recoulat\/#breadcrumb","itemListElement":[{"@type":"ListItem","position":1,"name":"Portada","item":"https:\/\/infoecos.com.ar\/"},{"@type":"ListItem","position":2,"name":"Germ\u00e1n Lauro se mete de lleno en la pol\u00edtica: candidato a concejal por el sector de Recoulat"}]},{"@type":"WebSite","@id":"https:\/\/infoecos.com.ar\/#website","url":"https:\/\/infoecos.com.ar\/","name":"Infoecos","description":"Noticias de trenque lauquen y la zona","publisher":{"@id":"https:\/\/infoecos.com.ar\/#organization"},"alternateName":"Noticias","potentialAction":[{"@type":"SearchAction","target":{"@type":"EntryPoint","urlTemplate":"https:\/\/infoecos.com.ar\/?s={search_term_string}"},"query-input":{"@type":"PropertyValueSpecification","valueRequired":true,"valueName":"search_term_string"}}],"inLanguage":"es"},{"@type":"Organization","@id":"https:\/\/infoecos.com.ar\/#organization","name":"Infoecos","alternateName":"Noticias","url":"https:\/\/infoecos.com.ar\/","logo":{"@type":"ImageObject","inLanguage":"es","@id":"https:\/\/infoecos.com.ar\/#\/schema\/logo\/image\/","url":"https:\/\/infoecos.com.ar\/wp-content\/uploads\/2024\/03\/cropped-logo.png","contentUrl":"https:\/\/infoecos.com.ar\/wp-content\/uploads\/2024\/03\/cropped-logo.png","width":374,"height":90,"caption":"Infoecos"},"image":{"@id":"https:\/\/infoecos.com.ar\/#\/schema\/logo\/image\/"},"sameAs":["https:\/\/www.facebook.com\/profile.php?id=100063200290284","https:\/\/x.com\/infoecos"]},{"@type":"Person","@id":"https:\/\/infoecos.com.ar\/#\/schema\/person\/8f5ace5ce73b4b4aac4b7245aee6f191","name":"Jorge Matheus","url":"https:\/\/infoecos.com.ar\/index.php\/author\/jomatheus\/"}]}},"featured_image_urls":{"full":"","thumbnail":"","medium":"","medium_large":"","large":"","1536x1536":"","2048x2048":"","covernews-slider-full":"","covernews-slider-center":"","covernews-featured":"","covernews-medium":"","covernews-medium-square":""},"author_info":{"info":["Jorge Matheus"]},"category_info":"<a href=\"https:\/\/infoecos.com.ar\/index.php\/category\/inferior8\/\" rel=\"category tag\">Bloque inferior - 8<\/a>","tag_info":"Bloque inferior - 8","comment_count":"0","_links":{"self":[{"href":"https:\/\/infoecos.com.ar\/index.php\/wp-json\/wp\/v2\/posts\/106339"}],"collection":[{"href":"https:\/\/infoecos.com.ar\/index.php\/wp-json\/wp\/v2\/posts"}],"about":[{"href":"https:\/\/infoecos.com.ar\/index.php\/wp-json\/wp\/v2\/types\/post"}],"author":[{"embeddable":true,"href":"https:\/\/infoecos.com.ar\/index.php\/wp-json\/wp\/v2\/users\/2"}],"replies":[{"embeddable":true,"href":"https:\/\/infoecos.com.ar\/index.php\/wp-json\/wp\/v2\/comments?post=106339"}],"version-history":[{"count":1,"href":"https:\/\/infoecos.com.ar\/index.php\/wp-json\/wp\/v2\/posts\/106339\/revisions"}],"predecessor-version":[{"id":106342,"href":"https:\/\/infoecos.com.ar\/index.php\/wp-json\/wp\/v2\/posts\/106339\/revisions\/106342"}],"wp:featuredmedia":[{"embeddable":true,"href":"https:\/\/infoecos.com.ar\/index.php\/wp-json\/"}],"wp:attachment":[{"href":"https:\/\/infoecos.com.ar\/index.php\/wp-json\/wp\/v2\/media?parent=106339"}],"wp:term":[{"taxonomy":"category","embeddable":true,"href":"https:\/\/infoecos.com.ar\/index.php\/wp-json\/wp\/v2\/categories?post=106339"},{"taxonomy":"post_tag","embeddable":true,"href":"https:\/\/infoecos.com.ar\/index.php\/wp-json\/wp\/v2\/tags?post=106339"}],"curies":[{"name":"wp","href":"https:\/\/api.w.org\/{rel}","templated":true}]}}