{"id":106475,"date":"2023-06-29T00:28:28","date_gmt":"2023-06-29T03:28:28","guid":{"rendered":"https:\/\/infoecos.com.ar\/?p=106475"},"modified":"2023-07-06T01:38:08","modified_gmt":"2023-07-06T04:38:08","slug":"decidida-promocion-de-turismo-bonaerense-en-la-zona-de-coronel-pringles","status":"publish","type":"post","link":"https:\/\/infoecos.com.ar\/index.php\/decidida-promocion-de-turismo-bonaerense-en-la-zona-de-coronel-pringles\/","title":{"rendered":"Decidida promoci\u00f3n de turismo bonaerense en la zona de Coronel Pringles"},"content":{"rendered":"\n<p>El para\u00edso natural de animales silvestres existe y est\u00e1 en Coronel Pringles, al sudoeste de la provincia, donde la postal de ensue\u00f1o que enamora se completa con los colores de la flora aut\u00f3ctona, el sonido de los arroyos y el cord\u00f3n serrano Pillahuinco. Se trata de una regi\u00f3n bonaerense, ideal para recorrer durante la temporada invernal.<\/p>\n\n\n\n<figure class=\"wp-block-image aligncenter size-large is-resized\"><img loading=\"lazy\" decoding=\"async\" src=\"https:\/\/infoecos.com.ar\/wp-content\/uploads\/2023\/06\/Senderos-de-Fra-Pal-1-1600x1371.jpg\" alt=\"\" class=\"wp-image-106476\" width=\"421\" height=\"361\" srcset=\"https:\/\/infoecos.com.ar\/wp-content\/uploads\/2023\/06\/Senderos-de-Fra-Pal-1-1600x1371.jpg 1600w, https:\/\/infoecos.com.ar\/wp-content\/uploads\/2023\/06\/Senderos-de-Fra-Pal-1-800x686.jpg 800w, https:\/\/infoecos.com.ar\/wp-content\/uploads\/2023\/06\/Senderos-de-Fra-Pal-1-768x658.jpg 768w, https:\/\/infoecos.com.ar\/wp-content\/uploads\/2023\/06\/Senderos-de-Fra-Pal-1-1536x1317.jpg 1536w, https:\/\/infoecos.com.ar\/wp-content\/uploads\/2023\/06\/Senderos-de-Fra-Pal-1-2048x1755.jpg 2048w, https:\/\/infoecos.com.ar\/wp-content\/uploads\/2023\/06\/Senderos-de-Fra-Pal-1-1024x878.jpg 1024w\" sizes=\"(max-width: 421px) 100vw, 421px\" \/><\/figure>\n\n\n\n<p>En Senderos de Fra-Pal -IG:&nbsp;<a href=\"https:\/\/www.instagram.com\/frapal_tambien_existe\/\" target=\"_blank\" rel=\"noreferrer noopener\">@frapal_tambien_existe<\/a>&#8211; m\u00e1s de trescientas especies habitan un predio de 330 hect\u00e1reas. \u201cCiervos, b\u00fafalos, multicuernos, llamas y&nbsp; muflones conviven de manera libre y armoniosa. No hay corrales\u201d, afirm\u00f3 Paola Garc\u00eda, coordinadora de la propuesta.<\/p>\n\n\n\n<p>La mujer vive desde hace diecisiete a\u00f1os en Fra-Pal, un paraje de tan solo siete habitantes, ubicado en el cruce de las rutas provinciales 51 y 72. El paisaje de llanuras, r\u00edos, sierras y arroyos la inspir\u00f3 hace siete a\u00f1os para realizar actividades de pleno contacto con la naturaleza.<\/p>\n\n\n\n<figure class=\"wp-block-image aligncenter size-large is-resized\"><img loading=\"lazy\" decoding=\"async\" src=\"https:\/\/infoecos.com.ar\/wp-content\/uploads\/2023\/06\/Senderos-de-Fra-Pal-2-1600x1371.jpg\" alt=\"\" class=\"wp-image-106477\" width=\"420\" height=\"359\" srcset=\"https:\/\/infoecos.com.ar\/wp-content\/uploads\/2023\/06\/Senderos-de-Fra-Pal-2-1600x1371.jpg 1600w, https:\/\/infoecos.com.ar\/wp-content\/uploads\/2023\/06\/Senderos-de-Fra-Pal-2-800x686.jpg 800w, https:\/\/infoecos.com.ar\/wp-content\/uploads\/2023\/06\/Senderos-de-Fra-Pal-2-768x658.jpg 768w, https:\/\/infoecos.com.ar\/wp-content\/uploads\/2023\/06\/Senderos-de-Fra-Pal-2-1536x1317.jpg 1536w, https:\/\/infoecos.com.ar\/wp-content\/uploads\/2023\/06\/Senderos-de-Fra-Pal-2-2048x1755.jpg 2048w, https:\/\/infoecos.com.ar\/wp-content\/uploads\/2023\/06\/Senderos-de-Fra-Pal-2-1024x878.jpg 1024w\" sizes=\"(max-width: 420px) 100vw, 420px\" \/><\/figure>\n\n\n\n<p>\u201dEl proyecto naci\u00f3 con la capacitaci\u00f3n de anfitri\u00f3n tur\u00edstico, orientaci\u00f3n en interpretaci\u00f3n ambiental, que curs\u00e9 en la Universidad Nacional de Mar del Plata en 2016\u201d, asever\u00f3 la gu\u00eda naturalista.&nbsp;<\/p>\n\n\n\n<p>El emprendimiento ofrece una experiencia inolvidable: senderismo con avistaje de animales, trekking a las sierras, cicloturismo, caminatas bajo las estrellas, o la luna llena, y campamentos rurales, con fog\u00f3n y cena.<\/p>\n\n\n\n<p>Los recorridos a pie con observaci\u00f3n de fauna son los que m\u00e1s turistas atraen. \u201cEs una propuesta \u00fanica en la Provincia porque pueden tener contacto con ciervos, b\u00fafalos, llamas y muflones, entre otras especies. A quienes nos visitan les damos alimento para que los animales se acerquen\u201d, describi\u00f3 Garc\u00eda.<\/p>\n\n\n\n<figure class=\"wp-block-image aligncenter size-full is-resized\"><img loading=\"lazy\" decoding=\"async\" src=\"https:\/\/infoecos.com.ar\/wp-content\/uploads\/2023\/06\/Senderos-de-Fra-Pal-7.jpg\" alt=\"\" class=\"wp-image-106478\" width=\"398\" height=\"341\" srcset=\"https:\/\/infoecos.com.ar\/wp-content\/uploads\/2023\/06\/Senderos-de-Fra-Pal-7.jpg 1080w, https:\/\/infoecos.com.ar\/wp-content\/uploads\/2023\/06\/Senderos-de-Fra-Pal-7-800x686.jpg 800w, https:\/\/infoecos.com.ar\/wp-content\/uploads\/2023\/06\/Senderos-de-Fra-Pal-7-768x658.jpg 768w, https:\/\/infoecos.com.ar\/wp-content\/uploads\/2023\/06\/Senderos-de-Fra-Pal-7-1024x878.jpg 1024w\" sizes=\"(max-width: 398px) 100vw, 398px\" \/><\/figure>\n\n\n\n<p>Al finalizar el itinerario se degusta una picada serrana con productos artesanales elaborados en el Fra- Pal: pan casero, quesos, escabeches y chorizos secos.<\/p>\n\n\n\n<p>Durante el trekking hacia el Cerro La Adolfina se encuentran monumentos megal\u00edticos con mucha historia y rodeados de la belleza del Pillahuinco.<\/p>\n\n\n\n<p>\u00abQuienes nos visitan se sorprenden con el lugar y lo llaman la peque\u00f1a \u00c1frica por la similitud que tiene con el paisaje de ese continente\u201d, cont\u00f3 Paola Garc\u00eda. En la zona crecen el pastizal pampeano serrano y \u00e1rboles vern\u00e1culos como el piquill\u00edn con dos o tres siglos de antig\u00fcedad.<\/p>\n\n\n\n<figure class=\"wp-block-image aligncenter size-large is-resized\"><img loading=\"lazy\" decoding=\"async\" src=\"https:\/\/infoecos.com.ar\/wp-content\/uploads\/2023\/06\/Senderos-de-Fra-Pal-8-1600x1371.jpg\" alt=\"\" class=\"wp-image-106479\" width=\"401\" height=\"342\"\/><\/figure>\n\n\n\n<p>\u201cTambi\u00e9n nos agradecen la oportunidad de disfrutar de la naturaleza en estado puro y de los relatos sobre el pasado y los nativos que habitaron la zona . Nos dicen que los hacemos experimentar la magia de lo simple y sencillo\u201d, asegur\u00f3 con orgullo.<\/p>\n\n\n\n<p>Las cuentas de Facebook e Instagram \u201cFra-Pal tambi\u00e9n existe\u201d se llaman as\u00ed porque cada vez que Paola mencionaba el paraje nadie lo conoc\u00eda y decidi\u00f3 reivindicar la belleza de este remanso a trav\u00e9s de fotograf\u00edas propias que comparte en ambas plataformas.<\/p>\n\n\n\n<figure class=\"wp-block-image aligncenter size-large is-resized\"><img loading=\"lazy\" decoding=\"async\" src=\"https:\/\/infoecos.com.ar\/wp-content\/uploads\/2023\/06\/Senderos-de-Fra-Pal-9-1600x1372.jpg\" alt=\"\" class=\"wp-image-106480\" width=\"385\" height=\"330\" srcset=\"https:\/\/infoecos.com.ar\/wp-content\/uploads\/2023\/06\/Senderos-de-Fra-Pal-9-1600x1372.jpg 1600w, https:\/\/infoecos.com.ar\/wp-content\/uploads\/2023\/06\/Senderos-de-Fra-Pal-9-800x686.jpg 800w, https:\/\/infoecos.com.ar\/wp-content\/uploads\/2023\/06\/Senderos-de-Fra-Pal-9-768x658.jpg 768w, https:\/\/infoecos.com.ar\/wp-content\/uploads\/2023\/06\/Senderos-de-Fra-Pal-9-1536x1317.jpg 1536w, https:\/\/infoecos.com.ar\/wp-content\/uploads\/2023\/06\/Senderos-de-Fra-Pal-9-2048x1756.jpg 2048w, https:\/\/infoecos.com.ar\/wp-content\/uploads\/2023\/06\/Senderos-de-Fra-Pal-9-1024x878.jpg 1024w\" sizes=\"(max-width: 385px) 100vw, 385px\" \/><\/figure>\n\n\n\n<p>Para Marianella Strasere, directora de Turismo de Coronel Pringles, \u201cla iniciativa pone en valor este lugar que se localiza en las intersecci\u00f3n de las rutas provinciales 51 y 72, un punto estrat\u00e9gico entre los destinos de playa y sierras. Han captado muy bien el turismo serrano\u201d.<\/p>\n\n\n\n<p>Las actividades de ecoturismo son una excelente opci\u00f3n para descubrir y conocer la biodiversidad de cada regi\u00f3n de la provincia de Buenos&nbsp;<strong>A<\/strong>ires, donde viajar produce alegr\u00eda.<\/p>\n","protected":false},"excerpt":{"rendered":"<p>En Senderos de Fra-Pal -IG:\u00a0@frapal_tambien_existe- m\u00e1s de trescientas especies habitan un predio de 330 hect\u00e1reas. \u201cCiervos, b\u00fafalos, multicuernos, llamas y\u00a0 muflones conviven de manera libre y armoniosa. No hay corrales\u201d, afirm\u00f3 Paola Garc\u00eda, coordinadora de la propuesta<\/p>\n","protected":false},"author":2,"featured_media":106479,"comment_status":"closed","ping_status":"open","sticky":false,"template":"","format":"standard","meta":{"footnotes":""},"categories":[1331,1323],"tags":[8212],"class_list":["post-106475","post","type-post","status-publish","format-standard","has-post-thumbnail","hentry","category-inferior11","category-c2nota5","tag-nuestra-provincia-de-buenos-aires"],"yoast_head":"<!-- This site is optimized with the Yoast SEO plugin v23.4 - https:\/\/yoast.com\/wordpress\/plugins\/seo\/ -->\n<title>Decidida promoci\u00f3n de turismo bonaerense en la zona de Coronel Pringles - Infoecos<\/title>\n<meta name=\"robots\" content=\"index, follow, max-snippet:-1, max-image-preview:large, max-video-preview:-1\" \/>\n<link rel=\"canonical\" href=\"https:\/\/infoecos.com.ar\/index.php\/decidida-promocion-de-turismo-bonaerense-en-la-zona-de-coronel-pringles\/\" \/>\n<meta property=\"og:locale\" content=\"es_ES\" \/>\n<meta property=\"og:type\" content=\"article\" \/>\n<meta property=\"og:title\" content=\"Decidida promoci\u00f3n de turismo bonaerense en la zona de Coronel Pringles - Infoecos\" \/>\n<meta property=\"og:description\" content=\"En Senderos de Fra-Pal -IG:\u00a0@frapal_tambien_existe- m\u00e1s de trescientas especies habitan un predio de 330 hect\u00e1reas. \u201cCiervos, b\u00fafalos, multicuernos, llamas y\u00a0 muflones conviven de manera libre y armoniosa. No hay corrales\u201d, afirm\u00f3 Paola Garc\u00eda, coordinadora de la propuesta\" \/>\n<meta property=\"og:url\" content=\"https:\/\/infoecos.com.ar\/index.php\/decidida-promocion-de-turismo-bonaerense-en-la-zona-de-coronel-pringles\/\" \/>\n<meta property=\"og:site_name\" content=\"Infoecos\" \/>\n<meta property=\"article:publisher\" content=\"https:\/\/www.facebook.com\/profile.php?id=100063200290284\" \/>\n<meta property=\"article:published_time\" content=\"2023-06-29T03:28:28+00:00\" \/>\n<meta property=\"article:modified_time\" content=\"2023-07-06T04:38:08+00:00\" \/>\n<meta property=\"og:image\" content=\"https:\/\/infoecos.com.ar\/wp-content\/uploads\/2023\/06\/Senderos-de-Fra-Pal-8-scaled.jpg\" \/>\n\t<meta property=\"og:image:width\" content=\"2560\" \/>\n\t<meta property=\"og:image:height\" content=\"2194\" \/>\n\t<meta property=\"og:image:type\" content=\"image\/jpeg\" \/>\n<meta name=\"author\" content=\"Jorge Matheus\" \/>\n<meta name=\"twitter:card\" content=\"summary_large_image\" \/>\n<meta name=\"twitter:creator\" content=\"@infoecos\" \/>\n<meta name=\"twitter:site\" content=\"@infoecos\" \/>\n<meta name=\"twitter:label1\" content=\"Escrito por\" \/>\n\t<meta name=\"twitter:data1\" content=\"Jorge Matheus\" \/>\n\t<meta name=\"twitter:label2\" content=\"Tiempo de lectura\" \/>\n\t<meta name=\"twitter:data2\" content=\"4 minutos\" \/>\n<script type=\"application\/ld+json\" class=\"yoast-schema-graph\">{\"@context\":\"https:\/\/schema.org\",\"@graph\":[{\"@type\":\"Article\",\"@id\":\"https:\/\/infoecos.com.ar\/index.php\/decidida-promocion-de-turismo-bonaerense-en-la-zona-de-coronel-pringles\/#article\",\"isPartOf\":{\"@id\":\"https:\/\/infoecos.com.ar\/index.php\/decidida-promocion-de-turismo-bonaerense-en-la-zona-de-coronel-pringles\/\"},\"author\":{\"name\":\"Jorge Matheus\",\"@id\":\"https:\/\/infoecos.com.ar\/#\/schema\/person\/8f5ace5ce73b4b4aac4b7245aee6f191\"},\"headline\":\"Decidida promoci\u00f3n de turismo bonaerense en la zona de Coronel Pringles\",\"datePublished\":\"2023-06-29T03:28:28+00:00\",\"dateModified\":\"2023-07-06T04:38:08+00:00\",\"mainEntityOfPage\":{\"@id\":\"https:\/\/infoecos.com.ar\/index.php\/decidida-promocion-de-turismo-bonaerense-en-la-zona-de-coronel-pringles\/\"},\"wordCount\":555,\"publisher\":{\"@id\":\"https:\/\/infoecos.com.ar\/#organization\"},\"image\":{\"@id\":\"https:\/\/infoecos.com.ar\/index.php\/decidida-promocion-de-turismo-bonaerense-en-la-zona-de-coronel-pringles\/#primaryimage\"},\"thumbnailUrl\":\"https:\/\/infoecos.com.ar\/wp-content\/uploads\/2023\/06\/Senderos-de-Fra-Pal-8-scaled.jpg\",\"keywords\":[\"NUESTRA PROVINCIA DE BUENOS AIRES\"],\"articleSection\":[\"Bloque inferior - 11\",\"C2 N5\"],\"inLanguage\":\"es\"},{\"@type\":\"WebPage\",\"@id\":\"https:\/\/infoecos.com.ar\/index.php\/decidida-promocion-de-turismo-bonaerense-en-la-zona-de-coronel-pringles\/\",\"url\":\"https:\/\/infoecos.com.ar\/index.php\/decidida-promocion-de-turismo-bonaerense-en-la-zona-de-coronel-pringles\/\",\"name\":\"Decidida promoci\u00f3n de turismo bonaerense en la zona de Coronel Pringles - Infoecos\",\"isPartOf\":{\"@id\":\"https:\/\/infoecos.com.ar\/#website\"},\"primaryImageOfPage\":{\"@id\":\"https:\/\/infoecos.com.ar\/index.php\/decidida-promocion-de-turismo-bonaerense-en-la-zona-de-coronel-pringles\/#primaryimage\"},\"image\":{\"@id\":\"https:\/\/infoecos.com.ar\/index.php\/decidida-promocion-de-turismo-bonaerense-en-la-zona-de-coronel-pringles\/#primaryimage\"},\"thumbnailUrl\":\"https:\/\/infoecos.com.ar\/wp-content\/uploads\/2023\/06\/Senderos-de-Fra-Pal-8-scaled.jpg\",\"datePublished\":\"2023-06-29T03:28:28+00:00\",\"dateModified\":\"2023-07-06T04:38:08+00:00\",\"breadcrumb\":{\"@id\":\"https:\/\/infoecos.com.ar\/index.php\/decidida-promocion-de-turismo-bonaerense-en-la-zona-de-coronel-pringles\/#breadcrumb\"},\"inLanguage\":\"es\",\"potentialAction\":[{\"@type\":\"ReadAction\",\"target\":[\"https:\/\/infoecos.com.ar\/index.php\/decidida-promocion-de-turismo-bonaerense-en-la-zona-de-coronel-pringles\/\"]}]},{\"@type\":\"ImageObject\",\"inLanguage\":\"es\",\"@id\":\"https:\/\/infoecos.com.ar\/index.php\/decidida-promocion-de-turismo-bonaerense-en-la-zona-de-coronel-pringles\/#primaryimage\",\"url\":\"https:\/\/infoecos.com.ar\/wp-content\/uploads\/2023\/06\/Senderos-de-Fra-Pal-8-scaled.jpg\",\"contentUrl\":\"https:\/\/infoecos.com.ar\/wp-content\/uploads\/2023\/06\/Senderos-de-Fra-Pal-8-scaled.jpg\",\"width\":2560,\"height\":2194},{\"@type\":\"BreadcrumbList\",\"@id\":\"https:\/\/infoecos.com.ar\/index.php\/decidida-promocion-de-turismo-bonaerense-en-la-zona-de-coronel-pringles\/#breadcrumb\",\"itemListElement\":[{\"@type\":\"ListItem\",\"position\":1,\"name\":\"Portada\",\"item\":\"https:\/\/infoecos.com.ar\/\"},{\"@type\":\"ListItem\",\"position\":2,\"name\":\"Decidida promoci\u00f3n de turismo bonaerense en la zona de Coronel Pringles\"}]},{\"@type\":\"WebSite\",\"@id\":\"https:\/\/infoecos.com.ar\/#website\",\"url\":\"https:\/\/infoecos.com.ar\/\",\"name\":\"Infoecos\",\"description\":\"Noticias de trenque lauquen y la zona\",\"publisher\":{\"@id\":\"https:\/\/infoecos.com.ar\/#organization\"},\"alternateName\":\"Noticias\",\"potentialAction\":[{\"@type\":\"SearchAction\",\"target\":{\"@type\":\"EntryPoint\",\"urlTemplate\":\"https:\/\/infoecos.com.ar\/?s={search_term_string}\"},\"query-input\":{\"@type\":\"PropertyValueSpecification\",\"valueRequired\":true,\"valueName\":\"search_term_string\"}}],\"inLanguage\":\"es\"},{\"@type\":\"Organization\",\"@id\":\"https:\/\/infoecos.com.ar\/#organization\",\"name\":\"Infoecos\",\"alternateName\":\"Noticias\",\"url\":\"https:\/\/infoecos.com.ar\/\",\"logo\":{\"@type\":\"ImageObject\",\"inLanguage\":\"es\",\"@id\":\"https:\/\/infoecos.com.ar\/#\/schema\/logo\/image\/\",\"url\":\"https:\/\/infoecos.com.ar\/wp-content\/uploads\/2024\/03\/cropped-logo.png\",\"contentUrl\":\"https:\/\/infoecos.com.ar\/wp-content\/uploads\/2024\/03\/cropped-logo.png\",\"width\":374,\"height\":90,\"caption\":\"Infoecos\"},\"image\":{\"@id\":\"https:\/\/infoecos.com.ar\/#\/schema\/logo\/image\/\"},\"sameAs\":[\"https:\/\/www.facebook.com\/profile.php?id=100063200290284\",\"https:\/\/x.com\/infoecos\"]},{\"@type\":\"Person\",\"@id\":\"https:\/\/infoecos.com.ar\/#\/schema\/person\/8f5ace5ce73b4b4aac4b7245aee6f191\",\"name\":\"Jorge Matheus\",\"url\":\"https:\/\/infoecos.com.ar\/index.php\/author\/jomatheus\/\"}]}<\/script>\n<!-- \/ Yoast SEO plugin. -->","yoast_head_json":{"title":"Decidida promoci\u00f3n de turismo bonaerense en la zona de Coronel Pringles - Infoecos","robots":{"index":"index","follow":"follow","max-snippet":"max-snippet:-1","max-image-preview":"max-image-preview:large","max-video-preview":"max-video-preview:-1"},"canonical":"https:\/\/infoecos.com.ar\/index.php\/decidida-promocion-de-turismo-bonaerense-en-la-zona-de-coronel-pringles\/","og_locale":"es_ES","og_type":"article","og_title":"Decidida promoci\u00f3n de turismo bonaerense en la zona de Coronel Pringles - Infoecos","og_description":"En Senderos de Fra-Pal -IG:\u00a0@frapal_tambien_existe- m\u00e1s de trescientas especies habitan un predio de 330 hect\u00e1reas. \u201cCiervos, b\u00fafalos, multicuernos, llamas y\u00a0 muflones conviven de manera libre y armoniosa. No hay corrales\u201d, afirm\u00f3 Paola Garc\u00eda, coordinadora de la propuesta","og_url":"https:\/\/infoecos.com.ar\/index.php\/decidida-promocion-de-turismo-bonaerense-en-la-zona-de-coronel-pringles\/","og_site_name":"Infoecos","article_publisher":"https:\/\/www.facebook.com\/profile.php?id=100063200290284","article_published_time":"2023-06-29T03:28:28+00:00","article_modified_time":"2023-07-06T04:38:08+00:00","og_image":[{"width":2560,"height":2194,"url":"https:\/\/infoecos.com.ar\/wp-content\/uploads\/2023\/06\/Senderos-de-Fra-Pal-8-scaled.jpg","type":"image\/jpeg"}],"author":"Jorge Matheus","twitter_card":"summary_large_image","twitter_creator":"@infoecos","twitter_site":"@infoecos","twitter_misc":{"Escrito por":"Jorge Matheus","Tiempo de lectura":"4 minutos"},"schema":{"@context":"https:\/\/schema.org","@graph":[{"@type":"Article","@id":"https:\/\/infoecos.com.ar\/index.php\/decidida-promocion-de-turismo-bonaerense-en-la-zona-de-coronel-pringles\/#article","isPartOf":{"@id":"https:\/\/infoecos.com.ar\/index.php\/decidida-promocion-de-turismo-bonaerense-en-la-zona-de-coronel-pringles\/"},"author":{"name":"Jorge Matheus","@id":"https:\/\/infoecos.com.ar\/#\/schema\/person\/8f5ace5ce73b4b4aac4b7245aee6f191"},"headline":"Decidida promoci\u00f3n de turismo bonaerense en la zona de Coronel Pringles","datePublished":"2023-06-29T03:28:28+00:00","dateModified":"2023-07-06T04:38:08+00:00","mainEntityOfPage":{"@id":"https:\/\/infoecos.com.ar\/index.php\/decidida-promocion-de-turismo-bonaerense-en-la-zona-de-coronel-pringles\/"},"wordCount":555,"publisher":{"@id":"https:\/\/infoecos.com.ar\/#organization"},"image":{"@id":"https:\/\/infoecos.com.ar\/index.php\/decidida-promocion-de-turismo-bonaerense-en-la-zona-de-coronel-pringles\/#primaryimage"},"thumbnailUrl":"https:\/\/infoecos.com.ar\/wp-content\/uploads\/2023\/06\/Senderos-de-Fra-Pal-8-scaled.jpg","keywords":["NUESTRA PROVINCIA DE BUENOS AIRES"],"articleSection":["Bloque inferior - 11","C2 N5"],"inLanguage":"es"},{"@type":"WebPage","@id":"https:\/\/infoecos.com.ar\/index.php\/decidida-promocion-de-turismo-bonaerense-en-la-zona-de-coronel-pringles\/","url":"https:\/\/infoecos.com.ar\/index.php\/decidida-promocion-de-turismo-bonaerense-en-la-zona-de-coronel-pringles\/","name":"Decidida promoci\u00f3n de turismo bonaerense en la zona de Coronel Pringles - Infoecos","isPartOf":{"@id":"https:\/\/infoecos.com.ar\/#website"},"primaryImageOfPage":{"@id":"https:\/\/infoecos.com.ar\/index.php\/decidida-promocion-de-turismo-bonaerense-en-la-zona-de-coronel-pringles\/#primaryimage"},"image":{"@id":"https:\/\/infoecos.com.ar\/index.php\/decidida-promocion-de-turismo-bonaerense-en-la-zona-de-coronel-pringles\/#primaryimage"},"thumbnailUrl":"https:\/\/infoecos.com.ar\/wp-content\/uploads\/2023\/06\/Senderos-de-Fra-Pal-8-scaled.jpg","datePublished":"2023-06-29T03:28:28+00:00","dateModified":"2023-07-06T04:38:08+00:00","breadcrumb":{"@id":"https:\/\/infoecos.com.ar\/index.php\/decidida-promocion-de-turismo-bonaerense-en-la-zona-de-coronel-pringles\/#breadcrumb"},"inLanguage":"es","potentialAction":[{"@type":"ReadAction","target":["https:\/\/infoecos.com.ar\/index.php\/decidida-promocion-de-turismo-bonaerense-en-la-zona-de-coronel-pringles\/"]}]},{"@type":"ImageObject","inLanguage":"es","@id":"https:\/\/infoecos.com.ar\/index.php\/decidida-promocion-de-turismo-bonaerense-en-la-zona-de-coronel-pringles\/#primaryimage","url":"https:\/\/infoecos.com.ar\/wp-content\/uploads\/2023\/06\/Senderos-de-Fra-Pal-8-scaled.jpg","contentUrl":"https:\/\/infoecos.com.ar\/wp-content\/uploads\/2023\/06\/Senderos-de-Fra-Pal-8-scaled.jpg","width":2560,"height":2194},{"@type":"BreadcrumbList","@id":"https:\/\/infoecos.com.ar\/index.php\/decidida-promocion-de-turismo-bonaerense-en-la-zona-de-coronel-pringles\/#breadcrumb","itemListElement":[{"@type":"ListItem","position":1,"name":"Portada","item":"https:\/\/infoecos.com.ar\/"},{"@type":"ListItem","position":2,"name":"Decidida promoci\u00f3n de turismo bonaerense en la zona de Coronel Pringles"}]},{"@type":"WebSite","@id":"https:\/\/infoecos.com.ar\/#website","url":"https:\/\/infoecos.com.ar\/","name":"Infoecos","description":"Noticias de trenque lauquen y la zona","publisher":{"@id":"https:\/\/infoecos.com.ar\/#organization"},"alternateName":"Noticias","potentialAction":[{"@type":"SearchAction","target":{"@type":"EntryPoint","urlTemplate":"https:\/\/infoecos.com.ar\/?s={search_term_string}"},"query-input":{"@type":"PropertyValueSpecification","valueRequired":true,"valueName":"search_term_string"}}],"inLanguage":"es"},{"@type":"Organization","@id":"https:\/\/infoecos.com.ar\/#organization","name":"Infoecos","alternateName":"Noticias","url":"https:\/\/infoecos.com.ar\/","logo":{"@type":"ImageObject","inLanguage":"es","@id":"https:\/\/infoecos.com.ar\/#\/schema\/logo\/image\/","url":"https:\/\/infoecos.com.ar\/wp-content\/uploads\/2024\/03\/cropped-logo.png","contentUrl":"https:\/\/infoecos.com.ar\/wp-content\/uploads\/2024\/03\/cropped-logo.png","width":374,"height":90,"caption":"Infoecos"},"image":{"@id":"https:\/\/infoecos.com.ar\/#\/schema\/logo\/image\/"},"sameAs":["https:\/\/www.facebook.com\/profile.php?id=100063200290284","https:\/\/x.com\/infoecos"]},{"@type":"Person","@id":"https:\/\/infoecos.com.ar\/#\/schema\/person\/8f5ace5ce73b4b4aac4b7245aee6f191","name":"Jorge Matheus","url":"https:\/\/infoecos.com.ar\/index.php\/author\/jomatheus\/"}]}},"featured_image_urls":{"full":["https:\/\/infoecos.com.ar\/wp-content\/uploads\/2023\/06\/Senderos-de-Fra-Pal-8-scaled.jpg",2560,2194,false],"thumbnail":["https:\/\/infoecos.com.ar\/wp-content\/uploads\/2023\/06\/Senderos-de-Fra-Pal-8-300x150.jpg",300,150,true],"medium":["https:\/\/infoecos.com.ar\/wp-content\/uploads\/2023\/06\/Senderos-de-Fra-Pal-8-800x686.jpg",800,686,true],"medium_large":["https:\/\/infoecos.com.ar\/wp-content\/uploads\/2023\/06\/Senderos-de-Fra-Pal-8-768x658.jpg",640,548,true],"large":["https:\/\/infoecos.com.ar\/wp-content\/uploads\/2023\/06\/Senderos-de-Fra-Pal-8-1600x1371.jpg",640,548,true],"1536x1536":["https:\/\/infoecos.com.ar\/wp-content\/uploads\/2023\/06\/Senderos-de-Fra-Pal-8-1536x1317.jpg",1536,1317,true],"2048x2048":["https:\/\/infoecos.com.ar\/wp-content\/uploads\/2023\/06\/Senderos-de-Fra-Pal-8-2048x1755.jpg",2048,1755,true],"covernews-slider-full":["https:\/\/infoecos.com.ar\/wp-content\/uploads\/2023\/06\/Senderos-de-Fra-Pal-8-1536x1020.jpg",1077,715,true],"covernews-slider-center":["https:\/\/infoecos.com.ar\/wp-content\/uploads\/2023\/06\/Senderos-de-Fra-Pal-8-936x897.jpg",522,500,true],"covernews-featured":["https:\/\/infoecos.com.ar\/wp-content\/uploads\/2023\/06\/Senderos-de-Fra-Pal-8-1024x878.jpg",1024,878,true],"covernews-medium":["https:\/\/infoecos.com.ar\/wp-content\/uploads\/2023\/06\/Senderos-de-Fra-Pal-8-720x380.jpg",540,285,true],"covernews-medium-square":["https:\/\/infoecos.com.ar\/wp-content\/uploads\/2023\/06\/Senderos-de-Fra-Pal-8-675x450.jpg",375,250,true]},"author_info":{"info":["Jorge Matheus"]},"category_info":"<a href=\"https:\/\/infoecos.com.ar\/index.php\/category\/inferior11\/\" rel=\"category tag\">Bloque inferior - 11<\/a> <a href=\"https:\/\/infoecos.com.ar\/index.php\/category\/c2nota5\/\" rel=\"category tag\">C2 N5<\/a>","tag_info":"C2 N5","comment_count":"0","_links":{"self":[{"href":"https:\/\/infoecos.com.ar\/index.php\/wp-json\/wp\/v2\/posts\/106475"}],"collection":[{"href":"https:\/\/infoecos.com.ar\/index.php\/wp-json\/wp\/v2\/posts"}],"about":[{"href":"https:\/\/infoecos.com.ar\/index.php\/wp-json\/wp\/v2\/types\/post"}],"author":[{"embeddable":true,"href":"https:\/\/infoecos.com.ar\/index.php\/wp-json\/wp\/v2\/users\/2"}],"replies":[{"embeddable":true,"href":"https:\/\/infoecos.com.ar\/index.php\/wp-json\/wp\/v2\/comments?post=106475"}],"version-history":[{"count":1,"href":"https:\/\/infoecos.com.ar\/index.php\/wp-json\/wp\/v2\/posts\/106475\/revisions"}],"predecessor-version":[{"id":106481,"href":"https:\/\/infoecos.com.ar\/index.php\/wp-json\/wp\/v2\/posts\/106475\/revisions\/106481"}],"wp:featuredmedia":[{"embeddable":true,"href":"https:\/\/infoecos.com.ar\/index.php\/wp-json\/wp\/v2\/media\/106479"}],"wp:attachment":[{"href":"https:\/\/infoecos.com.ar\/index.php\/wp-json\/wp\/v2\/media?parent=106475"}],"wp:term":[{"taxonomy":"category","embeddable":true,"href":"https:\/\/infoecos.com.ar\/index.php\/wp-json\/wp\/v2\/categories?post=106475"},{"taxonomy":"post_tag","embeddable":true,"href":"https:\/\/infoecos.com.ar\/index.php\/wp-json\/wp\/v2\/tags?post=106475"}],"curies":[{"name":"wp","href":"https:\/\/api.w.org\/{rel}","templated":true}]}}