{"id":106497,"date":"2023-06-30T16:12:24","date_gmt":"2023-06-30T19:12:24","guid":{"rendered":"https:\/\/infoecos.com.ar\/?p=106497"},"modified":"2023-07-01T15:08:24","modified_gmt":"2023-07-01T18:08:24","slug":"murio-joven-de-america-en-grave-accidente-cuatro-personas-heridas-al-esquivar-un-colchon-en-ruta-7","status":"publish","type":"post","link":"https:\/\/infoecos.com.ar\/index.php\/murio-joven-de-america-en-grave-accidente-cuatro-personas-heridas-al-esquivar-un-colchon-en-ruta-7\/","title":{"rendered":"Muri\u00f3 j\u00f3ven y cuatro personas heridas de Am\u00e9rica, en grave accidente"},"content":{"rendered":"\n<p>En la tarde de ayer, alrededor de las 18.30, se produjo una tragedia vial en el kil\u00f3metro 80,500 de la Autov\u00eda 7, en sentido a San Andr\u00e9s de Giles que dej\u00f3 como saldo una v\u00edctima fatal y cuatro personas heridas entre las cuales se encuentra un ni\u00f1o de 2 a\u00f1os.<\/p>\n\n\n\n<figure class=\"wp-block-image size-full\"><img loading=\"lazy\" decoding=\"async\" width=\"1280\" height=\"720\" src=\"https:\/\/infoecos.com.ar\/wp-content\/uploads\/2023\/06\/63873.jpg\" alt=\"\" class=\"wp-image-106498\" srcset=\"https:\/\/infoecos.com.ar\/wp-content\/uploads\/2023\/06\/63873.jpg 1280w, https:\/\/infoecos.com.ar\/wp-content\/uploads\/2023\/06\/63873-800x450.jpg 800w, https:\/\/infoecos.com.ar\/wp-content\/uploads\/2023\/06\/63873-768x432.jpg 768w, https:\/\/infoecos.com.ar\/wp-content\/uploads\/2023\/06\/63873-1024x576.jpg 1024w\" sizes=\"(max-width: 1280px) 100vw, 1280px\" \/><figcaption class=\"wp-element-caption\">Ambulancia en la que viajaba <\/figcaption><\/figure>\n\n\n\n<p>El incidente ocurri\u00f3 cuando un cami\u00f3n o una camioneta que transportaba muebles perdi\u00f3 un colch\u00f3n y qued\u00f3 en medio de la ruta siendo esquivado por una Renault modelo Kangoo adaptada como Unidad de Traslado Sanitario de pacientes, perteneciente al <strong>Municipio de Rivadavia<\/strong>.<\/p>\n\n\n\n<p>A ra\u00edz de esto, el conductor de la Kangoo, en un intento por evitar una colisi\u00f3n con otros veh\u00edculos realiz\u00f3 una brusca maniobra hacia la mano derecha de la v\u00eda (quedaron las marcas de frenado sobre el asfalto), lo que provoc\u00f3 que el veh\u00edculo se saliera de la carretera y colisionara contra un talud de tierra.<\/p>\n\n\n\n<p>En el momento del siniestro vial, en la Kangoo iban cinco personas, incluyendo al conductor, un matrimonio y su hijo de dos a\u00f1os, quienes regresaban de una audiometr\u00eda en La Plata, y otro hombre que era un paciente dado de alta. Todo regresaban a la ciudad de Am\u00e9rica distante a unos 420 kil\u00f3metros con Luj\u00e1n.<\/p>\n\n\n\n<p>A esa hora, una unidad de los Bomberos Voluntarios del Destacamento 1 Pueblo Nuevo se dirig\u00eda hacia la Estaci\u00f3n de Peaje en respuesta de una llamada recibida minutos antes en el cuartel y los separaba unos 500 metros del veh\u00edculo que termin\u00f3 siniestrado. Por los tanto, la ayuda a las personas siniestrada fue pr\u00e1cticamente inmediata.<\/p>\n\n\n\n<p>Como resultado del impacto, cuatro personas resultaron heridas y fueron r\u00e1pidamente trasladadas al Hospital Zonal en dos ambulancias. En el M\u00f3vil 26 llevaron a Mario Trovato (chofer de la Kangoo) y Hugo Arias, padre de la criatura. Mientras que el M\u00f3vil 27, Aitan Arias de 2 a\u00f1os junto a su madre Marlina Aquino.<\/p>\n\n\n\n<p>El saldo lamentable fue la muerte de uno de los acompa\u00f1antes, un hombre de 35 a\u00f1os identificado oficialmente como Ezequiel Ruiz y cuyo cuerpo fue retirado pasadas las 22.30 una vez que las Polic\u00eda Cient\u00edfica realiz\u00f3 las tareas periciales de rigor.<\/p>\n\n\n\n<p>Este tr\u00e1gico suceso ha generado conmoci\u00f3n en la comunidad de Rivadavia y sus alrededores, donde residen las v\u00edctimas al tiempo que los vecinos expresan su solidaridad y apoyo a las familias afectadas.<\/p>\n\n\n\n<figure class=\"wp-block-image alignright size-full is-resized\"><img loading=\"lazy\" decoding=\"async\" src=\"https:\/\/infoecos.com.ar\/wp-content\/uploads\/2023\/06\/63872-1.jpg\" alt=\"\" class=\"wp-image-106499\" width=\"385\" height=\"317\"\/><figcaption class=\"wp-element-caption\">Ambulancia en la que viajaba <\/figcaption><\/figure>\n\n\n\n<p>El intendente Javier Reynoso brind\u00f3 una conferencia de prensa para referirse a este tr\u00e1gico suceso. <strong><em>\u201cEl veh\u00edculo de traslado de pacientes ambulatorios del Hospital se encontraba de regreso a nuestro medio. En Ruta 7, cerca de las 18.44 horas, entre los kil\u00f3metros 79 y 81, se encuentra con un colch\u00f3n en la autopista y al colisionarlo pierde el control, se despistan y caen en lo que al parecer es un barranco\u201d<\/em><\/strong>, narr\u00f3<\/p>\n\n\n\n<p>El intendente <strong>Reynoso<\/strong> confirm\u00f3 el fallecimiento <strong>Ezequiel Omar Ruiz<\/strong>, que regresaba luego de un alta m\u00e9dico. <strong><em>\u201cAdem\u00e1s iba en el veh\u00edculo el chofer Mario Trovato, que se encuentra estable con una luxaci\u00f3n de cadera. Fue trasladado al Hospital Fitz Roy, para estudios de alta complejidad, Hugo Arias, quien tuvo fractura de f\u00e9mur y politraumatismos, esperando derivaci\u00f3n para volver a nuestro medio\u201d<\/em><\/strong>.<\/p>\n\n\n\n<p><strong><em>\u201cTambi\u00e9n Melina Aquino, que sufri\u00f3 lesiones, escoriaciones y distintos politraumatismos, se espera que le den el alta en las pr\u00f3ximas horas. Y finalmente el hijo de la mencionada mujer, un nene de 2 a\u00f1os, que tiene traumatismo de cr\u00e1neo y fue a la terapia intensiva pedi\u00e1trica del Hospital Posadas<\/em><\/strong>\u201d detall\u00f3 el jefe comunal.<\/p>\n\n\n\n<p>En el hecho tom\u00f3 intervenci\u00f3n la Comisar\u00eda Luj\u00e1n Segunda y la Fiscal\u00eda 9 del departamento judicial que abri\u00f3 una investigaci\u00f3n al caratular la causa como \u201chomicidio culposo y lesiones culposas\u201d.<\/p>\n\n\n\n<p>En tanto, Bomberos Voluntarios de Rivadavia interven\u00eda este jueves en nueve siniestros viales que requirieron de asistencia de los servidores p\u00fablicos de una total de 22 salidas que tuvieron entre el Cuartel Central y Destacamento 1. Diez fueron por distintas urgencias, una por incendio de una vivienda y el resto por servicios especiales.<\/p>\n\n\n\n<p>S\u00f3lo en horas de la tarde de ayer concurrieron al rescate de la conductora de un Chevrolet modelo Astra que choc\u00f3 tras despistarse cuando transitaba por la vieja Ruta 7 y calle Rep\u00fablica Argentina. La persona herida se llama Laura G\u00f3mez quien perdi\u00f3 el control del veh\u00edculo a altura de la curva de barrio San Eduardo.<\/p>\n\n\n\n<p>Y, a las 17.30, en Las Tipas y San Jos\u00e9, de Pueblo Nuevo, Mirta Martiarena sufri\u00f3 traumatismo y posible fractura de un brazo al caer de la moto como consecuencia de haberse cruzado un perro.<\/p>\n","protected":false},"excerpt":{"rendered":"<p>El incidente ocurri\u00f3 cuando un cami\u00f3n o una camioneta que transportaba muebles perdi\u00f3 un colch\u00f3n y qued\u00f3 en medio de la ruta siendo esquivado por una Renault modelo Kangoo adaptada como Unidad de Traslado Sanitario de pacientes, perteneciente al Municipio de Rivadavia.<\/p>\n","protected":false},"author":2,"featured_media":106500,"comment_status":"closed","ping_status":"open","sticky":false,"template":"","format":"standard","meta":{"footnotes":""},"categories":[1325],"tags":[6266],"class_list":["post-106497","post","type-post","status-publish","format-standard","has-post-thumbnail","hentry","category-c1nota6","tag-conferencia-de-prensa-de-reynoso"],"yoast_head":"<!-- This site is optimized with the Yoast SEO plugin v23.4 - https:\/\/yoast.com\/wordpress\/plugins\/seo\/ -->\n<title>Muri\u00f3 j\u00f3ven y cuatro personas heridas de Am\u00e9rica, en grave accidente - Infoecos<\/title>\n<meta name=\"robots\" content=\"index, follow, max-snippet:-1, max-image-preview:large, max-video-preview:-1\" \/>\n<link rel=\"canonical\" href=\"https:\/\/infoecos.com.ar\/index.php\/murio-joven-de-america-en-grave-accidente-cuatro-personas-heridas-al-esquivar-un-colchon-en-ruta-7\/\" \/>\n<meta property=\"og:locale\" content=\"es_ES\" \/>\n<meta property=\"og:type\" content=\"article\" \/>\n<meta property=\"og:title\" content=\"Muri\u00f3 j\u00f3ven y cuatro personas heridas de Am\u00e9rica, en grave accidente - Infoecos\" \/>\n<meta property=\"og:description\" content=\"El incidente ocurri\u00f3 cuando un cami\u00f3n o una camioneta que transportaba muebles perdi\u00f3 un colch\u00f3n y qued\u00f3 en medio de la ruta siendo esquivado por una Renault modelo Kangoo adaptada como Unidad de Traslado Sanitario de pacientes, perteneciente al Municipio de Rivadavia.\" \/>\n<meta property=\"og:url\" content=\"https:\/\/infoecos.com.ar\/index.php\/murio-joven-de-america-en-grave-accidente-cuatro-personas-heridas-al-esquivar-un-colchon-en-ruta-7\/\" \/>\n<meta property=\"og:site_name\" content=\"Infoecos\" \/>\n<meta property=\"article:publisher\" content=\"https:\/\/www.facebook.com\/profile.php?id=100063200290284\" \/>\n<meta property=\"article:published_time\" content=\"2023-06-30T19:12:24+00:00\" \/>\n<meta property=\"article:modified_time\" content=\"2023-07-01T18:08:24+00:00\" \/>\n<meta property=\"og:image\" content=\"https:\/\/infoecos.com.ar\/wp-content\/uploads\/2023\/06\/63873-1.jpg\" \/>\n\t<meta property=\"og:image:width\" content=\"1280\" \/>\n\t<meta property=\"og:image:height\" content=\"720\" \/>\n\t<meta property=\"og:image:type\" content=\"image\/jpeg\" \/>\n<meta name=\"author\" content=\"Jorge Matheus\" \/>\n<meta name=\"twitter:card\" content=\"summary_large_image\" \/>\n<meta name=\"twitter:creator\" content=\"@infoecos\" \/>\n<meta name=\"twitter:site\" content=\"@infoecos\" \/>\n<meta name=\"twitter:label1\" content=\"Escrito por\" \/>\n\t<meta name=\"twitter:data1\" content=\"Jorge Matheus\" \/>\n\t<meta name=\"twitter:label2\" content=\"Tiempo de lectura\" \/>\n\t<meta name=\"twitter:data2\" content=\"4 minutos\" \/>\n<script type=\"application\/ld+json\" class=\"yoast-schema-graph\">{\"@context\":\"https:\/\/schema.org\",\"@graph\":[{\"@type\":\"Article\",\"@id\":\"https:\/\/infoecos.com.ar\/index.php\/murio-joven-de-america-en-grave-accidente-cuatro-personas-heridas-al-esquivar-un-colchon-en-ruta-7\/#article\",\"isPartOf\":{\"@id\":\"https:\/\/infoecos.com.ar\/index.php\/murio-joven-de-america-en-grave-accidente-cuatro-personas-heridas-al-esquivar-un-colchon-en-ruta-7\/\"},\"author\":{\"name\":\"Jorge Matheus\",\"@id\":\"https:\/\/infoecos.com.ar\/#\/schema\/person\/8f5ace5ce73b4b4aac4b7245aee6f191\"},\"headline\":\"Muri\u00f3 j\u00f3ven y cuatro personas heridas de Am\u00e9rica, en grave accidente\",\"datePublished\":\"2023-06-30T19:12:24+00:00\",\"dateModified\":\"2023-07-01T18:08:24+00:00\",\"mainEntityOfPage\":{\"@id\":\"https:\/\/infoecos.com.ar\/index.php\/murio-joven-de-america-en-grave-accidente-cuatro-personas-heridas-al-esquivar-un-colchon-en-ruta-7\/\"},\"wordCount\":804,\"publisher\":{\"@id\":\"https:\/\/infoecos.com.ar\/#organization\"},\"image\":{\"@id\":\"https:\/\/infoecos.com.ar\/index.php\/murio-joven-de-america-en-grave-accidente-cuatro-personas-heridas-al-esquivar-un-colchon-en-ruta-7\/#primaryimage\"},\"thumbnailUrl\":\"https:\/\/infoecos.com.ar\/wp-content\/uploads\/2023\/06\/63873-1.jpg\",\"keywords\":[\"CONFERENCIA DE PRENSA DE REYNOSO\"],\"articleSection\":[\"C1 nota 6\"],\"inLanguage\":\"es\"},{\"@type\":\"WebPage\",\"@id\":\"https:\/\/infoecos.com.ar\/index.php\/murio-joven-de-america-en-grave-accidente-cuatro-personas-heridas-al-esquivar-un-colchon-en-ruta-7\/\",\"url\":\"https:\/\/infoecos.com.ar\/index.php\/murio-joven-de-america-en-grave-accidente-cuatro-personas-heridas-al-esquivar-un-colchon-en-ruta-7\/\",\"name\":\"Muri\u00f3 j\u00f3ven y cuatro personas heridas de Am\u00e9rica, en grave accidente - Infoecos\",\"isPartOf\":{\"@id\":\"https:\/\/infoecos.com.ar\/#website\"},\"primaryImageOfPage\":{\"@id\":\"https:\/\/infoecos.com.ar\/index.php\/murio-joven-de-america-en-grave-accidente-cuatro-personas-heridas-al-esquivar-un-colchon-en-ruta-7\/#primaryimage\"},\"image\":{\"@id\":\"https:\/\/infoecos.com.ar\/index.php\/murio-joven-de-america-en-grave-accidente-cuatro-personas-heridas-al-esquivar-un-colchon-en-ruta-7\/#primaryimage\"},\"thumbnailUrl\":\"https:\/\/infoecos.com.ar\/wp-content\/uploads\/2023\/06\/63873-1.jpg\",\"datePublished\":\"2023-06-30T19:12:24+00:00\",\"dateModified\":\"2023-07-01T18:08:24+00:00\",\"breadcrumb\":{\"@id\":\"https:\/\/infoecos.com.ar\/index.php\/murio-joven-de-america-en-grave-accidente-cuatro-personas-heridas-al-esquivar-un-colchon-en-ruta-7\/#breadcrumb\"},\"inLanguage\":\"es\",\"potentialAction\":[{\"@type\":\"ReadAction\",\"target\":[\"https:\/\/infoecos.com.ar\/index.php\/murio-joven-de-america-en-grave-accidente-cuatro-personas-heridas-al-esquivar-un-colchon-en-ruta-7\/\"]}]},{\"@type\":\"ImageObject\",\"inLanguage\":\"es\",\"@id\":\"https:\/\/infoecos.com.ar\/index.php\/murio-joven-de-america-en-grave-accidente-cuatro-personas-heridas-al-esquivar-un-colchon-en-ruta-7\/#primaryimage\",\"url\":\"https:\/\/infoecos.com.ar\/wp-content\/uploads\/2023\/06\/63873-1.jpg\",\"contentUrl\":\"https:\/\/infoecos.com.ar\/wp-content\/uploads\/2023\/06\/63873-1.jpg\",\"width\":1280,\"height\":720},{\"@type\":\"BreadcrumbList\",\"@id\":\"https:\/\/infoecos.com.ar\/index.php\/murio-joven-de-america-en-grave-accidente-cuatro-personas-heridas-al-esquivar-un-colchon-en-ruta-7\/#breadcrumb\",\"itemListElement\":[{\"@type\":\"ListItem\",\"position\":1,\"name\":\"Portada\",\"item\":\"https:\/\/infoecos.com.ar\/\"},{\"@type\":\"ListItem\",\"position\":2,\"name\":\"Muri\u00f3 j\u00f3ven y cuatro personas heridas de Am\u00e9rica, en grave accidente\"}]},{\"@type\":\"WebSite\",\"@id\":\"https:\/\/infoecos.com.ar\/#website\",\"url\":\"https:\/\/infoecos.com.ar\/\",\"name\":\"Infoecos\",\"description\":\"Noticias de trenque lauquen y la zona\",\"publisher\":{\"@id\":\"https:\/\/infoecos.com.ar\/#organization\"},\"alternateName\":\"Noticias\",\"potentialAction\":[{\"@type\":\"SearchAction\",\"target\":{\"@type\":\"EntryPoint\",\"urlTemplate\":\"https:\/\/infoecos.com.ar\/?s={search_term_string}\"},\"query-input\":{\"@type\":\"PropertyValueSpecification\",\"valueRequired\":true,\"valueName\":\"search_term_string\"}}],\"inLanguage\":\"es\"},{\"@type\":\"Organization\",\"@id\":\"https:\/\/infoecos.com.ar\/#organization\",\"name\":\"Infoecos\",\"alternateName\":\"Noticias\",\"url\":\"https:\/\/infoecos.com.ar\/\",\"logo\":{\"@type\":\"ImageObject\",\"inLanguage\":\"es\",\"@id\":\"https:\/\/infoecos.com.ar\/#\/schema\/logo\/image\/\",\"url\":\"https:\/\/infoecos.com.ar\/wp-content\/uploads\/2024\/03\/cropped-logo.png\",\"contentUrl\":\"https:\/\/infoecos.com.ar\/wp-content\/uploads\/2024\/03\/cropped-logo.png\",\"width\":374,\"height\":90,\"caption\":\"Infoecos\"},\"image\":{\"@id\":\"https:\/\/infoecos.com.ar\/#\/schema\/logo\/image\/\"},\"sameAs\":[\"https:\/\/www.facebook.com\/profile.php?id=100063200290284\",\"https:\/\/x.com\/infoecos\"]},{\"@type\":\"Person\",\"@id\":\"https:\/\/infoecos.com.ar\/#\/schema\/person\/8f5ace5ce73b4b4aac4b7245aee6f191\",\"name\":\"Jorge Matheus\",\"url\":\"https:\/\/infoecos.com.ar\/index.php\/author\/jomatheus\/\"}]}<\/script>\n<!-- \/ Yoast SEO plugin. -->","yoast_head_json":{"title":"Muri\u00f3 j\u00f3ven y cuatro personas heridas de Am\u00e9rica, en grave accidente - Infoecos","robots":{"index":"index","follow":"follow","max-snippet":"max-snippet:-1","max-image-preview":"max-image-preview:large","max-video-preview":"max-video-preview:-1"},"canonical":"https:\/\/infoecos.com.ar\/index.php\/murio-joven-de-america-en-grave-accidente-cuatro-personas-heridas-al-esquivar-un-colchon-en-ruta-7\/","og_locale":"es_ES","og_type":"article","og_title":"Muri\u00f3 j\u00f3ven y cuatro personas heridas de Am\u00e9rica, en grave accidente - Infoecos","og_description":"El incidente ocurri\u00f3 cuando un cami\u00f3n o una camioneta que transportaba muebles perdi\u00f3 un colch\u00f3n y qued\u00f3 en medio de la ruta siendo esquivado por una Renault modelo Kangoo adaptada como Unidad de Traslado Sanitario de pacientes, perteneciente al Municipio de Rivadavia.","og_url":"https:\/\/infoecos.com.ar\/index.php\/murio-joven-de-america-en-grave-accidente-cuatro-personas-heridas-al-esquivar-un-colchon-en-ruta-7\/","og_site_name":"Infoecos","article_publisher":"https:\/\/www.facebook.com\/profile.php?id=100063200290284","article_published_time":"2023-06-30T19:12:24+00:00","article_modified_time":"2023-07-01T18:08:24+00:00","og_image":[{"width":1280,"height":720,"url":"https:\/\/infoecos.com.ar\/wp-content\/uploads\/2023\/06\/63873-1.jpg","type":"image\/jpeg"}],"author":"Jorge Matheus","twitter_card":"summary_large_image","twitter_creator":"@infoecos","twitter_site":"@infoecos","twitter_misc":{"Escrito por":"Jorge Matheus","Tiempo de lectura":"4 minutos"},"schema":{"@context":"https:\/\/schema.org","@graph":[{"@type":"Article","@id":"https:\/\/infoecos.com.ar\/index.php\/murio-joven-de-america-en-grave-accidente-cuatro-personas-heridas-al-esquivar-un-colchon-en-ruta-7\/#article","isPartOf":{"@id":"https:\/\/infoecos.com.ar\/index.php\/murio-joven-de-america-en-grave-accidente-cuatro-personas-heridas-al-esquivar-un-colchon-en-ruta-7\/"},"author":{"name":"Jorge Matheus","@id":"https:\/\/infoecos.com.ar\/#\/schema\/person\/8f5ace5ce73b4b4aac4b7245aee6f191"},"headline":"Muri\u00f3 j\u00f3ven y cuatro personas heridas de Am\u00e9rica, en grave accidente","datePublished":"2023-06-30T19:12:24+00:00","dateModified":"2023-07-01T18:08:24+00:00","mainEntityOfPage":{"@id":"https:\/\/infoecos.com.ar\/index.php\/murio-joven-de-america-en-grave-accidente-cuatro-personas-heridas-al-esquivar-un-colchon-en-ruta-7\/"},"wordCount":804,"publisher":{"@id":"https:\/\/infoecos.com.ar\/#organization"},"image":{"@id":"https:\/\/infoecos.com.ar\/index.php\/murio-joven-de-america-en-grave-accidente-cuatro-personas-heridas-al-esquivar-un-colchon-en-ruta-7\/#primaryimage"},"thumbnailUrl":"https:\/\/infoecos.com.ar\/wp-content\/uploads\/2023\/06\/63873-1.jpg","keywords":["CONFERENCIA DE PRENSA DE REYNOSO"],"articleSection":["C1 nota 6"],"inLanguage":"es"},{"@type":"WebPage","@id":"https:\/\/infoecos.com.ar\/index.php\/murio-joven-de-america-en-grave-accidente-cuatro-personas-heridas-al-esquivar-un-colchon-en-ruta-7\/","url":"https:\/\/infoecos.com.ar\/index.php\/murio-joven-de-america-en-grave-accidente-cuatro-personas-heridas-al-esquivar-un-colchon-en-ruta-7\/","name":"Muri\u00f3 j\u00f3ven y cuatro personas heridas de Am\u00e9rica, en grave accidente - Infoecos","isPartOf":{"@id":"https:\/\/infoecos.com.ar\/#website"},"primaryImageOfPage":{"@id":"https:\/\/infoecos.com.ar\/index.php\/murio-joven-de-america-en-grave-accidente-cuatro-personas-heridas-al-esquivar-un-colchon-en-ruta-7\/#primaryimage"},"image":{"@id":"https:\/\/infoecos.com.ar\/index.php\/murio-joven-de-america-en-grave-accidente-cuatro-personas-heridas-al-esquivar-un-colchon-en-ruta-7\/#primaryimage"},"thumbnailUrl":"https:\/\/infoecos.com.ar\/wp-content\/uploads\/2023\/06\/63873-1.jpg","datePublished":"2023-06-30T19:12:24+00:00","dateModified":"2023-07-01T18:08:24+00:00","breadcrumb":{"@id":"https:\/\/infoecos.com.ar\/index.php\/murio-joven-de-america-en-grave-accidente-cuatro-personas-heridas-al-esquivar-un-colchon-en-ruta-7\/#breadcrumb"},"inLanguage":"es","potentialAction":[{"@type":"ReadAction","target":["https:\/\/infoecos.com.ar\/index.php\/murio-joven-de-america-en-grave-accidente-cuatro-personas-heridas-al-esquivar-un-colchon-en-ruta-7\/"]}]},{"@type":"ImageObject","inLanguage":"es","@id":"https:\/\/infoecos.com.ar\/index.php\/murio-joven-de-america-en-grave-accidente-cuatro-personas-heridas-al-esquivar-un-colchon-en-ruta-7\/#primaryimage","url":"https:\/\/infoecos.com.ar\/wp-content\/uploads\/2023\/06\/63873-1.jpg","contentUrl":"https:\/\/infoecos.com.ar\/wp-content\/uploads\/2023\/06\/63873-1.jpg","width":1280,"height":720},{"@type":"BreadcrumbList","@id":"https:\/\/infoecos.com.ar\/index.php\/murio-joven-de-america-en-grave-accidente-cuatro-personas-heridas-al-esquivar-un-colchon-en-ruta-7\/#breadcrumb","itemListElement":[{"@type":"ListItem","position":1,"name":"Portada","item":"https:\/\/infoecos.com.ar\/"},{"@type":"ListItem","position":2,"name":"Muri\u00f3 j\u00f3ven y cuatro personas heridas de Am\u00e9rica, en grave accidente"}]},{"@type":"WebSite","@id":"https:\/\/infoecos.com.ar\/#website","url":"https:\/\/infoecos.com.ar\/","name":"Infoecos","description":"Noticias de trenque lauquen y la zona","publisher":{"@id":"https:\/\/infoecos.com.ar\/#organization"},"alternateName":"Noticias","potentialAction":[{"@type":"SearchAction","target":{"@type":"EntryPoint","urlTemplate":"https:\/\/infoecos.com.ar\/?s={search_term_string}"},"query-input":{"@type":"PropertyValueSpecification","valueRequired":true,"valueName":"search_term_string"}}],"inLanguage":"es"},{"@type":"Organization","@id":"https:\/\/infoecos.com.ar\/#organization","name":"Infoecos","alternateName":"Noticias","url":"https:\/\/infoecos.com.ar\/","logo":{"@type":"ImageObject","inLanguage":"es","@id":"https:\/\/infoecos.com.ar\/#\/schema\/logo\/image\/","url":"https:\/\/infoecos.com.ar\/wp-content\/uploads\/2024\/03\/cropped-logo.png","contentUrl":"https:\/\/infoecos.com.ar\/wp-content\/uploads\/2024\/03\/cropped-logo.png","width":374,"height":90,"caption":"Infoecos"},"image":{"@id":"https:\/\/infoecos.com.ar\/#\/schema\/logo\/image\/"},"sameAs":["https:\/\/www.facebook.com\/profile.php?id=100063200290284","https:\/\/x.com\/infoecos"]},{"@type":"Person","@id":"https:\/\/infoecos.com.ar\/#\/schema\/person\/8f5ace5ce73b4b4aac4b7245aee6f191","name":"Jorge Matheus","url":"https:\/\/infoecos.com.ar\/index.php\/author\/jomatheus\/"}]}},"featured_image_urls":{"full":["https:\/\/infoecos.com.ar\/wp-content\/uploads\/2023\/06\/63873-1.jpg",1280,720,false],"thumbnail":["https:\/\/infoecos.com.ar\/wp-content\/uploads\/2023\/06\/63873-1-300x150.jpg",300,150,true],"medium":["https:\/\/infoecos.com.ar\/wp-content\/uploads\/2023\/06\/63873-1-800x450.jpg",800,450,true],"medium_large":["https:\/\/infoecos.com.ar\/wp-content\/uploads\/2023\/06\/63873-1-768x432.jpg",640,360,true],"large":["https:\/\/infoecos.com.ar\/wp-content\/uploads\/2023\/06\/63873-1.jpg",640,360,false],"1536x1536":["https:\/\/infoecos.com.ar\/wp-content\/uploads\/2023\/06\/63873-1.jpg",1280,720,false],"2048x2048":["https:\/\/infoecos.com.ar\/wp-content\/uploads\/2023\/06\/63873-1.jpg",1280,720,false],"covernews-slider-full":["https:\/\/infoecos.com.ar\/wp-content\/uploads\/2023\/06\/63873-1.jpg",1115,627,false],"covernews-slider-center":["https:\/\/infoecos.com.ar\/wp-content\/uploads\/2023\/06\/63873-1-936x720.jpg",650,500,true],"covernews-featured":["https:\/\/infoecos.com.ar\/wp-content\/uploads\/2023\/06\/63873-1-1024x576.jpg",1024,576,true],"covernews-medium":["https:\/\/infoecos.com.ar\/wp-content\/uploads\/2023\/06\/63873-1-720x380.jpg",540,285,true],"covernews-medium-square":["https:\/\/infoecos.com.ar\/wp-content\/uploads\/2023\/06\/63873-1-675x450.jpg",375,250,true]},"author_info":{"info":["Jorge Matheus"]},"category_info":"<a href=\"https:\/\/infoecos.com.ar\/index.php\/category\/c1nota6\/\" rel=\"category tag\">C1 nota 6<\/a>","tag_info":"C1 nota 6","comment_count":"0","_links":{"self":[{"href":"https:\/\/infoecos.com.ar\/index.php\/wp-json\/wp\/v2\/posts\/106497"}],"collection":[{"href":"https:\/\/infoecos.com.ar\/index.php\/wp-json\/wp\/v2\/posts"}],"about":[{"href":"https:\/\/infoecos.com.ar\/index.php\/wp-json\/wp\/v2\/types\/post"}],"author":[{"embeddable":true,"href":"https:\/\/infoecos.com.ar\/index.php\/wp-json\/wp\/v2\/users\/2"}],"replies":[{"embeddable":true,"href":"https:\/\/infoecos.com.ar\/index.php\/wp-json\/wp\/v2\/comments?post=106497"}],"version-history":[{"count":4,"href":"https:\/\/infoecos.com.ar\/index.php\/wp-json\/wp\/v2\/posts\/106497\/revisions"}],"predecessor-version":[{"id":106505,"href":"https:\/\/infoecos.com.ar\/index.php\/wp-json\/wp\/v2\/posts\/106497\/revisions\/106505"}],"wp:featuredmedia":[{"embeddable":true,"href":"https:\/\/infoecos.com.ar\/index.php\/wp-json\/wp\/v2\/media\/106500"}],"wp:attachment":[{"href":"https:\/\/infoecos.com.ar\/index.php\/wp-json\/wp\/v2\/media?parent=106497"}],"wp:term":[{"taxonomy":"category","embeddable":true,"href":"https:\/\/infoecos.com.ar\/index.php\/wp-json\/wp\/v2\/categories?post=106497"},{"taxonomy":"post_tag","embeddable":true,"href":"https:\/\/infoecos.com.ar\/index.php\/wp-json\/wp\/v2\/tags?post=106497"}],"curies":[{"name":"wp","href":"https:\/\/api.w.org\/{rel}","templated":true}]}}