{"id":106513,"date":"2023-06-30T21:48:05","date_gmt":"2023-07-01T00:48:05","guid":{"rendered":"https:\/\/infoecos.com.ar\/?p=106513"},"modified":"2023-07-02T08:18:41","modified_gmt":"2023-07-02T11:18:41","slug":"otra-del-gobernador-en-donde-actua-como-vidal-a-la-que-no-se-parece-ni-el-blanco-del-ojo","status":"publish","type":"post","link":"https:\/\/infoecos.com.ar\/index.php\/otra-del-gobernador-en-donde-actua-como-vidal-a-la-que-no-se-parece-ni-el-blanco-del-ojo\/","title":{"rendered":"Otra del gobernador en donde act\u00faa como Vidal, a la que no se parece ni en el blanco del ojo"},"content":{"rendered":"\n<p>El gobernador de la provincia reafirm\u00f3 un estilo de visitas al interior que no lo favorece, m\u00e1s all\u00e1 que las encuestas lo dan como un \u00abganador cantado\u00bb. Tambi\u00e9n estuvo en el distrito de Carlos Tejedor, y la sociedad de la regi\u00f3n, como tambi\u00e9n los dirigentes del peronismo en su gran mayor\u00eda, se enteraron &#8211; de ser posible &#8211; por Twitter y algunos sitios beneficiados con la informaci\u00f3n.<\/p>\n\n\n\n<figure class=\"wp-block-image aligncenter size-full\"><img loading=\"lazy\" decoding=\"async\" width=\"679\" height=\"453\" src=\"https:\/\/infoecos.com.ar\/wp-content\/uploads\/2023\/06\/Kicillof-en-Tejedor-2.jpg\" alt=\"\" class=\"wp-image-106515\" srcset=\"https:\/\/infoecos.com.ar\/wp-content\/uploads\/2023\/06\/Kicillof-en-Tejedor-2.jpg 679w, https:\/\/infoecos.com.ar\/wp-content\/uploads\/2023\/06\/Kicillof-en-Tejedor-2-675x450.jpg 675w\" sizes=\"(max-width: 679px) 100vw, 679px\" \/><figcaption class=\"wp-element-caption\">Kicillof en Carlos Tejedor<\/figcaption><\/figure>\n\n\n\n<p>Este sitio considera que el mandatario bonaerense tiene suficiente experiencia para bancarse las que vengan y que la elecci\u00f3n del 2023, ni se parece a aqu\u00e9l triunfo <strong>\u00absopresa\u00bb<\/strong> hace cuatro a\u00f1os atr\u00e1s. <\/p>\n\n\n\n<figure class=\"wp-block-image aligncenter size-full\"><img loading=\"lazy\" decoding=\"async\" width=\"680\" height=\"453\" src=\"https:\/\/infoecos.com.ar\/wp-content\/uploads\/2023\/06\/Kicillof-en-Tejedor-3.jpg\" alt=\"\" class=\"wp-image-106517\" srcset=\"https:\/\/infoecos.com.ar\/wp-content\/uploads\/2023\/06\/Kicillof-en-Tejedor-3.jpg 680w, https:\/\/infoecos.com.ar\/wp-content\/uploads\/2023\/06\/Kicillof-en-Tejedor-3-675x450.jpg 675w\" sizes=\"(max-width: 680px) 100vw, 680px\" \/><figcaption class=\"wp-element-caption\">Kicillof en Carlos Tejedor<\/figcaption><\/figure>\n\n\n\n<p>La pol\u00edtica se construye con gestos, palabras, acciones y lo que abogados llaman \u00abafecto societaty\u00bb. <\/p>\n\n\n\n<p>As\u00ed nos informamos nosotros y sus propios seguidores de la regi\u00f3n de su visita a Carlos Tejedor.<\/p>\n\n\n\n<figure class=\"wp-block-image aligncenter size-full\"><img loading=\"lazy\" decoding=\"async\" width=\"680\" height=\"453\" src=\"https:\/\/infoecos.com.ar\/wp-content\/uploads\/2023\/06\/Kicilof-en-Tejedor.jpg\" alt=\"\" class=\"wp-image-106518\" srcset=\"https:\/\/infoecos.com.ar\/wp-content\/uploads\/2023\/06\/Kicilof-en-Tejedor.jpg 680w, https:\/\/infoecos.com.ar\/wp-content\/uploads\/2023\/06\/Kicilof-en-Tejedor-675x450.jpg 675w\" sizes=\"(max-width: 680px) 100vw, 680px\" \/><figcaption class=\"wp-element-caption\">Kicillof en Carlos Tejedor<\/figcaption><\/figure>\n\n\n\n<p>@Kicillof (Twitter)<\/p>\n\n\n\n<p><strong>Tuit 3:<\/strong><\/p>\n\n\n\n<p>En Carlos Tejedor estamos dando respuesta a un reclamo hist\u00f3rico de los vecinos con la ampliaci\u00f3n de la EES N\u00b0 1. Permitir\u00e1 que 200 chicos y chicas estudien en un mismo edificio, garantizando el <a href=\"https:\/\/twitter.com\/hashtag\/DerechoALaEducaci%C3%B3n?src=hashtag_click\">#DerechoALaEducaci\u00f3n<\/a>&nbsp;en mejores condiciones edilicias.<\/p>\n\n\n\n<p><strong>Tuit 2:<\/strong><\/p>\n\n\n\n<p>Con una gran inversi\u00f3n y el trabajo conjunto con los municipios, ya llevamos 165 edificios nuevos inaugurados en toda la provincia. El resultado de un Estado presente que apuesta y trabaja d\u00eda a d\u00eda por el <a href=\"https:\/\/twitter.com\/hashtag\/DERECHOalFUTURO?src=hashtag_click\">#DERECHOalFUTURO<\/a>&nbsp;de las y los bonaerenses.<\/p>\n\n\n\n<p><strong>Tuit 3:<\/strong><\/p>\n\n\n\n<p>Est\u00e1n quienes impulsan el ajuste, el endeudamiento y la quita de derechos, y los que vamos a seguir haciendo obras, inaugurando escuelas e invirtiendo por una educaci\u00f3n p\u00fablica de calidad.<\/p>\n","protected":false},"excerpt":{"rendered":"<p>Este sitio considera que el mandatario bonaerense tiene suficiente experiencia para bancarse las que vengan y que la elecci\u00f3n del 2023, ni se parece a aqu\u00e9l triunfo \u00absopresa\u00bb hace cuatro a\u00f1os atr\u00e1s<\/p>\n","protected":false},"author":2,"featured_media":106514,"comment_status":"closed","ping_status":"open","sticky":false,"template":"","format":"standard","meta":{"footnotes":""},"categories":[41],"tags":[8217],"class_list":["post-106513","post","type-post","status-publish","format-standard","has-post-thumbnail","hentry","category-inferior2","tag-gobierno-ba-y-elecciones-2023"],"yoast_head":"<!-- This site is optimized with the Yoast SEO plugin v23.4 - https:\/\/yoast.com\/wordpress\/plugins\/seo\/ -->\n<title>Otra del gobernador en donde act\u00faa como Vidal, a la que no se parece ni en el blanco del ojo - Infoecos<\/title>\n<meta name=\"robots\" content=\"index, follow, max-snippet:-1, max-image-preview:large, max-video-preview:-1\" \/>\n<link rel=\"canonical\" href=\"https:\/\/infoecos.com.ar\/index.php\/otra-del-gobernador-en-donde-actua-como-vidal-a-la-que-no-se-parece-ni-el-blanco-del-ojo\/\" \/>\n<meta property=\"og:locale\" content=\"es_ES\" \/>\n<meta property=\"og:type\" content=\"article\" \/>\n<meta property=\"og:title\" content=\"Otra del gobernador en donde act\u00faa como Vidal, a la que no se parece ni en el blanco del ojo - Infoecos\" \/>\n<meta property=\"og:description\" content=\"Este sitio considera que el mandatario bonaerense tiene suficiente experiencia para bancarse las que vengan y que la elecci\u00f3n del 2023, ni se parece a aqu\u00e9l triunfo &quot;sopresa&quot; hace cuatro a\u00f1os atr\u00e1s\" \/>\n<meta property=\"og:url\" content=\"https:\/\/infoecos.com.ar\/index.php\/otra-del-gobernador-en-donde-actua-como-vidal-a-la-que-no-se-parece-ni-el-blanco-del-ojo\/\" \/>\n<meta property=\"og:site_name\" content=\"Infoecos\" \/>\n<meta property=\"article:publisher\" content=\"https:\/\/www.facebook.com\/profile.php?id=100063200290284\" \/>\n<meta property=\"article:published_time\" content=\"2023-07-01T00:48:05+00:00\" \/>\n<meta property=\"article:modified_time\" content=\"2023-07-02T11:18:41+00:00\" \/>\n<meta property=\"og:image\" content=\"https:\/\/infoecos.com.ar\/wp-content\/uploads\/2023\/06\/Fz50LXgWwAYuOfs.jpg\" \/>\n\t<meta property=\"og:image:width\" content=\"680\" \/>\n\t<meta property=\"og:image:height\" content=\"453\" \/>\n\t<meta property=\"og:image:type\" content=\"image\/jpeg\" \/>\n<meta name=\"author\" content=\"Jorge Matheus\" \/>\n<meta name=\"twitter:card\" content=\"summary_large_image\" \/>\n<meta name=\"twitter:creator\" content=\"@infoecos\" \/>\n<meta name=\"twitter:site\" content=\"@infoecos\" \/>\n<meta name=\"twitter:label1\" content=\"Escrito por\" \/>\n\t<meta name=\"twitter:data1\" content=\"Jorge Matheus\" \/>\n\t<meta name=\"twitter:label2\" content=\"Tiempo de lectura\" \/>\n\t<meta name=\"twitter:data2\" content=\"2 minutos\" \/>\n<script type=\"application\/ld+json\" class=\"yoast-schema-graph\">{\"@context\":\"https:\/\/schema.org\",\"@graph\":[{\"@type\":\"Article\",\"@id\":\"https:\/\/infoecos.com.ar\/index.php\/otra-del-gobernador-en-donde-actua-como-vidal-a-la-que-no-se-parece-ni-el-blanco-del-ojo\/#article\",\"isPartOf\":{\"@id\":\"https:\/\/infoecos.com.ar\/index.php\/otra-del-gobernador-en-donde-actua-como-vidal-a-la-que-no-se-parece-ni-el-blanco-del-ojo\/\"},\"author\":{\"name\":\"Jorge Matheus\",\"@id\":\"https:\/\/infoecos.com.ar\/#\/schema\/person\/8f5ace5ce73b4b4aac4b7245aee6f191\"},\"headline\":\"Otra del gobernador en donde act\u00faa como Vidal, a la que no se parece ni en el blanco del ojo\",\"datePublished\":\"2023-07-01T00:48:05+00:00\",\"dateModified\":\"2023-07-02T11:18:41+00:00\",\"mainEntityOfPage\":{\"@id\":\"https:\/\/infoecos.com.ar\/index.php\/otra-del-gobernador-en-donde-actua-como-vidal-a-la-que-no-se-parece-ni-el-blanco-del-ojo\/\"},\"wordCount\":299,\"publisher\":{\"@id\":\"https:\/\/infoecos.com.ar\/#organization\"},\"image\":{\"@id\":\"https:\/\/infoecos.com.ar\/index.php\/otra-del-gobernador-en-donde-actua-como-vidal-a-la-que-no-se-parece-ni-el-blanco-del-ojo\/#primaryimage\"},\"thumbnailUrl\":\"https:\/\/infoecos.com.ar\/wp-content\/uploads\/2023\/06\/Fz50LXgWwAYuOfs.jpg\",\"keywords\":[\"GOBIERNO BA Y ELECCIONES 2023\"],\"articleSection\":[\"Bloque inferior - 2\"],\"inLanguage\":\"es\"},{\"@type\":\"WebPage\",\"@id\":\"https:\/\/infoecos.com.ar\/index.php\/otra-del-gobernador-en-donde-actua-como-vidal-a-la-que-no-se-parece-ni-el-blanco-del-ojo\/\",\"url\":\"https:\/\/infoecos.com.ar\/index.php\/otra-del-gobernador-en-donde-actua-como-vidal-a-la-que-no-se-parece-ni-el-blanco-del-ojo\/\",\"name\":\"Otra del gobernador en donde act\u00faa como Vidal, a la que no se parece ni en el blanco del ojo - Infoecos\",\"isPartOf\":{\"@id\":\"https:\/\/infoecos.com.ar\/#website\"},\"primaryImageOfPage\":{\"@id\":\"https:\/\/infoecos.com.ar\/index.php\/otra-del-gobernador-en-donde-actua-como-vidal-a-la-que-no-se-parece-ni-el-blanco-del-ojo\/#primaryimage\"},\"image\":{\"@id\":\"https:\/\/infoecos.com.ar\/index.php\/otra-del-gobernador-en-donde-actua-como-vidal-a-la-que-no-se-parece-ni-el-blanco-del-ojo\/#primaryimage\"},\"thumbnailUrl\":\"https:\/\/infoecos.com.ar\/wp-content\/uploads\/2023\/06\/Fz50LXgWwAYuOfs.jpg\",\"datePublished\":\"2023-07-01T00:48:05+00:00\",\"dateModified\":\"2023-07-02T11:18:41+00:00\",\"breadcrumb\":{\"@id\":\"https:\/\/infoecos.com.ar\/index.php\/otra-del-gobernador-en-donde-actua-como-vidal-a-la-que-no-se-parece-ni-el-blanco-del-ojo\/#breadcrumb\"},\"inLanguage\":\"es\",\"potentialAction\":[{\"@type\":\"ReadAction\",\"target\":[\"https:\/\/infoecos.com.ar\/index.php\/otra-del-gobernador-en-donde-actua-como-vidal-a-la-que-no-se-parece-ni-el-blanco-del-ojo\/\"]}]},{\"@type\":\"ImageObject\",\"inLanguage\":\"es\",\"@id\":\"https:\/\/infoecos.com.ar\/index.php\/otra-del-gobernador-en-donde-actua-como-vidal-a-la-que-no-se-parece-ni-el-blanco-del-ojo\/#primaryimage\",\"url\":\"https:\/\/infoecos.com.ar\/wp-content\/uploads\/2023\/06\/Fz50LXgWwAYuOfs.jpg\",\"contentUrl\":\"https:\/\/infoecos.com.ar\/wp-content\/uploads\/2023\/06\/Fz50LXgWwAYuOfs.jpg\",\"width\":680,\"height\":453},{\"@type\":\"BreadcrumbList\",\"@id\":\"https:\/\/infoecos.com.ar\/index.php\/otra-del-gobernador-en-donde-actua-como-vidal-a-la-que-no-se-parece-ni-el-blanco-del-ojo\/#breadcrumb\",\"itemListElement\":[{\"@type\":\"ListItem\",\"position\":1,\"name\":\"Portada\",\"item\":\"https:\/\/infoecos.com.ar\/\"},{\"@type\":\"ListItem\",\"position\":2,\"name\":\"Otra del gobernador en donde act\u00faa como Vidal, a la que no se parece ni en el blanco del ojo\"}]},{\"@type\":\"WebSite\",\"@id\":\"https:\/\/infoecos.com.ar\/#website\",\"url\":\"https:\/\/infoecos.com.ar\/\",\"name\":\"Infoecos\",\"description\":\"Noticias de trenque lauquen y la zona\",\"publisher\":{\"@id\":\"https:\/\/infoecos.com.ar\/#organization\"},\"alternateName\":\"Noticias\",\"potentialAction\":[{\"@type\":\"SearchAction\",\"target\":{\"@type\":\"EntryPoint\",\"urlTemplate\":\"https:\/\/infoecos.com.ar\/?s={search_term_string}\"},\"query-input\":{\"@type\":\"PropertyValueSpecification\",\"valueRequired\":true,\"valueName\":\"search_term_string\"}}],\"inLanguage\":\"es\"},{\"@type\":\"Organization\",\"@id\":\"https:\/\/infoecos.com.ar\/#organization\",\"name\":\"Infoecos\",\"alternateName\":\"Noticias\",\"url\":\"https:\/\/infoecos.com.ar\/\",\"logo\":{\"@type\":\"ImageObject\",\"inLanguage\":\"es\",\"@id\":\"https:\/\/infoecos.com.ar\/#\/schema\/logo\/image\/\",\"url\":\"https:\/\/infoecos.com.ar\/wp-content\/uploads\/2024\/03\/cropped-logo.png\",\"contentUrl\":\"https:\/\/infoecos.com.ar\/wp-content\/uploads\/2024\/03\/cropped-logo.png\",\"width\":374,\"height\":90,\"caption\":\"Infoecos\"},\"image\":{\"@id\":\"https:\/\/infoecos.com.ar\/#\/schema\/logo\/image\/\"},\"sameAs\":[\"https:\/\/www.facebook.com\/profile.php?id=100063200290284\",\"https:\/\/x.com\/infoecos\"]},{\"@type\":\"Person\",\"@id\":\"https:\/\/infoecos.com.ar\/#\/schema\/person\/8f5ace5ce73b4b4aac4b7245aee6f191\",\"name\":\"Jorge Matheus\",\"url\":\"https:\/\/infoecos.com.ar\/index.php\/author\/jomatheus\/\"}]}<\/script>\n<!-- \/ Yoast SEO plugin. -->","yoast_head_json":{"title":"Otra del gobernador en donde act\u00faa como Vidal, a la que no se parece ni en el blanco del ojo - Infoecos","robots":{"index":"index","follow":"follow","max-snippet":"max-snippet:-1","max-image-preview":"max-image-preview:large","max-video-preview":"max-video-preview:-1"},"canonical":"https:\/\/infoecos.com.ar\/index.php\/otra-del-gobernador-en-donde-actua-como-vidal-a-la-que-no-se-parece-ni-el-blanco-del-ojo\/","og_locale":"es_ES","og_type":"article","og_title":"Otra del gobernador en donde act\u00faa como Vidal, a la que no se parece ni en el blanco del ojo - Infoecos","og_description":"Este sitio considera que el mandatario bonaerense tiene suficiente experiencia para bancarse las que vengan y que la elecci\u00f3n del 2023, ni se parece a aqu\u00e9l triunfo \"sopresa\" hace cuatro a\u00f1os atr\u00e1s","og_url":"https:\/\/infoecos.com.ar\/index.php\/otra-del-gobernador-en-donde-actua-como-vidal-a-la-que-no-se-parece-ni-el-blanco-del-ojo\/","og_site_name":"Infoecos","article_publisher":"https:\/\/www.facebook.com\/profile.php?id=100063200290284","article_published_time":"2023-07-01T00:48:05+00:00","article_modified_time":"2023-07-02T11:18:41+00:00","og_image":[{"width":680,"height":453,"url":"https:\/\/infoecos.com.ar\/wp-content\/uploads\/2023\/06\/Fz50LXgWwAYuOfs.jpg","type":"image\/jpeg"}],"author":"Jorge Matheus","twitter_card":"summary_large_image","twitter_creator":"@infoecos","twitter_site":"@infoecos","twitter_misc":{"Escrito por":"Jorge Matheus","Tiempo de lectura":"2 minutos"},"schema":{"@context":"https:\/\/schema.org","@graph":[{"@type":"Article","@id":"https:\/\/infoecos.com.ar\/index.php\/otra-del-gobernador-en-donde-actua-como-vidal-a-la-que-no-se-parece-ni-el-blanco-del-ojo\/#article","isPartOf":{"@id":"https:\/\/infoecos.com.ar\/index.php\/otra-del-gobernador-en-donde-actua-como-vidal-a-la-que-no-se-parece-ni-el-blanco-del-ojo\/"},"author":{"name":"Jorge Matheus","@id":"https:\/\/infoecos.com.ar\/#\/schema\/person\/8f5ace5ce73b4b4aac4b7245aee6f191"},"headline":"Otra del gobernador en donde act\u00faa como Vidal, a la que no se parece ni en el blanco del ojo","datePublished":"2023-07-01T00:48:05+00:00","dateModified":"2023-07-02T11:18:41+00:00","mainEntityOfPage":{"@id":"https:\/\/infoecos.com.ar\/index.php\/otra-del-gobernador-en-donde-actua-como-vidal-a-la-que-no-se-parece-ni-el-blanco-del-ojo\/"},"wordCount":299,"publisher":{"@id":"https:\/\/infoecos.com.ar\/#organization"},"image":{"@id":"https:\/\/infoecos.com.ar\/index.php\/otra-del-gobernador-en-donde-actua-como-vidal-a-la-que-no-se-parece-ni-el-blanco-del-ojo\/#primaryimage"},"thumbnailUrl":"https:\/\/infoecos.com.ar\/wp-content\/uploads\/2023\/06\/Fz50LXgWwAYuOfs.jpg","keywords":["GOBIERNO BA Y ELECCIONES 2023"],"articleSection":["Bloque inferior - 2"],"inLanguage":"es"},{"@type":"WebPage","@id":"https:\/\/infoecos.com.ar\/index.php\/otra-del-gobernador-en-donde-actua-como-vidal-a-la-que-no-se-parece-ni-el-blanco-del-ojo\/","url":"https:\/\/infoecos.com.ar\/index.php\/otra-del-gobernador-en-donde-actua-como-vidal-a-la-que-no-se-parece-ni-el-blanco-del-ojo\/","name":"Otra del gobernador en donde act\u00faa como Vidal, a la que no se parece ni en el blanco del ojo - Infoecos","isPartOf":{"@id":"https:\/\/infoecos.com.ar\/#website"},"primaryImageOfPage":{"@id":"https:\/\/infoecos.com.ar\/index.php\/otra-del-gobernador-en-donde-actua-como-vidal-a-la-que-no-se-parece-ni-el-blanco-del-ojo\/#primaryimage"},"image":{"@id":"https:\/\/infoecos.com.ar\/index.php\/otra-del-gobernador-en-donde-actua-como-vidal-a-la-que-no-se-parece-ni-el-blanco-del-ojo\/#primaryimage"},"thumbnailUrl":"https:\/\/infoecos.com.ar\/wp-content\/uploads\/2023\/06\/Fz50LXgWwAYuOfs.jpg","datePublished":"2023-07-01T00:48:05+00:00","dateModified":"2023-07-02T11:18:41+00:00","breadcrumb":{"@id":"https:\/\/infoecos.com.ar\/index.php\/otra-del-gobernador-en-donde-actua-como-vidal-a-la-que-no-se-parece-ni-el-blanco-del-ojo\/#breadcrumb"},"inLanguage":"es","potentialAction":[{"@type":"ReadAction","target":["https:\/\/infoecos.com.ar\/index.php\/otra-del-gobernador-en-donde-actua-como-vidal-a-la-que-no-se-parece-ni-el-blanco-del-ojo\/"]}]},{"@type":"ImageObject","inLanguage":"es","@id":"https:\/\/infoecos.com.ar\/index.php\/otra-del-gobernador-en-donde-actua-como-vidal-a-la-que-no-se-parece-ni-el-blanco-del-ojo\/#primaryimage","url":"https:\/\/infoecos.com.ar\/wp-content\/uploads\/2023\/06\/Fz50LXgWwAYuOfs.jpg","contentUrl":"https:\/\/infoecos.com.ar\/wp-content\/uploads\/2023\/06\/Fz50LXgWwAYuOfs.jpg","width":680,"height":453},{"@type":"BreadcrumbList","@id":"https:\/\/infoecos.com.ar\/index.php\/otra-del-gobernador-en-donde-actua-como-vidal-a-la-que-no-se-parece-ni-el-blanco-del-ojo\/#breadcrumb","itemListElement":[{"@type":"ListItem","position":1,"name":"Portada","item":"https:\/\/infoecos.com.ar\/"},{"@type":"ListItem","position":2,"name":"Otra del gobernador en donde act\u00faa como Vidal, a la que no se parece ni en el blanco del ojo"}]},{"@type":"WebSite","@id":"https:\/\/infoecos.com.ar\/#website","url":"https:\/\/infoecos.com.ar\/","name":"Infoecos","description":"Noticias de trenque lauquen y la zona","publisher":{"@id":"https:\/\/infoecos.com.ar\/#organization"},"alternateName":"Noticias","potentialAction":[{"@type":"SearchAction","target":{"@type":"EntryPoint","urlTemplate":"https:\/\/infoecos.com.ar\/?s={search_term_string}"},"query-input":{"@type":"PropertyValueSpecification","valueRequired":true,"valueName":"search_term_string"}}],"inLanguage":"es"},{"@type":"Organization","@id":"https:\/\/infoecos.com.ar\/#organization","name":"Infoecos","alternateName":"Noticias","url":"https:\/\/infoecos.com.ar\/","logo":{"@type":"ImageObject","inLanguage":"es","@id":"https:\/\/infoecos.com.ar\/#\/schema\/logo\/image\/","url":"https:\/\/infoecos.com.ar\/wp-content\/uploads\/2024\/03\/cropped-logo.png","contentUrl":"https:\/\/infoecos.com.ar\/wp-content\/uploads\/2024\/03\/cropped-logo.png","width":374,"height":90,"caption":"Infoecos"},"image":{"@id":"https:\/\/infoecos.com.ar\/#\/schema\/logo\/image\/"},"sameAs":["https:\/\/www.facebook.com\/profile.php?id=100063200290284","https:\/\/x.com\/infoecos"]},{"@type":"Person","@id":"https:\/\/infoecos.com.ar\/#\/schema\/person\/8f5ace5ce73b4b4aac4b7245aee6f191","name":"Jorge Matheus","url":"https:\/\/infoecos.com.ar\/index.php\/author\/jomatheus\/"}]}},"featured_image_urls":{"full":["https:\/\/infoecos.com.ar\/wp-content\/uploads\/2023\/06\/Fz50LXgWwAYuOfs.jpg",680,453,false],"thumbnail":["https:\/\/infoecos.com.ar\/wp-content\/uploads\/2023\/06\/Fz50LXgWwAYuOfs-300x150.jpg",300,150,true],"medium":["https:\/\/infoecos.com.ar\/wp-content\/uploads\/2023\/06\/Fz50LXgWwAYuOfs.jpg",680,453,false],"medium_large":["https:\/\/infoecos.com.ar\/wp-content\/uploads\/2023\/06\/Fz50LXgWwAYuOfs.jpg",640,426,false],"large":["https:\/\/infoecos.com.ar\/wp-content\/uploads\/2023\/06\/Fz50LXgWwAYuOfs.jpg",640,426,false],"1536x1536":["https:\/\/infoecos.com.ar\/wp-content\/uploads\/2023\/06\/Fz50LXgWwAYuOfs.jpg",680,453,false],"2048x2048":["https:\/\/infoecos.com.ar\/wp-content\/uploads\/2023\/06\/Fz50LXgWwAYuOfs.jpg",680,453,false],"covernews-slider-full":["https:\/\/infoecos.com.ar\/wp-content\/uploads\/2023\/06\/Fz50LXgWwAYuOfs.jpg",680,453,false],"covernews-slider-center":["https:\/\/infoecos.com.ar\/wp-content\/uploads\/2023\/06\/Fz50LXgWwAYuOfs.jpg",680,453,false],"covernews-featured":["https:\/\/infoecos.com.ar\/wp-content\/uploads\/2023\/06\/Fz50LXgWwAYuOfs.jpg",680,453,false],"covernews-medium":["https:\/\/infoecos.com.ar\/wp-content\/uploads\/2023\/06\/Fz50LXgWwAYuOfs-680x380.jpg",540,302,true],"covernews-medium-square":["https:\/\/infoecos.com.ar\/wp-content\/uploads\/2023\/06\/Fz50LXgWwAYuOfs-675x450.jpg",375,250,true]},"author_info":{"info":["Jorge Matheus"]},"category_info":"<a href=\"https:\/\/infoecos.com.ar\/index.php\/category\/inferior2\/\" rel=\"category tag\">Bloque inferior - 2<\/a>","tag_info":"Bloque inferior - 2","comment_count":"0","_links":{"self":[{"href":"https:\/\/infoecos.com.ar\/index.php\/wp-json\/wp\/v2\/posts\/106513"}],"collection":[{"href":"https:\/\/infoecos.com.ar\/index.php\/wp-json\/wp\/v2\/posts"}],"about":[{"href":"https:\/\/infoecos.com.ar\/index.php\/wp-json\/wp\/v2\/types\/post"}],"author":[{"embeddable":true,"href":"https:\/\/infoecos.com.ar\/index.php\/wp-json\/wp\/v2\/users\/2"}],"replies":[{"embeddable":true,"href":"https:\/\/infoecos.com.ar\/index.php\/wp-json\/wp\/v2\/comments?post=106513"}],"version-history":[{"count":3,"href":"https:\/\/infoecos.com.ar\/index.php\/wp-json\/wp\/v2\/posts\/106513\/revisions"}],"predecessor-version":[{"id":106574,"href":"https:\/\/infoecos.com.ar\/index.php\/wp-json\/wp\/v2\/posts\/106513\/revisions\/106574"}],"wp:featuredmedia":[{"embeddable":true,"href":"https:\/\/infoecos.com.ar\/index.php\/wp-json\/wp\/v2\/media\/106514"}],"wp:attachment":[{"href":"https:\/\/infoecos.com.ar\/index.php\/wp-json\/wp\/v2\/media?parent=106513"}],"wp:term":[{"taxonomy":"category","embeddable":true,"href":"https:\/\/infoecos.com.ar\/index.php\/wp-json\/wp\/v2\/categories?post=106513"},{"taxonomy":"post_tag","embeddable":true,"href":"https:\/\/infoecos.com.ar\/index.php\/wp-json\/wp\/v2\/tags?post=106513"}],"curies":[{"name":"wp","href":"https:\/\/api.w.org\/{rel}","templated":true}]}}