{"id":106597,"date":"2023-07-02T09:04:54","date_gmt":"2023-07-02T12:04:54","guid":{"rendered":"https:\/\/infoecos.com.ar\/?p=106597"},"modified":"2023-07-09T03:32:02","modified_gmt":"2023-07-09T06:32:02","slug":"julio-y-mas-golpes-al-bolsillo-con-aumentos-ya-fijados","status":"publish","type":"post","link":"https:\/\/infoecos.com.ar\/index.php\/julio-y-mas-golpes-al-bolsillo-con-aumentos-ya-fijados\/","title":{"rendered":"Los golpes al bolsillo en este mes de Julio, con aumentos ya fijados"},"content":{"rendered":"\n<p>Julio comienza con una serie de aumentos ya fijados, entre los que sobresalen las cuotas de colegios privados con subvenci\u00f3n estatal de Capital Federal (15,6%) y las de las prepagas (8,49%).<\/p>\n\n\n\n<figure class=\"wp-block-image alignright size-full is-resized\"><img loading=\"lazy\" decoding=\"async\" src=\"https:\/\/infoecos.com.ar\/wp-content\/uploads\/2023\/07\/image-9.png\" alt=\"\" class=\"wp-image-106598\" width=\"380\" height=\"253\"\/><figcaption class=\"wp-element-caption\">Dinero argentino<\/figcaption><\/figure>\n\n\n\n<p>A continuaci\u00f3n, los principales aumentos que rigen a partir de julio.<\/p>\n\n\n\n<p><strong>&#8211; Combustibles.<\/strong>&nbsp;En julio est\u00e1 previsto otro aumento mensual del 4,5%, despu\u00e9s del cruce que hubo entre las petroleras y el Gobierno por el retraso en los precios.<\/p>\n\n\n\n<p>Seg\u00fan las compa\u00f1\u00edas, a mayo, sus valores hab\u00edan subido en promedio un 30% por el acuerdo de Precios Justos, mientras que la inflaci\u00f3n acumulada en igual per\u00edodo fue del 50%. De acuerdo con esto, exig\u00edan poder aumentar m\u00e1s del 6% mensual (ven\u00edan con una pauta del 4%).<\/p>\n\n\n\n<p>Sin embargo, finalmente, en el Palacio de Hacienda dijeron que el ministro Sergio Massa hab\u00eda cruzado a las petroleras y les hab\u00eda dicho que no pod\u00edan aumentar m\u00e1s del 4,5%.<\/p>\n\n\n\n<p>La \u00faltima palabra la tuvo el viernes 16 de junio por la noche YPF, que es la l\u00edder del mercado, responsable del 55% de los despachos de nafta y gasoil.<\/p>\n\n\n\n<p>\u00abA partir de las 0 horas del d\u00eda s\u00e1bado 17 de junio aumentar\u00e1n los precios de los combustibles $11 por litro promedio pa\u00eds, que representa un 4,5%. Este ajuste contribuye a compensar la variaci\u00f3n del tipo de cambio oficial, las diferencias en los costos log\u00edsticos y de operaci\u00f3n, el achicamiento de la brecha entre grados de combustible y el aumento de precios de biocombustibles\u00bb, anunciaron en YPF. Despu\u00e9s, Shell se pleg\u00f3 a la misma suba, seg\u00fan confirmaron fuentes del sector a este medio.<\/p>\n\n\n\n<p><strong>&#8211; Internet, cable y telefon\u00eda.<\/strong>&nbsp;Si bien la mayor\u00eda de las empresas del sector tiene medidas cautelares contra el decreto 690\/2020, que posibilita que el Gobierno establezca los precios de los servicios, y siguen decidiendo sus valores, el Ente Nacional de Comunicaciones solo autoriz\u00f3 incrementos del 4,5% mensual por lo que resta del a\u00f1o.<\/p>\n\n\n\n<p><strong>&#8211; Prepagas.&nbsp;<\/strong>Las prepagas aumentar\u00e1n un 8,49% en el mes que comienza. El porcentaje de aumento de las cuotas se define, desde mediados de 2022, seg\u00fan la variaci\u00f3n del \u00edndice de costos de salud, elaborado y publicado por la Superintendencia de Servicios de Salud.<\/p>\n\n\n\n<p>Con vigencia desde febrero de este a\u00f1o, rige un esquema de reajustes mensuales por el cual, si no se supera un determinado nivel de ingresos, se puede pedir la aplicaci\u00f3n de un tope al porcentaje del incremento.<\/p>\n\n\n\n<p>Ese techo equivale al 90% de la variaci\u00f3n mensual de la Remuneraci\u00f3n Imponible Promedio de los Trabajadores Estables (Ripte).<\/p>\n\n\n\n<p>En el caso del s\u00e9ptimo mes de este a\u00f1o, al igual que ocurri\u00f3 con las cuotas del actual junio, todos los planes tendr\u00e1n el mismo porcentaje de reajuste.<\/p>\n\n\n\n<p>Esto ser\u00e1 as\u00ed porque el 90% del mencionado indicador de salarios es, esta vez, un n\u00famero superior al del \u00edndice de costos de salud.<\/p>\n\n\n\n<p>Concretamente, el Ripte avanz\u00f3 un 9,76% en marzo (el per\u00edodo de referencia que se toma para esa variable, en particular para definir las cuotas de julio); por tanto, el 90% equivale a 8,78%, un porcentaje apenas por encima del 8,49% que dio el \u00edndice de costos de salud.<\/p>\n\n\n\n<p><strong>&#8211; Alquileres.&nbsp;<\/strong>La ley de Alquileres establece ajustes anuales que contemplan en partes iguales la inflaci\u00f3n que mide el Indec y la variaci\u00f3n de los salarios, que se publica a trav\u00e9s de la remuneraci\u00f3n imponible promedio de los trabajadores estables (Ripte).<\/p>\n\n\n\n<p>Por lo tanto, para quienes firmaron un contrato de alquiler en julio de 2022, el aumento deber\u00eda ser alrededor de 104%, por debajo de la inflaci\u00f3n interanual esperada.<\/p>\n\n\n\n<p><strong>&#8211; Colegios privados.&nbsp;<\/strong>Los colegios privados, que cuentan con una subvenci\u00f3n del Estado, aumentar\u00e1n en julio un 4% en el caso de las instituciones que se encuentran en la provincia de Buenos Aires y 15,6% en ciudad de Buenos Aires.<\/p>\n\n\n\n<p><strong>&#8211; Transporte p\u00fablico.&nbsp;<\/strong>El boleto de los colectivos y trenes bajo jurisdicci\u00f3n nacional subir\u00e1 7,8% desde julio, ya que a partir de marzo pasado se determin\u00f3 que el transporte p\u00fablico se actualice todos los meses, tomando de referencia la variaci\u00f3n del \u00faltimo \u00edndice de precios en el AMBA.<\/p>\n\n\n\n<p>De esta manera, el pasaje de colectivo en el AMBA pasar\u00e1 a costar $50,06, para el tramo m\u00ednimo, de 0 a 3 km; $55,77, de 3 a 6 km; $60,06, de 6 a 12 km; $64,36, de 12 a 27 km, y $68,63, de 27 a 45 km.<\/p>\n\n\n\n<p>Por otro lado, el boleto de las l\u00edneas de trenes Mitre, de la Costa, Sarmiento y San Mart\u00edn pasar\u00e1 de un m\u00ednimo de $31,46 a un m\u00e1ximo de $50,05; mientras que el de las l\u00edneas Roca, Belgrano Sur, Urquiza y Belgrano Norte subir\u00e1 a un m\u00ednimo de $24,31 y a un m\u00e1ximo de $38,61.<\/p>\n","protected":false},"excerpt":{"rendered":"<p>Combustibles, Internet, Prepagas, Alquileres, Cable, Transporte P\u00fablico, Colegios Privados<\/p>\n","protected":false},"author":2,"featured_media":106598,"comment_status":"closed","ping_status":"open","sticky":false,"template":"","format":"standard","meta":{"footnotes":""},"categories":[43],"tags":[516],"class_list":["post-106597","post","type-post","status-publish","format-standard","has-post-thumbnail","hentry","category-inferior4","tag-economia-nacional"],"yoast_head":"<!-- This site is optimized with the Yoast SEO plugin v23.4 - https:\/\/yoast.com\/wordpress\/plugins\/seo\/ -->\n<title>Los golpes al bolsillo en este mes de Julio, con aumentos ya fijados - Infoecos<\/title>\n<meta name=\"robots\" content=\"index, follow, max-snippet:-1, max-image-preview:large, max-video-preview:-1\" \/>\n<link rel=\"canonical\" href=\"https:\/\/infoecos.com.ar\/index.php\/julio-y-mas-golpes-al-bolsillo-con-aumentos-ya-fijados\/\" \/>\n<meta property=\"og:locale\" content=\"es_ES\" \/>\n<meta property=\"og:type\" content=\"article\" \/>\n<meta property=\"og:title\" content=\"Los golpes al bolsillo en este mes de Julio, con aumentos ya fijados - Infoecos\" \/>\n<meta property=\"og:description\" content=\"Combustibles, Internet, Prepagas, Alquileres, Cable, Transporte P\u00fablico, Colegios Privados\" \/>\n<meta property=\"og:url\" content=\"https:\/\/infoecos.com.ar\/index.php\/julio-y-mas-golpes-al-bolsillo-con-aumentos-ya-fijados\/\" \/>\n<meta property=\"og:site_name\" content=\"Infoecos\" \/>\n<meta property=\"article:publisher\" content=\"https:\/\/www.facebook.com\/profile.php?id=100063200290284\" \/>\n<meta property=\"article:published_time\" content=\"2023-07-02T12:04:54+00:00\" \/>\n<meta property=\"article:modified_time\" content=\"2023-07-09T06:32:02+00:00\" \/>\n<meta property=\"og:image\" content=\"https:\/\/infoecos.com.ar\/wp-content\/uploads\/2023\/07\/image-9.png\" \/>\n\t<meta property=\"og:image:width\" content=\"612\" \/>\n\t<meta property=\"og:image:height\" content=\"408\" \/>\n\t<meta property=\"og:image:type\" content=\"image\/png\" \/>\n<meta name=\"author\" content=\"Jorge Matheus\" \/>\n<meta name=\"twitter:card\" content=\"summary_large_image\" \/>\n<meta name=\"twitter:creator\" content=\"@infoecos\" \/>\n<meta name=\"twitter:site\" content=\"@infoecos\" \/>\n<meta name=\"twitter:label1\" content=\"Escrito por\" \/>\n\t<meta name=\"twitter:data1\" content=\"Jorge Matheus\" \/>\n\t<meta name=\"twitter:label2\" content=\"Tiempo de lectura\" \/>\n\t<meta name=\"twitter:data2\" content=\"4 minutos\" \/>\n<script type=\"application\/ld+json\" class=\"yoast-schema-graph\">{\"@context\":\"https:\/\/schema.org\",\"@graph\":[{\"@type\":\"Article\",\"@id\":\"https:\/\/infoecos.com.ar\/index.php\/julio-y-mas-golpes-al-bolsillo-con-aumentos-ya-fijados\/#article\",\"isPartOf\":{\"@id\":\"https:\/\/infoecos.com.ar\/index.php\/julio-y-mas-golpes-al-bolsillo-con-aumentos-ya-fijados\/\"},\"author\":{\"name\":\"Jorge Matheus\",\"@id\":\"https:\/\/infoecos.com.ar\/#\/schema\/person\/8f5ace5ce73b4b4aac4b7245aee6f191\"},\"headline\":\"Los golpes al bolsillo en este mes de Julio, con aumentos ya fijados\",\"datePublished\":\"2023-07-02T12:04:54+00:00\",\"dateModified\":\"2023-07-09T06:32:02+00:00\",\"mainEntityOfPage\":{\"@id\":\"https:\/\/infoecos.com.ar\/index.php\/julio-y-mas-golpes-al-bolsillo-con-aumentos-ya-fijados\/\"},\"wordCount\":806,\"publisher\":{\"@id\":\"https:\/\/infoecos.com.ar\/#organization\"},\"image\":{\"@id\":\"https:\/\/infoecos.com.ar\/index.php\/julio-y-mas-golpes-al-bolsillo-con-aumentos-ya-fijados\/#primaryimage\"},\"thumbnailUrl\":\"https:\/\/infoecos.com.ar\/wp-content\/uploads\/2023\/07\/image-9.png\",\"keywords\":[\"ECONOM\u00cdA NACIONAL\"],\"articleSection\":[\"Bloque inferior - 4\"],\"inLanguage\":\"es\"},{\"@type\":\"WebPage\",\"@id\":\"https:\/\/infoecos.com.ar\/index.php\/julio-y-mas-golpes-al-bolsillo-con-aumentos-ya-fijados\/\",\"url\":\"https:\/\/infoecos.com.ar\/index.php\/julio-y-mas-golpes-al-bolsillo-con-aumentos-ya-fijados\/\",\"name\":\"Los golpes al bolsillo en este mes de Julio, con aumentos ya fijados - Infoecos\",\"isPartOf\":{\"@id\":\"https:\/\/infoecos.com.ar\/#website\"},\"primaryImageOfPage\":{\"@id\":\"https:\/\/infoecos.com.ar\/index.php\/julio-y-mas-golpes-al-bolsillo-con-aumentos-ya-fijados\/#primaryimage\"},\"image\":{\"@id\":\"https:\/\/infoecos.com.ar\/index.php\/julio-y-mas-golpes-al-bolsillo-con-aumentos-ya-fijados\/#primaryimage\"},\"thumbnailUrl\":\"https:\/\/infoecos.com.ar\/wp-content\/uploads\/2023\/07\/image-9.png\",\"datePublished\":\"2023-07-02T12:04:54+00:00\",\"dateModified\":\"2023-07-09T06:32:02+00:00\",\"breadcrumb\":{\"@id\":\"https:\/\/infoecos.com.ar\/index.php\/julio-y-mas-golpes-al-bolsillo-con-aumentos-ya-fijados\/#breadcrumb\"},\"inLanguage\":\"es\",\"potentialAction\":[{\"@type\":\"ReadAction\",\"target\":[\"https:\/\/infoecos.com.ar\/index.php\/julio-y-mas-golpes-al-bolsillo-con-aumentos-ya-fijados\/\"]}]},{\"@type\":\"ImageObject\",\"inLanguage\":\"es\",\"@id\":\"https:\/\/infoecos.com.ar\/index.php\/julio-y-mas-golpes-al-bolsillo-con-aumentos-ya-fijados\/#primaryimage\",\"url\":\"https:\/\/infoecos.com.ar\/wp-content\/uploads\/2023\/07\/image-9.png\",\"contentUrl\":\"https:\/\/infoecos.com.ar\/wp-content\/uploads\/2023\/07\/image-9.png\",\"width\":612,\"height\":408},{\"@type\":\"BreadcrumbList\",\"@id\":\"https:\/\/infoecos.com.ar\/index.php\/julio-y-mas-golpes-al-bolsillo-con-aumentos-ya-fijados\/#breadcrumb\",\"itemListElement\":[{\"@type\":\"ListItem\",\"position\":1,\"name\":\"Portada\",\"item\":\"https:\/\/infoecos.com.ar\/\"},{\"@type\":\"ListItem\",\"position\":2,\"name\":\"Los golpes al bolsillo en este mes de Julio, con aumentos ya fijados\"}]},{\"@type\":\"WebSite\",\"@id\":\"https:\/\/infoecos.com.ar\/#website\",\"url\":\"https:\/\/infoecos.com.ar\/\",\"name\":\"Infoecos\",\"description\":\"Noticias de trenque lauquen y la zona\",\"publisher\":{\"@id\":\"https:\/\/infoecos.com.ar\/#organization\"},\"alternateName\":\"Noticias\",\"potentialAction\":[{\"@type\":\"SearchAction\",\"target\":{\"@type\":\"EntryPoint\",\"urlTemplate\":\"https:\/\/infoecos.com.ar\/?s={search_term_string}\"},\"query-input\":{\"@type\":\"PropertyValueSpecification\",\"valueRequired\":true,\"valueName\":\"search_term_string\"}}],\"inLanguage\":\"es\"},{\"@type\":\"Organization\",\"@id\":\"https:\/\/infoecos.com.ar\/#organization\",\"name\":\"Infoecos\",\"alternateName\":\"Noticias\",\"url\":\"https:\/\/infoecos.com.ar\/\",\"logo\":{\"@type\":\"ImageObject\",\"inLanguage\":\"es\",\"@id\":\"https:\/\/infoecos.com.ar\/#\/schema\/logo\/image\/\",\"url\":\"https:\/\/infoecos.com.ar\/wp-content\/uploads\/2024\/03\/cropped-logo.png\",\"contentUrl\":\"https:\/\/infoecos.com.ar\/wp-content\/uploads\/2024\/03\/cropped-logo.png\",\"width\":374,\"height\":90,\"caption\":\"Infoecos\"},\"image\":{\"@id\":\"https:\/\/infoecos.com.ar\/#\/schema\/logo\/image\/\"},\"sameAs\":[\"https:\/\/www.facebook.com\/profile.php?id=100063200290284\",\"https:\/\/x.com\/infoecos\"]},{\"@type\":\"Person\",\"@id\":\"https:\/\/infoecos.com.ar\/#\/schema\/person\/8f5ace5ce73b4b4aac4b7245aee6f191\",\"name\":\"Jorge Matheus\",\"url\":\"https:\/\/infoecos.com.ar\/index.php\/author\/jomatheus\/\"}]}<\/script>\n<!-- \/ Yoast SEO plugin. -->","yoast_head_json":{"title":"Los golpes al bolsillo en este mes de Julio, con aumentos ya fijados - Infoecos","robots":{"index":"index","follow":"follow","max-snippet":"max-snippet:-1","max-image-preview":"max-image-preview:large","max-video-preview":"max-video-preview:-1"},"canonical":"https:\/\/infoecos.com.ar\/index.php\/julio-y-mas-golpes-al-bolsillo-con-aumentos-ya-fijados\/","og_locale":"es_ES","og_type":"article","og_title":"Los golpes al bolsillo en este mes de Julio, con aumentos ya fijados - Infoecos","og_description":"Combustibles, Internet, Prepagas, Alquileres, Cable, Transporte P\u00fablico, Colegios Privados","og_url":"https:\/\/infoecos.com.ar\/index.php\/julio-y-mas-golpes-al-bolsillo-con-aumentos-ya-fijados\/","og_site_name":"Infoecos","article_publisher":"https:\/\/www.facebook.com\/profile.php?id=100063200290284","article_published_time":"2023-07-02T12:04:54+00:00","article_modified_time":"2023-07-09T06:32:02+00:00","og_image":[{"width":612,"height":408,"url":"https:\/\/infoecos.com.ar\/wp-content\/uploads\/2023\/07\/image-9.png","type":"image\/png"}],"author":"Jorge Matheus","twitter_card":"summary_large_image","twitter_creator":"@infoecos","twitter_site":"@infoecos","twitter_misc":{"Escrito por":"Jorge Matheus","Tiempo de lectura":"4 minutos"},"schema":{"@context":"https:\/\/schema.org","@graph":[{"@type":"Article","@id":"https:\/\/infoecos.com.ar\/index.php\/julio-y-mas-golpes-al-bolsillo-con-aumentos-ya-fijados\/#article","isPartOf":{"@id":"https:\/\/infoecos.com.ar\/index.php\/julio-y-mas-golpes-al-bolsillo-con-aumentos-ya-fijados\/"},"author":{"name":"Jorge Matheus","@id":"https:\/\/infoecos.com.ar\/#\/schema\/person\/8f5ace5ce73b4b4aac4b7245aee6f191"},"headline":"Los golpes al bolsillo en este mes de Julio, con aumentos ya fijados","datePublished":"2023-07-02T12:04:54+00:00","dateModified":"2023-07-09T06:32:02+00:00","mainEntityOfPage":{"@id":"https:\/\/infoecos.com.ar\/index.php\/julio-y-mas-golpes-al-bolsillo-con-aumentos-ya-fijados\/"},"wordCount":806,"publisher":{"@id":"https:\/\/infoecos.com.ar\/#organization"},"image":{"@id":"https:\/\/infoecos.com.ar\/index.php\/julio-y-mas-golpes-al-bolsillo-con-aumentos-ya-fijados\/#primaryimage"},"thumbnailUrl":"https:\/\/infoecos.com.ar\/wp-content\/uploads\/2023\/07\/image-9.png","keywords":["ECONOM\u00cdA NACIONAL"],"articleSection":["Bloque inferior - 4"],"inLanguage":"es"},{"@type":"WebPage","@id":"https:\/\/infoecos.com.ar\/index.php\/julio-y-mas-golpes-al-bolsillo-con-aumentos-ya-fijados\/","url":"https:\/\/infoecos.com.ar\/index.php\/julio-y-mas-golpes-al-bolsillo-con-aumentos-ya-fijados\/","name":"Los golpes al bolsillo en este mes de Julio, con aumentos ya fijados - Infoecos","isPartOf":{"@id":"https:\/\/infoecos.com.ar\/#website"},"primaryImageOfPage":{"@id":"https:\/\/infoecos.com.ar\/index.php\/julio-y-mas-golpes-al-bolsillo-con-aumentos-ya-fijados\/#primaryimage"},"image":{"@id":"https:\/\/infoecos.com.ar\/index.php\/julio-y-mas-golpes-al-bolsillo-con-aumentos-ya-fijados\/#primaryimage"},"thumbnailUrl":"https:\/\/infoecos.com.ar\/wp-content\/uploads\/2023\/07\/image-9.png","datePublished":"2023-07-02T12:04:54+00:00","dateModified":"2023-07-09T06:32:02+00:00","breadcrumb":{"@id":"https:\/\/infoecos.com.ar\/index.php\/julio-y-mas-golpes-al-bolsillo-con-aumentos-ya-fijados\/#breadcrumb"},"inLanguage":"es","potentialAction":[{"@type":"ReadAction","target":["https:\/\/infoecos.com.ar\/index.php\/julio-y-mas-golpes-al-bolsillo-con-aumentos-ya-fijados\/"]}]},{"@type":"ImageObject","inLanguage":"es","@id":"https:\/\/infoecos.com.ar\/index.php\/julio-y-mas-golpes-al-bolsillo-con-aumentos-ya-fijados\/#primaryimage","url":"https:\/\/infoecos.com.ar\/wp-content\/uploads\/2023\/07\/image-9.png","contentUrl":"https:\/\/infoecos.com.ar\/wp-content\/uploads\/2023\/07\/image-9.png","width":612,"height":408},{"@type":"BreadcrumbList","@id":"https:\/\/infoecos.com.ar\/index.php\/julio-y-mas-golpes-al-bolsillo-con-aumentos-ya-fijados\/#breadcrumb","itemListElement":[{"@type":"ListItem","position":1,"name":"Portada","item":"https:\/\/infoecos.com.ar\/"},{"@type":"ListItem","position":2,"name":"Los golpes al bolsillo en este mes de Julio, con aumentos ya fijados"}]},{"@type":"WebSite","@id":"https:\/\/infoecos.com.ar\/#website","url":"https:\/\/infoecos.com.ar\/","name":"Infoecos","description":"Noticias de trenque lauquen y la zona","publisher":{"@id":"https:\/\/infoecos.com.ar\/#organization"},"alternateName":"Noticias","potentialAction":[{"@type":"SearchAction","target":{"@type":"EntryPoint","urlTemplate":"https:\/\/infoecos.com.ar\/?s={search_term_string}"},"query-input":{"@type":"PropertyValueSpecification","valueRequired":true,"valueName":"search_term_string"}}],"inLanguage":"es"},{"@type":"Organization","@id":"https:\/\/infoecos.com.ar\/#organization","name":"Infoecos","alternateName":"Noticias","url":"https:\/\/infoecos.com.ar\/","logo":{"@type":"ImageObject","inLanguage":"es","@id":"https:\/\/infoecos.com.ar\/#\/schema\/logo\/image\/","url":"https:\/\/infoecos.com.ar\/wp-content\/uploads\/2024\/03\/cropped-logo.png","contentUrl":"https:\/\/infoecos.com.ar\/wp-content\/uploads\/2024\/03\/cropped-logo.png","width":374,"height":90,"caption":"Infoecos"},"image":{"@id":"https:\/\/infoecos.com.ar\/#\/schema\/logo\/image\/"},"sameAs":["https:\/\/www.facebook.com\/profile.php?id=100063200290284","https:\/\/x.com\/infoecos"]},{"@type":"Person","@id":"https:\/\/infoecos.com.ar\/#\/schema\/person\/8f5ace5ce73b4b4aac4b7245aee6f191","name":"Jorge Matheus","url":"https:\/\/infoecos.com.ar\/index.php\/author\/jomatheus\/"}]}},"featured_image_urls":{"full":["https:\/\/infoecos.com.ar\/wp-content\/uploads\/2023\/07\/image-9.png",612,408,false],"thumbnail":["https:\/\/infoecos.com.ar\/wp-content\/uploads\/2023\/07\/image-9-300x150.png",300,150,true],"medium":["https:\/\/infoecos.com.ar\/wp-content\/uploads\/2023\/07\/image-9.png",612,408,false],"medium_large":["https:\/\/infoecos.com.ar\/wp-content\/uploads\/2023\/07\/image-9.png",612,408,false],"large":["https:\/\/infoecos.com.ar\/wp-content\/uploads\/2023\/07\/image-9.png",612,408,false],"1536x1536":["https:\/\/infoecos.com.ar\/wp-content\/uploads\/2023\/07\/image-9.png",612,408,false],"2048x2048":["https:\/\/infoecos.com.ar\/wp-content\/uploads\/2023\/07\/image-9.png",612,408,false],"covernews-slider-full":["https:\/\/infoecos.com.ar\/wp-content\/uploads\/2023\/07\/image-9.png",612,408,false],"covernews-slider-center":["https:\/\/infoecos.com.ar\/wp-content\/uploads\/2023\/07\/image-9.png",612,408,false],"covernews-featured":["https:\/\/infoecos.com.ar\/wp-content\/uploads\/2023\/07\/image-9.png",612,408,false],"covernews-medium":["https:\/\/infoecos.com.ar\/wp-content\/uploads\/2023\/07\/image-9-612x380.png",540,335,true],"covernews-medium-square":["https:\/\/infoecos.com.ar\/wp-content\/uploads\/2023\/07\/image-9.png",375,250,false]},"author_info":{"info":["Jorge Matheus"]},"category_info":"<a href=\"https:\/\/infoecos.com.ar\/index.php\/category\/inferior4\/\" rel=\"category tag\">Bloque inferior - 4<\/a>","tag_info":"Bloque inferior - 4","comment_count":"0","_links":{"self":[{"href":"https:\/\/infoecos.com.ar\/index.php\/wp-json\/wp\/v2\/posts\/106597"}],"collection":[{"href":"https:\/\/infoecos.com.ar\/index.php\/wp-json\/wp\/v2\/posts"}],"about":[{"href":"https:\/\/infoecos.com.ar\/index.php\/wp-json\/wp\/v2\/types\/post"}],"author":[{"embeddable":true,"href":"https:\/\/infoecos.com.ar\/index.php\/wp-json\/wp\/v2\/users\/2"}],"replies":[{"embeddable":true,"href":"https:\/\/infoecos.com.ar\/index.php\/wp-json\/wp\/v2\/comments?post=106597"}],"version-history":[{"count":2,"href":"https:\/\/infoecos.com.ar\/index.php\/wp-json\/wp\/v2\/posts\/106597\/revisions"}],"predecessor-version":[{"id":106731,"href":"https:\/\/infoecos.com.ar\/index.php\/wp-json\/wp\/v2\/posts\/106597\/revisions\/106731"}],"wp:featuredmedia":[{"embeddable":true,"href":"https:\/\/infoecos.com.ar\/index.php\/wp-json\/wp\/v2\/media\/106598"}],"wp:attachment":[{"href":"https:\/\/infoecos.com.ar\/index.php\/wp-json\/wp\/v2\/media?parent=106597"}],"wp:term":[{"taxonomy":"category","embeddable":true,"href":"https:\/\/infoecos.com.ar\/index.php\/wp-json\/wp\/v2\/categories?post=106597"},{"taxonomy":"post_tag","embeddable":true,"href":"https:\/\/infoecos.com.ar\/index.php\/wp-json\/wp\/v2\/tags?post=106597"}],"curies":[{"name":"wp","href":"https:\/\/api.w.org\/{rel}","templated":true}]}}