{"id":106617,"date":"2023-07-03T01:15:55","date_gmt":"2023-07-03T04:15:55","guid":{"rendered":"https:\/\/infoecos.com.ar\/?p=106617"},"modified":"2023-07-05T23:17:20","modified_gmt":"2023-07-06T02:17:20","slug":"a-una-medida-impopular-reaccion-del-gobierno-de-la-provincia-de-buenos-aires","status":"publish","type":"post","link":"https:\/\/infoecos.com.ar\/index.php\/a-una-medida-impopular-reaccion-del-gobierno-de-la-provincia-de-buenos-aires\/","title":{"rendered":"A una medida impopular, reacci\u00f3n del gobierno de la provincia de Buenos Aires"},"content":{"rendered":"\n<p>El Gobierno de la provincia de Buenos Aires que conduce Axel Kicillof, confirm\u00f3 mediante el Ministerio de Trabajo, que le descontar\u00e1 los d\u00edas a los docentes bonaerenses que se sumaron al paro de 48 horas convocado por la Lista Multicolor del Sindicato Unificado de Trabajadores de la Educaci\u00f3n de Buenos Aires (SUTEBA).<\/p>\n\n\n\n<figure class=\"wp-block-image aligncenter size-large is-resized\"><img loading=\"lazy\" decoding=\"async\" src=\"https:\/\/infoecos.com.ar\/wp-content\/uploads\/2022\/08\/Escuelas-aulas-vacias-1200x720-1-920x552.jpg\" alt=\"\" class=\"wp-image-96305\" width=\"533\" height=\"320\" srcset=\"https:\/\/infoecos.com.ar\/wp-content\/uploads\/2022\/08\/Escuelas-aulas-vacias-1200x720-1-920x552.jpg 920w, https:\/\/infoecos.com.ar\/wp-content\/uploads\/2022\/08\/Escuelas-aulas-vacias-1200x720-1-460x276.jpg 460w, https:\/\/infoecos.com.ar\/wp-content\/uploads\/2022\/08\/Escuelas-aulas-vacias-1200x720-1-768x461.jpg 768w, https:\/\/infoecos.com.ar\/wp-content\/uploads\/2022\/08\/Escuelas-aulas-vacias-1200x720-1-1024x614.jpg 1024w, https:\/\/infoecos.com.ar\/wp-content\/uploads\/2022\/08\/Escuelas-aulas-vacias-1200x720-1.jpg 1200w\" sizes=\"(max-width: 533px) 100vw, 533px\" \/><\/figure>\n\n\n\n<p>En este marco, el descuento que confirm\u00f3 el Gobierno de Kicillof, ser\u00e1 dirigido a los miles de docentes bonaerenses y auxiliares que se sumaron a la medida de fuerza en reclamo por el aumento de salario \u201cigual a la canasta familiar\u201d, en medio de una corrida cambiaria.<\/p>\n\n\n\n<p>Desde SUTEBA aseguraron que notificaron antes de hacer la protesta. \u201cNo deber\u00edan descontar el d\u00eda porque la huelga es un derecho\u201d, aseguraron.<\/p>\n\n\n\n<p>Por su lado, la cartera de Trabajo provincial contradijo a los docentes bonaerenses, que convocaron a la medida de fuerza de 48 horas desde hace una semana, y declar\u00f3 que no recibieron \u201cninguna notificaci\u00f3n de convocatoria al derecho a huelga\u201d por parte de \u201cninguna asociaci\u00f3n sindical con o sin personer\u00eda gremial de representaci\u00f3n docente\u201d.<\/p>\n\n\n\n<p>El Gobierno de Kicillof argument\u00f3 que los descuentos al salario de los docentes bonaerenses se deben a que las inasistencias son \u201csin justificaci\u00f3n\u201d.&nbsp;<\/p>\n\n\n\n<p>Fuente: infogei.com<\/p>\n","protected":false},"excerpt":{"rendered":"<p>A los docentes que se sumaron al paro de 48 horas convocado por la Lista Multicolor del Sindicato Unificado de Trabajadores de la Educaci\u00f3n de Buenos Aires (SUTEBA).<\/p>\n","protected":false},"author":2,"featured_media":96305,"comment_status":"closed","ping_status":"open","sticky":false,"template":"","format":"standard","meta":{"footnotes":""},"categories":[41],"tags":[8236],"class_list":["post-106617","post","type-post","status-publish","format-standard","has-post-thumbnail","hentry","category-inferior2","tag-descontaran-dia-no-trabajado"],"yoast_head":"<!-- This site is optimized with the Yoast SEO plugin v23.4 - https:\/\/yoast.com\/wordpress\/plugins\/seo\/ -->\n<title>A una medida impopular, reacci\u00f3n del gobierno de la provincia de Buenos Aires - Infoecos<\/title>\n<meta name=\"robots\" content=\"index, follow, max-snippet:-1, max-image-preview:large, max-video-preview:-1\" \/>\n<link rel=\"canonical\" href=\"https:\/\/infoecos.com.ar\/index.php\/a-una-medida-impopular-reaccion-del-gobierno-de-la-provincia-de-buenos-aires\/\" \/>\n<meta property=\"og:locale\" content=\"es_ES\" \/>\n<meta property=\"og:type\" content=\"article\" \/>\n<meta property=\"og:title\" content=\"A una medida impopular, reacci\u00f3n del gobierno de la provincia de Buenos Aires - Infoecos\" \/>\n<meta property=\"og:description\" content=\"A los docentes que se sumaron al paro de 48 horas convocado por la Lista Multicolor del Sindicato Unificado de Trabajadores de la Educaci\u00f3n de Buenos Aires (SUTEBA).\" \/>\n<meta property=\"og:url\" content=\"https:\/\/infoecos.com.ar\/index.php\/a-una-medida-impopular-reaccion-del-gobierno-de-la-provincia-de-buenos-aires\/\" \/>\n<meta property=\"og:site_name\" content=\"Infoecos\" \/>\n<meta property=\"article:publisher\" content=\"https:\/\/www.facebook.com\/profile.php?id=100063200290284\" \/>\n<meta property=\"article:published_time\" content=\"2023-07-03T04:15:55+00:00\" \/>\n<meta property=\"article:modified_time\" content=\"2023-07-06T02:17:20+00:00\" \/>\n<meta property=\"og:image\" content=\"https:\/\/infoecos.com.ar\/wp-content\/uploads\/2022\/08\/Escuelas-aulas-vacias-1200x720-1.jpg\" \/>\n\t<meta property=\"og:image:width\" content=\"1200\" \/>\n\t<meta property=\"og:image:height\" content=\"720\" \/>\n\t<meta property=\"og:image:type\" content=\"image\/jpeg\" \/>\n<meta name=\"author\" content=\"Jorge Matheus\" \/>\n<meta name=\"twitter:card\" content=\"summary_large_image\" \/>\n<meta name=\"twitter:creator\" content=\"@infoecos\" \/>\n<meta name=\"twitter:site\" content=\"@infoecos\" \/>\n<meta name=\"twitter:label1\" content=\"Escrito por\" \/>\n\t<meta name=\"twitter:data1\" content=\"Jorge Matheus\" \/>\n\t<meta name=\"twitter:label2\" content=\"Tiempo de lectura\" \/>\n\t<meta name=\"twitter:data2\" content=\"2 minutos\" \/>\n<script type=\"application\/ld+json\" class=\"yoast-schema-graph\">{\"@context\":\"https:\/\/schema.org\",\"@graph\":[{\"@type\":\"Article\",\"@id\":\"https:\/\/infoecos.com.ar\/index.php\/a-una-medida-impopular-reaccion-del-gobierno-de-la-provincia-de-buenos-aires\/#article\",\"isPartOf\":{\"@id\":\"https:\/\/infoecos.com.ar\/index.php\/a-una-medida-impopular-reaccion-del-gobierno-de-la-provincia-de-buenos-aires\/\"},\"author\":{\"name\":\"Jorge Matheus\",\"@id\":\"https:\/\/infoecos.com.ar\/#\/schema\/person\/8f5ace5ce73b4b4aac4b7245aee6f191\"},\"headline\":\"A una medida impopular, reacci\u00f3n del gobierno de la provincia de Buenos Aires\",\"datePublished\":\"2023-07-03T04:15:55+00:00\",\"dateModified\":\"2023-07-06T02:17:20+00:00\",\"mainEntityOfPage\":{\"@id\":\"https:\/\/infoecos.com.ar\/index.php\/a-una-medida-impopular-reaccion-del-gobierno-de-la-provincia-de-buenos-aires\/\"},\"wordCount\":223,\"publisher\":{\"@id\":\"https:\/\/infoecos.com.ar\/#organization\"},\"image\":{\"@id\":\"https:\/\/infoecos.com.ar\/index.php\/a-una-medida-impopular-reaccion-del-gobierno-de-la-provincia-de-buenos-aires\/#primaryimage\"},\"thumbnailUrl\":\"https:\/\/infoecos.com.ar\/wp-content\/uploads\/2022\/08\/Escuelas-aulas-vacias-1200x720-1.jpg\",\"keywords\":[\"DESCONTAR\u00c1N D\u00cdA NO TRABAJADO\"],\"articleSection\":[\"Bloque inferior - 2\"],\"inLanguage\":\"es\"},{\"@type\":\"WebPage\",\"@id\":\"https:\/\/infoecos.com.ar\/index.php\/a-una-medida-impopular-reaccion-del-gobierno-de-la-provincia-de-buenos-aires\/\",\"url\":\"https:\/\/infoecos.com.ar\/index.php\/a-una-medida-impopular-reaccion-del-gobierno-de-la-provincia-de-buenos-aires\/\",\"name\":\"A una medida impopular, reacci\u00f3n del gobierno de la provincia de Buenos Aires - Infoecos\",\"isPartOf\":{\"@id\":\"https:\/\/infoecos.com.ar\/#website\"},\"primaryImageOfPage\":{\"@id\":\"https:\/\/infoecos.com.ar\/index.php\/a-una-medida-impopular-reaccion-del-gobierno-de-la-provincia-de-buenos-aires\/#primaryimage\"},\"image\":{\"@id\":\"https:\/\/infoecos.com.ar\/index.php\/a-una-medida-impopular-reaccion-del-gobierno-de-la-provincia-de-buenos-aires\/#primaryimage\"},\"thumbnailUrl\":\"https:\/\/infoecos.com.ar\/wp-content\/uploads\/2022\/08\/Escuelas-aulas-vacias-1200x720-1.jpg\",\"datePublished\":\"2023-07-03T04:15:55+00:00\",\"dateModified\":\"2023-07-06T02:17:20+00:00\",\"breadcrumb\":{\"@id\":\"https:\/\/infoecos.com.ar\/index.php\/a-una-medida-impopular-reaccion-del-gobierno-de-la-provincia-de-buenos-aires\/#breadcrumb\"},\"inLanguage\":\"es\",\"potentialAction\":[{\"@type\":\"ReadAction\",\"target\":[\"https:\/\/infoecos.com.ar\/index.php\/a-una-medida-impopular-reaccion-del-gobierno-de-la-provincia-de-buenos-aires\/\"]}]},{\"@type\":\"ImageObject\",\"inLanguage\":\"es\",\"@id\":\"https:\/\/infoecos.com.ar\/index.php\/a-una-medida-impopular-reaccion-del-gobierno-de-la-provincia-de-buenos-aires\/#primaryimage\",\"url\":\"https:\/\/infoecos.com.ar\/wp-content\/uploads\/2022\/08\/Escuelas-aulas-vacias-1200x720-1.jpg\",\"contentUrl\":\"https:\/\/infoecos.com.ar\/wp-content\/uploads\/2022\/08\/Escuelas-aulas-vacias-1200x720-1.jpg\",\"width\":1200,\"height\":720},{\"@type\":\"BreadcrumbList\",\"@id\":\"https:\/\/infoecos.com.ar\/index.php\/a-una-medida-impopular-reaccion-del-gobierno-de-la-provincia-de-buenos-aires\/#breadcrumb\",\"itemListElement\":[{\"@type\":\"ListItem\",\"position\":1,\"name\":\"Portada\",\"item\":\"https:\/\/infoecos.com.ar\/\"},{\"@type\":\"ListItem\",\"position\":2,\"name\":\"A una medida impopular, reacci\u00f3n del gobierno de la provincia de Buenos Aires\"}]},{\"@type\":\"WebSite\",\"@id\":\"https:\/\/infoecos.com.ar\/#website\",\"url\":\"https:\/\/infoecos.com.ar\/\",\"name\":\"Infoecos\",\"description\":\"Noticias de trenque lauquen y la zona\",\"publisher\":{\"@id\":\"https:\/\/infoecos.com.ar\/#organization\"},\"alternateName\":\"Noticias\",\"potentialAction\":[{\"@type\":\"SearchAction\",\"target\":{\"@type\":\"EntryPoint\",\"urlTemplate\":\"https:\/\/infoecos.com.ar\/?s={search_term_string}\"},\"query-input\":{\"@type\":\"PropertyValueSpecification\",\"valueRequired\":true,\"valueName\":\"search_term_string\"}}],\"inLanguage\":\"es\"},{\"@type\":\"Organization\",\"@id\":\"https:\/\/infoecos.com.ar\/#organization\",\"name\":\"Infoecos\",\"alternateName\":\"Noticias\",\"url\":\"https:\/\/infoecos.com.ar\/\",\"logo\":{\"@type\":\"ImageObject\",\"inLanguage\":\"es\",\"@id\":\"https:\/\/infoecos.com.ar\/#\/schema\/logo\/image\/\",\"url\":\"https:\/\/infoecos.com.ar\/wp-content\/uploads\/2024\/03\/cropped-logo.png\",\"contentUrl\":\"https:\/\/infoecos.com.ar\/wp-content\/uploads\/2024\/03\/cropped-logo.png\",\"width\":374,\"height\":90,\"caption\":\"Infoecos\"},\"image\":{\"@id\":\"https:\/\/infoecos.com.ar\/#\/schema\/logo\/image\/\"},\"sameAs\":[\"https:\/\/www.facebook.com\/profile.php?id=100063200290284\",\"https:\/\/x.com\/infoecos\"]},{\"@type\":\"Person\",\"@id\":\"https:\/\/infoecos.com.ar\/#\/schema\/person\/8f5ace5ce73b4b4aac4b7245aee6f191\",\"name\":\"Jorge Matheus\",\"url\":\"https:\/\/infoecos.com.ar\/index.php\/author\/jomatheus\/\"}]}<\/script>\n<!-- \/ Yoast SEO plugin. -->","yoast_head_json":{"title":"A una medida impopular, reacci\u00f3n del gobierno de la provincia de Buenos Aires - Infoecos","robots":{"index":"index","follow":"follow","max-snippet":"max-snippet:-1","max-image-preview":"max-image-preview:large","max-video-preview":"max-video-preview:-1"},"canonical":"https:\/\/infoecos.com.ar\/index.php\/a-una-medida-impopular-reaccion-del-gobierno-de-la-provincia-de-buenos-aires\/","og_locale":"es_ES","og_type":"article","og_title":"A una medida impopular, reacci\u00f3n del gobierno de la provincia de Buenos Aires - Infoecos","og_description":"A los docentes que se sumaron al paro de 48 horas convocado por la Lista Multicolor del Sindicato Unificado de Trabajadores de la Educaci\u00f3n de Buenos Aires (SUTEBA).","og_url":"https:\/\/infoecos.com.ar\/index.php\/a-una-medida-impopular-reaccion-del-gobierno-de-la-provincia-de-buenos-aires\/","og_site_name":"Infoecos","article_publisher":"https:\/\/www.facebook.com\/profile.php?id=100063200290284","article_published_time":"2023-07-03T04:15:55+00:00","article_modified_time":"2023-07-06T02:17:20+00:00","og_image":[{"width":1200,"height":720,"url":"https:\/\/infoecos.com.ar\/wp-content\/uploads\/2022\/08\/Escuelas-aulas-vacias-1200x720-1.jpg","type":"image\/jpeg"}],"author":"Jorge Matheus","twitter_card":"summary_large_image","twitter_creator":"@infoecos","twitter_site":"@infoecos","twitter_misc":{"Escrito por":"Jorge Matheus","Tiempo de lectura":"2 minutos"},"schema":{"@context":"https:\/\/schema.org","@graph":[{"@type":"Article","@id":"https:\/\/infoecos.com.ar\/index.php\/a-una-medida-impopular-reaccion-del-gobierno-de-la-provincia-de-buenos-aires\/#article","isPartOf":{"@id":"https:\/\/infoecos.com.ar\/index.php\/a-una-medida-impopular-reaccion-del-gobierno-de-la-provincia-de-buenos-aires\/"},"author":{"name":"Jorge Matheus","@id":"https:\/\/infoecos.com.ar\/#\/schema\/person\/8f5ace5ce73b4b4aac4b7245aee6f191"},"headline":"A una medida impopular, reacci\u00f3n del gobierno de la provincia de Buenos Aires","datePublished":"2023-07-03T04:15:55+00:00","dateModified":"2023-07-06T02:17:20+00:00","mainEntityOfPage":{"@id":"https:\/\/infoecos.com.ar\/index.php\/a-una-medida-impopular-reaccion-del-gobierno-de-la-provincia-de-buenos-aires\/"},"wordCount":223,"publisher":{"@id":"https:\/\/infoecos.com.ar\/#organization"},"image":{"@id":"https:\/\/infoecos.com.ar\/index.php\/a-una-medida-impopular-reaccion-del-gobierno-de-la-provincia-de-buenos-aires\/#primaryimage"},"thumbnailUrl":"https:\/\/infoecos.com.ar\/wp-content\/uploads\/2022\/08\/Escuelas-aulas-vacias-1200x720-1.jpg","keywords":["DESCONTAR\u00c1N D\u00cdA NO TRABAJADO"],"articleSection":["Bloque inferior - 2"],"inLanguage":"es"},{"@type":"WebPage","@id":"https:\/\/infoecos.com.ar\/index.php\/a-una-medida-impopular-reaccion-del-gobierno-de-la-provincia-de-buenos-aires\/","url":"https:\/\/infoecos.com.ar\/index.php\/a-una-medida-impopular-reaccion-del-gobierno-de-la-provincia-de-buenos-aires\/","name":"A una medida impopular, reacci\u00f3n del gobierno de la provincia de Buenos Aires - Infoecos","isPartOf":{"@id":"https:\/\/infoecos.com.ar\/#website"},"primaryImageOfPage":{"@id":"https:\/\/infoecos.com.ar\/index.php\/a-una-medida-impopular-reaccion-del-gobierno-de-la-provincia-de-buenos-aires\/#primaryimage"},"image":{"@id":"https:\/\/infoecos.com.ar\/index.php\/a-una-medida-impopular-reaccion-del-gobierno-de-la-provincia-de-buenos-aires\/#primaryimage"},"thumbnailUrl":"https:\/\/infoecos.com.ar\/wp-content\/uploads\/2022\/08\/Escuelas-aulas-vacias-1200x720-1.jpg","datePublished":"2023-07-03T04:15:55+00:00","dateModified":"2023-07-06T02:17:20+00:00","breadcrumb":{"@id":"https:\/\/infoecos.com.ar\/index.php\/a-una-medida-impopular-reaccion-del-gobierno-de-la-provincia-de-buenos-aires\/#breadcrumb"},"inLanguage":"es","potentialAction":[{"@type":"ReadAction","target":["https:\/\/infoecos.com.ar\/index.php\/a-una-medida-impopular-reaccion-del-gobierno-de-la-provincia-de-buenos-aires\/"]}]},{"@type":"ImageObject","inLanguage":"es","@id":"https:\/\/infoecos.com.ar\/index.php\/a-una-medida-impopular-reaccion-del-gobierno-de-la-provincia-de-buenos-aires\/#primaryimage","url":"https:\/\/infoecos.com.ar\/wp-content\/uploads\/2022\/08\/Escuelas-aulas-vacias-1200x720-1.jpg","contentUrl":"https:\/\/infoecos.com.ar\/wp-content\/uploads\/2022\/08\/Escuelas-aulas-vacias-1200x720-1.jpg","width":1200,"height":720},{"@type":"BreadcrumbList","@id":"https:\/\/infoecos.com.ar\/index.php\/a-una-medida-impopular-reaccion-del-gobierno-de-la-provincia-de-buenos-aires\/#breadcrumb","itemListElement":[{"@type":"ListItem","position":1,"name":"Portada","item":"https:\/\/infoecos.com.ar\/"},{"@type":"ListItem","position":2,"name":"A una medida impopular, reacci\u00f3n del gobierno de la provincia de Buenos Aires"}]},{"@type":"WebSite","@id":"https:\/\/infoecos.com.ar\/#website","url":"https:\/\/infoecos.com.ar\/","name":"Infoecos","description":"Noticias de trenque lauquen y la zona","publisher":{"@id":"https:\/\/infoecos.com.ar\/#organization"},"alternateName":"Noticias","potentialAction":[{"@type":"SearchAction","target":{"@type":"EntryPoint","urlTemplate":"https:\/\/infoecos.com.ar\/?s={search_term_string}"},"query-input":{"@type":"PropertyValueSpecification","valueRequired":true,"valueName":"search_term_string"}}],"inLanguage":"es"},{"@type":"Organization","@id":"https:\/\/infoecos.com.ar\/#organization","name":"Infoecos","alternateName":"Noticias","url":"https:\/\/infoecos.com.ar\/","logo":{"@type":"ImageObject","inLanguage":"es","@id":"https:\/\/infoecos.com.ar\/#\/schema\/logo\/image\/","url":"https:\/\/infoecos.com.ar\/wp-content\/uploads\/2024\/03\/cropped-logo.png","contentUrl":"https:\/\/infoecos.com.ar\/wp-content\/uploads\/2024\/03\/cropped-logo.png","width":374,"height":90,"caption":"Infoecos"},"image":{"@id":"https:\/\/infoecos.com.ar\/#\/schema\/logo\/image\/"},"sameAs":["https:\/\/www.facebook.com\/profile.php?id=100063200290284","https:\/\/x.com\/infoecos"]},{"@type":"Person","@id":"https:\/\/infoecos.com.ar\/#\/schema\/person\/8f5ace5ce73b4b4aac4b7245aee6f191","name":"Jorge Matheus","url":"https:\/\/infoecos.com.ar\/index.php\/author\/jomatheus\/"}]}},"featured_image_urls":{"full":["https:\/\/infoecos.com.ar\/wp-content\/uploads\/2022\/08\/Escuelas-aulas-vacias-1200x720-1.jpg",1200,720,false],"thumbnail":["https:\/\/infoecos.com.ar\/wp-content\/uploads\/2022\/08\/Escuelas-aulas-vacias-1200x720-1-150x150.jpg",150,150,true],"medium":["https:\/\/infoecos.com.ar\/wp-content\/uploads\/2022\/08\/Escuelas-aulas-vacias-1200x720-1-460x276.jpg",460,276,true],"medium_large":["https:\/\/infoecos.com.ar\/wp-content\/uploads\/2022\/08\/Escuelas-aulas-vacias-1200x720-1-768x461.jpg",640,384,true],"large":["https:\/\/infoecos.com.ar\/wp-content\/uploads\/2022\/08\/Escuelas-aulas-vacias-1200x720-1-920x552.jpg",640,384,true],"1536x1536":["https:\/\/infoecos.com.ar\/wp-content\/uploads\/2022\/08\/Escuelas-aulas-vacias-1200x720-1.jpg",1200,720,false],"2048x2048":["https:\/\/infoecos.com.ar\/wp-content\/uploads\/2022\/08\/Escuelas-aulas-vacias-1200x720-1.jpg",1200,720,false],"covernews-slider-full":["https:\/\/infoecos.com.ar\/wp-content\/uploads\/2022\/08\/Escuelas-aulas-vacias-1200x720-1.jpg",1115,669,false],"covernews-slider-center":["https:\/\/infoecos.com.ar\/wp-content\/uploads\/2022\/08\/Escuelas-aulas-vacias-1200x720-1-936x720.jpg",650,500,true],"covernews-featured":["https:\/\/infoecos.com.ar\/wp-content\/uploads\/2022\/08\/Escuelas-aulas-vacias-1200x720-1-1024x614.jpg",1024,614,true],"covernews-medium":["https:\/\/infoecos.com.ar\/wp-content\/uploads\/2022\/08\/Escuelas-aulas-vacias-1200x720-1-720x380.jpg",540,285,true],"covernews-medium-square":["https:\/\/infoecos.com.ar\/wp-content\/uploads\/2022\/08\/Escuelas-aulas-vacias-1200x720-1-675x450.jpg",375,250,true]},"author_info":{"info":["Jorge Matheus"]},"category_info":"<a href=\"https:\/\/infoecos.com.ar\/index.php\/category\/inferior2\/\" rel=\"category tag\">Bloque inferior - 2<\/a>","tag_info":"Bloque inferior - 2","comment_count":"0","_links":{"self":[{"href":"https:\/\/infoecos.com.ar\/index.php\/wp-json\/wp\/v2\/posts\/106617"}],"collection":[{"href":"https:\/\/infoecos.com.ar\/index.php\/wp-json\/wp\/v2\/posts"}],"about":[{"href":"https:\/\/infoecos.com.ar\/index.php\/wp-json\/wp\/v2\/types\/post"}],"author":[{"embeddable":true,"href":"https:\/\/infoecos.com.ar\/index.php\/wp-json\/wp\/v2\/users\/2"}],"replies":[{"embeddable":true,"href":"https:\/\/infoecos.com.ar\/index.php\/wp-json\/wp\/v2\/comments?post=106617"}],"version-history":[{"count":2,"href":"https:\/\/infoecos.com.ar\/index.php\/wp-json\/wp\/v2\/posts\/106617\/revisions"}],"predecessor-version":[{"id":106669,"href":"https:\/\/infoecos.com.ar\/index.php\/wp-json\/wp\/v2\/posts\/106617\/revisions\/106669"}],"wp:featuredmedia":[{"embeddable":true,"href":"https:\/\/infoecos.com.ar\/index.php\/wp-json\/wp\/v2\/media\/96305"}],"wp:attachment":[{"href":"https:\/\/infoecos.com.ar\/index.php\/wp-json\/wp\/v2\/media?parent=106617"}],"wp:term":[{"taxonomy":"category","embeddable":true,"href":"https:\/\/infoecos.com.ar\/index.php\/wp-json\/wp\/v2\/categories?post=106617"},{"taxonomy":"post_tag","embeddable":true,"href":"https:\/\/infoecos.com.ar\/index.php\/wp-json\/wp\/v2\/tags?post=106617"}],"curies":[{"name":"wp","href":"https:\/\/api.w.org\/{rel}","templated":true}]}}