{"id":106979,"date":"2023-07-10T01:27:09","date_gmt":"2023-07-10T04:27:09","guid":{"rendered":"https:\/\/infoecos.com.ar\/?p=106979"},"modified":"2023-07-11T02:52:48","modified_gmt":"2023-07-11T05:52:48","slug":"municipio-y-gremio-municipal-de-tres-lomas-acuerdan-incremento-salarial-del-30","status":"publish","type":"post","link":"https:\/\/infoecos.com.ar\/index.php\/municipio-y-gremio-municipal-de-tres-lomas-acuerdan-incremento-salarial-del-30\/","title":{"rendered":"Municipio y gremio municipal de Tres Lomas acuerdan incremento salarial del 30 %"},"content":{"rendered":"\n<p>El Intendente Municipal; Ing. Jorge Carrera, acompa\u00f1ado por el Jefe de Gabinete, Luis Caminos y la Secretaria de Hacienda; Graciela Cavallero, recibi\u00f3 a representantes del Sindicato de Trabajadores Municipales, con el fin de acordar un nuevo incremento salarial.<\/p>\n\n\n\n<figure class=\"wp-block-image aligncenter size-full is-resized\"><img loading=\"lazy\" decoding=\"async\" src=\"https:\/\/infoecos.com.ar\/wp-content\/uploads\/2023\/07\/TRES-LOMAS-AUMENTO-SALARIOS.jpg\" alt=\"\" class=\"wp-image-106980\" width=\"413\" height=\"289\" srcset=\"https:\/\/infoecos.com.ar\/wp-content\/uploads\/2023\/07\/TRES-LOMAS-AUMENTO-SALARIOS.jpg 1080w, https:\/\/infoecos.com.ar\/wp-content\/uploads\/2023\/07\/TRES-LOMAS-AUMENTO-SALARIOS-800x559.jpg 800w, https:\/\/infoecos.com.ar\/wp-content\/uploads\/2023\/07\/TRES-LOMAS-AUMENTO-SALARIOS-768x537.jpg 768w, https:\/\/infoecos.com.ar\/wp-content\/uploads\/2023\/07\/TRES-LOMAS-AUMENTO-SALARIOS-1024x716.jpg 1024w\" sizes=\"(max-width: 413px) 100vw, 413px\" \/><figcaption class=\"wp-element-caption\">Tres Lomas &#8211; reuni\u00f3n con gremios municipales <\/figcaption><\/figure>\n\n\n\n<p>Se estableci\u00f3 que los empleados municipales tendr\u00e1n un aumento del 30% en su salario, que ser\u00e1 percibido con los haberes de este mes de julio.<\/p>\n\n\n\n<p>El incremento acumulativo en el salario de los agentes municipales en Tres Lomas es del 56%.<\/p>\n","protected":false},"excerpt":{"rendered":"<p>El incremento acumulativo en el salario de los agentes municipales en Tres Lomas es del 56%<\/p>\n","protected":false},"author":2,"featured_media":106980,"comment_status":"closed","ping_status":"open","sticky":false,"template":"","format":"standard","meta":{"footnotes":""},"categories":[41],"tags":[8315],"class_list":["post-106979","post","type-post","status-publish","format-standard","has-post-thumbnail","hentry","category-inferior2","tag-se-sumara-a-los-haberes-de-julio"],"yoast_head":"<!-- This site is optimized with the Yoast SEO plugin v23.4 - https:\/\/yoast.com\/wordpress\/plugins\/seo\/ -->\n<title>Municipio y gremio municipal de Tres Lomas acuerdan incremento salarial del 30 % - Infoecos<\/title>\n<meta name=\"robots\" content=\"index, follow, max-snippet:-1, max-image-preview:large, max-video-preview:-1\" \/>\n<link rel=\"canonical\" href=\"https:\/\/infoecos.com.ar\/index.php\/municipio-y-gremio-municipal-de-tres-lomas-acuerdan-incremento-salarial-del-30\/\" \/>\n<meta property=\"og:locale\" content=\"es_ES\" \/>\n<meta property=\"og:type\" content=\"article\" \/>\n<meta property=\"og:title\" content=\"Municipio y gremio municipal de Tres Lomas acuerdan incremento salarial del 30 % - Infoecos\" \/>\n<meta property=\"og:description\" content=\"El incremento acumulativo en el salario de los agentes municipales en Tres Lomas es del 56%\" \/>\n<meta property=\"og:url\" content=\"https:\/\/infoecos.com.ar\/index.php\/municipio-y-gremio-municipal-de-tres-lomas-acuerdan-incremento-salarial-del-30\/\" \/>\n<meta property=\"og:site_name\" content=\"Infoecos\" \/>\n<meta property=\"article:publisher\" content=\"https:\/\/www.facebook.com\/profile.php?id=100063200290284\" \/>\n<meta property=\"article:published_time\" content=\"2023-07-10T04:27:09+00:00\" \/>\n<meta property=\"article:modified_time\" content=\"2023-07-11T05:52:48+00:00\" \/>\n<meta property=\"og:image\" content=\"https:\/\/infoecos.com.ar\/wp-content\/uploads\/2023\/07\/TRES-LOMAS-AUMENTO-SALARIOS.jpg\" \/>\n\t<meta property=\"og:image:width\" content=\"1080\" \/>\n\t<meta property=\"og:image:height\" content=\"755\" \/>\n\t<meta property=\"og:image:type\" content=\"image\/jpeg\" \/>\n<meta name=\"author\" content=\"Jorge Matheus\" \/>\n<meta name=\"twitter:card\" content=\"summary_large_image\" \/>\n<meta name=\"twitter:creator\" content=\"@infoecos\" \/>\n<meta name=\"twitter:site\" content=\"@infoecos\" \/>\n<meta name=\"twitter:label1\" content=\"Escrito por\" \/>\n\t<meta name=\"twitter:data1\" content=\"Jorge Matheus\" \/>\n\t<meta name=\"twitter:label2\" content=\"Tiempo de lectura\" \/>\n\t<meta name=\"twitter:data2\" content=\"1 minuto\" \/>\n<script type=\"application\/ld+json\" class=\"yoast-schema-graph\">{\"@context\":\"https:\/\/schema.org\",\"@graph\":[{\"@type\":\"Article\",\"@id\":\"https:\/\/infoecos.com.ar\/index.php\/municipio-y-gremio-municipal-de-tres-lomas-acuerdan-incremento-salarial-del-30\/#article\",\"isPartOf\":{\"@id\":\"https:\/\/infoecos.com.ar\/index.php\/municipio-y-gremio-municipal-de-tres-lomas-acuerdan-incremento-salarial-del-30\/\"},\"author\":{\"name\":\"Jorge Matheus\",\"@id\":\"https:\/\/infoecos.com.ar\/#\/schema\/person\/8f5ace5ce73b4b4aac4b7245aee6f191\"},\"headline\":\"Municipio y gremio municipal de Tres Lomas acuerdan incremento salarial del 30 %\",\"datePublished\":\"2023-07-10T04:27:09+00:00\",\"dateModified\":\"2023-07-11T05:52:48+00:00\",\"mainEntityOfPage\":{\"@id\":\"https:\/\/infoecos.com.ar\/index.php\/municipio-y-gremio-municipal-de-tres-lomas-acuerdan-incremento-salarial-del-30\/\"},\"wordCount\":98,\"publisher\":{\"@id\":\"https:\/\/infoecos.com.ar\/#organization\"},\"image\":{\"@id\":\"https:\/\/infoecos.com.ar\/index.php\/municipio-y-gremio-municipal-de-tres-lomas-acuerdan-incremento-salarial-del-30\/#primaryimage\"},\"thumbnailUrl\":\"https:\/\/infoecos.com.ar\/wp-content\/uploads\/2023\/07\/TRES-LOMAS-AUMENTO-SALARIOS.jpg\",\"keywords\":[\"SE SUMAR\u00c1 A LOS HABERES DE JULIO\"],\"articleSection\":[\"Bloque inferior - 2\"],\"inLanguage\":\"es\"},{\"@type\":\"WebPage\",\"@id\":\"https:\/\/infoecos.com.ar\/index.php\/municipio-y-gremio-municipal-de-tres-lomas-acuerdan-incremento-salarial-del-30\/\",\"url\":\"https:\/\/infoecos.com.ar\/index.php\/municipio-y-gremio-municipal-de-tres-lomas-acuerdan-incremento-salarial-del-30\/\",\"name\":\"Municipio y gremio municipal de Tres Lomas acuerdan incremento salarial del 30 % - Infoecos\",\"isPartOf\":{\"@id\":\"https:\/\/infoecos.com.ar\/#website\"},\"primaryImageOfPage\":{\"@id\":\"https:\/\/infoecos.com.ar\/index.php\/municipio-y-gremio-municipal-de-tres-lomas-acuerdan-incremento-salarial-del-30\/#primaryimage\"},\"image\":{\"@id\":\"https:\/\/infoecos.com.ar\/index.php\/municipio-y-gremio-municipal-de-tres-lomas-acuerdan-incremento-salarial-del-30\/#primaryimage\"},\"thumbnailUrl\":\"https:\/\/infoecos.com.ar\/wp-content\/uploads\/2023\/07\/TRES-LOMAS-AUMENTO-SALARIOS.jpg\",\"datePublished\":\"2023-07-10T04:27:09+00:00\",\"dateModified\":\"2023-07-11T05:52:48+00:00\",\"breadcrumb\":{\"@id\":\"https:\/\/infoecos.com.ar\/index.php\/municipio-y-gremio-municipal-de-tres-lomas-acuerdan-incremento-salarial-del-30\/#breadcrumb\"},\"inLanguage\":\"es\",\"potentialAction\":[{\"@type\":\"ReadAction\",\"target\":[\"https:\/\/infoecos.com.ar\/index.php\/municipio-y-gremio-municipal-de-tres-lomas-acuerdan-incremento-salarial-del-30\/\"]}]},{\"@type\":\"ImageObject\",\"inLanguage\":\"es\",\"@id\":\"https:\/\/infoecos.com.ar\/index.php\/municipio-y-gremio-municipal-de-tres-lomas-acuerdan-incremento-salarial-del-30\/#primaryimage\",\"url\":\"https:\/\/infoecos.com.ar\/wp-content\/uploads\/2023\/07\/TRES-LOMAS-AUMENTO-SALARIOS.jpg\",\"contentUrl\":\"https:\/\/infoecos.com.ar\/wp-content\/uploads\/2023\/07\/TRES-LOMAS-AUMENTO-SALARIOS.jpg\",\"width\":1080,\"height\":755},{\"@type\":\"BreadcrumbList\",\"@id\":\"https:\/\/infoecos.com.ar\/index.php\/municipio-y-gremio-municipal-de-tres-lomas-acuerdan-incremento-salarial-del-30\/#breadcrumb\",\"itemListElement\":[{\"@type\":\"ListItem\",\"position\":1,\"name\":\"Portada\",\"item\":\"https:\/\/infoecos.com.ar\/\"},{\"@type\":\"ListItem\",\"position\":2,\"name\":\"Municipio y gremio municipal de Tres Lomas acuerdan incremento salarial del 30 %\"}]},{\"@type\":\"WebSite\",\"@id\":\"https:\/\/infoecos.com.ar\/#website\",\"url\":\"https:\/\/infoecos.com.ar\/\",\"name\":\"Infoecos\",\"description\":\"Noticias de trenque lauquen y la zona\",\"publisher\":{\"@id\":\"https:\/\/infoecos.com.ar\/#organization\"},\"alternateName\":\"Noticias\",\"potentialAction\":[{\"@type\":\"SearchAction\",\"target\":{\"@type\":\"EntryPoint\",\"urlTemplate\":\"https:\/\/infoecos.com.ar\/?s={search_term_string}\"},\"query-input\":{\"@type\":\"PropertyValueSpecification\",\"valueRequired\":true,\"valueName\":\"search_term_string\"}}],\"inLanguage\":\"es\"},{\"@type\":\"Organization\",\"@id\":\"https:\/\/infoecos.com.ar\/#organization\",\"name\":\"Infoecos\",\"alternateName\":\"Noticias\",\"url\":\"https:\/\/infoecos.com.ar\/\",\"logo\":{\"@type\":\"ImageObject\",\"inLanguage\":\"es\",\"@id\":\"https:\/\/infoecos.com.ar\/#\/schema\/logo\/image\/\",\"url\":\"https:\/\/infoecos.com.ar\/wp-content\/uploads\/2024\/03\/cropped-logo.png\",\"contentUrl\":\"https:\/\/infoecos.com.ar\/wp-content\/uploads\/2024\/03\/cropped-logo.png\",\"width\":374,\"height\":90,\"caption\":\"Infoecos\"},\"image\":{\"@id\":\"https:\/\/infoecos.com.ar\/#\/schema\/logo\/image\/\"},\"sameAs\":[\"https:\/\/www.facebook.com\/profile.php?id=100063200290284\",\"https:\/\/x.com\/infoecos\"]},{\"@type\":\"Person\",\"@id\":\"https:\/\/infoecos.com.ar\/#\/schema\/person\/8f5ace5ce73b4b4aac4b7245aee6f191\",\"name\":\"Jorge Matheus\",\"url\":\"https:\/\/infoecos.com.ar\/index.php\/author\/jomatheus\/\"}]}<\/script>\n<!-- \/ Yoast SEO plugin. -->","yoast_head_json":{"title":"Municipio y gremio municipal de Tres Lomas acuerdan incremento salarial del 30 % - Infoecos","robots":{"index":"index","follow":"follow","max-snippet":"max-snippet:-1","max-image-preview":"max-image-preview:large","max-video-preview":"max-video-preview:-1"},"canonical":"https:\/\/infoecos.com.ar\/index.php\/municipio-y-gremio-municipal-de-tres-lomas-acuerdan-incremento-salarial-del-30\/","og_locale":"es_ES","og_type":"article","og_title":"Municipio y gremio municipal de Tres Lomas acuerdan incremento salarial del 30 % - Infoecos","og_description":"El incremento acumulativo en el salario de los agentes municipales en Tres Lomas es del 56%","og_url":"https:\/\/infoecos.com.ar\/index.php\/municipio-y-gremio-municipal-de-tres-lomas-acuerdan-incremento-salarial-del-30\/","og_site_name":"Infoecos","article_publisher":"https:\/\/www.facebook.com\/profile.php?id=100063200290284","article_published_time":"2023-07-10T04:27:09+00:00","article_modified_time":"2023-07-11T05:52:48+00:00","og_image":[{"width":1080,"height":755,"url":"https:\/\/infoecos.com.ar\/wp-content\/uploads\/2023\/07\/TRES-LOMAS-AUMENTO-SALARIOS.jpg","type":"image\/jpeg"}],"author":"Jorge Matheus","twitter_card":"summary_large_image","twitter_creator":"@infoecos","twitter_site":"@infoecos","twitter_misc":{"Escrito por":"Jorge Matheus","Tiempo de lectura":"1 minuto"},"schema":{"@context":"https:\/\/schema.org","@graph":[{"@type":"Article","@id":"https:\/\/infoecos.com.ar\/index.php\/municipio-y-gremio-municipal-de-tres-lomas-acuerdan-incremento-salarial-del-30\/#article","isPartOf":{"@id":"https:\/\/infoecos.com.ar\/index.php\/municipio-y-gremio-municipal-de-tres-lomas-acuerdan-incremento-salarial-del-30\/"},"author":{"name":"Jorge Matheus","@id":"https:\/\/infoecos.com.ar\/#\/schema\/person\/8f5ace5ce73b4b4aac4b7245aee6f191"},"headline":"Municipio y gremio municipal de Tres Lomas acuerdan incremento salarial del 30 %","datePublished":"2023-07-10T04:27:09+00:00","dateModified":"2023-07-11T05:52:48+00:00","mainEntityOfPage":{"@id":"https:\/\/infoecos.com.ar\/index.php\/municipio-y-gremio-municipal-de-tres-lomas-acuerdan-incremento-salarial-del-30\/"},"wordCount":98,"publisher":{"@id":"https:\/\/infoecos.com.ar\/#organization"},"image":{"@id":"https:\/\/infoecos.com.ar\/index.php\/municipio-y-gremio-municipal-de-tres-lomas-acuerdan-incremento-salarial-del-30\/#primaryimage"},"thumbnailUrl":"https:\/\/infoecos.com.ar\/wp-content\/uploads\/2023\/07\/TRES-LOMAS-AUMENTO-SALARIOS.jpg","keywords":["SE SUMAR\u00c1 A LOS HABERES DE JULIO"],"articleSection":["Bloque inferior - 2"],"inLanguage":"es"},{"@type":"WebPage","@id":"https:\/\/infoecos.com.ar\/index.php\/municipio-y-gremio-municipal-de-tres-lomas-acuerdan-incremento-salarial-del-30\/","url":"https:\/\/infoecos.com.ar\/index.php\/municipio-y-gremio-municipal-de-tres-lomas-acuerdan-incremento-salarial-del-30\/","name":"Municipio y gremio municipal de Tres Lomas acuerdan incremento salarial del 30 % - Infoecos","isPartOf":{"@id":"https:\/\/infoecos.com.ar\/#website"},"primaryImageOfPage":{"@id":"https:\/\/infoecos.com.ar\/index.php\/municipio-y-gremio-municipal-de-tres-lomas-acuerdan-incremento-salarial-del-30\/#primaryimage"},"image":{"@id":"https:\/\/infoecos.com.ar\/index.php\/municipio-y-gremio-municipal-de-tres-lomas-acuerdan-incremento-salarial-del-30\/#primaryimage"},"thumbnailUrl":"https:\/\/infoecos.com.ar\/wp-content\/uploads\/2023\/07\/TRES-LOMAS-AUMENTO-SALARIOS.jpg","datePublished":"2023-07-10T04:27:09+00:00","dateModified":"2023-07-11T05:52:48+00:00","breadcrumb":{"@id":"https:\/\/infoecos.com.ar\/index.php\/municipio-y-gremio-municipal-de-tres-lomas-acuerdan-incremento-salarial-del-30\/#breadcrumb"},"inLanguage":"es","potentialAction":[{"@type":"ReadAction","target":["https:\/\/infoecos.com.ar\/index.php\/municipio-y-gremio-municipal-de-tres-lomas-acuerdan-incremento-salarial-del-30\/"]}]},{"@type":"ImageObject","inLanguage":"es","@id":"https:\/\/infoecos.com.ar\/index.php\/municipio-y-gremio-municipal-de-tres-lomas-acuerdan-incremento-salarial-del-30\/#primaryimage","url":"https:\/\/infoecos.com.ar\/wp-content\/uploads\/2023\/07\/TRES-LOMAS-AUMENTO-SALARIOS.jpg","contentUrl":"https:\/\/infoecos.com.ar\/wp-content\/uploads\/2023\/07\/TRES-LOMAS-AUMENTO-SALARIOS.jpg","width":1080,"height":755},{"@type":"BreadcrumbList","@id":"https:\/\/infoecos.com.ar\/index.php\/municipio-y-gremio-municipal-de-tres-lomas-acuerdan-incremento-salarial-del-30\/#breadcrumb","itemListElement":[{"@type":"ListItem","position":1,"name":"Portada","item":"https:\/\/infoecos.com.ar\/"},{"@type":"ListItem","position":2,"name":"Municipio y gremio municipal de Tres Lomas acuerdan incremento salarial del 30 %"}]},{"@type":"WebSite","@id":"https:\/\/infoecos.com.ar\/#website","url":"https:\/\/infoecos.com.ar\/","name":"Infoecos","description":"Noticias de trenque lauquen y la zona","publisher":{"@id":"https:\/\/infoecos.com.ar\/#organization"},"alternateName":"Noticias","potentialAction":[{"@type":"SearchAction","target":{"@type":"EntryPoint","urlTemplate":"https:\/\/infoecos.com.ar\/?s={search_term_string}"},"query-input":{"@type":"PropertyValueSpecification","valueRequired":true,"valueName":"search_term_string"}}],"inLanguage":"es"},{"@type":"Organization","@id":"https:\/\/infoecos.com.ar\/#organization","name":"Infoecos","alternateName":"Noticias","url":"https:\/\/infoecos.com.ar\/","logo":{"@type":"ImageObject","inLanguage":"es","@id":"https:\/\/infoecos.com.ar\/#\/schema\/logo\/image\/","url":"https:\/\/infoecos.com.ar\/wp-content\/uploads\/2024\/03\/cropped-logo.png","contentUrl":"https:\/\/infoecos.com.ar\/wp-content\/uploads\/2024\/03\/cropped-logo.png","width":374,"height":90,"caption":"Infoecos"},"image":{"@id":"https:\/\/infoecos.com.ar\/#\/schema\/logo\/image\/"},"sameAs":["https:\/\/www.facebook.com\/profile.php?id=100063200290284","https:\/\/x.com\/infoecos"]},{"@type":"Person","@id":"https:\/\/infoecos.com.ar\/#\/schema\/person\/8f5ace5ce73b4b4aac4b7245aee6f191","name":"Jorge Matheus","url":"https:\/\/infoecos.com.ar\/index.php\/author\/jomatheus\/"}]}},"featured_image_urls":{"full":["https:\/\/infoecos.com.ar\/wp-content\/uploads\/2023\/07\/TRES-LOMAS-AUMENTO-SALARIOS.jpg",1080,755,false],"thumbnail":["https:\/\/infoecos.com.ar\/wp-content\/uploads\/2023\/07\/TRES-LOMAS-AUMENTO-SALARIOS-300x150.jpg",300,150,true],"medium":["https:\/\/infoecos.com.ar\/wp-content\/uploads\/2023\/07\/TRES-LOMAS-AUMENTO-SALARIOS-800x559.jpg",800,559,true],"medium_large":["https:\/\/infoecos.com.ar\/wp-content\/uploads\/2023\/07\/TRES-LOMAS-AUMENTO-SALARIOS-768x537.jpg",640,448,true],"large":["https:\/\/infoecos.com.ar\/wp-content\/uploads\/2023\/07\/TRES-LOMAS-AUMENTO-SALARIOS.jpg",640,447,false],"1536x1536":["https:\/\/infoecos.com.ar\/wp-content\/uploads\/2023\/07\/TRES-LOMAS-AUMENTO-SALARIOS.jpg",1080,755,false],"2048x2048":["https:\/\/infoecos.com.ar\/wp-content\/uploads\/2023\/07\/TRES-LOMAS-AUMENTO-SALARIOS.jpg",1080,755,false],"covernews-slider-full":["https:\/\/infoecos.com.ar\/wp-content\/uploads\/2023\/07\/TRES-LOMAS-AUMENTO-SALARIOS.jpg",1023,715,false],"covernews-slider-center":["https:\/\/infoecos.com.ar\/wp-content\/uploads\/2023\/07\/TRES-LOMAS-AUMENTO-SALARIOS-936x755.jpg",620,500,true],"covernews-featured":["https:\/\/infoecos.com.ar\/wp-content\/uploads\/2023\/07\/TRES-LOMAS-AUMENTO-SALARIOS-1024x716.jpg",1024,716,true],"covernews-medium":["https:\/\/infoecos.com.ar\/wp-content\/uploads\/2023\/07\/TRES-LOMAS-AUMENTO-SALARIOS-720x380.jpg",540,285,true],"covernews-medium-square":["https:\/\/infoecos.com.ar\/wp-content\/uploads\/2023\/07\/TRES-LOMAS-AUMENTO-SALARIOS-675x450.jpg",375,250,true]},"author_info":{"info":["Jorge Matheus"]},"category_info":"<a href=\"https:\/\/infoecos.com.ar\/index.php\/category\/inferior2\/\" rel=\"category tag\">Bloque inferior - 2<\/a>","tag_info":"Bloque inferior - 2","comment_count":"0","_links":{"self":[{"href":"https:\/\/infoecos.com.ar\/index.php\/wp-json\/wp\/v2\/posts\/106979"}],"collection":[{"href":"https:\/\/infoecos.com.ar\/index.php\/wp-json\/wp\/v2\/posts"}],"about":[{"href":"https:\/\/infoecos.com.ar\/index.php\/wp-json\/wp\/v2\/types\/post"}],"author":[{"embeddable":true,"href":"https:\/\/infoecos.com.ar\/index.php\/wp-json\/wp\/v2\/users\/2"}],"replies":[{"embeddable":true,"href":"https:\/\/infoecos.com.ar\/index.php\/wp-json\/wp\/v2\/comments?post=106979"}],"version-history":[{"count":1,"href":"https:\/\/infoecos.com.ar\/index.php\/wp-json\/wp\/v2\/posts\/106979\/revisions"}],"predecessor-version":[{"id":106981,"href":"https:\/\/infoecos.com.ar\/index.php\/wp-json\/wp\/v2\/posts\/106979\/revisions\/106981"}],"wp:featuredmedia":[{"embeddable":true,"href":"https:\/\/infoecos.com.ar\/index.php\/wp-json\/wp\/v2\/media\/106980"}],"wp:attachment":[{"href":"https:\/\/infoecos.com.ar\/index.php\/wp-json\/wp\/v2\/media?parent=106979"}],"wp:term":[{"taxonomy":"category","embeddable":true,"href":"https:\/\/infoecos.com.ar\/index.php\/wp-json\/wp\/v2\/categories?post=106979"},{"taxonomy":"post_tag","embeddable":true,"href":"https:\/\/infoecos.com.ar\/index.php\/wp-json\/wp\/v2\/tags?post=106979"}],"curies":[{"name":"wp","href":"https:\/\/api.w.org\/{rel}","templated":true}]}}