{"id":107083,"date":"2023-07-10T21:28:43","date_gmt":"2023-07-11T00:28:43","guid":{"rendered":"https:\/\/infoecos.com.ar\/?p=107083"},"modified":"2023-07-11T14:43:32","modified_gmt":"2023-07-11T17:43:32","slug":"se-esta-trabajando-en-la-ruta-del-cereal","status":"publish","type":"post","link":"https:\/\/infoecos.com.ar\/index.php\/se-esta-trabajando-en-la-ruta-del-cereal\/","title":{"rendered":"Se est\u00e1 trabajando en la Ruta del Cereal"},"content":{"rendered":"\n<p>El ex intendente municipal de Guamin\u00ed y actualmente subadministrador del ENHOSA dependiente del ministerio de Infraestructura de la Naci\u00f3n, N\u00e9stor \u00c1lvarez, uno de los impulsores de la terminaci\u00f3n de la Ruta del Cereal entre Mones Caz\u00f3n, distrito de Pehuaj\u00f3 y la Ruta Nacional 33, publica en sus cuentas de las redes sociales que contin\u00faan los trabajos en esa importante obra y que el gobernador Kicillof prometi\u00f3 que se iba a terminar.<\/p>\n\n\n\n<p>D\u00edas pasados se insist\u00eda, muy especialmente de Salazar, que la realizaci\u00f3n estaba detenida. No hubo en ese momento reacci\u00f3n alguna de los intendentes de aquellos distritos que se beneficiar\u00e1n, ni tampoco de las autoridades bonaerenses.<\/p>\n\n\n\n<p>Si las fotos son un hecho contundente, la Ruta del Cereal se contin\u00faa construyendo.<\/p>\n\n\n\n<figure class=\"wp-block-gallery has-nested-images columns-default is-cropped wp-block-gallery-1 is-layout-flex wp-block-gallery-is-layout-flex\">\n<figure class=\"wp-block-image size-large\"><img loading=\"lazy\" decoding=\"async\" width=\"1600\" height=\"738\" data-id=\"107087\" src=\"https:\/\/infoecos.com.ar\/wp-content\/uploads\/2023\/07\/F0tpM4aWYAIHcXM.jpg\" alt=\"\" class=\"wp-image-107087\" srcset=\"https:\/\/infoecos.com.ar\/wp-content\/uploads\/2023\/07\/F0tpM4aWYAIHcXM.jpg 1600w, https:\/\/infoecos.com.ar\/wp-content\/uploads\/2023\/07\/F0tpM4aWYAIHcXM-800x369.jpg 800w, https:\/\/infoecos.com.ar\/wp-content\/uploads\/2023\/07\/F0tpM4aWYAIHcXM-768x354.jpg 768w, https:\/\/infoecos.com.ar\/wp-content\/uploads\/2023\/07\/F0tpM4aWYAIHcXM-1536x708.jpg 1536w, https:\/\/infoecos.com.ar\/wp-content\/uploads\/2023\/07\/F0tpM4aWYAIHcXM-1024x472.jpg 1024w\" sizes=\"(max-width: 1600px) 100vw, 1600px\" \/><figcaption class=\"wp-element-caption\">Ruta del Cereal &#8211; Foto publicada por N\u00e9stor \u00c1lvarez<\/figcaption><\/figure>\n\n\n\n<figure class=\"wp-block-image size-large\"><img loading=\"lazy\" decoding=\"async\" width=\"738\" height=\"1600\" data-id=\"107086\" src=\"https:\/\/infoecos.com.ar\/wp-content\/uploads\/2023\/07\/F0tpMdyX0AAm-MT.jpg\" alt=\"\" class=\"wp-image-107086\" srcset=\"https:\/\/infoecos.com.ar\/wp-content\/uploads\/2023\/07\/F0tpMdyX0AAm-MT.jpg 738w, https:\/\/infoecos.com.ar\/wp-content\/uploads\/2023\/07\/F0tpMdyX0AAm-MT-369x800.jpg 369w, https:\/\/infoecos.com.ar\/wp-content\/uploads\/2023\/07\/F0tpMdyX0AAm-MT-708x1536.jpg 708w\" sizes=\"(max-width: 738px) 100vw, 738px\" \/><figcaption class=\"wp-element-caption\">Ruta del Cereal &#8211; Foto publicada por N\u00e9stor \u00c1lvarez <\/figcaption><\/figure>\n\n\n\n<figure class=\"wp-block-image size-large\"><img loading=\"lazy\" decoding=\"async\" width=\"1600\" height=\"738\" data-id=\"107085\" src=\"https:\/\/infoecos.com.ar\/wp-content\/uploads\/2023\/07\/F0tpMssXgAA6r7Z-1.jpg\" alt=\"\" class=\"wp-image-107085\" srcset=\"https:\/\/infoecos.com.ar\/wp-content\/uploads\/2023\/07\/F0tpMssXgAA6r7Z-1.jpg 1600w, https:\/\/infoecos.com.ar\/wp-content\/uploads\/2023\/07\/F0tpMssXgAA6r7Z-1-800x369.jpg 800w, https:\/\/infoecos.com.ar\/wp-content\/uploads\/2023\/07\/F0tpMssXgAA6r7Z-1-768x354.jpg 768w, https:\/\/infoecos.com.ar\/wp-content\/uploads\/2023\/07\/F0tpMssXgAA6r7Z-1-1536x708.jpg 1536w, https:\/\/infoecos.com.ar\/wp-content\/uploads\/2023\/07\/F0tpMssXgAA6r7Z-1-1024x472.jpg 1024w\" sizes=\"(max-width: 1600px) 100vw, 1600px\" \/><figcaption class=\"wp-element-caption\">Ruta del Cereal &#8211; Foto publicada por N\u00e9stor \u00c1lvarez<\/figcaption><\/figure>\n<\/figure>\n","protected":false},"excerpt":{"rendered":"<p>D\u00edas pasados se insist\u00eda, muy especialmente de Salazar, que la realizaci\u00f3n estaba detenida<\/p>\n","protected":false},"author":2,"featured_media":107084,"comment_status":"closed","ping_status":"open","sticky":false,"template":"","format":"standard","meta":{"footnotes":""},"categories":[47],"tags":[8325],"class_list":["post-107083","post","type-post","status-publish","format-standard","has-post-thumbnail","hentry","category-c3nota2","tag-nestor-alvarez-mostro-fotografias"],"yoast_head":"<!-- This site is optimized with the Yoast SEO plugin v23.4 - https:\/\/yoast.com\/wordpress\/plugins\/seo\/ -->\n<title>Se est\u00e1 trabajando en la Ruta del Cereal - Infoecos<\/title>\n<meta name=\"robots\" content=\"index, follow, max-snippet:-1, max-image-preview:large, max-video-preview:-1\" \/>\n<link rel=\"canonical\" href=\"https:\/\/infoecos.com.ar\/index.php\/se-esta-trabajando-en-la-ruta-del-cereal\/\" \/>\n<meta property=\"og:locale\" content=\"es_ES\" \/>\n<meta property=\"og:type\" content=\"article\" \/>\n<meta property=\"og:title\" content=\"Se est\u00e1 trabajando en la Ruta del Cereal - Infoecos\" \/>\n<meta property=\"og:description\" content=\"D\u00edas pasados se insist\u00eda, muy especialmente de Salazar, que la realizaci\u00f3n estaba detenida\" \/>\n<meta property=\"og:url\" content=\"https:\/\/infoecos.com.ar\/index.php\/se-esta-trabajando-en-la-ruta-del-cereal\/\" \/>\n<meta property=\"og:site_name\" content=\"Infoecos\" \/>\n<meta property=\"article:publisher\" content=\"https:\/\/www.facebook.com\/profile.php?id=100063200290284\" \/>\n<meta property=\"article:published_time\" content=\"2023-07-11T00:28:43+00:00\" \/>\n<meta property=\"article:modified_time\" content=\"2023-07-11T17:43:32+00:00\" \/>\n<meta property=\"og:image\" content=\"https:\/\/infoecos.com.ar\/wp-content\/uploads\/2023\/07\/F0tpMssXgAA6r7Z.jpg\" \/>\n\t<meta property=\"og:image:width\" content=\"1600\" \/>\n\t<meta property=\"og:image:height\" content=\"738\" \/>\n\t<meta property=\"og:image:type\" content=\"image\/jpeg\" \/>\n<meta name=\"author\" content=\"Jorge Matheus\" \/>\n<meta name=\"twitter:card\" content=\"summary_large_image\" \/>\n<meta name=\"twitter:creator\" content=\"@infoecos\" \/>\n<meta name=\"twitter:site\" content=\"@infoecos\" \/>\n<meta name=\"twitter:label1\" content=\"Escrito por\" \/>\n\t<meta name=\"twitter:data1\" content=\"Jorge Matheus\" \/>\n\t<meta name=\"twitter:label2\" content=\"Tiempo de lectura\" \/>\n\t<meta name=\"twitter:data2\" content=\"2 minutos\" \/>\n<script type=\"application\/ld+json\" class=\"yoast-schema-graph\">{\"@context\":\"https:\/\/schema.org\",\"@graph\":[{\"@type\":\"Article\",\"@id\":\"https:\/\/infoecos.com.ar\/index.php\/se-esta-trabajando-en-la-ruta-del-cereal\/#article\",\"isPartOf\":{\"@id\":\"https:\/\/infoecos.com.ar\/index.php\/se-esta-trabajando-en-la-ruta-del-cereal\/\"},\"author\":{\"name\":\"Jorge Matheus\",\"@id\":\"https:\/\/infoecos.com.ar\/#\/schema\/person\/8f5ace5ce73b4b4aac4b7245aee6f191\"},\"headline\":\"Se est\u00e1 trabajando en la Ruta del Cereal\",\"datePublished\":\"2023-07-11T00:28:43+00:00\",\"dateModified\":\"2023-07-11T17:43:32+00:00\",\"mainEntityOfPage\":{\"@id\":\"https:\/\/infoecos.com.ar\/index.php\/se-esta-trabajando-en-la-ruta-del-cereal\/\"},\"wordCount\":168,\"publisher\":{\"@id\":\"https:\/\/infoecos.com.ar\/#organization\"},\"image\":{\"@id\":\"https:\/\/infoecos.com.ar\/index.php\/se-esta-trabajando-en-la-ruta-del-cereal\/#primaryimage\"},\"thumbnailUrl\":\"https:\/\/infoecos.com.ar\/wp-content\/uploads\/2023\/07\/F0tpMssXgAA6r7Z.jpg\",\"keywords\":[\"N\u00e9stor \u00c1lvarez mostr\u00f3 fotograf\u00edas\"],\"articleSection\":[\"C3 N2\"],\"inLanguage\":\"es\"},{\"@type\":\"WebPage\",\"@id\":\"https:\/\/infoecos.com.ar\/index.php\/se-esta-trabajando-en-la-ruta-del-cereal\/\",\"url\":\"https:\/\/infoecos.com.ar\/index.php\/se-esta-trabajando-en-la-ruta-del-cereal\/\",\"name\":\"Se est\u00e1 trabajando en la Ruta del Cereal - Infoecos\",\"isPartOf\":{\"@id\":\"https:\/\/infoecos.com.ar\/#website\"},\"primaryImageOfPage\":{\"@id\":\"https:\/\/infoecos.com.ar\/index.php\/se-esta-trabajando-en-la-ruta-del-cereal\/#primaryimage\"},\"image\":{\"@id\":\"https:\/\/infoecos.com.ar\/index.php\/se-esta-trabajando-en-la-ruta-del-cereal\/#primaryimage\"},\"thumbnailUrl\":\"https:\/\/infoecos.com.ar\/wp-content\/uploads\/2023\/07\/F0tpMssXgAA6r7Z.jpg\",\"datePublished\":\"2023-07-11T00:28:43+00:00\",\"dateModified\":\"2023-07-11T17:43:32+00:00\",\"breadcrumb\":{\"@id\":\"https:\/\/infoecos.com.ar\/index.php\/se-esta-trabajando-en-la-ruta-del-cereal\/#breadcrumb\"},\"inLanguage\":\"es\",\"potentialAction\":[{\"@type\":\"ReadAction\",\"target\":[\"https:\/\/infoecos.com.ar\/index.php\/se-esta-trabajando-en-la-ruta-del-cereal\/\"]}]},{\"@type\":\"ImageObject\",\"inLanguage\":\"es\",\"@id\":\"https:\/\/infoecos.com.ar\/index.php\/se-esta-trabajando-en-la-ruta-del-cereal\/#primaryimage\",\"url\":\"https:\/\/infoecos.com.ar\/wp-content\/uploads\/2023\/07\/F0tpMssXgAA6r7Z.jpg\",\"contentUrl\":\"https:\/\/infoecos.com.ar\/wp-content\/uploads\/2023\/07\/F0tpMssXgAA6r7Z.jpg\",\"width\":1600,\"height\":738},{\"@type\":\"BreadcrumbList\",\"@id\":\"https:\/\/infoecos.com.ar\/index.php\/se-esta-trabajando-en-la-ruta-del-cereal\/#breadcrumb\",\"itemListElement\":[{\"@type\":\"ListItem\",\"position\":1,\"name\":\"Portada\",\"item\":\"https:\/\/infoecos.com.ar\/\"},{\"@type\":\"ListItem\",\"position\":2,\"name\":\"Se est\u00e1 trabajando en la Ruta del Cereal\"}]},{\"@type\":\"WebSite\",\"@id\":\"https:\/\/infoecos.com.ar\/#website\",\"url\":\"https:\/\/infoecos.com.ar\/\",\"name\":\"Infoecos\",\"description\":\"Noticias de trenque lauquen y la zona\",\"publisher\":{\"@id\":\"https:\/\/infoecos.com.ar\/#organization\"},\"alternateName\":\"Noticias\",\"potentialAction\":[{\"@type\":\"SearchAction\",\"target\":{\"@type\":\"EntryPoint\",\"urlTemplate\":\"https:\/\/infoecos.com.ar\/?s={search_term_string}\"},\"query-input\":{\"@type\":\"PropertyValueSpecification\",\"valueRequired\":true,\"valueName\":\"search_term_string\"}}],\"inLanguage\":\"es\"},{\"@type\":\"Organization\",\"@id\":\"https:\/\/infoecos.com.ar\/#organization\",\"name\":\"Infoecos\",\"alternateName\":\"Noticias\",\"url\":\"https:\/\/infoecos.com.ar\/\",\"logo\":{\"@type\":\"ImageObject\",\"inLanguage\":\"es\",\"@id\":\"https:\/\/infoecos.com.ar\/#\/schema\/logo\/image\/\",\"url\":\"https:\/\/infoecos.com.ar\/wp-content\/uploads\/2024\/03\/cropped-logo.png\",\"contentUrl\":\"https:\/\/infoecos.com.ar\/wp-content\/uploads\/2024\/03\/cropped-logo.png\",\"width\":374,\"height\":90,\"caption\":\"Infoecos\"},\"image\":{\"@id\":\"https:\/\/infoecos.com.ar\/#\/schema\/logo\/image\/\"},\"sameAs\":[\"https:\/\/www.facebook.com\/profile.php?id=100063200290284\",\"https:\/\/x.com\/infoecos\"]},{\"@type\":\"Person\",\"@id\":\"https:\/\/infoecos.com.ar\/#\/schema\/person\/8f5ace5ce73b4b4aac4b7245aee6f191\",\"name\":\"Jorge Matheus\",\"url\":\"https:\/\/infoecos.com.ar\/index.php\/author\/jomatheus\/\"}]}<\/script>\n<!-- \/ Yoast SEO plugin. -->","yoast_head_json":{"title":"Se est\u00e1 trabajando en la Ruta del Cereal - Infoecos","robots":{"index":"index","follow":"follow","max-snippet":"max-snippet:-1","max-image-preview":"max-image-preview:large","max-video-preview":"max-video-preview:-1"},"canonical":"https:\/\/infoecos.com.ar\/index.php\/se-esta-trabajando-en-la-ruta-del-cereal\/","og_locale":"es_ES","og_type":"article","og_title":"Se est\u00e1 trabajando en la Ruta del Cereal - Infoecos","og_description":"D\u00edas pasados se insist\u00eda, muy especialmente de Salazar, que la realizaci\u00f3n estaba detenida","og_url":"https:\/\/infoecos.com.ar\/index.php\/se-esta-trabajando-en-la-ruta-del-cereal\/","og_site_name":"Infoecos","article_publisher":"https:\/\/www.facebook.com\/profile.php?id=100063200290284","article_published_time":"2023-07-11T00:28:43+00:00","article_modified_time":"2023-07-11T17:43:32+00:00","og_image":[{"width":1600,"height":738,"url":"https:\/\/infoecos.com.ar\/wp-content\/uploads\/2023\/07\/F0tpMssXgAA6r7Z.jpg","type":"image\/jpeg"}],"author":"Jorge Matheus","twitter_card":"summary_large_image","twitter_creator":"@infoecos","twitter_site":"@infoecos","twitter_misc":{"Escrito por":"Jorge Matheus","Tiempo de lectura":"2 minutos"},"schema":{"@context":"https:\/\/schema.org","@graph":[{"@type":"Article","@id":"https:\/\/infoecos.com.ar\/index.php\/se-esta-trabajando-en-la-ruta-del-cereal\/#article","isPartOf":{"@id":"https:\/\/infoecos.com.ar\/index.php\/se-esta-trabajando-en-la-ruta-del-cereal\/"},"author":{"name":"Jorge Matheus","@id":"https:\/\/infoecos.com.ar\/#\/schema\/person\/8f5ace5ce73b4b4aac4b7245aee6f191"},"headline":"Se est\u00e1 trabajando en la Ruta del Cereal","datePublished":"2023-07-11T00:28:43+00:00","dateModified":"2023-07-11T17:43:32+00:00","mainEntityOfPage":{"@id":"https:\/\/infoecos.com.ar\/index.php\/se-esta-trabajando-en-la-ruta-del-cereal\/"},"wordCount":168,"publisher":{"@id":"https:\/\/infoecos.com.ar\/#organization"},"image":{"@id":"https:\/\/infoecos.com.ar\/index.php\/se-esta-trabajando-en-la-ruta-del-cereal\/#primaryimage"},"thumbnailUrl":"https:\/\/infoecos.com.ar\/wp-content\/uploads\/2023\/07\/F0tpMssXgAA6r7Z.jpg","keywords":["N\u00e9stor \u00c1lvarez mostr\u00f3 fotograf\u00edas"],"articleSection":["C3 N2"],"inLanguage":"es"},{"@type":"WebPage","@id":"https:\/\/infoecos.com.ar\/index.php\/se-esta-trabajando-en-la-ruta-del-cereal\/","url":"https:\/\/infoecos.com.ar\/index.php\/se-esta-trabajando-en-la-ruta-del-cereal\/","name":"Se est\u00e1 trabajando en la Ruta del Cereal - Infoecos","isPartOf":{"@id":"https:\/\/infoecos.com.ar\/#website"},"primaryImageOfPage":{"@id":"https:\/\/infoecos.com.ar\/index.php\/se-esta-trabajando-en-la-ruta-del-cereal\/#primaryimage"},"image":{"@id":"https:\/\/infoecos.com.ar\/index.php\/se-esta-trabajando-en-la-ruta-del-cereal\/#primaryimage"},"thumbnailUrl":"https:\/\/infoecos.com.ar\/wp-content\/uploads\/2023\/07\/F0tpMssXgAA6r7Z.jpg","datePublished":"2023-07-11T00:28:43+00:00","dateModified":"2023-07-11T17:43:32+00:00","breadcrumb":{"@id":"https:\/\/infoecos.com.ar\/index.php\/se-esta-trabajando-en-la-ruta-del-cereal\/#breadcrumb"},"inLanguage":"es","potentialAction":[{"@type":"ReadAction","target":["https:\/\/infoecos.com.ar\/index.php\/se-esta-trabajando-en-la-ruta-del-cereal\/"]}]},{"@type":"ImageObject","inLanguage":"es","@id":"https:\/\/infoecos.com.ar\/index.php\/se-esta-trabajando-en-la-ruta-del-cereal\/#primaryimage","url":"https:\/\/infoecos.com.ar\/wp-content\/uploads\/2023\/07\/F0tpMssXgAA6r7Z.jpg","contentUrl":"https:\/\/infoecos.com.ar\/wp-content\/uploads\/2023\/07\/F0tpMssXgAA6r7Z.jpg","width":1600,"height":738},{"@type":"BreadcrumbList","@id":"https:\/\/infoecos.com.ar\/index.php\/se-esta-trabajando-en-la-ruta-del-cereal\/#breadcrumb","itemListElement":[{"@type":"ListItem","position":1,"name":"Portada","item":"https:\/\/infoecos.com.ar\/"},{"@type":"ListItem","position":2,"name":"Se est\u00e1 trabajando en la Ruta del Cereal"}]},{"@type":"WebSite","@id":"https:\/\/infoecos.com.ar\/#website","url":"https:\/\/infoecos.com.ar\/","name":"Infoecos","description":"Noticias de trenque lauquen y la zona","publisher":{"@id":"https:\/\/infoecos.com.ar\/#organization"},"alternateName":"Noticias","potentialAction":[{"@type":"SearchAction","target":{"@type":"EntryPoint","urlTemplate":"https:\/\/infoecos.com.ar\/?s={search_term_string}"},"query-input":{"@type":"PropertyValueSpecification","valueRequired":true,"valueName":"search_term_string"}}],"inLanguage":"es"},{"@type":"Organization","@id":"https:\/\/infoecos.com.ar\/#organization","name":"Infoecos","alternateName":"Noticias","url":"https:\/\/infoecos.com.ar\/","logo":{"@type":"ImageObject","inLanguage":"es","@id":"https:\/\/infoecos.com.ar\/#\/schema\/logo\/image\/","url":"https:\/\/infoecos.com.ar\/wp-content\/uploads\/2024\/03\/cropped-logo.png","contentUrl":"https:\/\/infoecos.com.ar\/wp-content\/uploads\/2024\/03\/cropped-logo.png","width":374,"height":90,"caption":"Infoecos"},"image":{"@id":"https:\/\/infoecos.com.ar\/#\/schema\/logo\/image\/"},"sameAs":["https:\/\/www.facebook.com\/profile.php?id=100063200290284","https:\/\/x.com\/infoecos"]},{"@type":"Person","@id":"https:\/\/infoecos.com.ar\/#\/schema\/person\/8f5ace5ce73b4b4aac4b7245aee6f191","name":"Jorge Matheus","url":"https:\/\/infoecos.com.ar\/index.php\/author\/jomatheus\/"}]}},"featured_image_urls":{"full":["https:\/\/infoecos.com.ar\/wp-content\/uploads\/2023\/07\/F0tpMssXgAA6r7Z.jpg",1600,738,false],"thumbnail":["https:\/\/infoecos.com.ar\/wp-content\/uploads\/2023\/07\/F0tpMssXgAA6r7Z-300x150.jpg",300,150,true],"medium":["https:\/\/infoecos.com.ar\/wp-content\/uploads\/2023\/07\/F0tpMssXgAA6r7Z-800x369.jpg",800,369,true],"medium_large":["https:\/\/infoecos.com.ar\/wp-content\/uploads\/2023\/07\/F0tpMssXgAA6r7Z-768x354.jpg",640,295,true],"large":["https:\/\/infoecos.com.ar\/wp-content\/uploads\/2023\/07\/F0tpMssXgAA6r7Z.jpg",640,295,false],"1536x1536":["https:\/\/infoecos.com.ar\/wp-content\/uploads\/2023\/07\/F0tpMssXgAA6r7Z-1536x708.jpg",1536,708,true],"2048x2048":["https:\/\/infoecos.com.ar\/wp-content\/uploads\/2023\/07\/F0tpMssXgAA6r7Z.jpg",1600,738,false],"covernews-slider-full":["https:\/\/infoecos.com.ar\/wp-content\/uploads\/2023\/07\/F0tpMssXgAA6r7Z-1536x738.jpg",1115,536,true],"covernews-slider-center":["https:\/\/infoecos.com.ar\/wp-content\/uploads\/2023\/07\/F0tpMssXgAA6r7Z-936x738.jpg",634,500,true],"covernews-featured":["https:\/\/infoecos.com.ar\/wp-content\/uploads\/2023\/07\/F0tpMssXgAA6r7Z-1024x472.jpg",1024,472,true],"covernews-medium":["https:\/\/infoecos.com.ar\/wp-content\/uploads\/2023\/07\/F0tpMssXgAA6r7Z-720x380.jpg",540,285,true],"covernews-medium-square":["https:\/\/infoecos.com.ar\/wp-content\/uploads\/2023\/07\/F0tpMssXgAA6r7Z-675x450.jpg",375,250,true]},"author_info":{"info":["Jorge Matheus"]},"category_info":"<a href=\"https:\/\/infoecos.com.ar\/index.php\/category\/c3nota2\/\" rel=\"category tag\">C3 N2<\/a>","tag_info":"C3 N2","comment_count":"0","_links":{"self":[{"href":"https:\/\/infoecos.com.ar\/index.php\/wp-json\/wp\/v2\/posts\/107083"}],"collection":[{"href":"https:\/\/infoecos.com.ar\/index.php\/wp-json\/wp\/v2\/posts"}],"about":[{"href":"https:\/\/infoecos.com.ar\/index.php\/wp-json\/wp\/v2\/types\/post"}],"author":[{"embeddable":true,"href":"https:\/\/infoecos.com.ar\/index.php\/wp-json\/wp\/v2\/users\/2"}],"replies":[{"embeddable":true,"href":"https:\/\/infoecos.com.ar\/index.php\/wp-json\/wp\/v2\/comments?post=107083"}],"version-history":[{"count":1,"href":"https:\/\/infoecos.com.ar\/index.php\/wp-json\/wp\/v2\/posts\/107083\/revisions"}],"predecessor-version":[{"id":107088,"href":"https:\/\/infoecos.com.ar\/index.php\/wp-json\/wp\/v2\/posts\/107083\/revisions\/107088"}],"wp:featuredmedia":[{"embeddable":true,"href":"https:\/\/infoecos.com.ar\/index.php\/wp-json\/wp\/v2\/media\/107084"}],"wp:attachment":[{"href":"https:\/\/infoecos.com.ar\/index.php\/wp-json\/wp\/v2\/media?parent=107083"}],"wp:term":[{"taxonomy":"category","embeddable":true,"href":"https:\/\/infoecos.com.ar\/index.php\/wp-json\/wp\/v2\/categories?post=107083"},{"taxonomy":"post_tag","embeddable":true,"href":"https:\/\/infoecos.com.ar\/index.php\/wp-json\/wp\/v2\/tags?post=107083"}],"curies":[{"name":"wp","href":"https:\/\/api.w.org\/{rel}","templated":true}]}}