{"id":107100,"date":"2023-07-10T23:03:05","date_gmt":"2023-07-11T02:03:05","guid":{"rendered":"https:\/\/infoecos.com.ar\/?p=107100"},"modified":"2023-07-11T20:10:30","modified_gmt":"2023-07-11T23:10:30","slug":"karina-bestabe-eleicegui-de-tres-lomas-pionera-en-recordar-a-traves-de-un-mural-a-rene-favaloro","status":"publish","type":"post","link":"https:\/\/infoecos.com.ar\/index.php\/karina-bestabe-eleicegui-de-tres-lomas-pionera-en-recordar-a-traves-de-un-mural-a-rene-favaloro\/","title":{"rendered":"Karina Bestab\u00e9 Eleicegui de Tres Lomas pionera en recordar a trav\u00e9s de un mural a Ren\u00e9 Favaloro"},"content":{"rendered":"\n<p>La artista pl\u00e1stica treslomense,&nbsp;<strong><a href=\"https:\/\/www.facebook.com\/karina.eleicegui?__cft__[0]=AZVXbFRykNftZwZ59aHpTVb24eTvhDzpsexMAtZKGcTt5Y52Xs0Ci8ISEkhp5NEGpGIVqDYWxj5xFs0uqSlkFb3fWpSYIvikOvrOKTnb_5uSBTGG66WeaCW2Y1zy9mFbGDE&amp;__tn__=-]C%2CP-R\">Karina Betsab\u00e9 Eleicegui<\/a><\/strong>, se adelant\u00f3 y hasta podr\u00edamos afirmar que se constituy\u00f3 en pionera para recordar, a trav\u00e9s de una obra art\u00edstica, a este verdadero Pr\u00f3cer argentino. <\/p>\n\n\n\n<p>Nuestro sitio public\u00f3 su trabajo a principios de este a\u00f1o.<\/p>\n\n\n\n<p>La nota textual que se subi\u00f3 a Infoecos:<\/p>\n\n\n\n<p>\u00abEst\u00e1 culminando una obra que impacta en el acceso a Tres Lomas, homenajeando al doctor Ren\u00e9 Favaloro.<\/p>\n\n\n\n<figure class=\"wp-block-image aligncenter\"><img loading=\"lazy\" decoding=\"async\" width=\"368\" height=\"460\" src=\"http:\/\/infoecos.com.ar\/wp-content\/uploads\/2021\/01\/karinaeleicegui-368x460.jpg\" alt=\"\" class=\"wp-image-72822\" srcset=\"https:\/\/infoecos.com.ar\/wp-content\/uploads\/2021\/01\/karinaeleicegui-368x460.jpg 368w, https:\/\/infoecos.com.ar\/wp-content\/uploads\/2021\/01\/karinaeleicegui.jpg 720w\" sizes=\"(max-width: 368px) 100vw, 368px\" \/><\/figure>\n\n\n\n<p>Se trata de la imagen del recordado cardiocirujano pintada en una de las paredes de la planta de almacenaje de la firma que pertenece a los hermanos Elortegui.<\/p>\n\n\n\n<p>La propia Karina comenta en la red Facebook que el \u00abel proyecto naci\u00f3 en el coraz\u00f3n de Marcelo Elortegui, quien como todos los argentinos siente admiraci\u00f3n, respeto por nuestro gran doctor Ren\u00e9 Favaloro, tan humano, que dedic\u00f3 su vida para salvar la de otros\u00bb.<\/p>\n\n\n\n<figure class=\"wp-block-image aligncenter is-resized\"><img loading=\"lazy\" decoding=\"async\" src=\"http:\/\/infoecos.com.ar\/wp-content\/uploads\/2021\/01\/favaloroentreslomas-343x460.jpg\" alt=\"\" class=\"wp-image-72823\" width=\"388\" height=\"517\"\/><\/figure>\n\n\n\n<p>Expone m\u00e1s adelante que al proyecto se sum\u00f3 el empresario Dante Gorj\u00f3n. Anticip\u00f3 que en los pr\u00f3ximos d\u00edas en su cuenta de la red social publicar\u00e1 fotograf\u00edas. Las publicaciones hechas hasta ahora han merecido 978 visitas, 407 comentarios y ha sido compartida por 419 personas. &nbsp;<\/p>\n\n\n\n<figure class=\"wp-block-image aligncenter\"><img loading=\"lazy\" decoding=\"async\" width=\"345\" height=\"460\" src=\"http:\/\/infoecos.com.ar\/wp-content\/uploads\/2021\/01\/favaloroentreslomas1-345x460.jpg\" alt=\"\" class=\"wp-image-72824\" srcset=\"https:\/\/infoecos.com.ar\/wp-content\/uploads\/2021\/01\/favaloroentreslomas1-345x460.jpg 345w, https:\/\/infoecos.com.ar\/wp-content\/uploads\/2021\/01\/favaloroentreslomas1-690x920.jpg 690w, https:\/\/infoecos.com.ar\/wp-content\/uploads\/2021\/01\/favaloroentreslomas1.jpg 720w\" sizes=\"(max-width: 345px) 100vw, 345px\" \/><\/figure>\n\n\n\n<p>El mural terminado. Agradecemos la colaboraci\u00f3n de nuestro excelente y destacado colega treslomense, Mario Barrio.<\/p>\n\n\n\n<figure class=\"wp-block-image aligncenter size-full is-resized\"><img loading=\"lazy\" decoding=\"async\" src=\"https:\/\/infoecos.com.ar\/wp-content\/uploads\/2023\/07\/favalorotreslomas3.jpg\" alt=\"\" class=\"wp-image-107102\" width=\"706\" height=\"318\" srcset=\"https:\/\/infoecos.com.ar\/wp-content\/uploads\/2023\/07\/favalorotreslomas3.jpg 1024w, https:\/\/infoecos.com.ar\/wp-content\/uploads\/2023\/07\/favalorotreslomas3-800x361.jpg 800w, https:\/\/infoecos.com.ar\/wp-content\/uploads\/2023\/07\/favalorotreslomas3-768x347.jpg 768w\" sizes=\"(max-width: 706px) 100vw, 706px\" \/><figcaption class=\"wp-element-caption\">Favaloro, Ren\u00e9 &#8211; Mural terminado en Tres Lomas<\/figcaption><\/figure>\n","protected":false},"excerpt":{"rendered":"<p>Karina coment\u00f3 en la red Facebook que el \u00abel proyecto naci\u00f3 en el coraz\u00f3n de Marcelo Elortegui, quien como todos los argentinos siente admiraci\u00f3n, respeto por nuestro gran doctor Ren\u00e9 Favaloro, tan humano, que dedic\u00f3 su vida para salvar la de otros\u00bb<\/p>\n","protected":false},"author":2,"featured_media":107102,"comment_status":"closed","ping_status":"open","sticky":false,"template":"","format":"standard","meta":{"footnotes":""},"categories":[1326,47],"tags":[8328],"class_list":["post-107100","post","type-post","status-publish","format-standard","has-post-thumbnail","hentry","category-c2nota6","category-c3nota2","tag-a-cien-anos-del-nacimiento"],"yoast_head":"<!-- This site is optimized with the Yoast SEO plugin v23.4 - https:\/\/yoast.com\/wordpress\/plugins\/seo\/ -->\n<title>Karina Bestab\u00e9 Eleicegui de Tres Lomas pionera en recordar a trav\u00e9s de un mural a Ren\u00e9 Favaloro - Infoecos<\/title>\n<meta name=\"robots\" content=\"index, follow, max-snippet:-1, max-image-preview:large, max-video-preview:-1\" \/>\n<link rel=\"canonical\" href=\"https:\/\/infoecos.com.ar\/index.php\/karina-bestabe-eleicegui-de-tres-lomas-pionera-en-recordar-a-traves-de-un-mural-a-rene-favaloro\/\" \/>\n<meta property=\"og:locale\" content=\"es_ES\" \/>\n<meta property=\"og:type\" content=\"article\" \/>\n<meta property=\"og:title\" content=\"Karina Bestab\u00e9 Eleicegui de Tres Lomas pionera en recordar a trav\u00e9s de un mural a Ren\u00e9 Favaloro - Infoecos\" \/>\n<meta property=\"og:description\" content=\"Karina coment\u00f3 en la red Facebook que el \u00abel proyecto naci\u00f3 en el coraz\u00f3n de Marcelo Elortegui, quien como todos los argentinos siente admiraci\u00f3n, respeto por nuestro gran doctor Ren\u00e9 Favaloro, tan humano, que dedic\u00f3 su vida para salvar la de otros\u00bb\" \/>\n<meta property=\"og:url\" content=\"https:\/\/infoecos.com.ar\/index.php\/karina-bestabe-eleicegui-de-tres-lomas-pionera-en-recordar-a-traves-de-un-mural-a-rene-favaloro\/\" \/>\n<meta property=\"og:site_name\" content=\"Infoecos\" \/>\n<meta property=\"article:publisher\" content=\"https:\/\/www.facebook.com\/profile.php?id=100063200290284\" \/>\n<meta property=\"article:published_time\" content=\"2023-07-11T02:03:05+00:00\" \/>\n<meta property=\"article:modified_time\" content=\"2023-07-11T23:10:30+00:00\" \/>\n<meta property=\"og:image\" content=\"https:\/\/infoecos.com.ar\/wp-content\/uploads\/2023\/07\/favalorotreslomas3.jpg\" \/>\n\t<meta property=\"og:image:width\" content=\"1024\" \/>\n\t<meta property=\"og:image:height\" content=\"462\" \/>\n\t<meta property=\"og:image:type\" content=\"image\/jpeg\" \/>\n<meta name=\"author\" content=\"Jorge Matheus\" \/>\n<meta name=\"twitter:card\" content=\"summary_large_image\" \/>\n<meta name=\"twitter:creator\" content=\"@infoecos\" \/>\n<meta name=\"twitter:site\" content=\"@infoecos\" \/>\n<meta name=\"twitter:label1\" content=\"Escrito por\" \/>\n\t<meta name=\"twitter:data1\" content=\"Jorge Matheus\" \/>\n\t<meta name=\"twitter:label2\" content=\"Tiempo de lectura\" \/>\n\t<meta name=\"twitter:data2\" content=\"2 minutos\" \/>\n<script type=\"application\/ld+json\" class=\"yoast-schema-graph\">{\"@context\":\"https:\/\/schema.org\",\"@graph\":[{\"@type\":\"Article\",\"@id\":\"https:\/\/infoecos.com.ar\/index.php\/karina-bestabe-eleicegui-de-tres-lomas-pionera-en-recordar-a-traves-de-un-mural-a-rene-favaloro\/#article\",\"isPartOf\":{\"@id\":\"https:\/\/infoecos.com.ar\/index.php\/karina-bestabe-eleicegui-de-tres-lomas-pionera-en-recordar-a-traves-de-un-mural-a-rene-favaloro\/\"},\"author\":{\"name\":\"Jorge Matheus\",\"@id\":\"https:\/\/infoecos.com.ar\/#\/schema\/person\/8f5ace5ce73b4b4aac4b7245aee6f191\"},\"headline\":\"Karina Bestab\u00e9 Eleicegui de Tres Lomas pionera en recordar a trav\u00e9s de un mural a Ren\u00e9 Favaloro\",\"datePublished\":\"2023-07-11T02:03:05+00:00\",\"dateModified\":\"2023-07-11T23:10:30+00:00\",\"mainEntityOfPage\":{\"@id\":\"https:\/\/infoecos.com.ar\/index.php\/karina-bestabe-eleicegui-de-tres-lomas-pionera-en-recordar-a-traves-de-un-mural-a-rene-favaloro\/\"},\"wordCount\":237,\"publisher\":{\"@id\":\"https:\/\/infoecos.com.ar\/#organization\"},\"image\":{\"@id\":\"https:\/\/infoecos.com.ar\/index.php\/karina-bestabe-eleicegui-de-tres-lomas-pionera-en-recordar-a-traves-de-un-mural-a-rene-favaloro\/#primaryimage\"},\"thumbnailUrl\":\"https:\/\/infoecos.com.ar\/wp-content\/uploads\/2023\/07\/favalorotreslomas3.jpg\",\"keywords\":[\"A CIEN A\u00d1OS DEL NACIMIENTO\"],\"articleSection\":[\"C2 N6\",\"C3 N2\"],\"inLanguage\":\"es\"},{\"@type\":\"WebPage\",\"@id\":\"https:\/\/infoecos.com.ar\/index.php\/karina-bestabe-eleicegui-de-tres-lomas-pionera-en-recordar-a-traves-de-un-mural-a-rene-favaloro\/\",\"url\":\"https:\/\/infoecos.com.ar\/index.php\/karina-bestabe-eleicegui-de-tres-lomas-pionera-en-recordar-a-traves-de-un-mural-a-rene-favaloro\/\",\"name\":\"Karina Bestab\u00e9 Eleicegui de Tres Lomas pionera en recordar a trav\u00e9s de un mural a Ren\u00e9 Favaloro - Infoecos\",\"isPartOf\":{\"@id\":\"https:\/\/infoecos.com.ar\/#website\"},\"primaryImageOfPage\":{\"@id\":\"https:\/\/infoecos.com.ar\/index.php\/karina-bestabe-eleicegui-de-tres-lomas-pionera-en-recordar-a-traves-de-un-mural-a-rene-favaloro\/#primaryimage\"},\"image\":{\"@id\":\"https:\/\/infoecos.com.ar\/index.php\/karina-bestabe-eleicegui-de-tres-lomas-pionera-en-recordar-a-traves-de-un-mural-a-rene-favaloro\/#primaryimage\"},\"thumbnailUrl\":\"https:\/\/infoecos.com.ar\/wp-content\/uploads\/2023\/07\/favalorotreslomas3.jpg\",\"datePublished\":\"2023-07-11T02:03:05+00:00\",\"dateModified\":\"2023-07-11T23:10:30+00:00\",\"breadcrumb\":{\"@id\":\"https:\/\/infoecos.com.ar\/index.php\/karina-bestabe-eleicegui-de-tres-lomas-pionera-en-recordar-a-traves-de-un-mural-a-rene-favaloro\/#breadcrumb\"},\"inLanguage\":\"es\",\"potentialAction\":[{\"@type\":\"ReadAction\",\"target\":[\"https:\/\/infoecos.com.ar\/index.php\/karina-bestabe-eleicegui-de-tres-lomas-pionera-en-recordar-a-traves-de-un-mural-a-rene-favaloro\/\"]}]},{\"@type\":\"ImageObject\",\"inLanguage\":\"es\",\"@id\":\"https:\/\/infoecos.com.ar\/index.php\/karina-bestabe-eleicegui-de-tres-lomas-pionera-en-recordar-a-traves-de-un-mural-a-rene-favaloro\/#primaryimage\",\"url\":\"https:\/\/infoecos.com.ar\/wp-content\/uploads\/2023\/07\/favalorotreslomas3.jpg\",\"contentUrl\":\"https:\/\/infoecos.com.ar\/wp-content\/uploads\/2023\/07\/favalorotreslomas3.jpg\",\"width\":1024,\"height\":462},{\"@type\":\"BreadcrumbList\",\"@id\":\"https:\/\/infoecos.com.ar\/index.php\/karina-bestabe-eleicegui-de-tres-lomas-pionera-en-recordar-a-traves-de-un-mural-a-rene-favaloro\/#breadcrumb\",\"itemListElement\":[{\"@type\":\"ListItem\",\"position\":1,\"name\":\"Portada\",\"item\":\"https:\/\/infoecos.com.ar\/\"},{\"@type\":\"ListItem\",\"position\":2,\"name\":\"Karina Bestab\u00e9 Eleicegui de Tres Lomas pionera en recordar a trav\u00e9s de un mural a Ren\u00e9 Favaloro\"}]},{\"@type\":\"WebSite\",\"@id\":\"https:\/\/infoecos.com.ar\/#website\",\"url\":\"https:\/\/infoecos.com.ar\/\",\"name\":\"Infoecos\",\"description\":\"Noticias de trenque lauquen y la zona\",\"publisher\":{\"@id\":\"https:\/\/infoecos.com.ar\/#organization\"},\"alternateName\":\"Noticias\",\"potentialAction\":[{\"@type\":\"SearchAction\",\"target\":{\"@type\":\"EntryPoint\",\"urlTemplate\":\"https:\/\/infoecos.com.ar\/?s={search_term_string}\"},\"query-input\":{\"@type\":\"PropertyValueSpecification\",\"valueRequired\":true,\"valueName\":\"search_term_string\"}}],\"inLanguage\":\"es\"},{\"@type\":\"Organization\",\"@id\":\"https:\/\/infoecos.com.ar\/#organization\",\"name\":\"Infoecos\",\"alternateName\":\"Noticias\",\"url\":\"https:\/\/infoecos.com.ar\/\",\"logo\":{\"@type\":\"ImageObject\",\"inLanguage\":\"es\",\"@id\":\"https:\/\/infoecos.com.ar\/#\/schema\/logo\/image\/\",\"url\":\"https:\/\/infoecos.com.ar\/wp-content\/uploads\/2024\/03\/cropped-logo.png\",\"contentUrl\":\"https:\/\/infoecos.com.ar\/wp-content\/uploads\/2024\/03\/cropped-logo.png\",\"width\":374,\"height\":90,\"caption\":\"Infoecos\"},\"image\":{\"@id\":\"https:\/\/infoecos.com.ar\/#\/schema\/logo\/image\/\"},\"sameAs\":[\"https:\/\/www.facebook.com\/profile.php?id=100063200290284\",\"https:\/\/x.com\/infoecos\"]},{\"@type\":\"Person\",\"@id\":\"https:\/\/infoecos.com.ar\/#\/schema\/person\/8f5ace5ce73b4b4aac4b7245aee6f191\",\"name\":\"Jorge Matheus\",\"url\":\"https:\/\/infoecos.com.ar\/index.php\/author\/jomatheus\/\"}]}<\/script>\n<!-- \/ Yoast SEO plugin. -->","yoast_head_json":{"title":"Karina Bestab\u00e9 Eleicegui de Tres Lomas pionera en recordar a trav\u00e9s de un mural a Ren\u00e9 Favaloro - Infoecos","robots":{"index":"index","follow":"follow","max-snippet":"max-snippet:-1","max-image-preview":"max-image-preview:large","max-video-preview":"max-video-preview:-1"},"canonical":"https:\/\/infoecos.com.ar\/index.php\/karina-bestabe-eleicegui-de-tres-lomas-pionera-en-recordar-a-traves-de-un-mural-a-rene-favaloro\/","og_locale":"es_ES","og_type":"article","og_title":"Karina Bestab\u00e9 Eleicegui de Tres Lomas pionera en recordar a trav\u00e9s de un mural a Ren\u00e9 Favaloro - Infoecos","og_description":"Karina coment\u00f3 en la red Facebook que el \u00abel proyecto naci\u00f3 en el coraz\u00f3n de Marcelo Elortegui, quien como todos los argentinos siente admiraci\u00f3n, respeto por nuestro gran doctor Ren\u00e9 Favaloro, tan humano, que dedic\u00f3 su vida para salvar la de otros\u00bb","og_url":"https:\/\/infoecos.com.ar\/index.php\/karina-bestabe-eleicegui-de-tres-lomas-pionera-en-recordar-a-traves-de-un-mural-a-rene-favaloro\/","og_site_name":"Infoecos","article_publisher":"https:\/\/www.facebook.com\/profile.php?id=100063200290284","article_published_time":"2023-07-11T02:03:05+00:00","article_modified_time":"2023-07-11T23:10:30+00:00","og_image":[{"width":1024,"height":462,"url":"https:\/\/infoecos.com.ar\/wp-content\/uploads\/2023\/07\/favalorotreslomas3.jpg","type":"image\/jpeg"}],"author":"Jorge Matheus","twitter_card":"summary_large_image","twitter_creator":"@infoecos","twitter_site":"@infoecos","twitter_misc":{"Escrito por":"Jorge Matheus","Tiempo de lectura":"2 minutos"},"schema":{"@context":"https:\/\/schema.org","@graph":[{"@type":"Article","@id":"https:\/\/infoecos.com.ar\/index.php\/karina-bestabe-eleicegui-de-tres-lomas-pionera-en-recordar-a-traves-de-un-mural-a-rene-favaloro\/#article","isPartOf":{"@id":"https:\/\/infoecos.com.ar\/index.php\/karina-bestabe-eleicegui-de-tres-lomas-pionera-en-recordar-a-traves-de-un-mural-a-rene-favaloro\/"},"author":{"name":"Jorge Matheus","@id":"https:\/\/infoecos.com.ar\/#\/schema\/person\/8f5ace5ce73b4b4aac4b7245aee6f191"},"headline":"Karina Bestab\u00e9 Eleicegui de Tres Lomas pionera en recordar a trav\u00e9s de un mural a Ren\u00e9 Favaloro","datePublished":"2023-07-11T02:03:05+00:00","dateModified":"2023-07-11T23:10:30+00:00","mainEntityOfPage":{"@id":"https:\/\/infoecos.com.ar\/index.php\/karina-bestabe-eleicegui-de-tres-lomas-pionera-en-recordar-a-traves-de-un-mural-a-rene-favaloro\/"},"wordCount":237,"publisher":{"@id":"https:\/\/infoecos.com.ar\/#organization"},"image":{"@id":"https:\/\/infoecos.com.ar\/index.php\/karina-bestabe-eleicegui-de-tres-lomas-pionera-en-recordar-a-traves-de-un-mural-a-rene-favaloro\/#primaryimage"},"thumbnailUrl":"https:\/\/infoecos.com.ar\/wp-content\/uploads\/2023\/07\/favalorotreslomas3.jpg","keywords":["A CIEN A\u00d1OS DEL NACIMIENTO"],"articleSection":["C2 N6","C3 N2"],"inLanguage":"es"},{"@type":"WebPage","@id":"https:\/\/infoecos.com.ar\/index.php\/karina-bestabe-eleicegui-de-tres-lomas-pionera-en-recordar-a-traves-de-un-mural-a-rene-favaloro\/","url":"https:\/\/infoecos.com.ar\/index.php\/karina-bestabe-eleicegui-de-tres-lomas-pionera-en-recordar-a-traves-de-un-mural-a-rene-favaloro\/","name":"Karina Bestab\u00e9 Eleicegui de Tres Lomas pionera en recordar a trav\u00e9s de un mural a Ren\u00e9 Favaloro - Infoecos","isPartOf":{"@id":"https:\/\/infoecos.com.ar\/#website"},"primaryImageOfPage":{"@id":"https:\/\/infoecos.com.ar\/index.php\/karina-bestabe-eleicegui-de-tres-lomas-pionera-en-recordar-a-traves-de-un-mural-a-rene-favaloro\/#primaryimage"},"image":{"@id":"https:\/\/infoecos.com.ar\/index.php\/karina-bestabe-eleicegui-de-tres-lomas-pionera-en-recordar-a-traves-de-un-mural-a-rene-favaloro\/#primaryimage"},"thumbnailUrl":"https:\/\/infoecos.com.ar\/wp-content\/uploads\/2023\/07\/favalorotreslomas3.jpg","datePublished":"2023-07-11T02:03:05+00:00","dateModified":"2023-07-11T23:10:30+00:00","breadcrumb":{"@id":"https:\/\/infoecos.com.ar\/index.php\/karina-bestabe-eleicegui-de-tres-lomas-pionera-en-recordar-a-traves-de-un-mural-a-rene-favaloro\/#breadcrumb"},"inLanguage":"es","potentialAction":[{"@type":"ReadAction","target":["https:\/\/infoecos.com.ar\/index.php\/karina-bestabe-eleicegui-de-tres-lomas-pionera-en-recordar-a-traves-de-un-mural-a-rene-favaloro\/"]}]},{"@type":"ImageObject","inLanguage":"es","@id":"https:\/\/infoecos.com.ar\/index.php\/karina-bestabe-eleicegui-de-tres-lomas-pionera-en-recordar-a-traves-de-un-mural-a-rene-favaloro\/#primaryimage","url":"https:\/\/infoecos.com.ar\/wp-content\/uploads\/2023\/07\/favalorotreslomas3.jpg","contentUrl":"https:\/\/infoecos.com.ar\/wp-content\/uploads\/2023\/07\/favalorotreslomas3.jpg","width":1024,"height":462},{"@type":"BreadcrumbList","@id":"https:\/\/infoecos.com.ar\/index.php\/karina-bestabe-eleicegui-de-tres-lomas-pionera-en-recordar-a-traves-de-un-mural-a-rene-favaloro\/#breadcrumb","itemListElement":[{"@type":"ListItem","position":1,"name":"Portada","item":"https:\/\/infoecos.com.ar\/"},{"@type":"ListItem","position":2,"name":"Karina Bestab\u00e9 Eleicegui de Tres Lomas pionera en recordar a trav\u00e9s de un mural a Ren\u00e9 Favaloro"}]},{"@type":"WebSite","@id":"https:\/\/infoecos.com.ar\/#website","url":"https:\/\/infoecos.com.ar\/","name":"Infoecos","description":"Noticias de trenque lauquen y la zona","publisher":{"@id":"https:\/\/infoecos.com.ar\/#organization"},"alternateName":"Noticias","potentialAction":[{"@type":"SearchAction","target":{"@type":"EntryPoint","urlTemplate":"https:\/\/infoecos.com.ar\/?s={search_term_string}"},"query-input":{"@type":"PropertyValueSpecification","valueRequired":true,"valueName":"search_term_string"}}],"inLanguage":"es"},{"@type":"Organization","@id":"https:\/\/infoecos.com.ar\/#organization","name":"Infoecos","alternateName":"Noticias","url":"https:\/\/infoecos.com.ar\/","logo":{"@type":"ImageObject","inLanguage":"es","@id":"https:\/\/infoecos.com.ar\/#\/schema\/logo\/image\/","url":"https:\/\/infoecos.com.ar\/wp-content\/uploads\/2024\/03\/cropped-logo.png","contentUrl":"https:\/\/infoecos.com.ar\/wp-content\/uploads\/2024\/03\/cropped-logo.png","width":374,"height":90,"caption":"Infoecos"},"image":{"@id":"https:\/\/infoecos.com.ar\/#\/schema\/logo\/image\/"},"sameAs":["https:\/\/www.facebook.com\/profile.php?id=100063200290284","https:\/\/x.com\/infoecos"]},{"@type":"Person","@id":"https:\/\/infoecos.com.ar\/#\/schema\/person\/8f5ace5ce73b4b4aac4b7245aee6f191","name":"Jorge Matheus","url":"https:\/\/infoecos.com.ar\/index.php\/author\/jomatheus\/"}]}},"featured_image_urls":{"full":["https:\/\/infoecos.com.ar\/wp-content\/uploads\/2023\/07\/favalorotreslomas3.jpg",1024,462,false],"thumbnail":["https:\/\/infoecos.com.ar\/wp-content\/uploads\/2023\/07\/favalorotreslomas3-300x150.jpg",300,150,true],"medium":["https:\/\/infoecos.com.ar\/wp-content\/uploads\/2023\/07\/favalorotreslomas3-800x361.jpg",800,361,true],"medium_large":["https:\/\/infoecos.com.ar\/wp-content\/uploads\/2023\/07\/favalorotreslomas3-768x347.jpg",640,289,true],"large":["https:\/\/infoecos.com.ar\/wp-content\/uploads\/2023\/07\/favalorotreslomas3.jpg",640,289,false],"1536x1536":["https:\/\/infoecos.com.ar\/wp-content\/uploads\/2023\/07\/favalorotreslomas3.jpg",1024,462,false],"2048x2048":["https:\/\/infoecos.com.ar\/wp-content\/uploads\/2023\/07\/favalorotreslomas3.jpg",1024,462,false],"covernews-slider-full":["https:\/\/infoecos.com.ar\/wp-content\/uploads\/2023\/07\/favalorotreslomas3.jpg",1024,462,false],"covernews-slider-center":["https:\/\/infoecos.com.ar\/wp-content\/uploads\/2023\/07\/favalorotreslomas3-936x462.jpg",800,395,true],"covernews-featured":["https:\/\/infoecos.com.ar\/wp-content\/uploads\/2023\/07\/favalorotreslomas3.jpg",1024,462,false],"covernews-medium":["https:\/\/infoecos.com.ar\/wp-content\/uploads\/2023\/07\/favalorotreslomas3-720x380.jpg",540,285,true],"covernews-medium-square":["https:\/\/infoecos.com.ar\/wp-content\/uploads\/2023\/07\/favalorotreslomas3-675x450.jpg",375,250,true]},"author_info":{"info":["Jorge Matheus"]},"category_info":"<a href=\"https:\/\/infoecos.com.ar\/index.php\/category\/c2nota6\/\" rel=\"category tag\">C2 N6<\/a> <a href=\"https:\/\/infoecos.com.ar\/index.php\/category\/c3nota2\/\" rel=\"category tag\">C3 N2<\/a>","tag_info":"C3 N2","comment_count":"0","_links":{"self":[{"href":"https:\/\/infoecos.com.ar\/index.php\/wp-json\/wp\/v2\/posts\/107100"}],"collection":[{"href":"https:\/\/infoecos.com.ar\/index.php\/wp-json\/wp\/v2\/posts"}],"about":[{"href":"https:\/\/infoecos.com.ar\/index.php\/wp-json\/wp\/v2\/types\/post"}],"author":[{"embeddable":true,"href":"https:\/\/infoecos.com.ar\/index.php\/wp-json\/wp\/v2\/users\/2"}],"replies":[{"embeddable":true,"href":"https:\/\/infoecos.com.ar\/index.php\/wp-json\/wp\/v2\/comments?post=107100"}],"version-history":[{"count":2,"href":"https:\/\/infoecos.com.ar\/index.php\/wp-json\/wp\/v2\/posts\/107100\/revisions"}],"predecessor-version":[{"id":107156,"href":"https:\/\/infoecos.com.ar\/index.php\/wp-json\/wp\/v2\/posts\/107100\/revisions\/107156"}],"wp:featuredmedia":[{"embeddable":true,"href":"https:\/\/infoecos.com.ar\/index.php\/wp-json\/wp\/v2\/media\/107102"}],"wp:attachment":[{"href":"https:\/\/infoecos.com.ar\/index.php\/wp-json\/wp\/v2\/media?parent=107100"}],"wp:term":[{"taxonomy":"category","embeddable":true,"href":"https:\/\/infoecos.com.ar\/index.php\/wp-json\/wp\/v2\/categories?post=107100"},{"taxonomy":"post_tag","embeddable":true,"href":"https:\/\/infoecos.com.ar\/index.php\/wp-json\/wp\/v2\/tags?post=107100"}],"curies":[{"name":"wp","href":"https:\/\/api.w.org\/{rel}","templated":true}]}}