{"id":107138,"date":"2023-07-11T02:21:17","date_gmt":"2023-07-11T05:21:17","guid":{"rendered":"https:\/\/infoecos.com.ar\/?p=107138"},"modified":"2023-07-11T20:12:53","modified_gmt":"2023-07-11T23:12:53","slug":"el-intendente-de-general-pinto-responsabilizo-al-poder-judicial-por-la-libertad-de-sancho","status":"publish","type":"post","link":"https:\/\/infoecos.com.ar\/index.php\/el-intendente-de-general-pinto-responsabilizo-al-poder-judicial-por-la-libertad-de-sancho\/","title":{"rendered":"El intendente de G. Pinto responsabiliz\u00f3 al Poder Judicial por la libertad de Sancho"},"content":{"rendered":"\n<p>Freddy Zavatarelli, intendente de General Pinto, responsabiliz\u00f3 al Poder Judicial por la libertad que gozaba Leonel Sancho, el asesino.<\/p>\n\n\n\n<figure class=\"wp-block-image aligncenter size-full is-resized\"><img loading=\"lazy\" decoding=\"async\" src=\"https:\/\/infoecos.com.ar\/wp-content\/uploads\/2023\/07\/image-64.png\" alt=\"\" class=\"wp-image-107139\" width=\"549\" height=\"309\" srcset=\"https:\/\/infoecos.com.ar\/wp-content\/uploads\/2023\/07\/image-64.png 1024w, https:\/\/infoecos.com.ar\/wp-content\/uploads\/2023\/07\/image-64-800x451.png 800w, https:\/\/infoecos.com.ar\/wp-content\/uploads\/2023\/07\/image-64-768x433.png 768w\" sizes=\"(max-width: 549px) 100vw, 549px\" \/><figcaption class=\"wp-element-caption\">General Pinto:<strong>Foto y parte del texto: distritointerior.com.ar<\/strong><\/figcaption><\/figure>\n\n\n\n<p>Desminti\u00f3 que Sancho estuviese siendo asistido por el Estado local, \u00abnunca, jam\u00e1s, se le dio un solo material al delincuente\u00bb, asegur\u00f3; admitiendo que s\u00ed se asiste a su hermana, menor de edad, quien acaba de ser madre, y vive a su vez con otro hermano tambi\u00e9n menor en el mismo lugar. Dado que tanto la mujer como la criatura no tienen para comer se tom\u00f3 esa decisi\u00f3n conjuntamente con los entes competentes en minoridad de asistirlos de ese modo.<\/p>\n\n\n\n<figure class=\"wp-block-image aligncenter size-full is-resized\"><img loading=\"lazy\" decoding=\"async\" src=\"https:\/\/infoecos.com.ar\/wp-content\/uploads\/2023\/07\/image-65.png\" alt=\"\" class=\"wp-image-107140\" width=\"550\" height=\"266\"\/><figcaption class=\"wp-element-caption\">General Pinto &#8211; manifestaci\u00f3n<\/figcaption><\/figure>\n\n\n\n<p>\u00abEstoy consternado como vecino, adem\u00e1s de intendente y padre de c\u00f3mo mi comunidad reclama justicia; pedido al que me sumo\u00bb, se\u00f1al\u00f3 el mandatario comunal.<\/p>\n\n\n\n<p>Zavatarelli declar\u00f3 que no es incumbencia de un intendente manejar el poder judicial, si puede un intendente brindarle a la polic\u00eda todo lo necesario para poder trabajar como se hace, patrulleros, edificios en condiciones, combustible, etc.<\/p>\n\n\n\n<p>Fuente: distritointerior.com.ar<\/p>\n","protected":false},"excerpt":{"rendered":"<p>\u00abEstoy consternado como vecino, adem\u00e1s de intendente y padre de c\u00f3mo mi comunidad reclama justicia; pedido al que me sumo\u00bb, se\u00f1al\u00f3 el mandatario comunal<\/p>\n","protected":false},"author":2,"featured_media":107140,"comment_status":"closed","ping_status":"open","sticky":false,"template":"","format":"standard","meta":{"footnotes":""},"categories":[41],"tags":[8333],"class_list":["post-107138","post","type-post","status-publish","format-standard","has-post-thumbnail","hentry","category-inferior2","tag-el-pueblo-sale-a-la-calle"],"yoast_head":"<!-- This site is optimized with the Yoast SEO plugin v23.4 - https:\/\/yoast.com\/wordpress\/plugins\/seo\/ -->\n<title>El intendente de G. Pinto responsabiliz\u00f3 al Poder Judicial por la libertad de Sancho - Infoecos<\/title>\n<meta name=\"robots\" content=\"index, follow, max-snippet:-1, max-image-preview:large, max-video-preview:-1\" \/>\n<link rel=\"canonical\" href=\"https:\/\/infoecos.com.ar\/index.php\/el-intendente-de-general-pinto-responsabilizo-al-poder-judicial-por-la-libertad-de-sancho\/\" \/>\n<meta property=\"og:locale\" content=\"es_ES\" \/>\n<meta property=\"og:type\" content=\"article\" \/>\n<meta property=\"og:title\" content=\"El intendente de G. Pinto responsabiliz\u00f3 al Poder Judicial por la libertad de Sancho - Infoecos\" \/>\n<meta property=\"og:description\" content=\"\u00abEstoy consternado como vecino, adem\u00e1s de intendente y padre de c\u00f3mo mi comunidad reclama justicia; pedido al que me sumo\u00bb, se\u00f1al\u00f3 el mandatario comunal\" \/>\n<meta property=\"og:url\" content=\"https:\/\/infoecos.com.ar\/index.php\/el-intendente-de-general-pinto-responsabilizo-al-poder-judicial-por-la-libertad-de-sancho\/\" \/>\n<meta property=\"og:site_name\" content=\"Infoecos\" \/>\n<meta property=\"article:publisher\" content=\"https:\/\/www.facebook.com\/profile.php?id=100063200290284\" \/>\n<meta property=\"article:published_time\" content=\"2023-07-11T05:21:17+00:00\" \/>\n<meta property=\"article:modified_time\" content=\"2023-07-11T23:12:53+00:00\" \/>\n<meta property=\"og:image\" content=\"https:\/\/infoecos.com.ar\/wp-content\/uploads\/2023\/07\/image-65.png\" \/>\n\t<meta property=\"og:image:width\" content=\"620\" \/>\n\t<meta property=\"og:image:height\" content=\"300\" \/>\n\t<meta property=\"og:image:type\" content=\"image\/png\" \/>\n<meta name=\"author\" content=\"Jorge Matheus\" \/>\n<meta name=\"twitter:card\" content=\"summary_large_image\" \/>\n<meta name=\"twitter:creator\" content=\"@infoecos\" \/>\n<meta name=\"twitter:site\" content=\"@infoecos\" \/>\n<meta name=\"twitter:label1\" content=\"Escrito por\" \/>\n\t<meta name=\"twitter:data1\" content=\"Jorge Matheus\" \/>\n\t<meta name=\"twitter:label2\" content=\"Tiempo de lectura\" \/>\n\t<meta name=\"twitter:data2\" content=\"2 minutos\" \/>\n<script type=\"application\/ld+json\" class=\"yoast-schema-graph\">{\"@context\":\"https:\/\/schema.org\",\"@graph\":[{\"@type\":\"Article\",\"@id\":\"https:\/\/infoecos.com.ar\/index.php\/el-intendente-de-general-pinto-responsabilizo-al-poder-judicial-por-la-libertad-de-sancho\/#article\",\"isPartOf\":{\"@id\":\"https:\/\/infoecos.com.ar\/index.php\/el-intendente-de-general-pinto-responsabilizo-al-poder-judicial-por-la-libertad-de-sancho\/\"},\"author\":{\"name\":\"Jorge Matheus\",\"@id\":\"https:\/\/infoecos.com.ar\/#\/schema\/person\/8f5ace5ce73b4b4aac4b7245aee6f191\"},\"headline\":\"El intendente de G. Pinto responsabiliz\u00f3 al Poder Judicial por la libertad de Sancho\",\"datePublished\":\"2023-07-11T05:21:17+00:00\",\"dateModified\":\"2023-07-11T23:12:53+00:00\",\"mainEntityOfPage\":{\"@id\":\"https:\/\/infoecos.com.ar\/index.php\/el-intendente-de-general-pinto-responsabilizo-al-poder-judicial-por-la-libertad-de-sancho\/\"},\"wordCount\":198,\"publisher\":{\"@id\":\"https:\/\/infoecos.com.ar\/#organization\"},\"image\":{\"@id\":\"https:\/\/infoecos.com.ar\/index.php\/el-intendente-de-general-pinto-responsabilizo-al-poder-judicial-por-la-libertad-de-sancho\/#primaryimage\"},\"thumbnailUrl\":\"https:\/\/infoecos.com.ar\/wp-content\/uploads\/2023\/07\/image-65.png\",\"keywords\":[\"EL PUEBLO SALE A LA CALLE\"],\"articleSection\":[\"Bloque inferior - 2\"],\"inLanguage\":\"es\"},{\"@type\":\"WebPage\",\"@id\":\"https:\/\/infoecos.com.ar\/index.php\/el-intendente-de-general-pinto-responsabilizo-al-poder-judicial-por-la-libertad-de-sancho\/\",\"url\":\"https:\/\/infoecos.com.ar\/index.php\/el-intendente-de-general-pinto-responsabilizo-al-poder-judicial-por-la-libertad-de-sancho\/\",\"name\":\"El intendente de G. Pinto responsabiliz\u00f3 al Poder Judicial por la libertad de Sancho - Infoecos\",\"isPartOf\":{\"@id\":\"https:\/\/infoecos.com.ar\/#website\"},\"primaryImageOfPage\":{\"@id\":\"https:\/\/infoecos.com.ar\/index.php\/el-intendente-de-general-pinto-responsabilizo-al-poder-judicial-por-la-libertad-de-sancho\/#primaryimage\"},\"image\":{\"@id\":\"https:\/\/infoecos.com.ar\/index.php\/el-intendente-de-general-pinto-responsabilizo-al-poder-judicial-por-la-libertad-de-sancho\/#primaryimage\"},\"thumbnailUrl\":\"https:\/\/infoecos.com.ar\/wp-content\/uploads\/2023\/07\/image-65.png\",\"datePublished\":\"2023-07-11T05:21:17+00:00\",\"dateModified\":\"2023-07-11T23:12:53+00:00\",\"breadcrumb\":{\"@id\":\"https:\/\/infoecos.com.ar\/index.php\/el-intendente-de-general-pinto-responsabilizo-al-poder-judicial-por-la-libertad-de-sancho\/#breadcrumb\"},\"inLanguage\":\"es\",\"potentialAction\":[{\"@type\":\"ReadAction\",\"target\":[\"https:\/\/infoecos.com.ar\/index.php\/el-intendente-de-general-pinto-responsabilizo-al-poder-judicial-por-la-libertad-de-sancho\/\"]}]},{\"@type\":\"ImageObject\",\"inLanguage\":\"es\",\"@id\":\"https:\/\/infoecos.com.ar\/index.php\/el-intendente-de-general-pinto-responsabilizo-al-poder-judicial-por-la-libertad-de-sancho\/#primaryimage\",\"url\":\"https:\/\/infoecos.com.ar\/wp-content\/uploads\/2023\/07\/image-65.png\",\"contentUrl\":\"https:\/\/infoecos.com.ar\/wp-content\/uploads\/2023\/07\/image-65.png\",\"width\":620,\"height\":300},{\"@type\":\"BreadcrumbList\",\"@id\":\"https:\/\/infoecos.com.ar\/index.php\/el-intendente-de-general-pinto-responsabilizo-al-poder-judicial-por-la-libertad-de-sancho\/#breadcrumb\",\"itemListElement\":[{\"@type\":\"ListItem\",\"position\":1,\"name\":\"Portada\",\"item\":\"https:\/\/infoecos.com.ar\/\"},{\"@type\":\"ListItem\",\"position\":2,\"name\":\"El intendente de G. Pinto responsabiliz\u00f3 al Poder Judicial por la libertad de Sancho\"}]},{\"@type\":\"WebSite\",\"@id\":\"https:\/\/infoecos.com.ar\/#website\",\"url\":\"https:\/\/infoecos.com.ar\/\",\"name\":\"Infoecos\",\"description\":\"Noticias de trenque lauquen y la zona\",\"publisher\":{\"@id\":\"https:\/\/infoecos.com.ar\/#organization\"},\"alternateName\":\"Noticias\",\"potentialAction\":[{\"@type\":\"SearchAction\",\"target\":{\"@type\":\"EntryPoint\",\"urlTemplate\":\"https:\/\/infoecos.com.ar\/?s={search_term_string}\"},\"query-input\":{\"@type\":\"PropertyValueSpecification\",\"valueRequired\":true,\"valueName\":\"search_term_string\"}}],\"inLanguage\":\"es\"},{\"@type\":\"Organization\",\"@id\":\"https:\/\/infoecos.com.ar\/#organization\",\"name\":\"Infoecos\",\"alternateName\":\"Noticias\",\"url\":\"https:\/\/infoecos.com.ar\/\",\"logo\":{\"@type\":\"ImageObject\",\"inLanguage\":\"es\",\"@id\":\"https:\/\/infoecos.com.ar\/#\/schema\/logo\/image\/\",\"url\":\"https:\/\/infoecos.com.ar\/wp-content\/uploads\/2024\/03\/cropped-logo.png\",\"contentUrl\":\"https:\/\/infoecos.com.ar\/wp-content\/uploads\/2024\/03\/cropped-logo.png\",\"width\":374,\"height\":90,\"caption\":\"Infoecos\"},\"image\":{\"@id\":\"https:\/\/infoecos.com.ar\/#\/schema\/logo\/image\/\"},\"sameAs\":[\"https:\/\/www.facebook.com\/profile.php?id=100063200290284\",\"https:\/\/x.com\/infoecos\"]},{\"@type\":\"Person\",\"@id\":\"https:\/\/infoecos.com.ar\/#\/schema\/person\/8f5ace5ce73b4b4aac4b7245aee6f191\",\"name\":\"Jorge Matheus\",\"url\":\"https:\/\/infoecos.com.ar\/index.php\/author\/jomatheus\/\"}]}<\/script>\n<!-- \/ Yoast SEO plugin. -->","yoast_head_json":{"title":"El intendente de G. Pinto responsabiliz\u00f3 al Poder Judicial por la libertad de Sancho - Infoecos","robots":{"index":"index","follow":"follow","max-snippet":"max-snippet:-1","max-image-preview":"max-image-preview:large","max-video-preview":"max-video-preview:-1"},"canonical":"https:\/\/infoecos.com.ar\/index.php\/el-intendente-de-general-pinto-responsabilizo-al-poder-judicial-por-la-libertad-de-sancho\/","og_locale":"es_ES","og_type":"article","og_title":"El intendente de G. Pinto responsabiliz\u00f3 al Poder Judicial por la libertad de Sancho - Infoecos","og_description":"\u00abEstoy consternado como vecino, adem\u00e1s de intendente y padre de c\u00f3mo mi comunidad reclama justicia; pedido al que me sumo\u00bb, se\u00f1al\u00f3 el mandatario comunal","og_url":"https:\/\/infoecos.com.ar\/index.php\/el-intendente-de-general-pinto-responsabilizo-al-poder-judicial-por-la-libertad-de-sancho\/","og_site_name":"Infoecos","article_publisher":"https:\/\/www.facebook.com\/profile.php?id=100063200290284","article_published_time":"2023-07-11T05:21:17+00:00","article_modified_time":"2023-07-11T23:12:53+00:00","og_image":[{"width":620,"height":300,"url":"https:\/\/infoecos.com.ar\/wp-content\/uploads\/2023\/07\/image-65.png","type":"image\/png"}],"author":"Jorge Matheus","twitter_card":"summary_large_image","twitter_creator":"@infoecos","twitter_site":"@infoecos","twitter_misc":{"Escrito por":"Jorge Matheus","Tiempo de lectura":"2 minutos"},"schema":{"@context":"https:\/\/schema.org","@graph":[{"@type":"Article","@id":"https:\/\/infoecos.com.ar\/index.php\/el-intendente-de-general-pinto-responsabilizo-al-poder-judicial-por-la-libertad-de-sancho\/#article","isPartOf":{"@id":"https:\/\/infoecos.com.ar\/index.php\/el-intendente-de-general-pinto-responsabilizo-al-poder-judicial-por-la-libertad-de-sancho\/"},"author":{"name":"Jorge Matheus","@id":"https:\/\/infoecos.com.ar\/#\/schema\/person\/8f5ace5ce73b4b4aac4b7245aee6f191"},"headline":"El intendente de G. Pinto responsabiliz\u00f3 al Poder Judicial por la libertad de Sancho","datePublished":"2023-07-11T05:21:17+00:00","dateModified":"2023-07-11T23:12:53+00:00","mainEntityOfPage":{"@id":"https:\/\/infoecos.com.ar\/index.php\/el-intendente-de-general-pinto-responsabilizo-al-poder-judicial-por-la-libertad-de-sancho\/"},"wordCount":198,"publisher":{"@id":"https:\/\/infoecos.com.ar\/#organization"},"image":{"@id":"https:\/\/infoecos.com.ar\/index.php\/el-intendente-de-general-pinto-responsabilizo-al-poder-judicial-por-la-libertad-de-sancho\/#primaryimage"},"thumbnailUrl":"https:\/\/infoecos.com.ar\/wp-content\/uploads\/2023\/07\/image-65.png","keywords":["EL PUEBLO SALE A LA CALLE"],"articleSection":["Bloque inferior - 2"],"inLanguage":"es"},{"@type":"WebPage","@id":"https:\/\/infoecos.com.ar\/index.php\/el-intendente-de-general-pinto-responsabilizo-al-poder-judicial-por-la-libertad-de-sancho\/","url":"https:\/\/infoecos.com.ar\/index.php\/el-intendente-de-general-pinto-responsabilizo-al-poder-judicial-por-la-libertad-de-sancho\/","name":"El intendente de G. Pinto responsabiliz\u00f3 al Poder Judicial por la libertad de Sancho - Infoecos","isPartOf":{"@id":"https:\/\/infoecos.com.ar\/#website"},"primaryImageOfPage":{"@id":"https:\/\/infoecos.com.ar\/index.php\/el-intendente-de-general-pinto-responsabilizo-al-poder-judicial-por-la-libertad-de-sancho\/#primaryimage"},"image":{"@id":"https:\/\/infoecos.com.ar\/index.php\/el-intendente-de-general-pinto-responsabilizo-al-poder-judicial-por-la-libertad-de-sancho\/#primaryimage"},"thumbnailUrl":"https:\/\/infoecos.com.ar\/wp-content\/uploads\/2023\/07\/image-65.png","datePublished":"2023-07-11T05:21:17+00:00","dateModified":"2023-07-11T23:12:53+00:00","breadcrumb":{"@id":"https:\/\/infoecos.com.ar\/index.php\/el-intendente-de-general-pinto-responsabilizo-al-poder-judicial-por-la-libertad-de-sancho\/#breadcrumb"},"inLanguage":"es","potentialAction":[{"@type":"ReadAction","target":["https:\/\/infoecos.com.ar\/index.php\/el-intendente-de-general-pinto-responsabilizo-al-poder-judicial-por-la-libertad-de-sancho\/"]}]},{"@type":"ImageObject","inLanguage":"es","@id":"https:\/\/infoecos.com.ar\/index.php\/el-intendente-de-general-pinto-responsabilizo-al-poder-judicial-por-la-libertad-de-sancho\/#primaryimage","url":"https:\/\/infoecos.com.ar\/wp-content\/uploads\/2023\/07\/image-65.png","contentUrl":"https:\/\/infoecos.com.ar\/wp-content\/uploads\/2023\/07\/image-65.png","width":620,"height":300},{"@type":"BreadcrumbList","@id":"https:\/\/infoecos.com.ar\/index.php\/el-intendente-de-general-pinto-responsabilizo-al-poder-judicial-por-la-libertad-de-sancho\/#breadcrumb","itemListElement":[{"@type":"ListItem","position":1,"name":"Portada","item":"https:\/\/infoecos.com.ar\/"},{"@type":"ListItem","position":2,"name":"El intendente de G. Pinto responsabiliz\u00f3 al Poder Judicial por la libertad de Sancho"}]},{"@type":"WebSite","@id":"https:\/\/infoecos.com.ar\/#website","url":"https:\/\/infoecos.com.ar\/","name":"Infoecos","description":"Noticias de trenque lauquen y la zona","publisher":{"@id":"https:\/\/infoecos.com.ar\/#organization"},"alternateName":"Noticias","potentialAction":[{"@type":"SearchAction","target":{"@type":"EntryPoint","urlTemplate":"https:\/\/infoecos.com.ar\/?s={search_term_string}"},"query-input":{"@type":"PropertyValueSpecification","valueRequired":true,"valueName":"search_term_string"}}],"inLanguage":"es"},{"@type":"Organization","@id":"https:\/\/infoecos.com.ar\/#organization","name":"Infoecos","alternateName":"Noticias","url":"https:\/\/infoecos.com.ar\/","logo":{"@type":"ImageObject","inLanguage":"es","@id":"https:\/\/infoecos.com.ar\/#\/schema\/logo\/image\/","url":"https:\/\/infoecos.com.ar\/wp-content\/uploads\/2024\/03\/cropped-logo.png","contentUrl":"https:\/\/infoecos.com.ar\/wp-content\/uploads\/2024\/03\/cropped-logo.png","width":374,"height":90,"caption":"Infoecos"},"image":{"@id":"https:\/\/infoecos.com.ar\/#\/schema\/logo\/image\/"},"sameAs":["https:\/\/www.facebook.com\/profile.php?id=100063200290284","https:\/\/x.com\/infoecos"]},{"@type":"Person","@id":"https:\/\/infoecos.com.ar\/#\/schema\/person\/8f5ace5ce73b4b4aac4b7245aee6f191","name":"Jorge Matheus","url":"https:\/\/infoecos.com.ar\/index.php\/author\/jomatheus\/"}]}},"featured_image_urls":{"full":["https:\/\/infoecos.com.ar\/wp-content\/uploads\/2023\/07\/image-65.png",620,300,false],"thumbnail":["https:\/\/infoecos.com.ar\/wp-content\/uploads\/2023\/07\/image-65-300x150.png",300,150,true],"medium":["https:\/\/infoecos.com.ar\/wp-content\/uploads\/2023\/07\/image-65.png",620,300,false],"medium_large":["https:\/\/infoecos.com.ar\/wp-content\/uploads\/2023\/07\/image-65.png",620,300,false],"large":["https:\/\/infoecos.com.ar\/wp-content\/uploads\/2023\/07\/image-65.png",620,300,false],"1536x1536":["https:\/\/infoecos.com.ar\/wp-content\/uploads\/2023\/07\/image-65.png",620,300,false],"2048x2048":["https:\/\/infoecos.com.ar\/wp-content\/uploads\/2023\/07\/image-65.png",620,300,false],"covernews-slider-full":["https:\/\/infoecos.com.ar\/wp-content\/uploads\/2023\/07\/image-65.png",620,300,false],"covernews-slider-center":["https:\/\/infoecos.com.ar\/wp-content\/uploads\/2023\/07\/image-65.png",620,300,false],"covernews-featured":["https:\/\/infoecos.com.ar\/wp-content\/uploads\/2023\/07\/image-65.png",620,300,false],"covernews-medium":["https:\/\/infoecos.com.ar\/wp-content\/uploads\/2023\/07\/image-65.png",540,261,false],"covernews-medium-square":["https:\/\/infoecos.com.ar\/wp-content\/uploads\/2023\/07\/image-65.png",400,194,false]},"author_info":{"info":["Jorge Matheus"]},"category_info":"<a href=\"https:\/\/infoecos.com.ar\/index.php\/category\/inferior2\/\" rel=\"category tag\">Bloque inferior - 2<\/a>","tag_info":"Bloque inferior - 2","comment_count":"0","_links":{"self":[{"href":"https:\/\/infoecos.com.ar\/index.php\/wp-json\/wp\/v2\/posts\/107138"}],"collection":[{"href":"https:\/\/infoecos.com.ar\/index.php\/wp-json\/wp\/v2\/posts"}],"about":[{"href":"https:\/\/infoecos.com.ar\/index.php\/wp-json\/wp\/v2\/types\/post"}],"author":[{"embeddable":true,"href":"https:\/\/infoecos.com.ar\/index.php\/wp-json\/wp\/v2\/users\/2"}],"replies":[{"embeddable":true,"href":"https:\/\/infoecos.com.ar\/index.php\/wp-json\/wp\/v2\/comments?post=107138"}],"version-history":[{"count":2,"href":"https:\/\/infoecos.com.ar\/index.php\/wp-json\/wp\/v2\/posts\/107138\/revisions"}],"predecessor-version":[{"id":107151,"href":"https:\/\/infoecos.com.ar\/index.php\/wp-json\/wp\/v2\/posts\/107138\/revisions\/107151"}],"wp:featuredmedia":[{"embeddable":true,"href":"https:\/\/infoecos.com.ar\/index.php\/wp-json\/wp\/v2\/media\/107140"}],"wp:attachment":[{"href":"https:\/\/infoecos.com.ar\/index.php\/wp-json\/wp\/v2\/media?parent=107138"}],"wp:term":[{"taxonomy":"category","embeddable":true,"href":"https:\/\/infoecos.com.ar\/index.php\/wp-json\/wp\/v2\/categories?post=107138"},{"taxonomy":"post_tag","embeddable":true,"href":"https:\/\/infoecos.com.ar\/index.php\/wp-json\/wp\/v2\/tags?post=107138"}],"curies":[{"name":"wp","href":"https:\/\/api.w.org\/{rel}","templated":true}]}}