{"id":107197,"date":"2023-07-11T21:18:28","date_gmt":"2023-07-12T00:18:28","guid":{"rendered":"https:\/\/infoecos.com.ar\/?p=107197"},"modified":"2023-07-11T21:23:27","modified_gmt":"2023-07-12T00:23:27","slug":"brote-elevado-de-bronquiolitis-en-carlos-casares","status":"publish","type":"post","link":"https:\/\/infoecos.com.ar\/index.php\/brote-elevado-de-bronquiolitis-en-carlos-casares\/","title":{"rendered":"Brote elevado de bronquiolitis en Carlos Casares"},"content":{"rendered":"\n<p>Hay un brote importante de bronquiolitis que empez\u00f3 en el conurbano, en el distrito de Carlos Casares. El peri\u00f3dico El Oeste publica que se est\u00e1 produciendo un aumento de casos entre el 20 al 40% de lo que normalmente ha sido. Se\u00f1ala el medio colega que \u00abesto tiene una causa. Los chicos a los que normalmente afecta, desde los 6 meses y hasta los 24 meses, ser\u00eda debido a la pandemia y al encierro. Agrega que los anticuerpos no se han fortalecido como debieran y eso genera este brote importante.<\/p>\n\n\n\n<figure class=\"wp-block-image aligncenter size-full\"><img loading=\"lazy\" decoding=\"async\" width=\"384\" height=\"325\" src=\"https:\/\/infoecos.com.ar\/wp-content\/uploads\/2023\/07\/image-72.png\" alt=\"\" class=\"wp-image-107198\"\/><figcaption class=\"wp-element-caption\">Dr. Jos\u00e9 Giuliodoro<\/figcaption><\/figure>\n\n\n\n<p>La bronquiolitis es una enfermedad respiratoria que todos los a\u00f1os a partir de la primera semana de junio aparece. Generalmente m\u00e1s del 80 \u00f2 90 % de los casos se resuelven de forma ambulatoria o en la casa, una vez que ha hecho la consulta. Hay un porcentaje m\u00ednimo que puede internarse incluso producirse en un caso grave.<\/p>\n\n\n\n<p>El m\u00e9dico infect\u00f3logo Dr. Jos\u00e9 Giuliodoro y la m\u00e9dica pedriatra, Dra. Andrea Lezcano del Hospital Municipal Julio F. Ramos explicaron que los s\u00edntomas que <strong>deben tener en cuenta los pap\u00e1s para consultar con su pediatra de cabecera es si al ni\u00f1o le cuesta respirar, si tose y esa tos le dificulta la alimentaci\u00f3n o su sue\u00f1o, si est\u00e1n quejosos, si la fiebre es muy alta y no se logra bajar con antit\u00e9rmicos<\/strong>. Otro s\u00edntoma a tener en cuenta es <strong>si el ni\u00f1o cuando respira tiene ronquidos, tiene sibilancias y esa misma respiraci\u00f3n le evita dormir o poder come<\/strong>r.<\/p>\n\n\n\n<p>Es una reacci\u00f3n bronquial inflamatoria en beb\u00e9s y ni\u00f1os peque\u00f1os, casi siempre ocasionada por un virus. Esta enfermedad suele ocurrir con mayor frecuencia durante los meses de invierno.<\/p>\n\n\n\n<figure class=\"wp-block-image aligncenter size-full\"><img loading=\"lazy\" decoding=\"async\" width=\"395\" height=\"351\" src=\"https:\/\/infoecos.com.ar\/wp-content\/uploads\/2023\/07\/DRA-LAZCANO.jpg\" alt=\"\" class=\"wp-image-107199\"\/><figcaption class=\"wp-element-caption\"> Dra. Andrea Lezcano<\/figcaption><\/figure>\n\n\n\n<p><strong>\u00bfCu\u00e1les son los s\u00edntomas?<\/strong><\/p>\n\n\n\n<p>\u2013 Dificultad respiratoria, que incluye sibilancias (ruidos como \u00absilbidos\u00bb en el pecho al respirar).<\/p>\n\n\n\n<p>\u2013 Tos y falta de aliento<\/p>\n\n\n\n<p>\u2013 Fiebre alta<\/p>\n\n\n\n<p>\u2013 Fatiga (cansancio), que dificulta ingerir alimentos y el sue\u00f1o.<\/p>\n\n\n\n<p>\u2013 La infecci\u00f3n pulmonar es com\u00fan entre las edades de 6 meses a 2 a\u00f1os.<\/p>\n\n\n\n<p>\u2013 Es muy importante que si se presentan todos los s\u00edntomas mencionados actuar de manera inmediata llevando al beb\u00e9 a su m\u00e9dico de cabecera.<\/p>\n\n\n\n<figure class=\"wp-block-image aligncenter size-full\"><img loading=\"lazy\" decoding=\"async\" width=\"415\" height=\"233\" src=\"https:\/\/infoecos.com.ar\/wp-content\/uploads\/2023\/07\/broquiolitis-1.jpg\" alt=\"\" class=\"wp-image-107202\"\/><\/figure>\n","protected":false},"excerpt":{"rendered":"<p>El peri\u00f3dico El Oeste publica que se est\u00e1 produciendo un aumento de casos entre el 20 al 40% de lo que normalmente ha sido<\/p>\n","protected":false},"author":2,"featured_media":107205,"comment_status":"closed","ping_status":"open","sticky":false,"template":"","format":"standard","meta":{"footnotes":""},"categories":[1341],"tags":[8344],"class_list":["post-107197","post","type-post","status-publish","format-standard","has-post-thumbnail","hentry","category-c1nota7","tag-afecta-chicos-de-6-a-24-meses"],"yoast_head":"<!-- This site is optimized with the Yoast SEO plugin v23.4 - https:\/\/yoast.com\/wordpress\/plugins\/seo\/ -->\n<title>Brote elevado de bronquiolitis en Carlos Casares - Infoecos<\/title>\n<meta name=\"robots\" content=\"index, follow, max-snippet:-1, max-image-preview:large, max-video-preview:-1\" \/>\n<link rel=\"canonical\" href=\"https:\/\/infoecos.com.ar\/index.php\/brote-elevado-de-bronquiolitis-en-carlos-casares\/\" \/>\n<meta property=\"og:locale\" content=\"es_ES\" \/>\n<meta property=\"og:type\" content=\"article\" \/>\n<meta property=\"og:title\" content=\"Brote elevado de bronquiolitis en Carlos Casares - Infoecos\" \/>\n<meta property=\"og:description\" content=\"El peri\u00f3dico El Oeste publica que se est\u00e1 produciendo un aumento de casos entre el 20 al 40% de lo que normalmente ha sido\" \/>\n<meta property=\"og:url\" content=\"https:\/\/infoecos.com.ar\/index.php\/brote-elevado-de-bronquiolitis-en-carlos-casares\/\" \/>\n<meta property=\"og:site_name\" content=\"Infoecos\" \/>\n<meta property=\"article:publisher\" content=\"https:\/\/www.facebook.com\/profile.php?id=100063200290284\" \/>\n<meta property=\"article:published_time\" content=\"2023-07-12T00:18:28+00:00\" \/>\n<meta property=\"article:modified_time\" content=\"2023-07-12T00:23:27+00:00\" \/>\n<meta property=\"og:image\" content=\"https:\/\/infoecos.com.ar\/wp-content\/uploads\/2023\/07\/images.jpg\" \/>\n\t<meta property=\"og:image:width\" content=\"272\" \/>\n\t<meta property=\"og:image:height\" content=\"185\" \/>\n\t<meta property=\"og:image:type\" content=\"image\/jpeg\" \/>\n<meta name=\"author\" content=\"Jorge Matheus\" \/>\n<meta name=\"twitter:card\" content=\"summary_large_image\" \/>\n<meta name=\"twitter:creator\" content=\"@infoecos\" \/>\n<meta name=\"twitter:site\" content=\"@infoecos\" \/>\n<meta name=\"twitter:label1\" content=\"Escrito por\" \/>\n\t<meta name=\"twitter:data1\" content=\"Jorge Matheus\" \/>\n\t<meta name=\"twitter:label2\" content=\"Tiempo de lectura\" \/>\n\t<meta name=\"twitter:data2\" content=\"3 minutos\" \/>\n<script type=\"application\/ld+json\" class=\"yoast-schema-graph\">{\"@context\":\"https:\/\/schema.org\",\"@graph\":[{\"@type\":\"Article\",\"@id\":\"https:\/\/infoecos.com.ar\/index.php\/brote-elevado-de-bronquiolitis-en-carlos-casares\/#article\",\"isPartOf\":{\"@id\":\"https:\/\/infoecos.com.ar\/index.php\/brote-elevado-de-bronquiolitis-en-carlos-casares\/\"},\"author\":{\"name\":\"Jorge Matheus\",\"@id\":\"https:\/\/infoecos.com.ar\/#\/schema\/person\/8f5ace5ce73b4b4aac4b7245aee6f191\"},\"headline\":\"Brote elevado de bronquiolitis en Carlos Casares\",\"datePublished\":\"2023-07-12T00:18:28+00:00\",\"dateModified\":\"2023-07-12T00:23:27+00:00\",\"mainEntityOfPage\":{\"@id\":\"https:\/\/infoecos.com.ar\/index.php\/brote-elevado-de-bronquiolitis-en-carlos-casares\/\"},\"wordCount\":378,\"publisher\":{\"@id\":\"https:\/\/infoecos.com.ar\/#organization\"},\"image\":{\"@id\":\"https:\/\/infoecos.com.ar\/index.php\/brote-elevado-de-bronquiolitis-en-carlos-casares\/#primaryimage\"},\"thumbnailUrl\":\"https:\/\/infoecos.com.ar\/wp-content\/uploads\/2023\/07\/images.jpg\",\"keywords\":[\"afecta chicos de 6 a 24 meses\"],\"articleSection\":[\"C1 nota 7\"],\"inLanguage\":\"es\"},{\"@type\":\"WebPage\",\"@id\":\"https:\/\/infoecos.com.ar\/index.php\/brote-elevado-de-bronquiolitis-en-carlos-casares\/\",\"url\":\"https:\/\/infoecos.com.ar\/index.php\/brote-elevado-de-bronquiolitis-en-carlos-casares\/\",\"name\":\"Brote elevado de bronquiolitis en Carlos Casares - Infoecos\",\"isPartOf\":{\"@id\":\"https:\/\/infoecos.com.ar\/#website\"},\"primaryImageOfPage\":{\"@id\":\"https:\/\/infoecos.com.ar\/index.php\/brote-elevado-de-bronquiolitis-en-carlos-casares\/#primaryimage\"},\"image\":{\"@id\":\"https:\/\/infoecos.com.ar\/index.php\/brote-elevado-de-bronquiolitis-en-carlos-casares\/#primaryimage\"},\"thumbnailUrl\":\"https:\/\/infoecos.com.ar\/wp-content\/uploads\/2023\/07\/images.jpg\",\"datePublished\":\"2023-07-12T00:18:28+00:00\",\"dateModified\":\"2023-07-12T00:23:27+00:00\",\"breadcrumb\":{\"@id\":\"https:\/\/infoecos.com.ar\/index.php\/brote-elevado-de-bronquiolitis-en-carlos-casares\/#breadcrumb\"},\"inLanguage\":\"es\",\"potentialAction\":[{\"@type\":\"ReadAction\",\"target\":[\"https:\/\/infoecos.com.ar\/index.php\/brote-elevado-de-bronquiolitis-en-carlos-casares\/\"]}]},{\"@type\":\"ImageObject\",\"inLanguage\":\"es\",\"@id\":\"https:\/\/infoecos.com.ar\/index.php\/brote-elevado-de-bronquiolitis-en-carlos-casares\/#primaryimage\",\"url\":\"https:\/\/infoecos.com.ar\/wp-content\/uploads\/2023\/07\/images.jpg\",\"contentUrl\":\"https:\/\/infoecos.com.ar\/wp-content\/uploads\/2023\/07\/images.jpg\",\"width\":272,\"height\":185},{\"@type\":\"BreadcrumbList\",\"@id\":\"https:\/\/infoecos.com.ar\/index.php\/brote-elevado-de-bronquiolitis-en-carlos-casares\/#breadcrumb\",\"itemListElement\":[{\"@type\":\"ListItem\",\"position\":1,\"name\":\"Portada\",\"item\":\"https:\/\/infoecos.com.ar\/\"},{\"@type\":\"ListItem\",\"position\":2,\"name\":\"Brote elevado de bronquiolitis en Carlos Casares\"}]},{\"@type\":\"WebSite\",\"@id\":\"https:\/\/infoecos.com.ar\/#website\",\"url\":\"https:\/\/infoecos.com.ar\/\",\"name\":\"Infoecos\",\"description\":\"Noticias de trenque lauquen y la zona\",\"publisher\":{\"@id\":\"https:\/\/infoecos.com.ar\/#organization\"},\"alternateName\":\"Noticias\",\"potentialAction\":[{\"@type\":\"SearchAction\",\"target\":{\"@type\":\"EntryPoint\",\"urlTemplate\":\"https:\/\/infoecos.com.ar\/?s={search_term_string}\"},\"query-input\":{\"@type\":\"PropertyValueSpecification\",\"valueRequired\":true,\"valueName\":\"search_term_string\"}}],\"inLanguage\":\"es\"},{\"@type\":\"Organization\",\"@id\":\"https:\/\/infoecos.com.ar\/#organization\",\"name\":\"Infoecos\",\"alternateName\":\"Noticias\",\"url\":\"https:\/\/infoecos.com.ar\/\",\"logo\":{\"@type\":\"ImageObject\",\"inLanguage\":\"es\",\"@id\":\"https:\/\/infoecos.com.ar\/#\/schema\/logo\/image\/\",\"url\":\"https:\/\/infoecos.com.ar\/wp-content\/uploads\/2024\/03\/cropped-logo.png\",\"contentUrl\":\"https:\/\/infoecos.com.ar\/wp-content\/uploads\/2024\/03\/cropped-logo.png\",\"width\":374,\"height\":90,\"caption\":\"Infoecos\"},\"image\":{\"@id\":\"https:\/\/infoecos.com.ar\/#\/schema\/logo\/image\/\"},\"sameAs\":[\"https:\/\/www.facebook.com\/profile.php?id=100063200290284\",\"https:\/\/x.com\/infoecos\"]},{\"@type\":\"Person\",\"@id\":\"https:\/\/infoecos.com.ar\/#\/schema\/person\/8f5ace5ce73b4b4aac4b7245aee6f191\",\"name\":\"Jorge Matheus\",\"url\":\"https:\/\/infoecos.com.ar\/index.php\/author\/jomatheus\/\"}]}<\/script>\n<!-- \/ Yoast SEO plugin. -->","yoast_head_json":{"title":"Brote elevado de bronquiolitis en Carlos Casares - Infoecos","robots":{"index":"index","follow":"follow","max-snippet":"max-snippet:-1","max-image-preview":"max-image-preview:large","max-video-preview":"max-video-preview:-1"},"canonical":"https:\/\/infoecos.com.ar\/index.php\/brote-elevado-de-bronquiolitis-en-carlos-casares\/","og_locale":"es_ES","og_type":"article","og_title":"Brote elevado de bronquiolitis en Carlos Casares - Infoecos","og_description":"El peri\u00f3dico El Oeste publica que se est\u00e1 produciendo un aumento de casos entre el 20 al 40% de lo que normalmente ha sido","og_url":"https:\/\/infoecos.com.ar\/index.php\/brote-elevado-de-bronquiolitis-en-carlos-casares\/","og_site_name":"Infoecos","article_publisher":"https:\/\/www.facebook.com\/profile.php?id=100063200290284","article_published_time":"2023-07-12T00:18:28+00:00","article_modified_time":"2023-07-12T00:23:27+00:00","og_image":[{"width":272,"height":185,"url":"https:\/\/infoecos.com.ar\/wp-content\/uploads\/2023\/07\/images.jpg","type":"image\/jpeg"}],"author":"Jorge Matheus","twitter_card":"summary_large_image","twitter_creator":"@infoecos","twitter_site":"@infoecos","twitter_misc":{"Escrito por":"Jorge Matheus","Tiempo de lectura":"3 minutos"},"schema":{"@context":"https:\/\/schema.org","@graph":[{"@type":"Article","@id":"https:\/\/infoecos.com.ar\/index.php\/brote-elevado-de-bronquiolitis-en-carlos-casares\/#article","isPartOf":{"@id":"https:\/\/infoecos.com.ar\/index.php\/brote-elevado-de-bronquiolitis-en-carlos-casares\/"},"author":{"name":"Jorge Matheus","@id":"https:\/\/infoecos.com.ar\/#\/schema\/person\/8f5ace5ce73b4b4aac4b7245aee6f191"},"headline":"Brote elevado de bronquiolitis en Carlos Casares","datePublished":"2023-07-12T00:18:28+00:00","dateModified":"2023-07-12T00:23:27+00:00","mainEntityOfPage":{"@id":"https:\/\/infoecos.com.ar\/index.php\/brote-elevado-de-bronquiolitis-en-carlos-casares\/"},"wordCount":378,"publisher":{"@id":"https:\/\/infoecos.com.ar\/#organization"},"image":{"@id":"https:\/\/infoecos.com.ar\/index.php\/brote-elevado-de-bronquiolitis-en-carlos-casares\/#primaryimage"},"thumbnailUrl":"https:\/\/infoecos.com.ar\/wp-content\/uploads\/2023\/07\/images.jpg","keywords":["afecta chicos de 6 a 24 meses"],"articleSection":["C1 nota 7"],"inLanguage":"es"},{"@type":"WebPage","@id":"https:\/\/infoecos.com.ar\/index.php\/brote-elevado-de-bronquiolitis-en-carlos-casares\/","url":"https:\/\/infoecos.com.ar\/index.php\/brote-elevado-de-bronquiolitis-en-carlos-casares\/","name":"Brote elevado de bronquiolitis en Carlos Casares - Infoecos","isPartOf":{"@id":"https:\/\/infoecos.com.ar\/#website"},"primaryImageOfPage":{"@id":"https:\/\/infoecos.com.ar\/index.php\/brote-elevado-de-bronquiolitis-en-carlos-casares\/#primaryimage"},"image":{"@id":"https:\/\/infoecos.com.ar\/index.php\/brote-elevado-de-bronquiolitis-en-carlos-casares\/#primaryimage"},"thumbnailUrl":"https:\/\/infoecos.com.ar\/wp-content\/uploads\/2023\/07\/images.jpg","datePublished":"2023-07-12T00:18:28+00:00","dateModified":"2023-07-12T00:23:27+00:00","breadcrumb":{"@id":"https:\/\/infoecos.com.ar\/index.php\/brote-elevado-de-bronquiolitis-en-carlos-casares\/#breadcrumb"},"inLanguage":"es","potentialAction":[{"@type":"ReadAction","target":["https:\/\/infoecos.com.ar\/index.php\/brote-elevado-de-bronquiolitis-en-carlos-casares\/"]}]},{"@type":"ImageObject","inLanguage":"es","@id":"https:\/\/infoecos.com.ar\/index.php\/brote-elevado-de-bronquiolitis-en-carlos-casares\/#primaryimage","url":"https:\/\/infoecos.com.ar\/wp-content\/uploads\/2023\/07\/images.jpg","contentUrl":"https:\/\/infoecos.com.ar\/wp-content\/uploads\/2023\/07\/images.jpg","width":272,"height":185},{"@type":"BreadcrumbList","@id":"https:\/\/infoecos.com.ar\/index.php\/brote-elevado-de-bronquiolitis-en-carlos-casares\/#breadcrumb","itemListElement":[{"@type":"ListItem","position":1,"name":"Portada","item":"https:\/\/infoecos.com.ar\/"},{"@type":"ListItem","position":2,"name":"Brote elevado de bronquiolitis en Carlos Casares"}]},{"@type":"WebSite","@id":"https:\/\/infoecos.com.ar\/#website","url":"https:\/\/infoecos.com.ar\/","name":"Infoecos","description":"Noticias de trenque lauquen y la zona","publisher":{"@id":"https:\/\/infoecos.com.ar\/#organization"},"alternateName":"Noticias","potentialAction":[{"@type":"SearchAction","target":{"@type":"EntryPoint","urlTemplate":"https:\/\/infoecos.com.ar\/?s={search_term_string}"},"query-input":{"@type":"PropertyValueSpecification","valueRequired":true,"valueName":"search_term_string"}}],"inLanguage":"es"},{"@type":"Organization","@id":"https:\/\/infoecos.com.ar\/#organization","name":"Infoecos","alternateName":"Noticias","url":"https:\/\/infoecos.com.ar\/","logo":{"@type":"ImageObject","inLanguage":"es","@id":"https:\/\/infoecos.com.ar\/#\/schema\/logo\/image\/","url":"https:\/\/infoecos.com.ar\/wp-content\/uploads\/2024\/03\/cropped-logo.png","contentUrl":"https:\/\/infoecos.com.ar\/wp-content\/uploads\/2024\/03\/cropped-logo.png","width":374,"height":90,"caption":"Infoecos"},"image":{"@id":"https:\/\/infoecos.com.ar\/#\/schema\/logo\/image\/"},"sameAs":["https:\/\/www.facebook.com\/profile.php?id=100063200290284","https:\/\/x.com\/infoecos"]},{"@type":"Person","@id":"https:\/\/infoecos.com.ar\/#\/schema\/person\/8f5ace5ce73b4b4aac4b7245aee6f191","name":"Jorge Matheus","url":"https:\/\/infoecos.com.ar\/index.php\/author\/jomatheus\/"}]}},"featured_image_urls":{"full":["https:\/\/infoecos.com.ar\/wp-content\/uploads\/2023\/07\/images.jpg",272,185,false],"thumbnail":["https:\/\/infoecos.com.ar\/wp-content\/uploads\/2023\/07\/images-272x150.jpg",272,150,true],"medium":["https:\/\/infoecos.com.ar\/wp-content\/uploads\/2023\/07\/images.jpg",272,185,false],"medium_large":["https:\/\/infoecos.com.ar\/wp-content\/uploads\/2023\/07\/images.jpg",272,185,false],"large":["https:\/\/infoecos.com.ar\/wp-content\/uploads\/2023\/07\/images.jpg",272,185,false],"1536x1536":["https:\/\/infoecos.com.ar\/wp-content\/uploads\/2023\/07\/images.jpg",272,185,false],"2048x2048":["https:\/\/infoecos.com.ar\/wp-content\/uploads\/2023\/07\/images.jpg",272,185,false],"covernews-slider-full":["https:\/\/infoecos.com.ar\/wp-content\/uploads\/2023\/07\/images.jpg",272,185,false],"covernews-slider-center":["https:\/\/infoecos.com.ar\/wp-content\/uploads\/2023\/07\/images.jpg",272,185,false],"covernews-featured":["https:\/\/infoecos.com.ar\/wp-content\/uploads\/2023\/07\/images.jpg",272,185,false],"covernews-medium":["https:\/\/infoecos.com.ar\/wp-content\/uploads\/2023\/07\/images.jpg",272,185,false],"covernews-medium-square":["https:\/\/infoecos.com.ar\/wp-content\/uploads\/2023\/07\/images.jpg",272,185,false]},"author_info":{"info":["Jorge Matheus"]},"category_info":"<a href=\"https:\/\/infoecos.com.ar\/index.php\/category\/c1nota7\/\" rel=\"category tag\">C1 nota 7<\/a>","tag_info":"C1 nota 7","comment_count":"0","_links":{"self":[{"href":"https:\/\/infoecos.com.ar\/index.php\/wp-json\/wp\/v2\/posts\/107197"}],"collection":[{"href":"https:\/\/infoecos.com.ar\/index.php\/wp-json\/wp\/v2\/posts"}],"about":[{"href":"https:\/\/infoecos.com.ar\/index.php\/wp-json\/wp\/v2\/types\/post"}],"author":[{"embeddable":true,"href":"https:\/\/infoecos.com.ar\/index.php\/wp-json\/wp\/v2\/users\/2"}],"replies":[{"embeddable":true,"href":"https:\/\/infoecos.com.ar\/index.php\/wp-json\/wp\/v2\/comments?post=107197"}],"version-history":[{"count":2,"href":"https:\/\/infoecos.com.ar\/index.php\/wp-json\/wp\/v2\/posts\/107197\/revisions"}],"predecessor-version":[{"id":107204,"href":"https:\/\/infoecos.com.ar\/index.php\/wp-json\/wp\/v2\/posts\/107197\/revisions\/107204"}],"wp:featuredmedia":[{"embeddable":true,"href":"https:\/\/infoecos.com.ar\/index.php\/wp-json\/wp\/v2\/media\/107205"}],"wp:attachment":[{"href":"https:\/\/infoecos.com.ar\/index.php\/wp-json\/wp\/v2\/media?parent=107197"}],"wp:term":[{"taxonomy":"category","embeddable":true,"href":"https:\/\/infoecos.com.ar\/index.php\/wp-json\/wp\/v2\/categories?post=107197"},{"taxonomy":"post_tag","embeddable":true,"href":"https:\/\/infoecos.com.ar\/index.php\/wp-json\/wp\/v2\/tags?post=107197"}],"curies":[{"name":"wp","href":"https:\/\/api.w.org\/{rel}","templated":true}]}}