{"id":107254,"date":"2023-07-12T01:45:05","date_gmt":"2023-07-12T04:45:05","guid":{"rendered":"https:\/\/infoecos.com.ar\/?p=107254"},"modified":"2023-07-16T09:01:09","modified_gmt":"2023-07-16T12:01:09","slug":"impactante-obra-del-artista-de-quenuma-damian-agustin-pordomingo-en-salliquelo","status":"publish","type":"post","link":"https:\/\/infoecos.com.ar\/index.php\/impactante-obra-del-artista-de-quenuma-damian-agustin-pordomingo-en-salliquelo\/","title":{"rendered":"Impactante obra del artista de Quenum\u00e1, Dami\u00e1n Agust\u00edn Pordomingo en Salliquel\u00f3"},"content":{"rendered":"\n<p>El artista de Quenum\u00e1, Dami\u00e1n Agust\u00edn Pordomingo pint\u00f3 la imagen de Lionel Messi en la Placita de Ejercicios F\u00edsicos, sobre una de las paredes laterales de la Comisar\u00eda.<\/p>\n\n\n\n<figure class=\"wp-block-image aligncenter size-full is-resized\"><img loading=\"lazy\" decoding=\"async\" src=\"https:\/\/infoecos.com.ar\/wp-content\/uploads\/2023\/07\/4osyr50i5_356341239_1359860264882166_5540318148395871793_n.jpg\" alt=\"\" class=\"wp-image-107255\" width=\"590\" height=\"392\" srcset=\"https:\/\/infoecos.com.ar\/wp-content\/uploads\/2023\/07\/4osyr50i5_356341239_1359860264882166_5540318148395871793_n.jpg 690w, https:\/\/infoecos.com.ar\/wp-content\/uploads\/2023\/07\/4osyr50i5_356341239_1359860264882166_5540318148395871793_n-675x450.jpg 675w\" sizes=\"(max-width: 590px) 100vw, 590px\" \/><figcaption class=\"wp-element-caption\">Mural de Messi en Salliquel\u00f3<\/figcaption><\/figure>\n\n\n\n<p>En sus inicios, el proyecto invit\u00f3 a la comunidad a votar a trav\u00e9s de las redes sociales del municipio entre dos im\u00e1genes y decidir de esa manera cual ser\u00eda la que se pintar\u00eda. Ambas opciones fueron seleccionadas previamente por el artista, teniendo en cuenta las caracter\u00edsticas necesarias para que se ajusten a la superficie en la que tendr\u00eda que trabajar.<\/p>\n\n\n\n<p>Esta impactante obra de hiperrealismo en homenaje al astro del f\u00fatbol mundial, le llev\u00f3 al muralista entre 100 y 150 horas de trabajo y gener\u00f3 gran atracci\u00f3n entre quienes observaron el desarrollo del proceso.<\/p>\n\n\n\n<p>Contactado por Veradia.com, el artista agradeci\u00f3 la colaboraci\u00f3n log\u00edstica que recibi\u00f3 por parte de personal municipal y se mostr\u00f3 sorprendido por la expectativa que despert\u00f3 la obra sobre todo en los ni\u00f1os, comentando que fueron varios los padres que se acercaron a contarle sobre la ilusi\u00f3n con la que sus hijos segu\u00edan los avances.<\/p>\n\n\n\n<p>\u201cMuchos se acercaban a mirar y comentaban entre ellos cual era la parte nueva que hab\u00eda pintado o se pon\u00edan a cantar las canciones de aliento a la selecci\u00f3n. Cuando estaba pintando las tres estrellas en la bandera algunos me gritaban que le vaya dibujando la cuarta, es incre\u00edble todas las cosas lindas y buenas que genera Messi\u201d, expres\u00f3 el quenumense.<\/p>\n\n\n\n<p>En cuanto al trabajo que realiza, le cont\u00f3 a este medio que su mayor motivaci\u00f3n art\u00edstica es intentar generar realismo en las im\u00e1genes. \u201cEs lo que siempre busco y la mayor\u00eda de mis obras van por el lado del hiperrealismo, ya sea en cuadros, dibujos a l\u00e1piz o murales\u201d, indic\u00f3, agregando: \u201cIntento perfeccionarme todo el tiempo, es un aprendizaje continuo para poder profundizar en matices y lograr las escalas de colores, que a veces son bastante complejas de alcanzar\u201d.<\/p>\n\n\n\n<p>Desde la Municipalidad de Salliquel\u00f3 lo felicitaron por el resultado final de tantas horas de trabajo y dedicaci\u00f3n, anunciando que pr\u00f3ximamente la Direcci\u00f3n de Obras P\u00fablicas colocar\u00e1 reflectores que permitir\u00e1n apreciar la imagen de noche.<\/p>\n","protected":false},"excerpt":{"rendered":"<p>\u00abLe llev\u00f3 al muralista entre 100 y 150 horas de trabajo\u00bb, apunta el sitio Veradia.com, desde donde extrajimos esta informaci\u00f3n<\/p>\n","protected":false},"author":2,"featured_media":107255,"comment_status":"closed","ping_status":"open","sticky":false,"template":"","format":"standard","meta":{"footnotes":""},"categories":[1332],"tags":[8351],"class_list":["post-107254","post","type-post","status-publish","format-standard","has-post-thumbnail","hentry","category-inferior12","tag-gracias-veradia-com"],"yoast_head":"<!-- This site is optimized with the Yoast SEO plugin v23.4 - https:\/\/yoast.com\/wordpress\/plugins\/seo\/ -->\n<title>Impactante obra del artista de Quenum\u00e1, Dami\u00e1n Agust\u00edn Pordomingo en Salliquel\u00f3 - Infoecos<\/title>\n<meta name=\"robots\" content=\"index, follow, max-snippet:-1, max-image-preview:large, max-video-preview:-1\" \/>\n<link rel=\"canonical\" href=\"https:\/\/infoecos.com.ar\/index.php\/impactante-obra-del-artista-de-quenuma-damian-agustin-pordomingo-en-salliquelo\/\" \/>\n<meta property=\"og:locale\" content=\"es_ES\" \/>\n<meta property=\"og:type\" content=\"article\" \/>\n<meta property=\"og:title\" content=\"Impactante obra del artista de Quenum\u00e1, Dami\u00e1n Agust\u00edn Pordomingo en Salliquel\u00f3 - Infoecos\" \/>\n<meta property=\"og:description\" content=\"&quot;Le llev\u00f3 al muralista entre 100 y 150 horas de trabajo&quot;, apunta el sitio Veradia.com, desde donde extrajimos esta informaci\u00f3n\" \/>\n<meta property=\"og:url\" content=\"https:\/\/infoecos.com.ar\/index.php\/impactante-obra-del-artista-de-quenuma-damian-agustin-pordomingo-en-salliquelo\/\" \/>\n<meta property=\"og:site_name\" content=\"Infoecos\" \/>\n<meta property=\"article:publisher\" content=\"https:\/\/www.facebook.com\/profile.php?id=100063200290284\" \/>\n<meta property=\"article:published_time\" content=\"2023-07-12T04:45:05+00:00\" \/>\n<meta property=\"article:modified_time\" content=\"2023-07-16T12:01:09+00:00\" \/>\n<meta property=\"og:image\" content=\"https:\/\/infoecos.com.ar\/wp-content\/uploads\/2023\/07\/4osyr50i5_356341239_1359860264882166_5540318148395871793_n.jpg\" \/>\n\t<meta property=\"og:image:width\" content=\"690\" \/>\n\t<meta property=\"og:image:height\" content=\"459\" \/>\n\t<meta property=\"og:image:type\" content=\"image\/jpeg\" \/>\n<meta name=\"author\" content=\"Jorge Matheus\" \/>\n<meta name=\"twitter:card\" content=\"summary_large_image\" \/>\n<meta name=\"twitter:creator\" content=\"@infoecos\" \/>\n<meta name=\"twitter:site\" content=\"@infoecos\" \/>\n<meta name=\"twitter:label1\" content=\"Escrito por\" \/>\n\t<meta name=\"twitter:data1\" content=\"Jorge Matheus\" \/>\n\t<meta name=\"twitter:label2\" content=\"Tiempo de lectura\" \/>\n\t<meta name=\"twitter:data2\" content=\"2 minutos\" \/>\n<script type=\"application\/ld+json\" class=\"yoast-schema-graph\">{\"@context\":\"https:\/\/schema.org\",\"@graph\":[{\"@type\":\"Article\",\"@id\":\"https:\/\/infoecos.com.ar\/index.php\/impactante-obra-del-artista-de-quenuma-damian-agustin-pordomingo-en-salliquelo\/#article\",\"isPartOf\":{\"@id\":\"https:\/\/infoecos.com.ar\/index.php\/impactante-obra-del-artista-de-quenuma-damian-agustin-pordomingo-en-salliquelo\/\"},\"author\":{\"name\":\"Jorge Matheus\",\"@id\":\"https:\/\/infoecos.com.ar\/#\/schema\/person\/8f5ace5ce73b4b4aac4b7245aee6f191\"},\"headline\":\"Impactante obra del artista de Quenum\u00e1, Dami\u00e1n Agust\u00edn Pordomingo en Salliquel\u00f3\",\"datePublished\":\"2023-07-12T04:45:05+00:00\",\"dateModified\":\"2023-07-16T12:01:09+00:00\",\"mainEntityOfPage\":{\"@id\":\"https:\/\/infoecos.com.ar\/index.php\/impactante-obra-del-artista-de-quenuma-damian-agustin-pordomingo-en-salliquelo\/\"},\"wordCount\":399,\"publisher\":{\"@id\":\"https:\/\/infoecos.com.ar\/#organization\"},\"image\":{\"@id\":\"https:\/\/infoecos.com.ar\/index.php\/impactante-obra-del-artista-de-quenuma-damian-agustin-pordomingo-en-salliquelo\/#primaryimage\"},\"thumbnailUrl\":\"https:\/\/infoecos.com.ar\/wp-content\/uploads\/2023\/07\/4osyr50i5_356341239_1359860264882166_5540318148395871793_n.jpg\",\"keywords\":[\"GRACIAS VERADIA.COM\"],\"articleSection\":[\"Bloque inferior - 12\"],\"inLanguage\":\"es\"},{\"@type\":\"WebPage\",\"@id\":\"https:\/\/infoecos.com.ar\/index.php\/impactante-obra-del-artista-de-quenuma-damian-agustin-pordomingo-en-salliquelo\/\",\"url\":\"https:\/\/infoecos.com.ar\/index.php\/impactante-obra-del-artista-de-quenuma-damian-agustin-pordomingo-en-salliquelo\/\",\"name\":\"Impactante obra del artista de Quenum\u00e1, Dami\u00e1n Agust\u00edn Pordomingo en Salliquel\u00f3 - Infoecos\",\"isPartOf\":{\"@id\":\"https:\/\/infoecos.com.ar\/#website\"},\"primaryImageOfPage\":{\"@id\":\"https:\/\/infoecos.com.ar\/index.php\/impactante-obra-del-artista-de-quenuma-damian-agustin-pordomingo-en-salliquelo\/#primaryimage\"},\"image\":{\"@id\":\"https:\/\/infoecos.com.ar\/index.php\/impactante-obra-del-artista-de-quenuma-damian-agustin-pordomingo-en-salliquelo\/#primaryimage\"},\"thumbnailUrl\":\"https:\/\/infoecos.com.ar\/wp-content\/uploads\/2023\/07\/4osyr50i5_356341239_1359860264882166_5540318148395871793_n.jpg\",\"datePublished\":\"2023-07-12T04:45:05+00:00\",\"dateModified\":\"2023-07-16T12:01:09+00:00\",\"breadcrumb\":{\"@id\":\"https:\/\/infoecos.com.ar\/index.php\/impactante-obra-del-artista-de-quenuma-damian-agustin-pordomingo-en-salliquelo\/#breadcrumb\"},\"inLanguage\":\"es\",\"potentialAction\":[{\"@type\":\"ReadAction\",\"target\":[\"https:\/\/infoecos.com.ar\/index.php\/impactante-obra-del-artista-de-quenuma-damian-agustin-pordomingo-en-salliquelo\/\"]}]},{\"@type\":\"ImageObject\",\"inLanguage\":\"es\",\"@id\":\"https:\/\/infoecos.com.ar\/index.php\/impactante-obra-del-artista-de-quenuma-damian-agustin-pordomingo-en-salliquelo\/#primaryimage\",\"url\":\"https:\/\/infoecos.com.ar\/wp-content\/uploads\/2023\/07\/4osyr50i5_356341239_1359860264882166_5540318148395871793_n.jpg\",\"contentUrl\":\"https:\/\/infoecos.com.ar\/wp-content\/uploads\/2023\/07\/4osyr50i5_356341239_1359860264882166_5540318148395871793_n.jpg\",\"width\":690,\"height\":459},{\"@type\":\"BreadcrumbList\",\"@id\":\"https:\/\/infoecos.com.ar\/index.php\/impactante-obra-del-artista-de-quenuma-damian-agustin-pordomingo-en-salliquelo\/#breadcrumb\",\"itemListElement\":[{\"@type\":\"ListItem\",\"position\":1,\"name\":\"Portada\",\"item\":\"https:\/\/infoecos.com.ar\/\"},{\"@type\":\"ListItem\",\"position\":2,\"name\":\"Impactante obra del artista de Quenum\u00e1, Dami\u00e1n Agust\u00edn Pordomingo en Salliquel\u00f3\"}]},{\"@type\":\"WebSite\",\"@id\":\"https:\/\/infoecos.com.ar\/#website\",\"url\":\"https:\/\/infoecos.com.ar\/\",\"name\":\"Infoecos\",\"description\":\"Noticias de trenque lauquen y la zona\",\"publisher\":{\"@id\":\"https:\/\/infoecos.com.ar\/#organization\"},\"alternateName\":\"Noticias\",\"potentialAction\":[{\"@type\":\"SearchAction\",\"target\":{\"@type\":\"EntryPoint\",\"urlTemplate\":\"https:\/\/infoecos.com.ar\/?s={search_term_string}\"},\"query-input\":{\"@type\":\"PropertyValueSpecification\",\"valueRequired\":true,\"valueName\":\"search_term_string\"}}],\"inLanguage\":\"es\"},{\"@type\":\"Organization\",\"@id\":\"https:\/\/infoecos.com.ar\/#organization\",\"name\":\"Infoecos\",\"alternateName\":\"Noticias\",\"url\":\"https:\/\/infoecos.com.ar\/\",\"logo\":{\"@type\":\"ImageObject\",\"inLanguage\":\"es\",\"@id\":\"https:\/\/infoecos.com.ar\/#\/schema\/logo\/image\/\",\"url\":\"https:\/\/infoecos.com.ar\/wp-content\/uploads\/2024\/03\/cropped-logo.png\",\"contentUrl\":\"https:\/\/infoecos.com.ar\/wp-content\/uploads\/2024\/03\/cropped-logo.png\",\"width\":374,\"height\":90,\"caption\":\"Infoecos\"},\"image\":{\"@id\":\"https:\/\/infoecos.com.ar\/#\/schema\/logo\/image\/\"},\"sameAs\":[\"https:\/\/www.facebook.com\/profile.php?id=100063200290284\",\"https:\/\/x.com\/infoecos\"]},{\"@type\":\"Person\",\"@id\":\"https:\/\/infoecos.com.ar\/#\/schema\/person\/8f5ace5ce73b4b4aac4b7245aee6f191\",\"name\":\"Jorge Matheus\",\"url\":\"https:\/\/infoecos.com.ar\/index.php\/author\/jomatheus\/\"}]}<\/script>\n<!-- \/ Yoast SEO plugin. -->","yoast_head_json":{"title":"Impactante obra del artista de Quenum\u00e1, Dami\u00e1n Agust\u00edn Pordomingo en Salliquel\u00f3 - Infoecos","robots":{"index":"index","follow":"follow","max-snippet":"max-snippet:-1","max-image-preview":"max-image-preview:large","max-video-preview":"max-video-preview:-1"},"canonical":"https:\/\/infoecos.com.ar\/index.php\/impactante-obra-del-artista-de-quenuma-damian-agustin-pordomingo-en-salliquelo\/","og_locale":"es_ES","og_type":"article","og_title":"Impactante obra del artista de Quenum\u00e1, Dami\u00e1n Agust\u00edn Pordomingo en Salliquel\u00f3 - Infoecos","og_description":"\"Le llev\u00f3 al muralista entre 100 y 150 horas de trabajo\", apunta el sitio Veradia.com, desde donde extrajimos esta informaci\u00f3n","og_url":"https:\/\/infoecos.com.ar\/index.php\/impactante-obra-del-artista-de-quenuma-damian-agustin-pordomingo-en-salliquelo\/","og_site_name":"Infoecos","article_publisher":"https:\/\/www.facebook.com\/profile.php?id=100063200290284","article_published_time":"2023-07-12T04:45:05+00:00","article_modified_time":"2023-07-16T12:01:09+00:00","og_image":[{"width":690,"height":459,"url":"https:\/\/infoecos.com.ar\/wp-content\/uploads\/2023\/07\/4osyr50i5_356341239_1359860264882166_5540318148395871793_n.jpg","type":"image\/jpeg"}],"author":"Jorge Matheus","twitter_card":"summary_large_image","twitter_creator":"@infoecos","twitter_site":"@infoecos","twitter_misc":{"Escrito por":"Jorge Matheus","Tiempo de lectura":"2 minutos"},"schema":{"@context":"https:\/\/schema.org","@graph":[{"@type":"Article","@id":"https:\/\/infoecos.com.ar\/index.php\/impactante-obra-del-artista-de-quenuma-damian-agustin-pordomingo-en-salliquelo\/#article","isPartOf":{"@id":"https:\/\/infoecos.com.ar\/index.php\/impactante-obra-del-artista-de-quenuma-damian-agustin-pordomingo-en-salliquelo\/"},"author":{"name":"Jorge Matheus","@id":"https:\/\/infoecos.com.ar\/#\/schema\/person\/8f5ace5ce73b4b4aac4b7245aee6f191"},"headline":"Impactante obra del artista de Quenum\u00e1, Dami\u00e1n Agust\u00edn Pordomingo en Salliquel\u00f3","datePublished":"2023-07-12T04:45:05+00:00","dateModified":"2023-07-16T12:01:09+00:00","mainEntityOfPage":{"@id":"https:\/\/infoecos.com.ar\/index.php\/impactante-obra-del-artista-de-quenuma-damian-agustin-pordomingo-en-salliquelo\/"},"wordCount":399,"publisher":{"@id":"https:\/\/infoecos.com.ar\/#organization"},"image":{"@id":"https:\/\/infoecos.com.ar\/index.php\/impactante-obra-del-artista-de-quenuma-damian-agustin-pordomingo-en-salliquelo\/#primaryimage"},"thumbnailUrl":"https:\/\/infoecos.com.ar\/wp-content\/uploads\/2023\/07\/4osyr50i5_356341239_1359860264882166_5540318148395871793_n.jpg","keywords":["GRACIAS VERADIA.COM"],"articleSection":["Bloque inferior - 12"],"inLanguage":"es"},{"@type":"WebPage","@id":"https:\/\/infoecos.com.ar\/index.php\/impactante-obra-del-artista-de-quenuma-damian-agustin-pordomingo-en-salliquelo\/","url":"https:\/\/infoecos.com.ar\/index.php\/impactante-obra-del-artista-de-quenuma-damian-agustin-pordomingo-en-salliquelo\/","name":"Impactante obra del artista de Quenum\u00e1, Dami\u00e1n Agust\u00edn Pordomingo en Salliquel\u00f3 - Infoecos","isPartOf":{"@id":"https:\/\/infoecos.com.ar\/#website"},"primaryImageOfPage":{"@id":"https:\/\/infoecos.com.ar\/index.php\/impactante-obra-del-artista-de-quenuma-damian-agustin-pordomingo-en-salliquelo\/#primaryimage"},"image":{"@id":"https:\/\/infoecos.com.ar\/index.php\/impactante-obra-del-artista-de-quenuma-damian-agustin-pordomingo-en-salliquelo\/#primaryimage"},"thumbnailUrl":"https:\/\/infoecos.com.ar\/wp-content\/uploads\/2023\/07\/4osyr50i5_356341239_1359860264882166_5540318148395871793_n.jpg","datePublished":"2023-07-12T04:45:05+00:00","dateModified":"2023-07-16T12:01:09+00:00","breadcrumb":{"@id":"https:\/\/infoecos.com.ar\/index.php\/impactante-obra-del-artista-de-quenuma-damian-agustin-pordomingo-en-salliquelo\/#breadcrumb"},"inLanguage":"es","potentialAction":[{"@type":"ReadAction","target":["https:\/\/infoecos.com.ar\/index.php\/impactante-obra-del-artista-de-quenuma-damian-agustin-pordomingo-en-salliquelo\/"]}]},{"@type":"ImageObject","inLanguage":"es","@id":"https:\/\/infoecos.com.ar\/index.php\/impactante-obra-del-artista-de-quenuma-damian-agustin-pordomingo-en-salliquelo\/#primaryimage","url":"https:\/\/infoecos.com.ar\/wp-content\/uploads\/2023\/07\/4osyr50i5_356341239_1359860264882166_5540318148395871793_n.jpg","contentUrl":"https:\/\/infoecos.com.ar\/wp-content\/uploads\/2023\/07\/4osyr50i5_356341239_1359860264882166_5540318148395871793_n.jpg","width":690,"height":459},{"@type":"BreadcrumbList","@id":"https:\/\/infoecos.com.ar\/index.php\/impactante-obra-del-artista-de-quenuma-damian-agustin-pordomingo-en-salliquelo\/#breadcrumb","itemListElement":[{"@type":"ListItem","position":1,"name":"Portada","item":"https:\/\/infoecos.com.ar\/"},{"@type":"ListItem","position":2,"name":"Impactante obra del artista de Quenum\u00e1, Dami\u00e1n Agust\u00edn Pordomingo en Salliquel\u00f3"}]},{"@type":"WebSite","@id":"https:\/\/infoecos.com.ar\/#website","url":"https:\/\/infoecos.com.ar\/","name":"Infoecos","description":"Noticias de trenque lauquen y la zona","publisher":{"@id":"https:\/\/infoecos.com.ar\/#organization"},"alternateName":"Noticias","potentialAction":[{"@type":"SearchAction","target":{"@type":"EntryPoint","urlTemplate":"https:\/\/infoecos.com.ar\/?s={search_term_string}"},"query-input":{"@type":"PropertyValueSpecification","valueRequired":true,"valueName":"search_term_string"}}],"inLanguage":"es"},{"@type":"Organization","@id":"https:\/\/infoecos.com.ar\/#organization","name":"Infoecos","alternateName":"Noticias","url":"https:\/\/infoecos.com.ar\/","logo":{"@type":"ImageObject","inLanguage":"es","@id":"https:\/\/infoecos.com.ar\/#\/schema\/logo\/image\/","url":"https:\/\/infoecos.com.ar\/wp-content\/uploads\/2024\/03\/cropped-logo.png","contentUrl":"https:\/\/infoecos.com.ar\/wp-content\/uploads\/2024\/03\/cropped-logo.png","width":374,"height":90,"caption":"Infoecos"},"image":{"@id":"https:\/\/infoecos.com.ar\/#\/schema\/logo\/image\/"},"sameAs":["https:\/\/www.facebook.com\/profile.php?id=100063200290284","https:\/\/x.com\/infoecos"]},{"@type":"Person","@id":"https:\/\/infoecos.com.ar\/#\/schema\/person\/8f5ace5ce73b4b4aac4b7245aee6f191","name":"Jorge Matheus","url":"https:\/\/infoecos.com.ar\/index.php\/author\/jomatheus\/"}]}},"featured_image_urls":{"full":["https:\/\/infoecos.com.ar\/wp-content\/uploads\/2023\/07\/4osyr50i5_356341239_1359860264882166_5540318148395871793_n.jpg",690,459,false],"thumbnail":["https:\/\/infoecos.com.ar\/wp-content\/uploads\/2023\/07\/4osyr50i5_356341239_1359860264882166_5540318148395871793_n-300x150.jpg",300,150,true],"medium":["https:\/\/infoecos.com.ar\/wp-content\/uploads\/2023\/07\/4osyr50i5_356341239_1359860264882166_5540318148395871793_n.jpg",690,459,false],"medium_large":["https:\/\/infoecos.com.ar\/wp-content\/uploads\/2023\/07\/4osyr50i5_356341239_1359860264882166_5540318148395871793_n.jpg",640,426,false],"large":["https:\/\/infoecos.com.ar\/wp-content\/uploads\/2023\/07\/4osyr50i5_356341239_1359860264882166_5540318148395871793_n.jpg",640,426,false],"1536x1536":["https:\/\/infoecos.com.ar\/wp-content\/uploads\/2023\/07\/4osyr50i5_356341239_1359860264882166_5540318148395871793_n.jpg",690,459,false],"2048x2048":["https:\/\/infoecos.com.ar\/wp-content\/uploads\/2023\/07\/4osyr50i5_356341239_1359860264882166_5540318148395871793_n.jpg",690,459,false],"covernews-slider-full":["https:\/\/infoecos.com.ar\/wp-content\/uploads\/2023\/07\/4osyr50i5_356341239_1359860264882166_5540318148395871793_n.jpg",690,459,false],"covernews-slider-center":["https:\/\/infoecos.com.ar\/wp-content\/uploads\/2023\/07\/4osyr50i5_356341239_1359860264882166_5540318148395871793_n.jpg",690,459,false],"covernews-featured":["https:\/\/infoecos.com.ar\/wp-content\/uploads\/2023\/07\/4osyr50i5_356341239_1359860264882166_5540318148395871793_n.jpg",690,459,false],"covernews-medium":["https:\/\/infoecos.com.ar\/wp-content\/uploads\/2023\/07\/4osyr50i5_356341239_1359860264882166_5540318148395871793_n-690x380.jpg",540,297,true],"covernews-medium-square":["https:\/\/infoecos.com.ar\/wp-content\/uploads\/2023\/07\/4osyr50i5_356341239_1359860264882166_5540318148395871793_n-675x450.jpg",375,250,true]},"author_info":{"info":["Jorge Matheus"]},"category_info":"<a href=\"https:\/\/infoecos.com.ar\/index.php\/category\/inferior12\/\" rel=\"category tag\">Bloque inferior - 12<\/a>","tag_info":"Bloque inferior - 12","comment_count":"0","_links":{"self":[{"href":"https:\/\/infoecos.com.ar\/index.php\/wp-json\/wp\/v2\/posts\/107254"}],"collection":[{"href":"https:\/\/infoecos.com.ar\/index.php\/wp-json\/wp\/v2\/posts"}],"about":[{"href":"https:\/\/infoecos.com.ar\/index.php\/wp-json\/wp\/v2\/types\/post"}],"author":[{"embeddable":true,"href":"https:\/\/infoecos.com.ar\/index.php\/wp-json\/wp\/v2\/users\/2"}],"replies":[{"embeddable":true,"href":"https:\/\/infoecos.com.ar\/index.php\/wp-json\/wp\/v2\/comments?post=107254"}],"version-history":[{"count":1,"href":"https:\/\/infoecos.com.ar\/index.php\/wp-json\/wp\/v2\/posts\/107254\/revisions"}],"predecessor-version":[{"id":107256,"href":"https:\/\/infoecos.com.ar\/index.php\/wp-json\/wp\/v2\/posts\/107254\/revisions\/107256"}],"wp:featuredmedia":[{"embeddable":true,"href":"https:\/\/infoecos.com.ar\/index.php\/wp-json\/wp\/v2\/media\/107255"}],"wp:attachment":[{"href":"https:\/\/infoecos.com.ar\/index.php\/wp-json\/wp\/v2\/media?parent=107254"}],"wp:term":[{"taxonomy":"category","embeddable":true,"href":"https:\/\/infoecos.com.ar\/index.php\/wp-json\/wp\/v2\/categories?post=107254"},{"taxonomy":"post_tag","embeddable":true,"href":"https:\/\/infoecos.com.ar\/index.php\/wp-json\/wp\/v2\/tags?post=107254"}],"curies":[{"name":"wp","href":"https:\/\/api.w.org\/{rel}","templated":true}]}}