{"id":107266,"date":"2023-07-12T16:16:43","date_gmt":"2023-07-12T19:16:43","guid":{"rendered":"https:\/\/infoecos.com.ar\/?p=107266"},"modified":"2023-07-14T17:26:43","modified_gmt":"2023-07-14T20:26:43","slug":"107266","status":"publish","type":"post","link":"https:\/\/infoecos.com.ar\/index.php\/107266\/","title":{"rendered":"Favaloro conquist\u00f3 un lugar como Pr\u00f3cer"},"content":{"rendered":"\n<p>En el centenario del nacimiento de Ren\u00e9 Favaloro, se reeditan dos libros en torno a su figura,<strong> \u00abRecuerdos de un m\u00e9dico rural\u00bb<\/strong>, un texto en primera persona que re\u00fane sus memorias como m\u00e9dico en un pueblo pampeano, y la biograf\u00eda <strong>\u00abEl gran operador\u00bb<\/strong>, de <strong>Pablo Morosi<\/strong>, que recorre su infancia, su desarrollo profesional y su mirada sobre la salud. Por otra parte, desde este a\u00f1o, sobre la avenida Belgrano, se puede ver un mural hiperrealista que rinde homenaje a quien sigue siendo el m\u00e9dico m\u00e1s querido de la Argentina.<\/p>\n\n\n\n<figure class=\"wp-block-image aligncenter size-full is-resized\"><img loading=\"lazy\" decoding=\"async\" src=\"https:\/\/infoecos.com.ar\/wp-content\/uploads\/2023\/07\/image-82.png\" alt=\"\" class=\"wp-image-107267\" width=\"661\" height=\"371\" srcset=\"https:\/\/infoecos.com.ar\/wp-content\/uploads\/2023\/07\/image-82.png 880w, https:\/\/infoecos.com.ar\/wp-content\/uploads\/2023\/07\/image-82-800x450.png 800w, https:\/\/infoecos.com.ar\/wp-content\/uploads\/2023\/07\/image-82-768x432.png 768w\" sizes=\"(max-width: 661px) 100vw, 661px\" \/><figcaption class=\"wp-element-caption\"><strong>\u00abRecuerdos de un m\u00e9dico rural\u00bb<\/strong><\/figcaption><\/figure>\n\n\n\n<p>En el podio de los h\u00e9roes, Favaloro conquist\u00f3 un lugar con su nombre. Los giros que dieron impulso a esa narrativa van desde la creaci\u00f3n del bypass aortocoronario -que signific\u00f3 un hito para la cardiolog\u00eda en todos los lugares del mundo y una de las t\u00e9cnicas m\u00e1s valoradas de la humanidad-, hasta su mirada social de lo m\u00e9dico, su compromiso p\u00fablico, sus valores de honestidad, su aspiraci\u00f3n de la justicia social y su tr\u00e1gico final cuando decidi\u00f3 quitarse la vida durante la crisis del 2000.<\/p>\n\n\n\n<p>A 100 a\u00f1os de su nacimiento, un 12 de julio de 1923, su nombre sigue inspirando no s\u00f3lo a los profesionales de la salud sino tambi\u00e9n a la sociedad, que supo abrazar la \u00e9tica del m\u00e9dico argentino. Dos libros reeditados para conmemorar la efem\u00e9ride lo pintan de carne y hueso, uno a partir de su testimonio y otro que complejiza a fondo al personaje y a la persona. Adem\u00e1s, este a\u00f1o, se inaugur\u00f3 un mural con su retrato sobre una de las paredes laterales de la Fundaci\u00f3n Favaloro, en la intersecci\u00f3n de las avenidas Belgrano y Entre R\u00edos, obra de Maxi Bagnasco.<\/p>\n\n\n\n<figure class=\"wp-block-image aligncenter size-full is-resized\"><img loading=\"lazy\" decoding=\"async\" src=\"https:\/\/infoecos.com.ar\/wp-content\/uploads\/2023\/07\/image-83.png\" alt=\"\" class=\"wp-image-107268\" width=\"432\" height=\"603\"\/><figcaption class=\"wp-element-caption\"><strong> \u00abDon Pedro y la educaci\u00f3n\u00bb<\/strong><\/figcaption><\/figure>\n\n\n\n<p>Es la d\u00e9cada del 50 y Ren\u00e9 Ger\u00f3nimo Favaloro viaja a La Pampa para instalarse en el pueblo rural de Jacinto Ar\u00e1uz. Se supone que va por tres meses pero los planes muchas veces se bifurcan de su intenci\u00f3n original y aquello que comenz\u00f3 como algo breve se extiende por doce a\u00f1os. Favaloro vivir\u00e1 all\u00ed hasta principios de 1962 ejerciendo la profesi\u00f3n que lo apasiona y defiende a capa y espada: la medicina. Una profesi\u00f3n que en ese pueblo castigado por el viento y la sequ\u00eda, lo elevar\u00e1 a una suerte de l\u00edder comunitario. \u00abEs el testigo y confesor de los hechos que suceden y se siente parte de ella, goza y sufre con los dem\u00e1s\u00bb, describe el propio Favaloro las avenencias que definen al m\u00e9dico rural m\u00e1s all\u00e1 de su saber profesional.<\/p>\n\n\n\n<p><strong>\u00abRecuerdos de un m\u00e9dico rural\u00bb<\/strong>, reci\u00e9n reeditado por Sudamericana, es uno de los tres libros que el creador del bypass aortocoronario leg\u00f3 en clave de autobiograf\u00eda. Los otros dos son <strong>\u00abDe La Pampa a los Estados Unidos\u00bb y \u00abDon Pedro y la educaci\u00f3n\u00bb<\/strong>. En ese primer volumen que dedica a la estad\u00eda en La Pampa, el cirujano recurre a su experiencia en primera persona como m\u00e9dico de un pueblo rural para narrar algo m\u00e1s que su propio quehacer y comprender la relaci\u00f3n entre las condiciones socioecon\u00f3micas, la salud y la vida.<\/p>\n\n\n\n<figure class=\"wp-block-image aligncenter size-full\"><img loading=\"lazy\" decoding=\"async\" width=\"394\" height=\"600\" src=\"https:\/\/infoecos.com.ar\/wp-content\/uploads\/2023\/07\/image-84.png\" alt=\"\" class=\"wp-image-107269\"\/><figcaption class=\"wp-element-caption\"> <strong>\u00abDe La Pampa a los Estados Unidos\u00bb<\/strong><\/figcaption><\/figure>\n\n\n\n<p>\u00abEl 25 de mayo de 1950, por pura coincidencia nom\u00e1s, part\u00ed en un tren del Ferrocarril General Roca. \u00a1Qui\u00e9n iba a decir que el destino transformar\u00eda tres meses en casi doce a\u00f1os de tanta trascendencia para el resto de mi vida!\u00bb, escribe sobre esa memoria que lo horad\u00f3 y que evoca como un cuestionamiento para la transformaci\u00f3n, como se pregunta en el pr\u00f3logo de la segunda edici\u00f3n, en 1992: \u00ab\u00bfSeremos testigos complacientes de que nuestro pa\u00eds tambi\u00e9n alcance los niveles de libertad desenfrenada de la sociedad de consumo donde la droga, la violencia, el abuso sexual, el crimen, el despilfarro, la destrucci\u00f3n de la naturaleza y la injusticia social son sus resultantes?\u00bb.<\/p>\n\n\n\n<p>Como un cronista que llega por primera vez a una realidad distante a la suya, Favaloro despliega sus tintes literarios en la descripci\u00f3n del paisaje pampeano. Ese relato pormenorizado del territorio tiene correlato en los valores y los lazos comunitarios y solidarios que encuentra entre las personas de aquel pueblo, pero tambi\u00e9n en las formas de producci\u00f3n, en la din\u00e1mica de los movimientos migratorios, en las oportunidades de quienes viven de lo que la tierra da y en la composici\u00f3n sociocultural, desde familias muy adineradas a \u00abchangarines\u00bb que sab\u00edan ganarse la vida.<\/p>\n\n\n\n<figure class=\"wp-block-image aligncenter size-full is-resized\"><img loading=\"lazy\" decoding=\"async\" src=\"https:\/\/infoecos.com.ar\/wp-content\/uploads\/2023\/07\/image-85.png\" alt=\"\" class=\"wp-image-107270\" width=\"440\" height=\"246\"\/><figcaption class=\"wp-element-caption\"> <strong>\u00abEl gran operador\u00bb<\/strong>, de <strong>Pablo Morosi<\/strong><\/figcaption><\/figure>\n\n\n\n<p>Desde La Plata y gracias a un t\u00edo, Favaloro lleg\u00f3 a Ar\u00e1uz para reemplazar al m\u00e9dico del pueblo. Sus labores abarcaban todas las \u00e1reas: cl\u00ednica general, pediatr\u00eda, peque\u00f1as cirug\u00edas, urgencias y obstetricia, la especialidad que menos hab\u00eda practicado durante sus a\u00f1os de formaci\u00f3n el Policl\u00ednico Bancario y que al cuarto d\u00eda de instalado se vio obligado a ejercer de la noche a la ma\u00f1ana con bastante preocupaci\u00f3n por su falta de pr\u00e1ctica en atenci\u00f3n de partos.<\/p>\n\n\n\n<p>\u00abEn un pueblo tan chico, las peque\u00f1as haza\u00f1as del m\u00e9dico reci\u00e9n llegado se comentaban por doquier y serv\u00edan para balancear las derrotas que tanto preocupaban a mi t\u00edo. Con absoluta dedicaci\u00f3n a mi tarea percib\u00eda que poco a poco iba entremezcl\u00e1ndose con la poblaci\u00f3n, la iba conociendo en profundidad a medida que me enteraba y participaba de sus problemas. (&#8230;) Hab\u00eda dejado de ser un extra\u00f1o\u00bb, escribe Favaloro sobre el pueblo que lo conquist\u00f3 al punto de que \u00ablentamente fui elaborando la idea de afincarme\u00bb.<\/p>\n\n\n\n<p>Para Favaloro afincarse ah\u00ed fue m\u00e1s que decidir un presente individual sino la apuesta colectiva a trav\u00e9s de la medicina para \u00abcontribuir al desarrollo social educacional de ese territorio con el que me hab\u00eda ido entremezclando\u00bb. En Ar\u00e1uz, Favaloro dio charlas a la comunidad para vincular salud con condiciones de higiene y cre\u00f3 una cl\u00ednica, que dirigi\u00f3 junto a su hermano Juan Jos\u00e9.<\/p>\n\n\n\n<p>Aquello que Favaloro observa y registra en este texto no es indiferente a su profesi\u00f3n. La descripci\u00f3n del paisaje o las an\u00e9cdotas cuando atiende a domicilio en parajes desolados operan como la plataforma de an\u00e1lisis que le permite tomar posicionamiento sobre lo que ve, y expone su mirada humanista sobre las condiciones de vida desfavorables del campo en relaci\u00f3n a la ciudad.<\/p>\n","protected":false},"excerpt":{"rendered":"<p>\u00bfA 100 a\u00f1os de su nacimiento, un 12 de julio de 1923, su nombre sigue inspirando no s\u00f3lo a los profesionales de la salud sino tambi\u00e9n a la sociedad, que supo abrazar la \u00e9tica del m\u00e9dico argentino<\/p>\n","protected":false},"author":2,"featured_media":107273,"comment_status":"closed","ping_status":"open","sticky":false,"template":"","format":"standard","meta":{"footnotes":""},"categories":[41],"tags":[8352],"class_list":["post-107266","post","type-post","status-publish","format-standard","has-post-thumbnail","hentry","category-inferior2","tag-100-anos-de-su-nacimiento"],"yoast_head":"<!-- This site is optimized with the Yoast SEO plugin v23.4 - https:\/\/yoast.com\/wordpress\/plugins\/seo\/ -->\n<title>Favaloro conquist\u00f3 un lugar como Pr\u00f3cer - Infoecos<\/title>\n<meta name=\"robots\" content=\"index, follow, max-snippet:-1, max-image-preview:large, max-video-preview:-1\" \/>\n<link rel=\"canonical\" href=\"https:\/\/infoecos.com.ar\/index.php\/107266\/\" \/>\n<meta property=\"og:locale\" content=\"es_ES\" \/>\n<meta property=\"og:type\" content=\"article\" \/>\n<meta property=\"og:title\" content=\"Favaloro conquist\u00f3 un lugar como Pr\u00f3cer - Infoecos\" \/>\n<meta property=\"og:description\" content=\"\u00bfA 100 a\u00f1os de su nacimiento, un 12 de julio de 1923, su nombre sigue inspirando no s\u00f3lo a los profesionales de la salud sino tambi\u00e9n a la sociedad, que supo abrazar la \u00e9tica del m\u00e9dico argentino\" \/>\n<meta property=\"og:url\" content=\"https:\/\/infoecos.com.ar\/index.php\/107266\/\" \/>\n<meta property=\"og:site_name\" content=\"Infoecos\" \/>\n<meta property=\"article:publisher\" content=\"https:\/\/www.facebook.com\/profile.php?id=100063200290284\" \/>\n<meta property=\"article:published_time\" content=\"2023-07-12T19:16:43+00:00\" \/>\n<meta property=\"article:modified_time\" content=\"2023-07-14T20:26:43+00:00\" \/>\n<meta property=\"og:image\" content=\"https:\/\/infoecos.com.ar\/wp-content\/uploads\/2023\/07\/imagen_55919.jpg\" \/>\n\t<meta property=\"og:image:width\" content=\"1200\" \/>\n\t<meta property=\"og:image:height\" content=\"675\" \/>\n\t<meta property=\"og:image:type\" content=\"image\/jpeg\" \/>\n<meta name=\"author\" content=\"Jorge Matheus\" \/>\n<meta name=\"twitter:card\" content=\"summary_large_image\" \/>\n<meta name=\"twitter:creator\" content=\"@infoecos\" \/>\n<meta name=\"twitter:site\" content=\"@infoecos\" \/>\n<meta name=\"twitter:label1\" content=\"Escrito por\" \/>\n\t<meta name=\"twitter:data1\" content=\"Jorge Matheus\" \/>\n\t<meta name=\"twitter:label2\" content=\"Tiempo de lectura\" \/>\n\t<meta name=\"twitter:data2\" content=\"6 minutos\" \/>\n<script type=\"application\/ld+json\" class=\"yoast-schema-graph\">{\"@context\":\"https:\/\/schema.org\",\"@graph\":[{\"@type\":\"Article\",\"@id\":\"https:\/\/infoecos.com.ar\/index.php\/107266\/#article\",\"isPartOf\":{\"@id\":\"https:\/\/infoecos.com.ar\/index.php\/107266\/\"},\"author\":{\"name\":\"Jorge Matheus\",\"@id\":\"https:\/\/infoecos.com.ar\/#\/schema\/person\/8f5ace5ce73b4b4aac4b7245aee6f191\"},\"headline\":\"Favaloro conquist\u00f3 un lugar como Pr\u00f3cer\",\"datePublished\":\"2023-07-12T19:16:43+00:00\",\"dateModified\":\"2023-07-14T20:26:43+00:00\",\"mainEntityOfPage\":{\"@id\":\"https:\/\/infoecos.com.ar\/index.php\/107266\/\"},\"wordCount\":1113,\"publisher\":{\"@id\":\"https:\/\/infoecos.com.ar\/#organization\"},\"image\":{\"@id\":\"https:\/\/infoecos.com.ar\/index.php\/107266\/#primaryimage\"},\"thumbnailUrl\":\"https:\/\/infoecos.com.ar\/wp-content\/uploads\/2023\/07\/imagen_55919.jpg\",\"keywords\":[\"100 a\u00f1os de su nacimiento\"],\"articleSection\":[\"Bloque inferior - 2\"],\"inLanguage\":\"es\"},{\"@type\":\"WebPage\",\"@id\":\"https:\/\/infoecos.com.ar\/index.php\/107266\/\",\"url\":\"https:\/\/infoecos.com.ar\/index.php\/107266\/\",\"name\":\"Favaloro conquist\u00f3 un lugar como Pr\u00f3cer - Infoecos\",\"isPartOf\":{\"@id\":\"https:\/\/infoecos.com.ar\/#website\"},\"primaryImageOfPage\":{\"@id\":\"https:\/\/infoecos.com.ar\/index.php\/107266\/#primaryimage\"},\"image\":{\"@id\":\"https:\/\/infoecos.com.ar\/index.php\/107266\/#primaryimage\"},\"thumbnailUrl\":\"https:\/\/infoecos.com.ar\/wp-content\/uploads\/2023\/07\/imagen_55919.jpg\",\"datePublished\":\"2023-07-12T19:16:43+00:00\",\"dateModified\":\"2023-07-14T20:26:43+00:00\",\"breadcrumb\":{\"@id\":\"https:\/\/infoecos.com.ar\/index.php\/107266\/#breadcrumb\"},\"inLanguage\":\"es\",\"potentialAction\":[{\"@type\":\"ReadAction\",\"target\":[\"https:\/\/infoecos.com.ar\/index.php\/107266\/\"]}]},{\"@type\":\"ImageObject\",\"inLanguage\":\"es\",\"@id\":\"https:\/\/infoecos.com.ar\/index.php\/107266\/#primaryimage\",\"url\":\"https:\/\/infoecos.com.ar\/wp-content\/uploads\/2023\/07\/imagen_55919.jpg\",\"contentUrl\":\"https:\/\/infoecos.com.ar\/wp-content\/uploads\/2023\/07\/imagen_55919.jpg\",\"width\":1200,\"height\":675},{\"@type\":\"BreadcrumbList\",\"@id\":\"https:\/\/infoecos.com.ar\/index.php\/107266\/#breadcrumb\",\"itemListElement\":[{\"@type\":\"ListItem\",\"position\":1,\"name\":\"Portada\",\"item\":\"https:\/\/infoecos.com.ar\/\"},{\"@type\":\"ListItem\",\"position\":2,\"name\":\"Favaloro conquist\u00f3 un lugar como Pr\u00f3cer\"}]},{\"@type\":\"WebSite\",\"@id\":\"https:\/\/infoecos.com.ar\/#website\",\"url\":\"https:\/\/infoecos.com.ar\/\",\"name\":\"Infoecos\",\"description\":\"Noticias de trenque lauquen y la zona\",\"publisher\":{\"@id\":\"https:\/\/infoecos.com.ar\/#organization\"},\"alternateName\":\"Noticias\",\"potentialAction\":[{\"@type\":\"SearchAction\",\"target\":{\"@type\":\"EntryPoint\",\"urlTemplate\":\"https:\/\/infoecos.com.ar\/?s={search_term_string}\"},\"query-input\":{\"@type\":\"PropertyValueSpecification\",\"valueRequired\":true,\"valueName\":\"search_term_string\"}}],\"inLanguage\":\"es\"},{\"@type\":\"Organization\",\"@id\":\"https:\/\/infoecos.com.ar\/#organization\",\"name\":\"Infoecos\",\"alternateName\":\"Noticias\",\"url\":\"https:\/\/infoecos.com.ar\/\",\"logo\":{\"@type\":\"ImageObject\",\"inLanguage\":\"es\",\"@id\":\"https:\/\/infoecos.com.ar\/#\/schema\/logo\/image\/\",\"url\":\"https:\/\/infoecos.com.ar\/wp-content\/uploads\/2024\/03\/cropped-logo.png\",\"contentUrl\":\"https:\/\/infoecos.com.ar\/wp-content\/uploads\/2024\/03\/cropped-logo.png\",\"width\":374,\"height\":90,\"caption\":\"Infoecos\"},\"image\":{\"@id\":\"https:\/\/infoecos.com.ar\/#\/schema\/logo\/image\/\"},\"sameAs\":[\"https:\/\/www.facebook.com\/profile.php?id=100063200290284\",\"https:\/\/x.com\/infoecos\"]},{\"@type\":\"Person\",\"@id\":\"https:\/\/infoecos.com.ar\/#\/schema\/person\/8f5ace5ce73b4b4aac4b7245aee6f191\",\"name\":\"Jorge Matheus\",\"url\":\"https:\/\/infoecos.com.ar\/index.php\/author\/jomatheus\/\"}]}<\/script>\n<!-- \/ Yoast SEO plugin. -->","yoast_head_json":{"title":"Favaloro conquist\u00f3 un lugar como Pr\u00f3cer - Infoecos","robots":{"index":"index","follow":"follow","max-snippet":"max-snippet:-1","max-image-preview":"max-image-preview:large","max-video-preview":"max-video-preview:-1"},"canonical":"https:\/\/infoecos.com.ar\/index.php\/107266\/","og_locale":"es_ES","og_type":"article","og_title":"Favaloro conquist\u00f3 un lugar como Pr\u00f3cer - Infoecos","og_description":"\u00bfA 100 a\u00f1os de su nacimiento, un 12 de julio de 1923, su nombre sigue inspirando no s\u00f3lo a los profesionales de la salud sino tambi\u00e9n a la sociedad, que supo abrazar la \u00e9tica del m\u00e9dico argentino","og_url":"https:\/\/infoecos.com.ar\/index.php\/107266\/","og_site_name":"Infoecos","article_publisher":"https:\/\/www.facebook.com\/profile.php?id=100063200290284","article_published_time":"2023-07-12T19:16:43+00:00","article_modified_time":"2023-07-14T20:26:43+00:00","og_image":[{"width":1200,"height":675,"url":"https:\/\/infoecos.com.ar\/wp-content\/uploads\/2023\/07\/imagen_55919.jpg","type":"image\/jpeg"}],"author":"Jorge Matheus","twitter_card":"summary_large_image","twitter_creator":"@infoecos","twitter_site":"@infoecos","twitter_misc":{"Escrito por":"Jorge Matheus","Tiempo de lectura":"6 minutos"},"schema":{"@context":"https:\/\/schema.org","@graph":[{"@type":"Article","@id":"https:\/\/infoecos.com.ar\/index.php\/107266\/#article","isPartOf":{"@id":"https:\/\/infoecos.com.ar\/index.php\/107266\/"},"author":{"name":"Jorge Matheus","@id":"https:\/\/infoecos.com.ar\/#\/schema\/person\/8f5ace5ce73b4b4aac4b7245aee6f191"},"headline":"Favaloro conquist\u00f3 un lugar como Pr\u00f3cer","datePublished":"2023-07-12T19:16:43+00:00","dateModified":"2023-07-14T20:26:43+00:00","mainEntityOfPage":{"@id":"https:\/\/infoecos.com.ar\/index.php\/107266\/"},"wordCount":1113,"publisher":{"@id":"https:\/\/infoecos.com.ar\/#organization"},"image":{"@id":"https:\/\/infoecos.com.ar\/index.php\/107266\/#primaryimage"},"thumbnailUrl":"https:\/\/infoecos.com.ar\/wp-content\/uploads\/2023\/07\/imagen_55919.jpg","keywords":["100 a\u00f1os de su nacimiento"],"articleSection":["Bloque inferior - 2"],"inLanguage":"es"},{"@type":"WebPage","@id":"https:\/\/infoecos.com.ar\/index.php\/107266\/","url":"https:\/\/infoecos.com.ar\/index.php\/107266\/","name":"Favaloro conquist\u00f3 un lugar como Pr\u00f3cer - Infoecos","isPartOf":{"@id":"https:\/\/infoecos.com.ar\/#website"},"primaryImageOfPage":{"@id":"https:\/\/infoecos.com.ar\/index.php\/107266\/#primaryimage"},"image":{"@id":"https:\/\/infoecos.com.ar\/index.php\/107266\/#primaryimage"},"thumbnailUrl":"https:\/\/infoecos.com.ar\/wp-content\/uploads\/2023\/07\/imagen_55919.jpg","datePublished":"2023-07-12T19:16:43+00:00","dateModified":"2023-07-14T20:26:43+00:00","breadcrumb":{"@id":"https:\/\/infoecos.com.ar\/index.php\/107266\/#breadcrumb"},"inLanguage":"es","potentialAction":[{"@type":"ReadAction","target":["https:\/\/infoecos.com.ar\/index.php\/107266\/"]}]},{"@type":"ImageObject","inLanguage":"es","@id":"https:\/\/infoecos.com.ar\/index.php\/107266\/#primaryimage","url":"https:\/\/infoecos.com.ar\/wp-content\/uploads\/2023\/07\/imagen_55919.jpg","contentUrl":"https:\/\/infoecos.com.ar\/wp-content\/uploads\/2023\/07\/imagen_55919.jpg","width":1200,"height":675},{"@type":"BreadcrumbList","@id":"https:\/\/infoecos.com.ar\/index.php\/107266\/#breadcrumb","itemListElement":[{"@type":"ListItem","position":1,"name":"Portada","item":"https:\/\/infoecos.com.ar\/"},{"@type":"ListItem","position":2,"name":"Favaloro conquist\u00f3 un lugar como Pr\u00f3cer"}]},{"@type":"WebSite","@id":"https:\/\/infoecos.com.ar\/#website","url":"https:\/\/infoecos.com.ar\/","name":"Infoecos","description":"Noticias de trenque lauquen y la zona","publisher":{"@id":"https:\/\/infoecos.com.ar\/#organization"},"alternateName":"Noticias","potentialAction":[{"@type":"SearchAction","target":{"@type":"EntryPoint","urlTemplate":"https:\/\/infoecos.com.ar\/?s={search_term_string}"},"query-input":{"@type":"PropertyValueSpecification","valueRequired":true,"valueName":"search_term_string"}}],"inLanguage":"es"},{"@type":"Organization","@id":"https:\/\/infoecos.com.ar\/#organization","name":"Infoecos","alternateName":"Noticias","url":"https:\/\/infoecos.com.ar\/","logo":{"@type":"ImageObject","inLanguage":"es","@id":"https:\/\/infoecos.com.ar\/#\/schema\/logo\/image\/","url":"https:\/\/infoecos.com.ar\/wp-content\/uploads\/2024\/03\/cropped-logo.png","contentUrl":"https:\/\/infoecos.com.ar\/wp-content\/uploads\/2024\/03\/cropped-logo.png","width":374,"height":90,"caption":"Infoecos"},"image":{"@id":"https:\/\/infoecos.com.ar\/#\/schema\/logo\/image\/"},"sameAs":["https:\/\/www.facebook.com\/profile.php?id=100063200290284","https:\/\/x.com\/infoecos"]},{"@type":"Person","@id":"https:\/\/infoecos.com.ar\/#\/schema\/person\/8f5ace5ce73b4b4aac4b7245aee6f191","name":"Jorge Matheus","url":"https:\/\/infoecos.com.ar\/index.php\/author\/jomatheus\/"}]}},"featured_image_urls":{"full":["https:\/\/infoecos.com.ar\/wp-content\/uploads\/2023\/07\/imagen_55919.jpg",1200,675,false],"thumbnail":["https:\/\/infoecos.com.ar\/wp-content\/uploads\/2023\/07\/imagen_55919-300x150.jpg",300,150,true],"medium":["https:\/\/infoecos.com.ar\/wp-content\/uploads\/2023\/07\/imagen_55919-800x450.jpg",800,450,true],"medium_large":["https:\/\/infoecos.com.ar\/wp-content\/uploads\/2023\/07\/imagen_55919-768x432.jpg",640,360,true],"large":["https:\/\/infoecos.com.ar\/wp-content\/uploads\/2023\/07\/imagen_55919.jpg",640,360,false],"1536x1536":["https:\/\/infoecos.com.ar\/wp-content\/uploads\/2023\/07\/imagen_55919.jpg",1200,675,false],"2048x2048":["https:\/\/infoecos.com.ar\/wp-content\/uploads\/2023\/07\/imagen_55919.jpg",1200,675,false],"covernews-slider-full":["https:\/\/infoecos.com.ar\/wp-content\/uploads\/2023\/07\/imagen_55919.jpg",1115,627,false],"covernews-slider-center":["https:\/\/infoecos.com.ar\/wp-content\/uploads\/2023\/07\/imagen_55919-936x675.jpg",693,500,true],"covernews-featured":["https:\/\/infoecos.com.ar\/wp-content\/uploads\/2023\/07\/imagen_55919-1024x576.jpg",1024,576,true],"covernews-medium":["https:\/\/infoecos.com.ar\/wp-content\/uploads\/2023\/07\/imagen_55919-720x380.jpg",540,285,true],"covernews-medium-square":["https:\/\/infoecos.com.ar\/wp-content\/uploads\/2023\/07\/imagen_55919-675x450.jpg",375,250,true]},"author_info":{"info":["Jorge Matheus"]},"category_info":"<a href=\"https:\/\/infoecos.com.ar\/index.php\/category\/inferior2\/\" rel=\"category tag\">Bloque inferior - 2<\/a>","tag_info":"Bloque inferior - 2","comment_count":"0","_links":{"self":[{"href":"https:\/\/infoecos.com.ar\/index.php\/wp-json\/wp\/v2\/posts\/107266"}],"collection":[{"href":"https:\/\/infoecos.com.ar\/index.php\/wp-json\/wp\/v2\/posts"}],"about":[{"href":"https:\/\/infoecos.com.ar\/index.php\/wp-json\/wp\/v2\/types\/post"}],"author":[{"embeddable":true,"href":"https:\/\/infoecos.com.ar\/index.php\/wp-json\/wp\/v2\/users\/2"}],"replies":[{"embeddable":true,"href":"https:\/\/infoecos.com.ar\/index.php\/wp-json\/wp\/v2\/comments?post=107266"}],"version-history":[{"count":3,"href":"https:\/\/infoecos.com.ar\/index.php\/wp-json\/wp\/v2\/posts\/107266\/revisions"}],"predecessor-version":[{"id":107282,"href":"https:\/\/infoecos.com.ar\/index.php\/wp-json\/wp\/v2\/posts\/107266\/revisions\/107282"}],"wp:featuredmedia":[{"embeddable":true,"href":"https:\/\/infoecos.com.ar\/index.php\/wp-json\/wp\/v2\/media\/107273"}],"wp:attachment":[{"href":"https:\/\/infoecos.com.ar\/index.php\/wp-json\/wp\/v2\/media?parent=107266"}],"wp:term":[{"taxonomy":"category","embeddable":true,"href":"https:\/\/infoecos.com.ar\/index.php\/wp-json\/wp\/v2\/categories?post=107266"},{"taxonomy":"post_tag","embeddable":true,"href":"https:\/\/infoecos.com.ar\/index.php\/wp-json\/wp\/v2\/tags?post=107266"}],"curies":[{"name":"wp","href":"https:\/\/api.w.org\/{rel}","templated":true}]}}