{"id":107279,"date":"2023-07-12T17:21:48","date_gmt":"2023-07-12T20:21:48","guid":{"rendered":"https:\/\/infoecos.com.ar\/?p=107279"},"modified":"2023-07-17T00:21:24","modified_gmt":"2023-07-17T03:21:24","slug":"107279","status":"publish","type":"post","link":"https:\/\/infoecos.com.ar\/index.php\/107279\/","title":{"rendered":"Francisco Recoulat y quienes lo acompa\u00f1an como precandidatos en Juntos por el Cambio"},"content":{"rendered":"\n<p>Francisco Recoulat, acompa\u00f1ado por Miguel Fern\u00e1ndez, Valent\u00edn Miranda, Germ\u00e1n Lauro, entre otros, present\u00f3 en el Comit\u00e9 de la Uni\u00f3n C\u00edvica Radical a quienes lo acompa\u00f1ar\u00e1n en su aspiraci\u00f3n de convertirse en el pr\u00f3ximo mandatario comunal.<\/p>\n\n\n\n<p>Fern\u00e1ndez, se recuerda, es precandidato a vicegobernador de la provincia, Valent\u00edn Miranda a ser reelecto en la C\u00e1mara de Diputados de Buenos Aires y el reconocido ol\u00edmpico, Germ\u00e1n Lauro, integra la lista de precandidatos a concejales en <a><\/a>tercer lugar.<\/p>\n\n\n\n<p>NdR: agradecemos la deferencia de mantenernos informados envi\u00e1ndonos los partes de prensa, habida cuenta que nuestra redacci\u00f3n no est\u00e1 superpoblada de periodistas y son d\u00edas con un clima complejo.<\/p>\n\n\n\n<p>Especialmente el radicalismo de Trenque Lauquen, vuelve a apostar a un cambio generacional similar a la d\u00e9cada del 80 cuando ingresaron dirigentes como Barracchia, los hermanos Francisco y Pepe Font, Jorge Lamelo, Ricardo Kurlat, Carlos Garbarino. Fue Horacio Arrast\u00faa, en momentos muy dif\u00edciles para el distrito, qui\u00e9n los convoc\u00f3 y no le sacaron el cuerpo al convite. <\/p>\n\n\n\n<p><strong>Desagregado en los primeros tres lugares:<\/strong><\/p>\n\n\n\n<p><strong>Esteban Vidal<\/strong>, es el reemplazante natural de Fern\u00e1ndez, hasta el pr\u00f3ximo 10 de diciembre, es un hombre joven, responsable y emprendedor. Ha cumplido con su responsabilidad, ante cada licencia del mandatario comunal que se postula como precandidato a vicegobernador, un hecho pol\u00edtico desconocido en la historia pol\u00edtica del distrito. <\/p>\n\n\n\n<p>Por otro lado, <strong>Virginia Monz\u00f3<\/strong> &#8211; en el marco de la coalici\u00f3n &#8211; est\u00e1 segunda. Con antecedentes en el cuerpo legislativo durante estos \u00faltimos tres a\u00f1os y medio. <\/p>\n\n\n\n<p>Se destaca<strong> Germ\u00e1n Lauro<\/strong>. Su trayectoria deportiva est\u00e1 cerca de la excelencia. Tuvo una participaci\u00f3n destacable en Juegos Ol\u00edmpicos, lo que hizo se conociera su nombre en los cuatro puntos cardinales del pa\u00eds y tambi\u00e9n en el mundo. Hay que agregar que por su personalidad entabl\u00f3 v\u00ednculos con influyentes deportistas, que abre de ser electo un canal de v\u00ednculos importantes para el distrito, como tambi\u00e9n compromiso con la comunidad a trav\u00e9s de la educaci\u00f3n y formaci\u00f3n acad\u00e9mica.<\/p>\n\n\n\n<p><\/p>\n\n\n\n<figure class=\"wp-block-image aligncenter size-full\"><img loading=\"lazy\" decoding=\"async\" width=\"680\" height=\"680\" src=\"https:\/\/infoecos.com.ar\/wp-content\/uploads\/2023\/07\/franciscorecoulat.jpg\" alt=\"\" class=\"wp-image-107284\"\/><\/figure>\n","protected":false},"excerpt":{"rendered":"<p>Fern\u00e1ndez, es precandidato a vicegobernador de la provincia, Valent\u00edn Miranda a ser reelecto en la C\u00e1mara de Diputados de Buenos Aires y el reconocido ol\u00edmpico, Germ\u00e1n Lauro, integra la lista de precandidatos a concejales en tercer lugar<\/p>\n","protected":false},"author":2,"featured_media":107286,"comment_status":"closed","ping_status":"open","sticky":false,"template":"","format":"standard","meta":{"footnotes":""},"categories":[1333],"tags":[8353],"class_list":["post-107279","post","type-post","status-publish","format-standard","has-post-thumbnail","hentry","category-inferior13","tag-apuesta-al-recambio-generacional"],"yoast_head":"<!-- This site is optimized with the Yoast SEO plugin v23.4 - https:\/\/yoast.com\/wordpress\/plugins\/seo\/ -->\n<title>Francisco Recoulat y quienes lo acompa\u00f1an como precandidatos en Juntos por el Cambio - Infoecos<\/title>\n<meta name=\"robots\" content=\"index, follow, max-snippet:-1, max-image-preview:large, max-video-preview:-1\" \/>\n<link rel=\"canonical\" href=\"https:\/\/infoecos.com.ar\/index.php\/107279\/\" \/>\n<meta property=\"og:locale\" content=\"es_ES\" \/>\n<meta property=\"og:type\" content=\"article\" \/>\n<meta property=\"og:title\" content=\"Francisco Recoulat y quienes lo acompa\u00f1an como precandidatos en Juntos por el Cambio - Infoecos\" \/>\n<meta property=\"og:description\" content=\"Fern\u00e1ndez, es precandidato a vicegobernador de la provincia, Valent\u00edn Miranda a ser reelecto en la C\u00e1mara de Diputados de Buenos Aires y el reconocido ol\u00edmpico, Germ\u00e1n Lauro, integra la lista de precandidatos a concejales en tercer lugar\" \/>\n<meta property=\"og:url\" content=\"https:\/\/infoecos.com.ar\/index.php\/107279\/\" \/>\n<meta property=\"og:site_name\" content=\"Infoecos\" \/>\n<meta property=\"article:publisher\" content=\"https:\/\/www.facebook.com\/profile.php?id=100063200290284\" \/>\n<meta property=\"article:published_time\" content=\"2023-07-12T20:21:48+00:00\" \/>\n<meta property=\"article:modified_time\" content=\"2023-07-17T03:21:24+00:00\" \/>\n<meta property=\"og:image\" content=\"https:\/\/infoecos.com.ar\/wp-content\/uploads\/2023\/07\/360083892_743247661141229_9004695388610054062_n.jpg\" \/>\n\t<meta property=\"og:image:width\" content=\"720\" \/>\n\t<meta property=\"og:image:height\" content=\"364\" \/>\n\t<meta property=\"og:image:type\" content=\"image\/jpeg\" \/>\n<meta name=\"author\" content=\"Jorge Matheus\" \/>\n<meta name=\"twitter:card\" content=\"summary_large_image\" \/>\n<meta name=\"twitter:creator\" content=\"@infoecos\" \/>\n<meta name=\"twitter:site\" content=\"@infoecos\" \/>\n<meta name=\"twitter:label1\" content=\"Escrito por\" \/>\n\t<meta name=\"twitter:data1\" content=\"Jorge Matheus\" \/>\n\t<meta name=\"twitter:label2\" content=\"Tiempo de lectura\" \/>\n\t<meta name=\"twitter:data2\" content=\"2 minutos\" \/>\n<script type=\"application\/ld+json\" class=\"yoast-schema-graph\">{\"@context\":\"https:\/\/schema.org\",\"@graph\":[{\"@type\":\"Article\",\"@id\":\"https:\/\/infoecos.com.ar\/index.php\/107279\/#article\",\"isPartOf\":{\"@id\":\"https:\/\/infoecos.com.ar\/index.php\/107279\/\"},\"author\":{\"name\":\"Jorge Matheus\",\"@id\":\"https:\/\/infoecos.com.ar\/#\/schema\/person\/8f5ace5ce73b4b4aac4b7245aee6f191\"},\"headline\":\"Francisco Recoulat y quienes lo acompa\u00f1an como precandidatos en Juntos por el Cambio\",\"datePublished\":\"2023-07-12T20:21:48+00:00\",\"dateModified\":\"2023-07-17T03:21:24+00:00\",\"mainEntityOfPage\":{\"@id\":\"https:\/\/infoecos.com.ar\/index.php\/107279\/\"},\"wordCount\":372,\"publisher\":{\"@id\":\"https:\/\/infoecos.com.ar\/#organization\"},\"image\":{\"@id\":\"https:\/\/infoecos.com.ar\/index.php\/107279\/#primaryimage\"},\"thumbnailUrl\":\"https:\/\/infoecos.com.ar\/wp-content\/uploads\/2023\/07\/360083892_743247661141229_9004695388610054062_n.jpg\",\"keywords\":[\"APUESTA AL RECAMBIO GENERACIONAL\"],\"articleSection\":[\"Bloque inferior - 13\"],\"inLanguage\":\"es\"},{\"@type\":\"WebPage\",\"@id\":\"https:\/\/infoecos.com.ar\/index.php\/107279\/\",\"url\":\"https:\/\/infoecos.com.ar\/index.php\/107279\/\",\"name\":\"Francisco Recoulat y quienes lo acompa\u00f1an como precandidatos en Juntos por el Cambio - Infoecos\",\"isPartOf\":{\"@id\":\"https:\/\/infoecos.com.ar\/#website\"},\"primaryImageOfPage\":{\"@id\":\"https:\/\/infoecos.com.ar\/index.php\/107279\/#primaryimage\"},\"image\":{\"@id\":\"https:\/\/infoecos.com.ar\/index.php\/107279\/#primaryimage\"},\"thumbnailUrl\":\"https:\/\/infoecos.com.ar\/wp-content\/uploads\/2023\/07\/360083892_743247661141229_9004695388610054062_n.jpg\",\"datePublished\":\"2023-07-12T20:21:48+00:00\",\"dateModified\":\"2023-07-17T03:21:24+00:00\",\"breadcrumb\":{\"@id\":\"https:\/\/infoecos.com.ar\/index.php\/107279\/#breadcrumb\"},\"inLanguage\":\"es\",\"potentialAction\":[{\"@type\":\"ReadAction\",\"target\":[\"https:\/\/infoecos.com.ar\/index.php\/107279\/\"]}]},{\"@type\":\"ImageObject\",\"inLanguage\":\"es\",\"@id\":\"https:\/\/infoecos.com.ar\/index.php\/107279\/#primaryimage\",\"url\":\"https:\/\/infoecos.com.ar\/wp-content\/uploads\/2023\/07\/360083892_743247661141229_9004695388610054062_n.jpg\",\"contentUrl\":\"https:\/\/infoecos.com.ar\/wp-content\/uploads\/2023\/07\/360083892_743247661141229_9004695388610054062_n.jpg\",\"width\":720,\"height\":364},{\"@type\":\"BreadcrumbList\",\"@id\":\"https:\/\/infoecos.com.ar\/index.php\/107279\/#breadcrumb\",\"itemListElement\":[{\"@type\":\"ListItem\",\"position\":1,\"name\":\"Portada\",\"item\":\"https:\/\/infoecos.com.ar\/\"},{\"@type\":\"ListItem\",\"position\":2,\"name\":\"Francisco Recoulat y quienes lo acompa\u00f1an como precandidatos en Juntos por el Cambio\"}]},{\"@type\":\"WebSite\",\"@id\":\"https:\/\/infoecos.com.ar\/#website\",\"url\":\"https:\/\/infoecos.com.ar\/\",\"name\":\"Infoecos\",\"description\":\"Noticias de trenque lauquen y la zona\",\"publisher\":{\"@id\":\"https:\/\/infoecos.com.ar\/#organization\"},\"alternateName\":\"Noticias\",\"potentialAction\":[{\"@type\":\"SearchAction\",\"target\":{\"@type\":\"EntryPoint\",\"urlTemplate\":\"https:\/\/infoecos.com.ar\/?s={search_term_string}\"},\"query-input\":{\"@type\":\"PropertyValueSpecification\",\"valueRequired\":true,\"valueName\":\"search_term_string\"}}],\"inLanguage\":\"es\"},{\"@type\":\"Organization\",\"@id\":\"https:\/\/infoecos.com.ar\/#organization\",\"name\":\"Infoecos\",\"alternateName\":\"Noticias\",\"url\":\"https:\/\/infoecos.com.ar\/\",\"logo\":{\"@type\":\"ImageObject\",\"inLanguage\":\"es\",\"@id\":\"https:\/\/infoecos.com.ar\/#\/schema\/logo\/image\/\",\"url\":\"https:\/\/infoecos.com.ar\/wp-content\/uploads\/2024\/03\/cropped-logo.png\",\"contentUrl\":\"https:\/\/infoecos.com.ar\/wp-content\/uploads\/2024\/03\/cropped-logo.png\",\"width\":374,\"height\":90,\"caption\":\"Infoecos\"},\"image\":{\"@id\":\"https:\/\/infoecos.com.ar\/#\/schema\/logo\/image\/\"},\"sameAs\":[\"https:\/\/www.facebook.com\/profile.php?id=100063200290284\",\"https:\/\/x.com\/infoecos\"]},{\"@type\":\"Person\",\"@id\":\"https:\/\/infoecos.com.ar\/#\/schema\/person\/8f5ace5ce73b4b4aac4b7245aee6f191\",\"name\":\"Jorge Matheus\",\"url\":\"https:\/\/infoecos.com.ar\/index.php\/author\/jomatheus\/\"}]}<\/script>\n<!-- \/ Yoast SEO plugin. -->","yoast_head_json":{"title":"Francisco Recoulat y quienes lo acompa\u00f1an como precandidatos en Juntos por el Cambio - Infoecos","robots":{"index":"index","follow":"follow","max-snippet":"max-snippet:-1","max-image-preview":"max-image-preview:large","max-video-preview":"max-video-preview:-1"},"canonical":"https:\/\/infoecos.com.ar\/index.php\/107279\/","og_locale":"es_ES","og_type":"article","og_title":"Francisco Recoulat y quienes lo acompa\u00f1an como precandidatos en Juntos por el Cambio - Infoecos","og_description":"Fern\u00e1ndez, es precandidato a vicegobernador de la provincia, Valent\u00edn Miranda a ser reelecto en la C\u00e1mara de Diputados de Buenos Aires y el reconocido ol\u00edmpico, Germ\u00e1n Lauro, integra la lista de precandidatos a concejales en tercer lugar","og_url":"https:\/\/infoecos.com.ar\/index.php\/107279\/","og_site_name":"Infoecos","article_publisher":"https:\/\/www.facebook.com\/profile.php?id=100063200290284","article_published_time":"2023-07-12T20:21:48+00:00","article_modified_time":"2023-07-17T03:21:24+00:00","og_image":[{"width":720,"height":364,"url":"https:\/\/infoecos.com.ar\/wp-content\/uploads\/2023\/07\/360083892_743247661141229_9004695388610054062_n.jpg","type":"image\/jpeg"}],"author":"Jorge Matheus","twitter_card":"summary_large_image","twitter_creator":"@infoecos","twitter_site":"@infoecos","twitter_misc":{"Escrito por":"Jorge Matheus","Tiempo de lectura":"2 minutos"},"schema":{"@context":"https:\/\/schema.org","@graph":[{"@type":"Article","@id":"https:\/\/infoecos.com.ar\/index.php\/107279\/#article","isPartOf":{"@id":"https:\/\/infoecos.com.ar\/index.php\/107279\/"},"author":{"name":"Jorge Matheus","@id":"https:\/\/infoecos.com.ar\/#\/schema\/person\/8f5ace5ce73b4b4aac4b7245aee6f191"},"headline":"Francisco Recoulat y quienes lo acompa\u00f1an como precandidatos en Juntos por el Cambio","datePublished":"2023-07-12T20:21:48+00:00","dateModified":"2023-07-17T03:21:24+00:00","mainEntityOfPage":{"@id":"https:\/\/infoecos.com.ar\/index.php\/107279\/"},"wordCount":372,"publisher":{"@id":"https:\/\/infoecos.com.ar\/#organization"},"image":{"@id":"https:\/\/infoecos.com.ar\/index.php\/107279\/#primaryimage"},"thumbnailUrl":"https:\/\/infoecos.com.ar\/wp-content\/uploads\/2023\/07\/360083892_743247661141229_9004695388610054062_n.jpg","keywords":["APUESTA AL RECAMBIO GENERACIONAL"],"articleSection":["Bloque inferior - 13"],"inLanguage":"es"},{"@type":"WebPage","@id":"https:\/\/infoecos.com.ar\/index.php\/107279\/","url":"https:\/\/infoecos.com.ar\/index.php\/107279\/","name":"Francisco Recoulat y quienes lo acompa\u00f1an como precandidatos en Juntos por el Cambio - Infoecos","isPartOf":{"@id":"https:\/\/infoecos.com.ar\/#website"},"primaryImageOfPage":{"@id":"https:\/\/infoecos.com.ar\/index.php\/107279\/#primaryimage"},"image":{"@id":"https:\/\/infoecos.com.ar\/index.php\/107279\/#primaryimage"},"thumbnailUrl":"https:\/\/infoecos.com.ar\/wp-content\/uploads\/2023\/07\/360083892_743247661141229_9004695388610054062_n.jpg","datePublished":"2023-07-12T20:21:48+00:00","dateModified":"2023-07-17T03:21:24+00:00","breadcrumb":{"@id":"https:\/\/infoecos.com.ar\/index.php\/107279\/#breadcrumb"},"inLanguage":"es","potentialAction":[{"@type":"ReadAction","target":["https:\/\/infoecos.com.ar\/index.php\/107279\/"]}]},{"@type":"ImageObject","inLanguage":"es","@id":"https:\/\/infoecos.com.ar\/index.php\/107279\/#primaryimage","url":"https:\/\/infoecos.com.ar\/wp-content\/uploads\/2023\/07\/360083892_743247661141229_9004695388610054062_n.jpg","contentUrl":"https:\/\/infoecos.com.ar\/wp-content\/uploads\/2023\/07\/360083892_743247661141229_9004695388610054062_n.jpg","width":720,"height":364},{"@type":"BreadcrumbList","@id":"https:\/\/infoecos.com.ar\/index.php\/107279\/#breadcrumb","itemListElement":[{"@type":"ListItem","position":1,"name":"Portada","item":"https:\/\/infoecos.com.ar\/"},{"@type":"ListItem","position":2,"name":"Francisco Recoulat y quienes lo acompa\u00f1an como precandidatos en Juntos por el Cambio"}]},{"@type":"WebSite","@id":"https:\/\/infoecos.com.ar\/#website","url":"https:\/\/infoecos.com.ar\/","name":"Infoecos","description":"Noticias de trenque lauquen y la zona","publisher":{"@id":"https:\/\/infoecos.com.ar\/#organization"},"alternateName":"Noticias","potentialAction":[{"@type":"SearchAction","target":{"@type":"EntryPoint","urlTemplate":"https:\/\/infoecos.com.ar\/?s={search_term_string}"},"query-input":{"@type":"PropertyValueSpecification","valueRequired":true,"valueName":"search_term_string"}}],"inLanguage":"es"},{"@type":"Organization","@id":"https:\/\/infoecos.com.ar\/#organization","name":"Infoecos","alternateName":"Noticias","url":"https:\/\/infoecos.com.ar\/","logo":{"@type":"ImageObject","inLanguage":"es","@id":"https:\/\/infoecos.com.ar\/#\/schema\/logo\/image\/","url":"https:\/\/infoecos.com.ar\/wp-content\/uploads\/2024\/03\/cropped-logo.png","contentUrl":"https:\/\/infoecos.com.ar\/wp-content\/uploads\/2024\/03\/cropped-logo.png","width":374,"height":90,"caption":"Infoecos"},"image":{"@id":"https:\/\/infoecos.com.ar\/#\/schema\/logo\/image\/"},"sameAs":["https:\/\/www.facebook.com\/profile.php?id=100063200290284","https:\/\/x.com\/infoecos"]},{"@type":"Person","@id":"https:\/\/infoecos.com.ar\/#\/schema\/person\/8f5ace5ce73b4b4aac4b7245aee6f191","name":"Jorge Matheus","url":"https:\/\/infoecos.com.ar\/index.php\/author\/jomatheus\/"}]}},"featured_image_urls":{"full":["https:\/\/infoecos.com.ar\/wp-content\/uploads\/2023\/07\/360083892_743247661141229_9004695388610054062_n.jpg",720,364,false],"thumbnail":["https:\/\/infoecos.com.ar\/wp-content\/uploads\/2023\/07\/360083892_743247661141229_9004695388610054062_n-300x150.jpg",300,150,true],"medium":["https:\/\/infoecos.com.ar\/wp-content\/uploads\/2023\/07\/360083892_743247661141229_9004695388610054062_n.jpg",720,364,false],"medium_large":["https:\/\/infoecos.com.ar\/wp-content\/uploads\/2023\/07\/360083892_743247661141229_9004695388610054062_n.jpg",640,324,false],"large":["https:\/\/infoecos.com.ar\/wp-content\/uploads\/2023\/07\/360083892_743247661141229_9004695388610054062_n.jpg",640,324,false],"1536x1536":["https:\/\/infoecos.com.ar\/wp-content\/uploads\/2023\/07\/360083892_743247661141229_9004695388610054062_n.jpg",720,364,false],"2048x2048":["https:\/\/infoecos.com.ar\/wp-content\/uploads\/2023\/07\/360083892_743247661141229_9004695388610054062_n.jpg",720,364,false],"covernews-slider-full":["https:\/\/infoecos.com.ar\/wp-content\/uploads\/2023\/07\/360083892_743247661141229_9004695388610054062_n.jpg",720,364,false],"covernews-slider-center":["https:\/\/infoecos.com.ar\/wp-content\/uploads\/2023\/07\/360083892_743247661141229_9004695388610054062_n.jpg",720,364,false],"covernews-featured":["https:\/\/infoecos.com.ar\/wp-content\/uploads\/2023\/07\/360083892_743247661141229_9004695388610054062_n.jpg",720,364,false],"covernews-medium":["https:\/\/infoecos.com.ar\/wp-content\/uploads\/2023\/07\/360083892_743247661141229_9004695388610054062_n.jpg",540,273,false],"covernews-medium-square":["https:\/\/infoecos.com.ar\/wp-content\/uploads\/2023\/07\/360083892_743247661141229_9004695388610054062_n-675x364.jpg",400,216,true]},"author_info":{"info":["Jorge Matheus"]},"category_info":"<a href=\"https:\/\/infoecos.com.ar\/index.php\/category\/inferior13\/\" rel=\"category tag\">Bloque inferior - 13<\/a>","tag_info":"Bloque inferior - 13","comment_count":"0","_links":{"self":[{"href":"https:\/\/infoecos.com.ar\/index.php\/wp-json\/wp\/v2\/posts\/107279"}],"collection":[{"href":"https:\/\/infoecos.com.ar\/index.php\/wp-json\/wp\/v2\/posts"}],"about":[{"href":"https:\/\/infoecos.com.ar\/index.php\/wp-json\/wp\/v2\/types\/post"}],"author":[{"embeddable":true,"href":"https:\/\/infoecos.com.ar\/index.php\/wp-json\/wp\/v2\/users\/2"}],"replies":[{"embeddable":true,"href":"https:\/\/infoecos.com.ar\/index.php\/wp-json\/wp\/v2\/comments?post=107279"}],"version-history":[{"count":2,"href":"https:\/\/infoecos.com.ar\/index.php\/wp-json\/wp\/v2\/posts\/107279\/revisions"}],"predecessor-version":[{"id":107287,"href":"https:\/\/infoecos.com.ar\/index.php\/wp-json\/wp\/v2\/posts\/107279\/revisions\/107287"}],"wp:featuredmedia":[{"embeddable":true,"href":"https:\/\/infoecos.com.ar\/index.php\/wp-json\/wp\/v2\/media\/107286"}],"wp:attachment":[{"href":"https:\/\/infoecos.com.ar\/index.php\/wp-json\/wp\/v2\/media?parent=107279"}],"wp:term":[{"taxonomy":"category","embeddable":true,"href":"https:\/\/infoecos.com.ar\/index.php\/wp-json\/wp\/v2\/categories?post=107279"},{"taxonomy":"post_tag","embeddable":true,"href":"https:\/\/infoecos.com.ar\/index.php\/wp-json\/wp\/v2\/tags?post=107279"}],"curies":[{"name":"wp","href":"https:\/\/api.w.org\/{rel}","templated":true}]}}