{"id":107548,"date":"2023-07-16T22:28:20","date_gmt":"2023-07-17T01:28:20","guid":{"rendered":"https:\/\/infoecos.com.ar\/?p=107548"},"modified":"2023-07-18T01:48:59","modified_gmt":"2023-07-18T04:48:59","slug":"felipe-bernasconi-llego-13-en-la-prueba-del-tc-pista-mouras-en-la-plata","status":"publish","type":"post","link":"https:\/\/infoecos.com.ar\/index.php\/felipe-bernasconi-llego-13-en-la-prueba-del-tc-pista-mouras-en-la-plata\/","title":{"rendered":"Felipe Bernasconi lleg\u00f3 13\u00b0 en la prueba del TC Pista Mouras en La Plata"},"content":{"rendered":"\n<p>Se cumplio la d\u00e9cima prueba del TC Pista Mouras en La Plata.<\/p>\n\n\n\n<figure class=\"wp-block-image aligncenter size-large is-resized\"><img loading=\"lazy\" decoding=\"async\" src=\"https:\/\/infoecos.com.ar\/wp-content\/uploads\/2023\/07\/felipeber1-1600x1191.jpg\" alt=\"\" class=\"wp-image-107549\" width=\"427\" height=\"318\" srcset=\"https:\/\/infoecos.com.ar\/wp-content\/uploads\/2023\/07\/felipeber1-1600x1191.jpg 1600w, https:\/\/infoecos.com.ar\/wp-content\/uploads\/2023\/07\/felipeber1-800x596.jpg 800w, https:\/\/infoecos.com.ar\/wp-content\/uploads\/2023\/07\/felipeber1-768x572.jpg 768w, https:\/\/infoecos.com.ar\/wp-content\/uploads\/2023\/07\/felipeber1-1536x1144.jpg 1536w, https:\/\/infoecos.com.ar\/wp-content\/uploads\/2023\/07\/felipeber1-1024x763.jpg 1024w, https:\/\/infoecos.com.ar\/wp-content\/uploads\/2023\/07\/felipeber1.jpg 2048w\" sizes=\"(max-width: 427px) 100vw, 427px\" \/><figcaption class=\"wp-element-caption\">Bernasconi Felipe en La Plata <\/figcaption><\/figure>\n\n\n\n<p>Felipe Bernasconi que larg\u00f3 en el puesto 16 lleg\u00f3 d\u00e9cimo tercero, seg\u00fan la ACTC.<\/p>\n\n\n\n<p>Gast\u00f3n Aisa gan\u00f3 la sexta prueba sobre las diez que se han concretado.<\/p>\n\n\n\n<figure class=\"wp-block-image aligncenter size-full is-resized\"><img loading=\"lazy\" decoding=\"async\" src=\"https:\/\/infoecos.com.ar\/wp-content\/uploads\/2023\/07\/gaston_iansa.png\" alt=\"\" class=\"wp-image-107550\" width=\"383\" height=\"401\"\/><\/figure>\n\n\n\n<p>1) <a href=\"https:\/\/www.actc.org.ar\/tcpm\/pilotos\/2023\/gaston-iansa_6573.html\">IANSA, GAST\u00d3N<\/a><\/p>\n\n\n\n<figure class=\"wp-block-image\"><img decoding=\"async\" src=\"https:\/\/www.actc.org.ar\/vistas\/v3\/images\/logos\/logo-chevrolet-xs.png\" alt=\"Chevrolet\" title=\"Chevrolet\"\/><\/figure>\n\n\n\n<p>2) <a href=\"https:\/\/www.actc.org.ar\/tcpm\/pilotos\/2023\/sebastian-gallo-_6561.html\">GALLO , SEBASTIAN<\/a><\/p>\n\n\n\n<figure class=\"wp-block-image\"><img decoding=\"async\" src=\"https:\/\/www.actc.org.ar\/vistas\/v3\/images\/logos\/logo-ford-xs.png\" alt=\"Ford\" title=\"Ford\"\/><\/figure>\n\n\n\n<p>3) <a href=\"https:\/\/www.actc.org.ar\/tcpm\/pilotos\/2023\/thomas-pozner_6579.html\">POZNER, THOMAS<\/a><\/p>\n\n\n\n<figure class=\"wp-block-image\"><img decoding=\"async\" src=\"https:\/\/www.actc.org.ar\/vistas\/v3\/images\/logos\/logo-dodge-xs.png\" alt=\"Dodge\" title=\"Dodge\"\/><\/figure>\n\n\n\n<p>4) <a href=\"https:\/\/www.actc.org.ar\/tcpm\/pilotos\/2023\/eugenio-provens_6569.html\">PROVENS, EUGENIO<\/a><\/p>\n\n\n\n<figure class=\"wp-block-image\"><img decoding=\"async\" src=\"https:\/\/www.actc.org.ar\/vistas\/v3\/images\/logos\/logo-ford-xs.png\" alt=\"Ford\" title=\"Ford\"\/><\/figure>\n\n\n\n<p>5) <a href=\"https:\/\/www.actc.org.ar\/tcpm\/pilotos\/2023\/nicanor-santilli-pazos_6556.html\">SANTILLI PAZOS, NICANOR<\/a><\/p>\n\n\n\n<figure class=\"wp-block-image\"><img decoding=\"async\" src=\"https:\/\/www.actc.org.ar\/vistas\/v3\/images\/logos\/logo-chevrolet-xs.png\" alt=\"Chevrolet\" title=\"Chevrolet\"\/><\/figure>\n\n\n\n<p>6) <a href=\"https:\/\/www.actc.org.ar\/tcpm\/pilotos\/2023\/leonardo-palotini_6802.html\">PALOTINI, LEONARDO<\/a><\/p>\n\n\n\n<figure class=\"wp-block-image\"><img decoding=\"async\" src=\"https:\/\/www.actc.org.ar\/vistas\/v3\/images\/logos\/logo-ford-xs.png\" alt=\"Ford\" title=\"Ford\"\/><\/figure>\n\n\n\n<p>7) <a href=\"https:\/\/www.actc.org.ar\/tcpm\/pilotos\/2023\/manuel-borgert_6575.html\">BORGERT, MANUEL<\/a><\/p>\n\n\n\n<figure class=\"wp-block-image\"><img decoding=\"async\" src=\"https:\/\/www.actc.org.ar\/vistas\/v3\/images\/logos\/logo-ford-xs.png\" alt=\"Ford\" title=\"Ford\"\/><\/figure>\n\n\n\n<p>8) <a href=\"https:\/\/www.actc.org.ar\/tcpm\/pilotos\/2023\/nahuel-cordone_6581.html\">CORDONE, NAHUEL<\/a><\/p>\n\n\n\n<figure class=\"wp-block-image\"><img decoding=\"async\" src=\"https:\/\/www.actc.org.ar\/vistas\/v3\/images\/logos\/logo-ford-xs.png\" alt=\"Ford\" title=\"Ford\"\/><\/figure>\n\n\n\n<p>9) <a href=\"https:\/\/www.actc.org.ar\/tcpm\/pilotos\/2023\/joaquin-torres_6595.html\">TORRES, JOAQU\u00cdN<\/a><\/p>\n\n\n\n<figure class=\"wp-block-image\"><img decoding=\"async\" src=\"https:\/\/www.actc.org.ar\/vistas\/v3\/images\/logos\/logo-chevrolet-xs.png\" alt=\"Chevrolet\" title=\"Chevrolet\"\/><\/figure>\n\n\n\n<p>10) <a href=\"https:\/\/www.actc.org.ar\/tcpm\/pilotos\/2023\/faustino-cifre_6553.html\">CIFRE, FAUSTINO<\/a><\/p>\n\n\n\n<figure class=\"wp-block-image\"><img decoding=\"async\" src=\"https:\/\/www.actc.org.ar\/vistas\/v3\/images\/logos\/logo-ford-xs.png\" alt=\"Ford\" title=\"Ford\"\/><\/figure>\n\n\n\n<p>11) <a href=\"https:\/\/www.actc.org.ar\/tcpm\/pilotos\/2023\/santiago-biagi_6563.html\">BIAGI, SANTIAGO<\/a><\/p>\n\n\n\n<figure class=\"wp-block-image\"><img decoding=\"async\" src=\"https:\/\/www.actc.org.ar\/vistas\/v3\/images\/logos\/logo-dodge-xs.png\" alt=\"Dodge\" title=\"Dodge\"\/><\/figure>\n\n\n\n<p>12) <a href=\"https:\/\/www.actc.org.ar\/tcpm\/pilotos\/2023\/benja-ochoa_6554.html\">OCHOA, BENJA<\/a><\/p>\n\n\n\n<figure class=\"wp-block-image\"><img decoding=\"async\" src=\"https:\/\/www.actc.org.ar\/vistas\/v3\/images\/logos\/logo-ford-xs.png\" alt=\"Ford\" title=\"Ford\"\/><\/figure>\n\n\n\n<p>13) <a href=\"https:\/\/www.actc.org.ar\/tcpm\/pilotos\/2023\/felipe-bernasconi_6572.html\">BERNASCONI, FELIPE<\/a><\/p>\n\n\n\n<figure class=\"wp-block-image\"><img decoding=\"async\" src=\"https:\/\/www.actc.org.ar\/vistas\/v3\/images\/logos\/logo-chevrolet-xs.png\" alt=\"Chevrolet\" title=\"Chevrolet\"\/><\/figure>\n\n\n\n<p>14) <a href=\"https:\/\/www.actc.org.ar\/tcpm\/pilotos\/2023\/genaro-rasetto_6574.html\">RASETTO, GENARO<\/a><\/p>\n\n\n\n<figure class=\"wp-block-image\"><img decoding=\"async\" src=\"https:\/\/www.actc.org.ar\/vistas\/v3\/images\/logos\/logo-dodge-xs.png\" alt=\"Dodge\" title=\"Dodge\"\/><\/figure>\n\n\n\n<p>15) <a href=\"https:\/\/www.actc.org.ar\/tcpm\/pilotos\/2023\/marco-dianda_6571.html\">DIANDA, MARCO<\/a><\/p>\n\n\n\n<figure class=\"wp-block-image\"><img decoding=\"async\" src=\"https:\/\/www.actc.org.ar\/vistas\/v3\/images\/logos\/logo-dodge-xs.png\" alt=\"Dodge\" title=\"Dodge\"\/><\/figure>\n\n\n\n<p>16) <a href=\"https:\/\/www.actc.org.ar\/tcpm\/pilotos\/2023\/nicolas-palau_6705.html\">PALAU, NICOLAS<\/a><\/p>\n\n\n\n<figure class=\"wp-block-image\"><img decoding=\"async\" src=\"https:\/\/www.actc.org.ar\/vistas\/v3\/images\/logos\/logo-dodge-xs.png\" alt=\"Dodge\" title=\"Dodge\"\/><\/figure>\n\n\n\n<p>17) <a href=\"https:\/\/www.actc.org.ar\/tcpm\/pilotos\/2023\/nestor-omar-goya_6580.html\">GOYA, N\u00c9STOR OMAR<\/a><\/p>\n\n\n\n<figure class=\"wp-block-image\"><img decoding=\"async\" src=\"https:\/\/www.actc.org.ar\/vistas\/v3\/images\/logos\/logo-dodge-xs.png\" alt=\"Dodge\" title=\"Dodge\"\/><\/figure>\n\n\n\n<p>18) <a href=\"https:\/\/www.actc.org.ar\/tcpm\/pilotos\/2023\/facundo-ledesma-_6560.html\">LEDESMA , FACUNDO<\/a><\/p>\n\n\n\n<figure class=\"wp-block-image\"><img decoding=\"async\" src=\"https:\/\/www.actc.org.ar\/vistas\/v3\/images\/logos\/logo-ford-xs.png\" alt=\"Ford\" title=\"Ford\"\/><\/figure>\n\n\n\n<p>19) <a href=\"https:\/\/www.actc.org.ar\/tcpm\/pilotos\/2023\/alan-denis-cifre_6566.html\">CIFRE, ALAN DENIS<\/a><\/p>\n\n\n\n<figure class=\"wp-block-image\"><img decoding=\"async\" src=\"https:\/\/www.actc.org.ar\/vistas\/v3\/images\/logos\/logo-ford-xs.png\" alt=\"Ford\" title=\"Ford\"\/><\/figure>\n\n\n\n<p>20) <a href=\"https:\/\/www.actc.org.ar\/tcpm\/pilotos\/2023\/jose-alberto-goya_6559.html\">GOYA, JOS\u00c9 ALBERTO<\/a><\/p>\n\n\n\n<figure class=\"wp-block-image\"><img decoding=\"async\" src=\"https:\/\/www.actc.org.ar\/vistas\/v3\/images\/logos\/logo-dodge-xs.png\" alt=\"Dodge\" title=\"Dodge\"\/><\/figure>\n\n\n\n<ul class=\"wp-block-list\">\n<li><strong>PROMEDIO:<\/strong>&nbsp;166,818 KM\/H<br><br><strong>RECORD DE VUELTA:<\/strong>&nbsp;NRO 55 (IANSA) VTA 3 EN 1:34.613 A 167,419 KM\/H<\/li>\n<\/ul>\n","protected":false},"excerpt":{"rendered":"<p>Gast\u00f3n Aisa gan\u00f3 la sexta prueba sobre las diez que se han concretado<\/p>\n","protected":false},"author":2,"featured_media":107551,"comment_status":"closed","ping_status":"open","sticky":false,"template":"","format":"standard","meta":{"footnotes":""},"categories":[1332],"tags":[136],"class_list":["post-107548","post","type-post","status-publish","format-standard","has-post-thumbnail","hentry","category-inferior12","tag-automovilismo"],"yoast_head":"<!-- This site is optimized with the Yoast SEO plugin v23.4 - https:\/\/yoast.com\/wordpress\/plugins\/seo\/ -->\n<title>Felipe Bernasconi lleg\u00f3 13\u00b0 en la prueba del TC Pista Mouras en La Plata - Infoecos<\/title>\n<meta name=\"robots\" content=\"index, follow, max-snippet:-1, max-image-preview:large, max-video-preview:-1\" \/>\n<link rel=\"canonical\" href=\"https:\/\/infoecos.com.ar\/index.php\/felipe-bernasconi-llego-13-en-la-prueba-del-tc-pista-mouras-en-la-plata\/\" \/>\n<meta property=\"og:locale\" content=\"es_ES\" \/>\n<meta property=\"og:type\" content=\"article\" \/>\n<meta property=\"og:title\" content=\"Felipe Bernasconi lleg\u00f3 13\u00b0 en la prueba del TC Pista Mouras en La Plata - Infoecos\" \/>\n<meta property=\"og:description\" content=\"Gast\u00f3n Aisa gan\u00f3 la sexta prueba sobre las diez que se han concretado\" \/>\n<meta property=\"og:url\" content=\"https:\/\/infoecos.com.ar\/index.php\/felipe-bernasconi-llego-13-en-la-prueba-del-tc-pista-mouras-en-la-plata\/\" \/>\n<meta property=\"og:site_name\" content=\"Infoecos\" \/>\n<meta property=\"article:publisher\" content=\"https:\/\/www.facebook.com\/profile.php?id=100063200290284\" \/>\n<meta property=\"article:published_time\" content=\"2023-07-17T01:28:20+00:00\" \/>\n<meta property=\"article:modified_time\" content=\"2023-07-18T04:48:59+00:00\" \/>\n<meta property=\"og:image\" content=\"https:\/\/infoecos.com.ar\/wp-content\/uploads\/2023\/07\/felipeber.jpg\" \/>\n\t<meta property=\"og:image:width\" content=\"2048\" \/>\n\t<meta property=\"og:image:height\" content=\"1525\" \/>\n\t<meta property=\"og:image:type\" content=\"image\/jpeg\" \/>\n<meta name=\"author\" content=\"Jorge Matheus\" \/>\n<meta name=\"twitter:card\" content=\"summary_large_image\" \/>\n<meta name=\"twitter:creator\" content=\"@infoecos\" \/>\n<meta name=\"twitter:site\" content=\"@infoecos\" \/>\n<meta name=\"twitter:label1\" content=\"Escrito por\" \/>\n\t<meta name=\"twitter:data1\" content=\"Jorge Matheus\" \/>\n\t<meta name=\"twitter:label2\" content=\"Tiempo de lectura\" \/>\n\t<meta name=\"twitter:data2\" content=\"5 minutos\" \/>\n<script type=\"application\/ld+json\" class=\"yoast-schema-graph\">{\"@context\":\"https:\/\/schema.org\",\"@graph\":[{\"@type\":\"Article\",\"@id\":\"https:\/\/infoecos.com.ar\/index.php\/felipe-bernasconi-llego-13-en-la-prueba-del-tc-pista-mouras-en-la-plata\/#article\",\"isPartOf\":{\"@id\":\"https:\/\/infoecos.com.ar\/index.php\/felipe-bernasconi-llego-13-en-la-prueba-del-tc-pista-mouras-en-la-plata\/\"},\"author\":{\"name\":\"Jorge Matheus\",\"@id\":\"https:\/\/infoecos.com.ar\/#\/schema\/person\/8f5ace5ce73b4b4aac4b7245aee6f191\"},\"headline\":\"Felipe Bernasconi lleg\u00f3 13\u00b0 en la prueba del TC Pista Mouras en La Plata\",\"datePublished\":\"2023-07-17T01:28:20+00:00\",\"dateModified\":\"2023-07-18T04:48:59+00:00\",\"mainEntityOfPage\":{\"@id\":\"https:\/\/infoecos.com.ar\/index.php\/felipe-bernasconi-llego-13-en-la-prueba-del-tc-pista-mouras-en-la-plata\/\"},\"wordCount\":122,\"publisher\":{\"@id\":\"https:\/\/infoecos.com.ar\/#organization\"},\"image\":{\"@id\":\"https:\/\/infoecos.com.ar\/index.php\/felipe-bernasconi-llego-13-en-la-prueba-del-tc-pista-mouras-en-la-plata\/#primaryimage\"},\"thumbnailUrl\":\"https:\/\/infoecos.com.ar\/wp-content\/uploads\/2023\/07\/felipeber.jpg\",\"keywords\":[\"AUTOMOVILISMO\"],\"articleSection\":[\"Bloque inferior - 12\"],\"inLanguage\":\"es\"},{\"@type\":\"WebPage\",\"@id\":\"https:\/\/infoecos.com.ar\/index.php\/felipe-bernasconi-llego-13-en-la-prueba-del-tc-pista-mouras-en-la-plata\/\",\"url\":\"https:\/\/infoecos.com.ar\/index.php\/felipe-bernasconi-llego-13-en-la-prueba-del-tc-pista-mouras-en-la-plata\/\",\"name\":\"Felipe Bernasconi lleg\u00f3 13\u00b0 en la prueba del TC Pista Mouras en La Plata - Infoecos\",\"isPartOf\":{\"@id\":\"https:\/\/infoecos.com.ar\/#website\"},\"primaryImageOfPage\":{\"@id\":\"https:\/\/infoecos.com.ar\/index.php\/felipe-bernasconi-llego-13-en-la-prueba-del-tc-pista-mouras-en-la-plata\/#primaryimage\"},\"image\":{\"@id\":\"https:\/\/infoecos.com.ar\/index.php\/felipe-bernasconi-llego-13-en-la-prueba-del-tc-pista-mouras-en-la-plata\/#primaryimage\"},\"thumbnailUrl\":\"https:\/\/infoecos.com.ar\/wp-content\/uploads\/2023\/07\/felipeber.jpg\",\"datePublished\":\"2023-07-17T01:28:20+00:00\",\"dateModified\":\"2023-07-18T04:48:59+00:00\",\"breadcrumb\":{\"@id\":\"https:\/\/infoecos.com.ar\/index.php\/felipe-bernasconi-llego-13-en-la-prueba-del-tc-pista-mouras-en-la-plata\/#breadcrumb\"},\"inLanguage\":\"es\",\"potentialAction\":[{\"@type\":\"ReadAction\",\"target\":[\"https:\/\/infoecos.com.ar\/index.php\/felipe-bernasconi-llego-13-en-la-prueba-del-tc-pista-mouras-en-la-plata\/\"]}]},{\"@type\":\"ImageObject\",\"inLanguage\":\"es\",\"@id\":\"https:\/\/infoecos.com.ar\/index.php\/felipe-bernasconi-llego-13-en-la-prueba-del-tc-pista-mouras-en-la-plata\/#primaryimage\",\"url\":\"https:\/\/infoecos.com.ar\/wp-content\/uploads\/2023\/07\/felipeber.jpg\",\"contentUrl\":\"https:\/\/infoecos.com.ar\/wp-content\/uploads\/2023\/07\/felipeber.jpg\",\"width\":2048,\"height\":1525},{\"@type\":\"BreadcrumbList\",\"@id\":\"https:\/\/infoecos.com.ar\/index.php\/felipe-bernasconi-llego-13-en-la-prueba-del-tc-pista-mouras-en-la-plata\/#breadcrumb\",\"itemListElement\":[{\"@type\":\"ListItem\",\"position\":1,\"name\":\"Portada\",\"item\":\"https:\/\/infoecos.com.ar\/\"},{\"@type\":\"ListItem\",\"position\":2,\"name\":\"Felipe Bernasconi lleg\u00f3 13\u00b0 en la prueba del TC Pista Mouras en La Plata\"}]},{\"@type\":\"WebSite\",\"@id\":\"https:\/\/infoecos.com.ar\/#website\",\"url\":\"https:\/\/infoecos.com.ar\/\",\"name\":\"Infoecos\",\"description\":\"Noticias de trenque lauquen y la zona\",\"publisher\":{\"@id\":\"https:\/\/infoecos.com.ar\/#organization\"},\"alternateName\":\"Noticias\",\"potentialAction\":[{\"@type\":\"SearchAction\",\"target\":{\"@type\":\"EntryPoint\",\"urlTemplate\":\"https:\/\/infoecos.com.ar\/?s={search_term_string}\"},\"query-input\":{\"@type\":\"PropertyValueSpecification\",\"valueRequired\":true,\"valueName\":\"search_term_string\"}}],\"inLanguage\":\"es\"},{\"@type\":\"Organization\",\"@id\":\"https:\/\/infoecos.com.ar\/#organization\",\"name\":\"Infoecos\",\"alternateName\":\"Noticias\",\"url\":\"https:\/\/infoecos.com.ar\/\",\"logo\":{\"@type\":\"ImageObject\",\"inLanguage\":\"es\",\"@id\":\"https:\/\/infoecos.com.ar\/#\/schema\/logo\/image\/\",\"url\":\"https:\/\/infoecos.com.ar\/wp-content\/uploads\/2024\/03\/cropped-logo.png\",\"contentUrl\":\"https:\/\/infoecos.com.ar\/wp-content\/uploads\/2024\/03\/cropped-logo.png\",\"width\":374,\"height\":90,\"caption\":\"Infoecos\"},\"image\":{\"@id\":\"https:\/\/infoecos.com.ar\/#\/schema\/logo\/image\/\"},\"sameAs\":[\"https:\/\/www.facebook.com\/profile.php?id=100063200290284\",\"https:\/\/x.com\/infoecos\"]},{\"@type\":\"Person\",\"@id\":\"https:\/\/infoecos.com.ar\/#\/schema\/person\/8f5ace5ce73b4b4aac4b7245aee6f191\",\"name\":\"Jorge Matheus\",\"url\":\"https:\/\/infoecos.com.ar\/index.php\/author\/jomatheus\/\"}]}<\/script>\n<!-- \/ Yoast SEO plugin. -->","yoast_head_json":{"title":"Felipe Bernasconi lleg\u00f3 13\u00b0 en la prueba del TC Pista Mouras en La Plata - Infoecos","robots":{"index":"index","follow":"follow","max-snippet":"max-snippet:-1","max-image-preview":"max-image-preview:large","max-video-preview":"max-video-preview:-1"},"canonical":"https:\/\/infoecos.com.ar\/index.php\/felipe-bernasconi-llego-13-en-la-prueba-del-tc-pista-mouras-en-la-plata\/","og_locale":"es_ES","og_type":"article","og_title":"Felipe Bernasconi lleg\u00f3 13\u00b0 en la prueba del TC Pista Mouras en La Plata - Infoecos","og_description":"Gast\u00f3n Aisa gan\u00f3 la sexta prueba sobre las diez que se han concretado","og_url":"https:\/\/infoecos.com.ar\/index.php\/felipe-bernasconi-llego-13-en-la-prueba-del-tc-pista-mouras-en-la-plata\/","og_site_name":"Infoecos","article_publisher":"https:\/\/www.facebook.com\/profile.php?id=100063200290284","article_published_time":"2023-07-17T01:28:20+00:00","article_modified_time":"2023-07-18T04:48:59+00:00","og_image":[{"width":2048,"height":1525,"url":"https:\/\/infoecos.com.ar\/wp-content\/uploads\/2023\/07\/felipeber.jpg","type":"image\/jpeg"}],"author":"Jorge Matheus","twitter_card":"summary_large_image","twitter_creator":"@infoecos","twitter_site":"@infoecos","twitter_misc":{"Escrito por":"Jorge Matheus","Tiempo de lectura":"5 minutos"},"schema":{"@context":"https:\/\/schema.org","@graph":[{"@type":"Article","@id":"https:\/\/infoecos.com.ar\/index.php\/felipe-bernasconi-llego-13-en-la-prueba-del-tc-pista-mouras-en-la-plata\/#article","isPartOf":{"@id":"https:\/\/infoecos.com.ar\/index.php\/felipe-bernasconi-llego-13-en-la-prueba-del-tc-pista-mouras-en-la-plata\/"},"author":{"name":"Jorge Matheus","@id":"https:\/\/infoecos.com.ar\/#\/schema\/person\/8f5ace5ce73b4b4aac4b7245aee6f191"},"headline":"Felipe Bernasconi lleg\u00f3 13\u00b0 en la prueba del TC Pista Mouras en La Plata","datePublished":"2023-07-17T01:28:20+00:00","dateModified":"2023-07-18T04:48:59+00:00","mainEntityOfPage":{"@id":"https:\/\/infoecos.com.ar\/index.php\/felipe-bernasconi-llego-13-en-la-prueba-del-tc-pista-mouras-en-la-plata\/"},"wordCount":122,"publisher":{"@id":"https:\/\/infoecos.com.ar\/#organization"},"image":{"@id":"https:\/\/infoecos.com.ar\/index.php\/felipe-bernasconi-llego-13-en-la-prueba-del-tc-pista-mouras-en-la-plata\/#primaryimage"},"thumbnailUrl":"https:\/\/infoecos.com.ar\/wp-content\/uploads\/2023\/07\/felipeber.jpg","keywords":["AUTOMOVILISMO"],"articleSection":["Bloque inferior - 12"],"inLanguage":"es"},{"@type":"WebPage","@id":"https:\/\/infoecos.com.ar\/index.php\/felipe-bernasconi-llego-13-en-la-prueba-del-tc-pista-mouras-en-la-plata\/","url":"https:\/\/infoecos.com.ar\/index.php\/felipe-bernasconi-llego-13-en-la-prueba-del-tc-pista-mouras-en-la-plata\/","name":"Felipe Bernasconi lleg\u00f3 13\u00b0 en la prueba del TC Pista Mouras en La Plata - Infoecos","isPartOf":{"@id":"https:\/\/infoecos.com.ar\/#website"},"primaryImageOfPage":{"@id":"https:\/\/infoecos.com.ar\/index.php\/felipe-bernasconi-llego-13-en-la-prueba-del-tc-pista-mouras-en-la-plata\/#primaryimage"},"image":{"@id":"https:\/\/infoecos.com.ar\/index.php\/felipe-bernasconi-llego-13-en-la-prueba-del-tc-pista-mouras-en-la-plata\/#primaryimage"},"thumbnailUrl":"https:\/\/infoecos.com.ar\/wp-content\/uploads\/2023\/07\/felipeber.jpg","datePublished":"2023-07-17T01:28:20+00:00","dateModified":"2023-07-18T04:48:59+00:00","breadcrumb":{"@id":"https:\/\/infoecos.com.ar\/index.php\/felipe-bernasconi-llego-13-en-la-prueba-del-tc-pista-mouras-en-la-plata\/#breadcrumb"},"inLanguage":"es","potentialAction":[{"@type":"ReadAction","target":["https:\/\/infoecos.com.ar\/index.php\/felipe-bernasconi-llego-13-en-la-prueba-del-tc-pista-mouras-en-la-plata\/"]}]},{"@type":"ImageObject","inLanguage":"es","@id":"https:\/\/infoecos.com.ar\/index.php\/felipe-bernasconi-llego-13-en-la-prueba-del-tc-pista-mouras-en-la-plata\/#primaryimage","url":"https:\/\/infoecos.com.ar\/wp-content\/uploads\/2023\/07\/felipeber.jpg","contentUrl":"https:\/\/infoecos.com.ar\/wp-content\/uploads\/2023\/07\/felipeber.jpg","width":2048,"height":1525},{"@type":"BreadcrumbList","@id":"https:\/\/infoecos.com.ar\/index.php\/felipe-bernasconi-llego-13-en-la-prueba-del-tc-pista-mouras-en-la-plata\/#breadcrumb","itemListElement":[{"@type":"ListItem","position":1,"name":"Portada","item":"https:\/\/infoecos.com.ar\/"},{"@type":"ListItem","position":2,"name":"Felipe Bernasconi lleg\u00f3 13\u00b0 en la prueba del TC Pista Mouras en La Plata"}]},{"@type":"WebSite","@id":"https:\/\/infoecos.com.ar\/#website","url":"https:\/\/infoecos.com.ar\/","name":"Infoecos","description":"Noticias de trenque lauquen y la zona","publisher":{"@id":"https:\/\/infoecos.com.ar\/#organization"},"alternateName":"Noticias","potentialAction":[{"@type":"SearchAction","target":{"@type":"EntryPoint","urlTemplate":"https:\/\/infoecos.com.ar\/?s={search_term_string}"},"query-input":{"@type":"PropertyValueSpecification","valueRequired":true,"valueName":"search_term_string"}}],"inLanguage":"es"},{"@type":"Organization","@id":"https:\/\/infoecos.com.ar\/#organization","name":"Infoecos","alternateName":"Noticias","url":"https:\/\/infoecos.com.ar\/","logo":{"@type":"ImageObject","inLanguage":"es","@id":"https:\/\/infoecos.com.ar\/#\/schema\/logo\/image\/","url":"https:\/\/infoecos.com.ar\/wp-content\/uploads\/2024\/03\/cropped-logo.png","contentUrl":"https:\/\/infoecos.com.ar\/wp-content\/uploads\/2024\/03\/cropped-logo.png","width":374,"height":90,"caption":"Infoecos"},"image":{"@id":"https:\/\/infoecos.com.ar\/#\/schema\/logo\/image\/"},"sameAs":["https:\/\/www.facebook.com\/profile.php?id=100063200290284","https:\/\/x.com\/infoecos"]},{"@type":"Person","@id":"https:\/\/infoecos.com.ar\/#\/schema\/person\/8f5ace5ce73b4b4aac4b7245aee6f191","name":"Jorge Matheus","url":"https:\/\/infoecos.com.ar\/index.php\/author\/jomatheus\/"}]}},"featured_image_urls":{"full":["https:\/\/infoecos.com.ar\/wp-content\/uploads\/2023\/07\/felipeber.jpg",2048,1525,false],"thumbnail":["https:\/\/infoecos.com.ar\/wp-content\/uploads\/2023\/07\/felipeber-300x150.jpg",300,150,true],"medium":["https:\/\/infoecos.com.ar\/wp-content\/uploads\/2023\/07\/felipeber-800x596.jpg",800,596,true],"medium_large":["https:\/\/infoecos.com.ar\/wp-content\/uploads\/2023\/07\/felipeber-768x572.jpg",640,477,true],"large":["https:\/\/infoecos.com.ar\/wp-content\/uploads\/2023\/07\/felipeber-1600x1191.jpg",640,476,true],"1536x1536":["https:\/\/infoecos.com.ar\/wp-content\/uploads\/2023\/07\/felipeber-1536x1144.jpg",1536,1144,true],"2048x2048":["https:\/\/infoecos.com.ar\/wp-content\/uploads\/2023\/07\/felipeber.jpg",2048,1525,false],"covernews-slider-full":["https:\/\/infoecos.com.ar\/wp-content\/uploads\/2023\/07\/felipeber-1536x1020.jpg",1077,715,true],"covernews-slider-center":["https:\/\/infoecos.com.ar\/wp-content\/uploads\/2023\/07\/felipeber-936x897.jpg",522,500,true],"covernews-featured":["https:\/\/infoecos.com.ar\/wp-content\/uploads\/2023\/07\/felipeber-1024x763.jpg",1024,763,true],"covernews-medium":["https:\/\/infoecos.com.ar\/wp-content\/uploads\/2023\/07\/felipeber-720x380.jpg",540,285,true],"covernews-medium-square":["https:\/\/infoecos.com.ar\/wp-content\/uploads\/2023\/07\/felipeber-675x450.jpg",375,250,true]},"author_info":{"info":["Jorge Matheus"]},"category_info":"<a href=\"https:\/\/infoecos.com.ar\/index.php\/category\/inferior12\/\" rel=\"category tag\">Bloque inferior - 12<\/a>","tag_info":"Bloque inferior - 12","comment_count":"0","_links":{"self":[{"href":"https:\/\/infoecos.com.ar\/index.php\/wp-json\/wp\/v2\/posts\/107548"}],"collection":[{"href":"https:\/\/infoecos.com.ar\/index.php\/wp-json\/wp\/v2\/posts"}],"about":[{"href":"https:\/\/infoecos.com.ar\/index.php\/wp-json\/wp\/v2\/types\/post"}],"author":[{"embeddable":true,"href":"https:\/\/infoecos.com.ar\/index.php\/wp-json\/wp\/v2\/users\/2"}],"replies":[{"embeddable":true,"href":"https:\/\/infoecos.com.ar\/index.php\/wp-json\/wp\/v2\/comments?post=107548"}],"version-history":[{"count":1,"href":"https:\/\/infoecos.com.ar\/index.php\/wp-json\/wp\/v2\/posts\/107548\/revisions"}],"predecessor-version":[{"id":107552,"href":"https:\/\/infoecos.com.ar\/index.php\/wp-json\/wp\/v2\/posts\/107548\/revisions\/107552"}],"wp:featuredmedia":[{"embeddable":true,"href":"https:\/\/infoecos.com.ar\/index.php\/wp-json\/wp\/v2\/media\/107551"}],"wp:attachment":[{"href":"https:\/\/infoecos.com.ar\/index.php\/wp-json\/wp\/v2\/media?parent=107548"}],"wp:term":[{"taxonomy":"category","embeddable":true,"href":"https:\/\/infoecos.com.ar\/index.php\/wp-json\/wp\/v2\/categories?post=107548"},{"taxonomy":"post_tag","embeddable":true,"href":"https:\/\/infoecos.com.ar\/index.php\/wp-json\/wp\/v2\/tags?post=107548"}],"curies":[{"name":"wp","href":"https:\/\/api.w.org\/{rel}","templated":true}]}}