{"id":107553,"date":"2023-07-16T22:59:23","date_gmt":"2023-07-17T01:59:23","guid":{"rendered":"https:\/\/infoecos.com.ar\/?p=107553"},"modified":"2023-07-18T01:47:35","modified_gmt":"2023-07-18T04:47:35","slug":"el-vasco-zubia-gano-en-la-plata-y-se-afianzo-en-la-punta-del-turismo-4000-argentino","status":"publish","type":"post","link":"https:\/\/infoecos.com.ar\/index.php\/el-vasco-zubia-gano-en-la-plata-y-se-afianzo-en-la-punta-del-turismo-4000-argentino\/","title":{"rendered":"El \u00abVasco\u00bb Zub\u00eda gan\u00f3 en La Plata y se afianz\u00f3 en la punta del Turismo 4000 Argentino"},"content":{"rendered":"\n<p><strong>La quinta fecha del a\u00f1o en La Plata nuevamente fue un gran espect\u00e1culo en pista ante una gran cantidad de p\u00fablico que se acerc\u00f3 al trazado platense.&nbsp;<\/strong><\/p>\n\n\n\n<figure class=\"wp-block-image aligncenter size-large is-resized\"><img loading=\"lazy\" decoding=\"async\" src=\"https:\/\/infoecos.com.ar\/wp-content\/uploads\/2023\/07\/zubiavasco-1600x1065.jpg\" alt=\"\" class=\"wp-image-107555\" width=\"511\" height=\"340\" srcset=\"https:\/\/infoecos.com.ar\/wp-content\/uploads\/2023\/07\/zubiavasco-1600x1065.jpg 1600w, https:\/\/infoecos.com.ar\/wp-content\/uploads\/2023\/07\/zubiavasco-800x532.jpg 800w, https:\/\/infoecos.com.ar\/wp-content\/uploads\/2023\/07\/zubiavasco-768x511.jpg 768w, https:\/\/infoecos.com.ar\/wp-content\/uploads\/2023\/07\/zubiavasco-1536x1020.jpg 1536w, https:\/\/infoecos.com.ar\/wp-content\/uploads\/2023\/07\/zubiavasco-1024x682.jpg 1024w, https:\/\/infoecos.com.ar\/wp-content\/uploads\/2023\/07\/zubiavasco-675x450.jpg 675w, https:\/\/infoecos.com.ar\/wp-content\/uploads\/2023\/07\/zubiavasco.jpg 1800w\" sizes=\"(max-width: 511px) 100vw, 511px\" \/><\/figure>\n\n\n\n<p>All\u00ed, y con un sol radiante, la final del Turismo 4000 Argentino se llev\u00f3 adelante con una entretenida batalla entre Ricardo Zub\u00eda, Alan Guevara y Nereo Queijeiro que vuelta a buscaron ir por la primera colocaci\u00f3n.<\/p>\n\n\n\n<p>Promediando la competencia, un despiste de Ale Roma y luego de Lucas Larroque, relegaron en el clasificador, mientras que camino al final Mauricio Etcheberry deb\u00eda desertar.&nbsp;<\/p>\n\n\n\n<p>Javier Funcia, quien tras un roce con Perez, se retras\u00f3 en la pelea por la punta, finaliz\u00f3 en el 6\u00b0 lugar, detr\u00e1s de Nelson Costanzo y delante de Hern\u00e1n Rojas.&nbsp;<\/p>\n\n\n\n<p>La decena qued\u00f3 integrada por Antonio Bartucci en un buen resultado, con el Ford ahora, Andres Kechichian y Mart\u00edn Taddeo.&nbsp;<\/p>\n\n\n\n<p>La pr\u00f3xima fecha, ser\u00e1 el fin de semana del 25, 26, 27 de agosto en lo que ser\u00e1 \u201cLa Carrera del A\u00f1o\u201d, en el mes aniversario de la categor\u00eda.&nbsp;<\/p>\n\n\n\n<figure class=\"wp-block-image size-full\"><img loading=\"lazy\" decoding=\"async\" width=\"963\" height=\"757\" src=\"https:\/\/infoecos.com.ar\/wp-content\/uploads\/2023\/07\/image-109.png\" alt=\"\" class=\"wp-image-107554\" srcset=\"https:\/\/infoecos.com.ar\/wp-content\/uploads\/2023\/07\/image-109.png 963w, https:\/\/infoecos.com.ar\/wp-content\/uploads\/2023\/07\/image-109-800x629.png 800w, https:\/\/infoecos.com.ar\/wp-content\/uploads\/2023\/07\/image-109-768x604.png 768w\" sizes=\"(max-width: 963px) 100vw, 963px\" \/><\/figure>\n\n\n\n<p>Fuentes: ACTC y deportelauquen.com.ar <\/p>\n","protected":false},"excerpt":{"rendered":"<p>La pr\u00f3xima fecha, ser\u00e1 el fin de semana del 25, 26, 27 de agosto en lo que ser\u00e1 \u201cLa Carrera del A\u00f1o\u201d, en el mes aniversario de la categor\u00eda<\/p>\n","protected":false},"author":2,"featured_media":107555,"comment_status":"closed","ping_status":"open","sticky":false,"template":"","format":"standard","meta":{"footnotes":""},"categories":[1643],"tags":[136],"class_list":["post-107553","post","type-post","status-publish","format-standard","has-post-thumbnail","hentry","category-inferior16","tag-automovilismo"],"yoast_head":"<!-- This site is optimized with the Yoast SEO plugin v23.4 - https:\/\/yoast.com\/wordpress\/plugins\/seo\/ -->\n<title>El &quot;Vasco&quot; Zub\u00eda gan\u00f3 en La Plata y se afianz\u00f3 en la punta del Turismo 4000 Argentino - Infoecos<\/title>\n<meta name=\"robots\" content=\"index, follow, max-snippet:-1, max-image-preview:large, max-video-preview:-1\" \/>\n<link rel=\"canonical\" href=\"https:\/\/infoecos.com.ar\/index.php\/el-vasco-zubia-gano-en-la-plata-y-se-afianzo-en-la-punta-del-turismo-4000-argentino\/\" \/>\n<meta property=\"og:locale\" content=\"es_ES\" \/>\n<meta property=\"og:type\" content=\"article\" \/>\n<meta property=\"og:title\" content=\"El &quot;Vasco&quot; Zub\u00eda gan\u00f3 en La Plata y se afianz\u00f3 en la punta del Turismo 4000 Argentino - Infoecos\" \/>\n<meta property=\"og:description\" content=\"La pr\u00f3xima fecha, ser\u00e1 el fin de semana del 25, 26, 27 de agosto en lo que ser\u00e1 \u201cLa Carrera del A\u00f1o\u201d, en el mes aniversario de la categor\u00eda\" \/>\n<meta property=\"og:url\" content=\"https:\/\/infoecos.com.ar\/index.php\/el-vasco-zubia-gano-en-la-plata-y-se-afianzo-en-la-punta-del-turismo-4000-argentino\/\" \/>\n<meta property=\"og:site_name\" content=\"Infoecos\" \/>\n<meta property=\"article:publisher\" content=\"https:\/\/www.facebook.com\/profile.php?id=100063200290284\" \/>\n<meta property=\"article:published_time\" content=\"2023-07-17T01:59:23+00:00\" \/>\n<meta property=\"article:modified_time\" content=\"2023-07-18T04:47:35+00:00\" \/>\n<meta property=\"og:image\" content=\"https:\/\/infoecos.com.ar\/wp-content\/uploads\/2023\/07\/zubiavasco.jpg\" \/>\n\t<meta property=\"og:image:width\" content=\"1800\" \/>\n\t<meta property=\"og:image:height\" content=\"1198\" \/>\n\t<meta property=\"og:image:type\" content=\"image\/jpeg\" \/>\n<meta name=\"author\" content=\"Jorge Matheus\" \/>\n<meta name=\"twitter:card\" content=\"summary_large_image\" \/>\n<meta name=\"twitter:creator\" content=\"@infoecos\" \/>\n<meta name=\"twitter:site\" content=\"@infoecos\" \/>\n<meta name=\"twitter:label1\" content=\"Escrito por\" \/>\n\t<meta name=\"twitter:data1\" content=\"Jorge Matheus\" \/>\n\t<meta name=\"twitter:label2\" content=\"Tiempo de lectura\" \/>\n\t<meta name=\"twitter:data2\" content=\"2 minutos\" \/>\n<script type=\"application\/ld+json\" class=\"yoast-schema-graph\">{\"@context\":\"https:\/\/schema.org\",\"@graph\":[{\"@type\":\"Article\",\"@id\":\"https:\/\/infoecos.com.ar\/index.php\/el-vasco-zubia-gano-en-la-plata-y-se-afianzo-en-la-punta-del-turismo-4000-argentino\/#article\",\"isPartOf\":{\"@id\":\"https:\/\/infoecos.com.ar\/index.php\/el-vasco-zubia-gano-en-la-plata-y-se-afianzo-en-la-punta-del-turismo-4000-argentino\/\"},\"author\":{\"name\":\"Jorge Matheus\",\"@id\":\"https:\/\/infoecos.com.ar\/#\/schema\/person\/8f5ace5ce73b4b4aac4b7245aee6f191\"},\"headline\":\"El \u00abVasco\u00bb Zub\u00eda gan\u00f3 en La Plata y se afianz\u00f3 en la punta del Turismo 4000 Argentino\",\"datePublished\":\"2023-07-17T01:59:23+00:00\",\"dateModified\":\"2023-07-18T04:47:35+00:00\",\"mainEntityOfPage\":{\"@id\":\"https:\/\/infoecos.com.ar\/index.php\/el-vasco-zubia-gano-en-la-plata-y-se-afianzo-en-la-punta-del-turismo-4000-argentino\/\"},\"wordCount\":203,\"publisher\":{\"@id\":\"https:\/\/infoecos.com.ar\/#organization\"},\"image\":{\"@id\":\"https:\/\/infoecos.com.ar\/index.php\/el-vasco-zubia-gano-en-la-plata-y-se-afianzo-en-la-punta-del-turismo-4000-argentino\/#primaryimage\"},\"thumbnailUrl\":\"https:\/\/infoecos.com.ar\/wp-content\/uploads\/2023\/07\/zubiavasco.jpg\",\"keywords\":[\"AUTOMOVILISMO\"],\"articleSection\":[\"Bloque inferior - 16\"],\"inLanguage\":\"es\"},{\"@type\":\"WebPage\",\"@id\":\"https:\/\/infoecos.com.ar\/index.php\/el-vasco-zubia-gano-en-la-plata-y-se-afianzo-en-la-punta-del-turismo-4000-argentino\/\",\"url\":\"https:\/\/infoecos.com.ar\/index.php\/el-vasco-zubia-gano-en-la-plata-y-se-afianzo-en-la-punta-del-turismo-4000-argentino\/\",\"name\":\"El \\\"Vasco\\\" Zub\u00eda gan\u00f3 en La Plata y se afianz\u00f3 en la punta del Turismo 4000 Argentino - Infoecos\",\"isPartOf\":{\"@id\":\"https:\/\/infoecos.com.ar\/#website\"},\"primaryImageOfPage\":{\"@id\":\"https:\/\/infoecos.com.ar\/index.php\/el-vasco-zubia-gano-en-la-plata-y-se-afianzo-en-la-punta-del-turismo-4000-argentino\/#primaryimage\"},\"image\":{\"@id\":\"https:\/\/infoecos.com.ar\/index.php\/el-vasco-zubia-gano-en-la-plata-y-se-afianzo-en-la-punta-del-turismo-4000-argentino\/#primaryimage\"},\"thumbnailUrl\":\"https:\/\/infoecos.com.ar\/wp-content\/uploads\/2023\/07\/zubiavasco.jpg\",\"datePublished\":\"2023-07-17T01:59:23+00:00\",\"dateModified\":\"2023-07-18T04:47:35+00:00\",\"breadcrumb\":{\"@id\":\"https:\/\/infoecos.com.ar\/index.php\/el-vasco-zubia-gano-en-la-plata-y-se-afianzo-en-la-punta-del-turismo-4000-argentino\/#breadcrumb\"},\"inLanguage\":\"es\",\"potentialAction\":[{\"@type\":\"ReadAction\",\"target\":[\"https:\/\/infoecos.com.ar\/index.php\/el-vasco-zubia-gano-en-la-plata-y-se-afianzo-en-la-punta-del-turismo-4000-argentino\/\"]}]},{\"@type\":\"ImageObject\",\"inLanguage\":\"es\",\"@id\":\"https:\/\/infoecos.com.ar\/index.php\/el-vasco-zubia-gano-en-la-plata-y-se-afianzo-en-la-punta-del-turismo-4000-argentino\/#primaryimage\",\"url\":\"https:\/\/infoecos.com.ar\/wp-content\/uploads\/2023\/07\/zubiavasco.jpg\",\"contentUrl\":\"https:\/\/infoecos.com.ar\/wp-content\/uploads\/2023\/07\/zubiavasco.jpg\",\"width\":1800,\"height\":1198},{\"@type\":\"BreadcrumbList\",\"@id\":\"https:\/\/infoecos.com.ar\/index.php\/el-vasco-zubia-gano-en-la-plata-y-se-afianzo-en-la-punta-del-turismo-4000-argentino\/#breadcrumb\",\"itemListElement\":[{\"@type\":\"ListItem\",\"position\":1,\"name\":\"Portada\",\"item\":\"https:\/\/infoecos.com.ar\/\"},{\"@type\":\"ListItem\",\"position\":2,\"name\":\"El \u00abVasco\u00bb Zub\u00eda gan\u00f3 en La Plata y se afianz\u00f3 en la punta del Turismo 4000 Argentino\"}]},{\"@type\":\"WebSite\",\"@id\":\"https:\/\/infoecos.com.ar\/#website\",\"url\":\"https:\/\/infoecos.com.ar\/\",\"name\":\"Infoecos\",\"description\":\"Noticias de trenque lauquen y la zona\",\"publisher\":{\"@id\":\"https:\/\/infoecos.com.ar\/#organization\"},\"alternateName\":\"Noticias\",\"potentialAction\":[{\"@type\":\"SearchAction\",\"target\":{\"@type\":\"EntryPoint\",\"urlTemplate\":\"https:\/\/infoecos.com.ar\/?s={search_term_string}\"},\"query-input\":{\"@type\":\"PropertyValueSpecification\",\"valueRequired\":true,\"valueName\":\"search_term_string\"}}],\"inLanguage\":\"es\"},{\"@type\":\"Organization\",\"@id\":\"https:\/\/infoecos.com.ar\/#organization\",\"name\":\"Infoecos\",\"alternateName\":\"Noticias\",\"url\":\"https:\/\/infoecos.com.ar\/\",\"logo\":{\"@type\":\"ImageObject\",\"inLanguage\":\"es\",\"@id\":\"https:\/\/infoecos.com.ar\/#\/schema\/logo\/image\/\",\"url\":\"https:\/\/infoecos.com.ar\/wp-content\/uploads\/2024\/03\/cropped-logo.png\",\"contentUrl\":\"https:\/\/infoecos.com.ar\/wp-content\/uploads\/2024\/03\/cropped-logo.png\",\"width\":374,\"height\":90,\"caption\":\"Infoecos\"},\"image\":{\"@id\":\"https:\/\/infoecos.com.ar\/#\/schema\/logo\/image\/\"},\"sameAs\":[\"https:\/\/www.facebook.com\/profile.php?id=100063200290284\",\"https:\/\/x.com\/infoecos\"]},{\"@type\":\"Person\",\"@id\":\"https:\/\/infoecos.com.ar\/#\/schema\/person\/8f5ace5ce73b4b4aac4b7245aee6f191\",\"name\":\"Jorge Matheus\",\"url\":\"https:\/\/infoecos.com.ar\/index.php\/author\/jomatheus\/\"}]}<\/script>\n<!-- \/ Yoast SEO plugin. -->","yoast_head_json":{"title":"El \"Vasco\" Zub\u00eda gan\u00f3 en La Plata y se afianz\u00f3 en la punta del Turismo 4000 Argentino - Infoecos","robots":{"index":"index","follow":"follow","max-snippet":"max-snippet:-1","max-image-preview":"max-image-preview:large","max-video-preview":"max-video-preview:-1"},"canonical":"https:\/\/infoecos.com.ar\/index.php\/el-vasco-zubia-gano-en-la-plata-y-se-afianzo-en-la-punta-del-turismo-4000-argentino\/","og_locale":"es_ES","og_type":"article","og_title":"El \"Vasco\" Zub\u00eda gan\u00f3 en La Plata y se afianz\u00f3 en la punta del Turismo 4000 Argentino - Infoecos","og_description":"La pr\u00f3xima fecha, ser\u00e1 el fin de semana del 25, 26, 27 de agosto en lo que ser\u00e1 \u201cLa Carrera del A\u00f1o\u201d, en el mes aniversario de la categor\u00eda","og_url":"https:\/\/infoecos.com.ar\/index.php\/el-vasco-zubia-gano-en-la-plata-y-se-afianzo-en-la-punta-del-turismo-4000-argentino\/","og_site_name":"Infoecos","article_publisher":"https:\/\/www.facebook.com\/profile.php?id=100063200290284","article_published_time":"2023-07-17T01:59:23+00:00","article_modified_time":"2023-07-18T04:47:35+00:00","og_image":[{"width":1800,"height":1198,"url":"https:\/\/infoecos.com.ar\/wp-content\/uploads\/2023\/07\/zubiavasco.jpg","type":"image\/jpeg"}],"author":"Jorge Matheus","twitter_card":"summary_large_image","twitter_creator":"@infoecos","twitter_site":"@infoecos","twitter_misc":{"Escrito por":"Jorge Matheus","Tiempo de lectura":"2 minutos"},"schema":{"@context":"https:\/\/schema.org","@graph":[{"@type":"Article","@id":"https:\/\/infoecos.com.ar\/index.php\/el-vasco-zubia-gano-en-la-plata-y-se-afianzo-en-la-punta-del-turismo-4000-argentino\/#article","isPartOf":{"@id":"https:\/\/infoecos.com.ar\/index.php\/el-vasco-zubia-gano-en-la-plata-y-se-afianzo-en-la-punta-del-turismo-4000-argentino\/"},"author":{"name":"Jorge Matheus","@id":"https:\/\/infoecos.com.ar\/#\/schema\/person\/8f5ace5ce73b4b4aac4b7245aee6f191"},"headline":"El \u00abVasco\u00bb Zub\u00eda gan\u00f3 en La Plata y se afianz\u00f3 en la punta del Turismo 4000 Argentino","datePublished":"2023-07-17T01:59:23+00:00","dateModified":"2023-07-18T04:47:35+00:00","mainEntityOfPage":{"@id":"https:\/\/infoecos.com.ar\/index.php\/el-vasco-zubia-gano-en-la-plata-y-se-afianzo-en-la-punta-del-turismo-4000-argentino\/"},"wordCount":203,"publisher":{"@id":"https:\/\/infoecos.com.ar\/#organization"},"image":{"@id":"https:\/\/infoecos.com.ar\/index.php\/el-vasco-zubia-gano-en-la-plata-y-se-afianzo-en-la-punta-del-turismo-4000-argentino\/#primaryimage"},"thumbnailUrl":"https:\/\/infoecos.com.ar\/wp-content\/uploads\/2023\/07\/zubiavasco.jpg","keywords":["AUTOMOVILISMO"],"articleSection":["Bloque inferior - 16"],"inLanguage":"es"},{"@type":"WebPage","@id":"https:\/\/infoecos.com.ar\/index.php\/el-vasco-zubia-gano-en-la-plata-y-se-afianzo-en-la-punta-del-turismo-4000-argentino\/","url":"https:\/\/infoecos.com.ar\/index.php\/el-vasco-zubia-gano-en-la-plata-y-se-afianzo-en-la-punta-del-turismo-4000-argentino\/","name":"El \"Vasco\" Zub\u00eda gan\u00f3 en La Plata y se afianz\u00f3 en la punta del Turismo 4000 Argentino - Infoecos","isPartOf":{"@id":"https:\/\/infoecos.com.ar\/#website"},"primaryImageOfPage":{"@id":"https:\/\/infoecos.com.ar\/index.php\/el-vasco-zubia-gano-en-la-plata-y-se-afianzo-en-la-punta-del-turismo-4000-argentino\/#primaryimage"},"image":{"@id":"https:\/\/infoecos.com.ar\/index.php\/el-vasco-zubia-gano-en-la-plata-y-se-afianzo-en-la-punta-del-turismo-4000-argentino\/#primaryimage"},"thumbnailUrl":"https:\/\/infoecos.com.ar\/wp-content\/uploads\/2023\/07\/zubiavasco.jpg","datePublished":"2023-07-17T01:59:23+00:00","dateModified":"2023-07-18T04:47:35+00:00","breadcrumb":{"@id":"https:\/\/infoecos.com.ar\/index.php\/el-vasco-zubia-gano-en-la-plata-y-se-afianzo-en-la-punta-del-turismo-4000-argentino\/#breadcrumb"},"inLanguage":"es","potentialAction":[{"@type":"ReadAction","target":["https:\/\/infoecos.com.ar\/index.php\/el-vasco-zubia-gano-en-la-plata-y-se-afianzo-en-la-punta-del-turismo-4000-argentino\/"]}]},{"@type":"ImageObject","inLanguage":"es","@id":"https:\/\/infoecos.com.ar\/index.php\/el-vasco-zubia-gano-en-la-plata-y-se-afianzo-en-la-punta-del-turismo-4000-argentino\/#primaryimage","url":"https:\/\/infoecos.com.ar\/wp-content\/uploads\/2023\/07\/zubiavasco.jpg","contentUrl":"https:\/\/infoecos.com.ar\/wp-content\/uploads\/2023\/07\/zubiavasco.jpg","width":1800,"height":1198},{"@type":"BreadcrumbList","@id":"https:\/\/infoecos.com.ar\/index.php\/el-vasco-zubia-gano-en-la-plata-y-se-afianzo-en-la-punta-del-turismo-4000-argentino\/#breadcrumb","itemListElement":[{"@type":"ListItem","position":1,"name":"Portada","item":"https:\/\/infoecos.com.ar\/"},{"@type":"ListItem","position":2,"name":"El \u00abVasco\u00bb Zub\u00eda gan\u00f3 en La Plata y se afianz\u00f3 en la punta del Turismo 4000 Argentino"}]},{"@type":"WebSite","@id":"https:\/\/infoecos.com.ar\/#website","url":"https:\/\/infoecos.com.ar\/","name":"Infoecos","description":"Noticias de trenque lauquen y la zona","publisher":{"@id":"https:\/\/infoecos.com.ar\/#organization"},"alternateName":"Noticias","potentialAction":[{"@type":"SearchAction","target":{"@type":"EntryPoint","urlTemplate":"https:\/\/infoecos.com.ar\/?s={search_term_string}"},"query-input":{"@type":"PropertyValueSpecification","valueRequired":true,"valueName":"search_term_string"}}],"inLanguage":"es"},{"@type":"Organization","@id":"https:\/\/infoecos.com.ar\/#organization","name":"Infoecos","alternateName":"Noticias","url":"https:\/\/infoecos.com.ar\/","logo":{"@type":"ImageObject","inLanguage":"es","@id":"https:\/\/infoecos.com.ar\/#\/schema\/logo\/image\/","url":"https:\/\/infoecos.com.ar\/wp-content\/uploads\/2024\/03\/cropped-logo.png","contentUrl":"https:\/\/infoecos.com.ar\/wp-content\/uploads\/2024\/03\/cropped-logo.png","width":374,"height":90,"caption":"Infoecos"},"image":{"@id":"https:\/\/infoecos.com.ar\/#\/schema\/logo\/image\/"},"sameAs":["https:\/\/www.facebook.com\/profile.php?id=100063200290284","https:\/\/x.com\/infoecos"]},{"@type":"Person","@id":"https:\/\/infoecos.com.ar\/#\/schema\/person\/8f5ace5ce73b4b4aac4b7245aee6f191","name":"Jorge Matheus","url":"https:\/\/infoecos.com.ar\/index.php\/author\/jomatheus\/"}]}},"featured_image_urls":{"full":["https:\/\/infoecos.com.ar\/wp-content\/uploads\/2023\/07\/zubiavasco.jpg",1800,1198,false],"thumbnail":["https:\/\/infoecos.com.ar\/wp-content\/uploads\/2023\/07\/zubiavasco-300x150.jpg",300,150,true],"medium":["https:\/\/infoecos.com.ar\/wp-content\/uploads\/2023\/07\/zubiavasco-800x532.jpg",800,532,true],"medium_large":["https:\/\/infoecos.com.ar\/wp-content\/uploads\/2023\/07\/zubiavasco-768x511.jpg",640,426,true],"large":["https:\/\/infoecos.com.ar\/wp-content\/uploads\/2023\/07\/zubiavasco-1600x1065.jpg",640,426,true],"1536x1536":["https:\/\/infoecos.com.ar\/wp-content\/uploads\/2023\/07\/zubiavasco-1536x1022.jpg",1536,1022,true],"2048x2048":["https:\/\/infoecos.com.ar\/wp-content\/uploads\/2023\/07\/zubiavasco.jpg",1800,1198,false],"covernews-slider-full":["https:\/\/infoecos.com.ar\/wp-content\/uploads\/2023\/07\/zubiavasco-1536x1020.jpg",1077,715,true],"covernews-slider-center":["https:\/\/infoecos.com.ar\/wp-content\/uploads\/2023\/07\/zubiavasco-936x897.jpg",522,500,true],"covernews-featured":["https:\/\/infoecos.com.ar\/wp-content\/uploads\/2023\/07\/zubiavasco-1024x682.jpg",1024,682,true],"covernews-medium":["https:\/\/infoecos.com.ar\/wp-content\/uploads\/2023\/07\/zubiavasco-720x380.jpg",540,285,true],"covernews-medium-square":["https:\/\/infoecos.com.ar\/wp-content\/uploads\/2023\/07\/zubiavasco-675x450.jpg",375,250,true]},"author_info":{"info":["Jorge Matheus"]},"category_info":"<a href=\"https:\/\/infoecos.com.ar\/index.php\/category\/inferior16\/\" rel=\"category tag\">Bloque inferior - 16<\/a>","tag_info":"Bloque inferior - 16","comment_count":"0","_links":{"self":[{"href":"https:\/\/infoecos.com.ar\/index.php\/wp-json\/wp\/v2\/posts\/107553"}],"collection":[{"href":"https:\/\/infoecos.com.ar\/index.php\/wp-json\/wp\/v2\/posts"}],"about":[{"href":"https:\/\/infoecos.com.ar\/index.php\/wp-json\/wp\/v2\/types\/post"}],"author":[{"embeddable":true,"href":"https:\/\/infoecos.com.ar\/index.php\/wp-json\/wp\/v2\/users\/2"}],"replies":[{"embeddable":true,"href":"https:\/\/infoecos.com.ar\/index.php\/wp-json\/wp\/v2\/comments?post=107553"}],"version-history":[{"count":2,"href":"https:\/\/infoecos.com.ar\/index.php\/wp-json\/wp\/v2\/posts\/107553\/revisions"}],"predecessor-version":[{"id":107654,"href":"https:\/\/infoecos.com.ar\/index.php\/wp-json\/wp\/v2\/posts\/107553\/revisions\/107654"}],"wp:featuredmedia":[{"embeddable":true,"href":"https:\/\/infoecos.com.ar\/index.php\/wp-json\/wp\/v2\/media\/107555"}],"wp:attachment":[{"href":"https:\/\/infoecos.com.ar\/index.php\/wp-json\/wp\/v2\/media?parent=107553"}],"wp:term":[{"taxonomy":"category","embeddable":true,"href":"https:\/\/infoecos.com.ar\/index.php\/wp-json\/wp\/v2\/categories?post=107553"},{"taxonomy":"post_tag","embeddable":true,"href":"https:\/\/infoecos.com.ar\/index.php\/wp-json\/wp\/v2\/tags?post=107553"}],"curies":[{"name":"wp","href":"https:\/\/api.w.org\/{rel}","templated":true}]}}