{"id":107570,"date":"2023-07-17T00:08:27","date_gmt":"2023-07-17T03:08:27","guid":{"rendered":"https:\/\/infoecos.com.ar\/?p=107570"},"modified":"2023-07-18T00:03:47","modified_gmt":"2023-07-18T03:03:47","slug":"el-sabado-anterior-estuvo-en-carlos-casares-el-ministro-de-desarrollo-agrario-de-buenos-aires","status":"publish","type":"post","link":"https:\/\/infoecos.com.ar\/index.php\/el-sabado-anterior-estuvo-en-carlos-casares-el-ministro-de-desarrollo-agrario-de-buenos-aires\/","title":{"rendered":"El s\u00e1bado anterior estuvo en Carlos Casares, el ministro de Desarrollo Agrario de Buenos Aires"},"content":{"rendered":"\n<p>El ministro de&nbsp;Desarrollo Agrario&nbsp;de la&nbsp;provincia de Buenos Aires,&nbsp;Javier Rodr\u00edguez, inaugur\u00f3 este s\u00e1bado junto al intendente de&nbsp;Carlos Casares,&nbsp;Daniel Stadnik, obras realizadas en el municipio bonaerense en el marco del&nbsp;Plan Mejora de Caminos Rurales.<\/p>\n\n\n\n<figure class=\"wp-block-image aligncenter size-full is-resized\"><img loading=\"lazy\" decoding=\"async\" src=\"https:\/\/infoecos.com.ar\/wp-content\/uploads\/2023\/07\/caminosruralescarloscasares.jpg\" alt=\"\" class=\"wp-image-107571\" width=\"401\" height=\"268\"\/><\/figure>\n\n\n\n<p>En esta ocasi\u00f3n,&nbsp;Rodr\u00edguez&nbsp;y&nbsp;Stadnik&nbsp;celebraron las obras de estabilizaci\u00f3n de 20 kil\u00f3metros de la red vial de&nbsp;Carlos Casares, que se sumaron a los m\u00e1s de 4.000 kil\u00f3metros ya inaugurados por el ministro en los \u00faltimos cuatro a\u00f1os con el&nbsp;Plan Mejora de Caminos Rurales.<\/p>\n\n\n\n<figure class=\"wp-block-image aligncenter size-full is-resized\"><img loading=\"lazy\" decoding=\"async\" src=\"https:\/\/infoecos.com.ar\/wp-content\/uploads\/2023\/07\/mitroasuntosagrarios.jpg\" alt=\"\" class=\"wp-image-107572\" width=\"368\" height=\"245\" srcset=\"https:\/\/infoecos.com.ar\/wp-content\/uploads\/2023\/07\/mitroasuntosagrarios.jpg 880w, https:\/\/infoecos.com.ar\/wp-content\/uploads\/2023\/07\/mitroasuntosagrarios-800x533.jpg 800w, https:\/\/infoecos.com.ar\/wp-content\/uploads\/2023\/07\/mitroasuntosagrarios-768x511.jpg 768w, https:\/\/infoecos.com.ar\/wp-content\/uploads\/2023\/07\/mitroasuntosagrarios-675x450.jpg 675w\" sizes=\"(max-width: 368px) 100vw, 368px\" \/><\/figure>\n\n\n\n<p>Seg\u00fan informaron desde el Ejecutivo provincial, los 20 kil\u00f3metros refaccionados comprenden el camino que une el l\u00edmite del partido de&nbsp;Pehuaj\u00f3&nbsp;con la localidad de&nbsp;Bellocq, el tramo que conecta esta localidad con el paraje&nbsp;Centenario, y un tercer camino que va desde&nbsp;Estancia Mi Querencia&nbsp;a la&nbsp;Chacra Experimental MDA.<\/p>\n\n\n\n<p>Para esto, la&nbsp;Provincia&nbsp;invirti\u00f3 un total de $855.544.880,73 del fondo destinado al&nbsp;Plan Mejora de Caminos Rurales.<\/p>\n","protected":false},"excerpt":{"rendered":"<p>Rodr\u00edguez\u00a0y\u00a0Stadnik\u00a0celebraron las obras de estabilizaci\u00f3n de 20 kil\u00f3metros de la red vial de\u00a0Carlos Casares<\/p>\n","protected":false},"author":2,"featured_media":107572,"comment_status":"closed","ping_status":"open","sticky":false,"template":"","format":"standard","meta":{"footnotes":""},"categories":[40],"tags":[6273],"class_list":["post-107570","post","type-post","status-publish","format-standard","has-post-thumbnail","hentry","category-inferior1","tag-caminos-rurales"],"yoast_head":"<!-- This site is optimized with the Yoast SEO plugin v23.4 - https:\/\/yoast.com\/wordpress\/plugins\/seo\/ -->\n<title>El s\u00e1bado anterior estuvo en Carlos Casares, el ministro de Desarrollo Agrario de Buenos Aires - Infoecos<\/title>\n<meta name=\"robots\" content=\"index, follow, max-snippet:-1, max-image-preview:large, max-video-preview:-1\" \/>\n<link rel=\"canonical\" href=\"https:\/\/infoecos.com.ar\/index.php\/el-sabado-anterior-estuvo-en-carlos-casares-el-ministro-de-desarrollo-agrario-de-buenos-aires\/\" \/>\n<meta property=\"og:locale\" content=\"es_ES\" \/>\n<meta property=\"og:type\" content=\"article\" \/>\n<meta property=\"og:title\" content=\"El s\u00e1bado anterior estuvo en Carlos Casares, el ministro de Desarrollo Agrario de Buenos Aires - Infoecos\" \/>\n<meta property=\"og:description\" content=\"Rodr\u00edguez\u00a0y\u00a0Stadnik\u00a0celebraron las obras de estabilizaci\u00f3n de 20 kil\u00f3metros de la red vial de\u00a0Carlos Casares\" \/>\n<meta property=\"og:url\" content=\"https:\/\/infoecos.com.ar\/index.php\/el-sabado-anterior-estuvo-en-carlos-casares-el-ministro-de-desarrollo-agrario-de-buenos-aires\/\" \/>\n<meta property=\"og:site_name\" content=\"Infoecos\" \/>\n<meta property=\"article:publisher\" content=\"https:\/\/www.facebook.com\/profile.php?id=100063200290284\" \/>\n<meta property=\"article:published_time\" content=\"2023-07-17T03:08:27+00:00\" \/>\n<meta property=\"article:modified_time\" content=\"2023-07-18T03:03:47+00:00\" \/>\n<meta property=\"og:image\" content=\"https:\/\/infoecos.com.ar\/wp-content\/uploads\/2023\/07\/mitroasuntosagrarios.jpg\" \/>\n\t<meta property=\"og:image:width\" content=\"880\" \/>\n\t<meta property=\"og:image:height\" content=\"586\" \/>\n\t<meta property=\"og:image:type\" content=\"image\/jpeg\" \/>\n<meta name=\"author\" content=\"Jorge Matheus\" \/>\n<meta name=\"twitter:card\" content=\"summary_large_image\" \/>\n<meta name=\"twitter:creator\" content=\"@infoecos\" \/>\n<meta name=\"twitter:site\" content=\"@infoecos\" \/>\n<meta name=\"twitter:label1\" content=\"Escrito por\" \/>\n\t<meta name=\"twitter:data1\" content=\"Jorge Matheus\" \/>\n\t<meta name=\"twitter:label2\" content=\"Tiempo de lectura\" \/>\n\t<meta name=\"twitter:data2\" content=\"2 minutos\" \/>\n<script type=\"application\/ld+json\" class=\"yoast-schema-graph\">{\"@context\":\"https:\/\/schema.org\",\"@graph\":[{\"@type\":\"Article\",\"@id\":\"https:\/\/infoecos.com.ar\/index.php\/el-sabado-anterior-estuvo-en-carlos-casares-el-ministro-de-desarrollo-agrario-de-buenos-aires\/#article\",\"isPartOf\":{\"@id\":\"https:\/\/infoecos.com.ar\/index.php\/el-sabado-anterior-estuvo-en-carlos-casares-el-ministro-de-desarrollo-agrario-de-buenos-aires\/\"},\"author\":{\"name\":\"Jorge Matheus\",\"@id\":\"https:\/\/infoecos.com.ar\/#\/schema\/person\/8f5ace5ce73b4b4aac4b7245aee6f191\"},\"headline\":\"El s\u00e1bado anterior estuvo en Carlos Casares, el ministro de Desarrollo Agrario de Buenos Aires\",\"datePublished\":\"2023-07-17T03:08:27+00:00\",\"dateModified\":\"2023-07-18T03:03:47+00:00\",\"mainEntityOfPage\":{\"@id\":\"https:\/\/infoecos.com.ar\/index.php\/el-sabado-anterior-estuvo-en-carlos-casares-el-ministro-de-desarrollo-agrario-de-buenos-aires\/\"},\"wordCount\":202,\"publisher\":{\"@id\":\"https:\/\/infoecos.com.ar\/#organization\"},\"image\":{\"@id\":\"https:\/\/infoecos.com.ar\/index.php\/el-sabado-anterior-estuvo-en-carlos-casares-el-ministro-de-desarrollo-agrario-de-buenos-aires\/#primaryimage\"},\"thumbnailUrl\":\"https:\/\/infoecos.com.ar\/wp-content\/uploads\/2023\/07\/mitroasuntosagrarios.jpg\",\"keywords\":[\"caminos rurales\"],\"articleSection\":[\"Bloque inferior - 1\"],\"inLanguage\":\"es\"},{\"@type\":\"WebPage\",\"@id\":\"https:\/\/infoecos.com.ar\/index.php\/el-sabado-anterior-estuvo-en-carlos-casares-el-ministro-de-desarrollo-agrario-de-buenos-aires\/\",\"url\":\"https:\/\/infoecos.com.ar\/index.php\/el-sabado-anterior-estuvo-en-carlos-casares-el-ministro-de-desarrollo-agrario-de-buenos-aires\/\",\"name\":\"El s\u00e1bado anterior estuvo en Carlos Casares, el ministro de Desarrollo Agrario de Buenos Aires - Infoecos\",\"isPartOf\":{\"@id\":\"https:\/\/infoecos.com.ar\/#website\"},\"primaryImageOfPage\":{\"@id\":\"https:\/\/infoecos.com.ar\/index.php\/el-sabado-anterior-estuvo-en-carlos-casares-el-ministro-de-desarrollo-agrario-de-buenos-aires\/#primaryimage\"},\"image\":{\"@id\":\"https:\/\/infoecos.com.ar\/index.php\/el-sabado-anterior-estuvo-en-carlos-casares-el-ministro-de-desarrollo-agrario-de-buenos-aires\/#primaryimage\"},\"thumbnailUrl\":\"https:\/\/infoecos.com.ar\/wp-content\/uploads\/2023\/07\/mitroasuntosagrarios.jpg\",\"datePublished\":\"2023-07-17T03:08:27+00:00\",\"dateModified\":\"2023-07-18T03:03:47+00:00\",\"breadcrumb\":{\"@id\":\"https:\/\/infoecos.com.ar\/index.php\/el-sabado-anterior-estuvo-en-carlos-casares-el-ministro-de-desarrollo-agrario-de-buenos-aires\/#breadcrumb\"},\"inLanguage\":\"es\",\"potentialAction\":[{\"@type\":\"ReadAction\",\"target\":[\"https:\/\/infoecos.com.ar\/index.php\/el-sabado-anterior-estuvo-en-carlos-casares-el-ministro-de-desarrollo-agrario-de-buenos-aires\/\"]}]},{\"@type\":\"ImageObject\",\"inLanguage\":\"es\",\"@id\":\"https:\/\/infoecos.com.ar\/index.php\/el-sabado-anterior-estuvo-en-carlos-casares-el-ministro-de-desarrollo-agrario-de-buenos-aires\/#primaryimage\",\"url\":\"https:\/\/infoecos.com.ar\/wp-content\/uploads\/2023\/07\/mitroasuntosagrarios.jpg\",\"contentUrl\":\"https:\/\/infoecos.com.ar\/wp-content\/uploads\/2023\/07\/mitroasuntosagrarios.jpg\",\"width\":880,\"height\":586},{\"@type\":\"BreadcrumbList\",\"@id\":\"https:\/\/infoecos.com.ar\/index.php\/el-sabado-anterior-estuvo-en-carlos-casares-el-ministro-de-desarrollo-agrario-de-buenos-aires\/#breadcrumb\",\"itemListElement\":[{\"@type\":\"ListItem\",\"position\":1,\"name\":\"Portada\",\"item\":\"https:\/\/infoecos.com.ar\/\"},{\"@type\":\"ListItem\",\"position\":2,\"name\":\"El s\u00e1bado anterior estuvo en Carlos Casares, el ministro de Desarrollo Agrario de Buenos Aires\"}]},{\"@type\":\"WebSite\",\"@id\":\"https:\/\/infoecos.com.ar\/#website\",\"url\":\"https:\/\/infoecos.com.ar\/\",\"name\":\"Infoecos\",\"description\":\"Noticias de trenque lauquen y la zona\",\"publisher\":{\"@id\":\"https:\/\/infoecos.com.ar\/#organization\"},\"alternateName\":\"Noticias\",\"potentialAction\":[{\"@type\":\"SearchAction\",\"target\":{\"@type\":\"EntryPoint\",\"urlTemplate\":\"https:\/\/infoecos.com.ar\/?s={search_term_string}\"},\"query-input\":{\"@type\":\"PropertyValueSpecification\",\"valueRequired\":true,\"valueName\":\"search_term_string\"}}],\"inLanguage\":\"es\"},{\"@type\":\"Organization\",\"@id\":\"https:\/\/infoecos.com.ar\/#organization\",\"name\":\"Infoecos\",\"alternateName\":\"Noticias\",\"url\":\"https:\/\/infoecos.com.ar\/\",\"logo\":{\"@type\":\"ImageObject\",\"inLanguage\":\"es\",\"@id\":\"https:\/\/infoecos.com.ar\/#\/schema\/logo\/image\/\",\"url\":\"https:\/\/infoecos.com.ar\/wp-content\/uploads\/2024\/03\/cropped-logo.png\",\"contentUrl\":\"https:\/\/infoecos.com.ar\/wp-content\/uploads\/2024\/03\/cropped-logo.png\",\"width\":374,\"height\":90,\"caption\":\"Infoecos\"},\"image\":{\"@id\":\"https:\/\/infoecos.com.ar\/#\/schema\/logo\/image\/\"},\"sameAs\":[\"https:\/\/www.facebook.com\/profile.php?id=100063200290284\",\"https:\/\/x.com\/infoecos\"]},{\"@type\":\"Person\",\"@id\":\"https:\/\/infoecos.com.ar\/#\/schema\/person\/8f5ace5ce73b4b4aac4b7245aee6f191\",\"name\":\"Jorge Matheus\",\"url\":\"https:\/\/infoecos.com.ar\/index.php\/author\/jomatheus\/\"}]}<\/script>\n<!-- \/ Yoast SEO plugin. -->","yoast_head_json":{"title":"El s\u00e1bado anterior estuvo en Carlos Casares, el ministro de Desarrollo Agrario de Buenos Aires - Infoecos","robots":{"index":"index","follow":"follow","max-snippet":"max-snippet:-1","max-image-preview":"max-image-preview:large","max-video-preview":"max-video-preview:-1"},"canonical":"https:\/\/infoecos.com.ar\/index.php\/el-sabado-anterior-estuvo-en-carlos-casares-el-ministro-de-desarrollo-agrario-de-buenos-aires\/","og_locale":"es_ES","og_type":"article","og_title":"El s\u00e1bado anterior estuvo en Carlos Casares, el ministro de Desarrollo Agrario de Buenos Aires - Infoecos","og_description":"Rodr\u00edguez\u00a0y\u00a0Stadnik\u00a0celebraron las obras de estabilizaci\u00f3n de 20 kil\u00f3metros de la red vial de\u00a0Carlos Casares","og_url":"https:\/\/infoecos.com.ar\/index.php\/el-sabado-anterior-estuvo-en-carlos-casares-el-ministro-de-desarrollo-agrario-de-buenos-aires\/","og_site_name":"Infoecos","article_publisher":"https:\/\/www.facebook.com\/profile.php?id=100063200290284","article_published_time":"2023-07-17T03:08:27+00:00","article_modified_time":"2023-07-18T03:03:47+00:00","og_image":[{"width":880,"height":586,"url":"https:\/\/infoecos.com.ar\/wp-content\/uploads\/2023\/07\/mitroasuntosagrarios.jpg","type":"image\/jpeg"}],"author":"Jorge Matheus","twitter_card":"summary_large_image","twitter_creator":"@infoecos","twitter_site":"@infoecos","twitter_misc":{"Escrito por":"Jorge Matheus","Tiempo de lectura":"2 minutos"},"schema":{"@context":"https:\/\/schema.org","@graph":[{"@type":"Article","@id":"https:\/\/infoecos.com.ar\/index.php\/el-sabado-anterior-estuvo-en-carlos-casares-el-ministro-de-desarrollo-agrario-de-buenos-aires\/#article","isPartOf":{"@id":"https:\/\/infoecos.com.ar\/index.php\/el-sabado-anterior-estuvo-en-carlos-casares-el-ministro-de-desarrollo-agrario-de-buenos-aires\/"},"author":{"name":"Jorge Matheus","@id":"https:\/\/infoecos.com.ar\/#\/schema\/person\/8f5ace5ce73b4b4aac4b7245aee6f191"},"headline":"El s\u00e1bado anterior estuvo en Carlos Casares, el ministro de Desarrollo Agrario de Buenos Aires","datePublished":"2023-07-17T03:08:27+00:00","dateModified":"2023-07-18T03:03:47+00:00","mainEntityOfPage":{"@id":"https:\/\/infoecos.com.ar\/index.php\/el-sabado-anterior-estuvo-en-carlos-casares-el-ministro-de-desarrollo-agrario-de-buenos-aires\/"},"wordCount":202,"publisher":{"@id":"https:\/\/infoecos.com.ar\/#organization"},"image":{"@id":"https:\/\/infoecos.com.ar\/index.php\/el-sabado-anterior-estuvo-en-carlos-casares-el-ministro-de-desarrollo-agrario-de-buenos-aires\/#primaryimage"},"thumbnailUrl":"https:\/\/infoecos.com.ar\/wp-content\/uploads\/2023\/07\/mitroasuntosagrarios.jpg","keywords":["caminos rurales"],"articleSection":["Bloque inferior - 1"],"inLanguage":"es"},{"@type":"WebPage","@id":"https:\/\/infoecos.com.ar\/index.php\/el-sabado-anterior-estuvo-en-carlos-casares-el-ministro-de-desarrollo-agrario-de-buenos-aires\/","url":"https:\/\/infoecos.com.ar\/index.php\/el-sabado-anterior-estuvo-en-carlos-casares-el-ministro-de-desarrollo-agrario-de-buenos-aires\/","name":"El s\u00e1bado anterior estuvo en Carlos Casares, el ministro de Desarrollo Agrario de Buenos Aires - Infoecos","isPartOf":{"@id":"https:\/\/infoecos.com.ar\/#website"},"primaryImageOfPage":{"@id":"https:\/\/infoecos.com.ar\/index.php\/el-sabado-anterior-estuvo-en-carlos-casares-el-ministro-de-desarrollo-agrario-de-buenos-aires\/#primaryimage"},"image":{"@id":"https:\/\/infoecos.com.ar\/index.php\/el-sabado-anterior-estuvo-en-carlos-casares-el-ministro-de-desarrollo-agrario-de-buenos-aires\/#primaryimage"},"thumbnailUrl":"https:\/\/infoecos.com.ar\/wp-content\/uploads\/2023\/07\/mitroasuntosagrarios.jpg","datePublished":"2023-07-17T03:08:27+00:00","dateModified":"2023-07-18T03:03:47+00:00","breadcrumb":{"@id":"https:\/\/infoecos.com.ar\/index.php\/el-sabado-anterior-estuvo-en-carlos-casares-el-ministro-de-desarrollo-agrario-de-buenos-aires\/#breadcrumb"},"inLanguage":"es","potentialAction":[{"@type":"ReadAction","target":["https:\/\/infoecos.com.ar\/index.php\/el-sabado-anterior-estuvo-en-carlos-casares-el-ministro-de-desarrollo-agrario-de-buenos-aires\/"]}]},{"@type":"ImageObject","inLanguage":"es","@id":"https:\/\/infoecos.com.ar\/index.php\/el-sabado-anterior-estuvo-en-carlos-casares-el-ministro-de-desarrollo-agrario-de-buenos-aires\/#primaryimage","url":"https:\/\/infoecos.com.ar\/wp-content\/uploads\/2023\/07\/mitroasuntosagrarios.jpg","contentUrl":"https:\/\/infoecos.com.ar\/wp-content\/uploads\/2023\/07\/mitroasuntosagrarios.jpg","width":880,"height":586},{"@type":"BreadcrumbList","@id":"https:\/\/infoecos.com.ar\/index.php\/el-sabado-anterior-estuvo-en-carlos-casares-el-ministro-de-desarrollo-agrario-de-buenos-aires\/#breadcrumb","itemListElement":[{"@type":"ListItem","position":1,"name":"Portada","item":"https:\/\/infoecos.com.ar\/"},{"@type":"ListItem","position":2,"name":"El s\u00e1bado anterior estuvo en Carlos Casares, el ministro de Desarrollo Agrario de Buenos Aires"}]},{"@type":"WebSite","@id":"https:\/\/infoecos.com.ar\/#website","url":"https:\/\/infoecos.com.ar\/","name":"Infoecos","description":"Noticias de trenque lauquen y la zona","publisher":{"@id":"https:\/\/infoecos.com.ar\/#organization"},"alternateName":"Noticias","potentialAction":[{"@type":"SearchAction","target":{"@type":"EntryPoint","urlTemplate":"https:\/\/infoecos.com.ar\/?s={search_term_string}"},"query-input":{"@type":"PropertyValueSpecification","valueRequired":true,"valueName":"search_term_string"}}],"inLanguage":"es"},{"@type":"Organization","@id":"https:\/\/infoecos.com.ar\/#organization","name":"Infoecos","alternateName":"Noticias","url":"https:\/\/infoecos.com.ar\/","logo":{"@type":"ImageObject","inLanguage":"es","@id":"https:\/\/infoecos.com.ar\/#\/schema\/logo\/image\/","url":"https:\/\/infoecos.com.ar\/wp-content\/uploads\/2024\/03\/cropped-logo.png","contentUrl":"https:\/\/infoecos.com.ar\/wp-content\/uploads\/2024\/03\/cropped-logo.png","width":374,"height":90,"caption":"Infoecos"},"image":{"@id":"https:\/\/infoecos.com.ar\/#\/schema\/logo\/image\/"},"sameAs":["https:\/\/www.facebook.com\/profile.php?id=100063200290284","https:\/\/x.com\/infoecos"]},{"@type":"Person","@id":"https:\/\/infoecos.com.ar\/#\/schema\/person\/8f5ace5ce73b4b4aac4b7245aee6f191","name":"Jorge Matheus","url":"https:\/\/infoecos.com.ar\/index.php\/author\/jomatheus\/"}]}},"featured_image_urls":{"full":["https:\/\/infoecos.com.ar\/wp-content\/uploads\/2023\/07\/mitroasuntosagrarios.jpg",880,586,false],"thumbnail":["https:\/\/infoecos.com.ar\/wp-content\/uploads\/2023\/07\/mitroasuntosagrarios-300x150.jpg",300,150,true],"medium":["https:\/\/infoecos.com.ar\/wp-content\/uploads\/2023\/07\/mitroasuntosagrarios-800x533.jpg",800,533,true],"medium_large":["https:\/\/infoecos.com.ar\/wp-content\/uploads\/2023\/07\/mitroasuntosagrarios-768x511.jpg",640,426,true],"large":["https:\/\/infoecos.com.ar\/wp-content\/uploads\/2023\/07\/mitroasuntosagrarios.jpg",640,426,false],"1536x1536":["https:\/\/infoecos.com.ar\/wp-content\/uploads\/2023\/07\/mitroasuntosagrarios.jpg",880,586,false],"2048x2048":["https:\/\/infoecos.com.ar\/wp-content\/uploads\/2023\/07\/mitroasuntosagrarios.jpg",880,586,false],"covernews-slider-full":["https:\/\/infoecos.com.ar\/wp-content\/uploads\/2023\/07\/mitroasuntosagrarios.jpg",880,586,false],"covernews-slider-center":["https:\/\/infoecos.com.ar\/wp-content\/uploads\/2023\/07\/mitroasuntosagrarios.jpg",751,500,false],"covernews-featured":["https:\/\/infoecos.com.ar\/wp-content\/uploads\/2023\/07\/mitroasuntosagrarios.jpg",880,586,false],"covernews-medium":["https:\/\/infoecos.com.ar\/wp-content\/uploads\/2023\/07\/mitroasuntosagrarios-720x380.jpg",540,285,true],"covernews-medium-square":["https:\/\/infoecos.com.ar\/wp-content\/uploads\/2023\/07\/mitroasuntosagrarios-675x450.jpg",375,250,true]},"author_info":{"info":["Jorge Matheus"]},"category_info":"<a href=\"https:\/\/infoecos.com.ar\/index.php\/category\/inferior1\/\" rel=\"category tag\">Bloque inferior - 1<\/a>","tag_info":"Bloque inferior - 1","comment_count":"0","_links":{"self":[{"href":"https:\/\/infoecos.com.ar\/index.php\/wp-json\/wp\/v2\/posts\/107570"}],"collection":[{"href":"https:\/\/infoecos.com.ar\/index.php\/wp-json\/wp\/v2\/posts"}],"about":[{"href":"https:\/\/infoecos.com.ar\/index.php\/wp-json\/wp\/v2\/types\/post"}],"author":[{"embeddable":true,"href":"https:\/\/infoecos.com.ar\/index.php\/wp-json\/wp\/v2\/users\/2"}],"replies":[{"embeddable":true,"href":"https:\/\/infoecos.com.ar\/index.php\/wp-json\/wp\/v2\/comments?post=107570"}],"version-history":[{"count":2,"href":"https:\/\/infoecos.com.ar\/index.php\/wp-json\/wp\/v2\/posts\/107570\/revisions"}],"predecessor-version":[{"id":107631,"href":"https:\/\/infoecos.com.ar\/index.php\/wp-json\/wp\/v2\/posts\/107570\/revisions\/107631"}],"wp:featuredmedia":[{"embeddable":true,"href":"https:\/\/infoecos.com.ar\/index.php\/wp-json\/wp\/v2\/media\/107572"}],"wp:attachment":[{"href":"https:\/\/infoecos.com.ar\/index.php\/wp-json\/wp\/v2\/media?parent=107570"}],"wp:term":[{"taxonomy":"category","embeddable":true,"href":"https:\/\/infoecos.com.ar\/index.php\/wp-json\/wp\/v2\/categories?post=107570"},{"taxonomy":"post_tag","embeddable":true,"href":"https:\/\/infoecos.com.ar\/index.php\/wp-json\/wp\/v2\/tags?post=107570"}],"curies":[{"name":"wp","href":"https:\/\/api.w.org\/{rel}","templated":true}]}}