{"id":107579,"date":"2023-07-17T14:53:19","date_gmt":"2023-07-17T17:53:19","guid":{"rendered":"https:\/\/infoecos.com.ar\/?p=107579"},"modified":"2023-07-17T22:10:53","modified_gmt":"2023-07-18T01:10:53","slug":"la-temperatura-minima-entre-las-mas-baja-de-los-ultimos-anos-7-1-a-las-8-30-de-hoy","status":"publish","type":"post","link":"https:\/\/infoecos.com.ar\/index.php\/la-temperatura-minima-entre-las-mas-baja-de-los-ultimos-anos-7-1-a-las-8-30-de-hoy\/","title":{"rendered":"La temperatura m\u00ednima entre la m\u00e1s baja de los \u00faltimos a\u00f1os: -7.1 a las 8.30 de hoy"},"content":{"rendered":"\n<p>Se registr\u00f3 en la ma\u00f1ana de este lunes una marca casi hist\u00f3rica de temperatura. La m\u00ednima fue de -7.1\u00b0, a las 08.30.<\/p>\n\n\n\n<figure class=\"wp-block-image aligncenter size-full\"><img loading=\"lazy\" decoding=\"async\" width=\"978\" height=\"312\" src=\"https:\/\/infoecos.com.ar\/wp-content\/uploads\/2023\/07\/valoresdehoy.jpg\" alt=\"\" class=\"wp-image-107581\" srcset=\"https:\/\/infoecos.com.ar\/wp-content\/uploads\/2023\/07\/valoresdehoy.jpg 978w, https:\/\/infoecos.com.ar\/wp-content\/uploads\/2023\/07\/valoresdehoy-800x255.jpg 800w, https:\/\/infoecos.com.ar\/wp-content\/uploads\/2023\/07\/valoresdehoy-768x245.jpg 768w\" sizes=\"(max-width: 978px) 100vw, 978px\" \/><\/figure>\n\n\n\n<p>Si bien es l\u00f3gico se asuma el estar transitando por el invierno, el tema ha sido y es motivo de conversaci\u00f3n donde se registra movimiento comunitario, en las redes sociales y, l\u00f3gicamente, en la vida familiar.<\/p>\n\n\n\n<p>La bajas marcas que vienen produci\u00e9ndose desde el fin de semana llegan cuando se han iniciado las vacaciones de mitad de a\u00f1o en el sistema escolar bonaerense y, en el caso de Trenque Lauquen, la Feria Judicial de Invierno.<\/p>\n\n\n\n<p>El pron\u00f3stico del tiempo estima que estas temperaturas habr\u00e1n de continuar hasta el mi\u00e9rcoles cuando se producir\u00edan cambios que morigerar\u00edan el fr\u00edo. Se adelanta que tanto el martes por la noche y mi\u00e9rcoles por la ma\u00f1ana el viento soplar\u00eda con r\u00e1fagas que van desde los 60 hasta los 78 kil\u00f3metros por hora.<\/p>\n\n\n\n<figure class=\"wp-block-image aligncenter size-full\"><img loading=\"lazy\" decoding=\"async\" width=\"563\" height=\"339\" src=\"https:\/\/infoecos.com.ar\/wp-content\/uploads\/2023\/07\/pronosticoviento.jpg\" alt=\"\" class=\"wp-image-107580\"\/><\/figure>\n\n\n\n<p><\/p>\n","protected":false},"excerpt":{"rendered":"<p>El pron\u00f3stico del tiempo estima que estas temperaturas habr\u00e1n de continuar hasta el mi\u00e9rcoles cuando se producir\u00edan cambios que morigerar\u00edan el fr\u00edo. Se adelanta que tanto el martes por la noche y mi\u00e9rcoles por la ma\u00f1ana el viento soplar\u00eda con r\u00e1fagas que van desde los 60 hasta los 78 kil\u00f3metros por hora<\/p>\n","protected":false},"author":2,"featured_media":107582,"comment_status":"closed","ping_status":"open","sticky":false,"template":"","format":"standard","meta":{"footnotes":""},"categories":[24],"tags":[3062],"class_list":["post-107579","post","type-post","status-publish","format-standard","has-post-thumbnail","hentry","category-c1nota3","tag-en-trenque-lauquen"],"yoast_head":"<!-- This site is optimized with the Yoast SEO plugin v23.4 - https:\/\/yoast.com\/wordpress\/plugins\/seo\/ -->\n<title>La temperatura m\u00ednima entre la m\u00e1s baja de los \u00faltimos a\u00f1os: -7.1 a las 8.30 de hoy - Infoecos<\/title>\n<meta name=\"robots\" content=\"index, follow, max-snippet:-1, max-image-preview:large, max-video-preview:-1\" \/>\n<link rel=\"canonical\" href=\"https:\/\/infoecos.com.ar\/index.php\/la-temperatura-minima-entre-las-mas-baja-de-los-ultimos-anos-7-1-a-las-8-30-de-hoy\/\" \/>\n<meta property=\"og:locale\" content=\"es_ES\" \/>\n<meta property=\"og:type\" content=\"article\" \/>\n<meta property=\"og:title\" content=\"La temperatura m\u00ednima entre la m\u00e1s baja de los \u00faltimos a\u00f1os: -7.1 a las 8.30 de hoy - Infoecos\" \/>\n<meta property=\"og:description\" content=\"El pron\u00f3stico del tiempo estima que estas temperaturas habr\u00e1n de continuar hasta el mi\u00e9rcoles cuando se producir\u00edan cambios que morigerar\u00edan el fr\u00edo. Se adelanta que tanto el martes por la noche y mi\u00e9rcoles por la ma\u00f1ana el viento soplar\u00eda con r\u00e1fagas que van desde los 60 hasta los 78 kil\u00f3metros por hora\" \/>\n<meta property=\"og:url\" content=\"https:\/\/infoecos.com.ar\/index.php\/la-temperatura-minima-entre-las-mas-baja-de-los-ultimos-anos-7-1-a-las-8-30-de-hoy\/\" \/>\n<meta property=\"og:site_name\" content=\"Infoecos\" \/>\n<meta property=\"article:publisher\" content=\"https:\/\/www.facebook.com\/profile.php?id=100063200290284\" \/>\n<meta property=\"article:published_time\" content=\"2023-07-17T17:53:19+00:00\" \/>\n<meta property=\"article:modified_time\" content=\"2023-07-18T01:10:53+00:00\" \/>\n<meta property=\"og:image\" content=\"https:\/\/infoecos.com.ar\/wp-content\/uploads\/2023\/07\/fotorichieri.jpg\" \/>\n\t<meta property=\"og:image:width\" content=\"843\" \/>\n\t<meta property=\"og:image:height\" content=\"1499\" \/>\n\t<meta property=\"og:image:type\" content=\"image\/jpeg\" \/>\n<meta name=\"author\" content=\"Jorge Matheus\" \/>\n<meta name=\"twitter:card\" content=\"summary_large_image\" \/>\n<meta name=\"twitter:creator\" content=\"@infoecos\" \/>\n<meta name=\"twitter:site\" content=\"@infoecos\" \/>\n<meta name=\"twitter:label1\" content=\"Escrito por\" \/>\n\t<meta name=\"twitter:data1\" content=\"Jorge Matheus\" \/>\n\t<meta name=\"twitter:label2\" content=\"Tiempo de lectura\" \/>\n\t<meta name=\"twitter:data2\" content=\"2 minutos\" \/>\n<script type=\"application\/ld+json\" class=\"yoast-schema-graph\">{\"@context\":\"https:\/\/schema.org\",\"@graph\":[{\"@type\":\"Article\",\"@id\":\"https:\/\/infoecos.com.ar\/index.php\/la-temperatura-minima-entre-las-mas-baja-de-los-ultimos-anos-7-1-a-las-8-30-de-hoy\/#article\",\"isPartOf\":{\"@id\":\"https:\/\/infoecos.com.ar\/index.php\/la-temperatura-minima-entre-las-mas-baja-de-los-ultimos-anos-7-1-a-las-8-30-de-hoy\/\"},\"author\":{\"name\":\"Jorge Matheus\",\"@id\":\"https:\/\/infoecos.com.ar\/#\/schema\/person\/8f5ace5ce73b4b4aac4b7245aee6f191\"},\"headline\":\"La temperatura m\u00ednima entre la m\u00e1s baja de los \u00faltimos a\u00f1os: -7.1 a las 8.30 de hoy\",\"datePublished\":\"2023-07-17T17:53:19+00:00\",\"dateModified\":\"2023-07-18T01:10:53+00:00\",\"mainEntityOfPage\":{\"@id\":\"https:\/\/infoecos.com.ar\/index.php\/la-temperatura-minima-entre-las-mas-baja-de-los-ultimos-anos-7-1-a-las-8-30-de-hoy\/\"},\"wordCount\":184,\"publisher\":{\"@id\":\"https:\/\/infoecos.com.ar\/#organization\"},\"image\":{\"@id\":\"https:\/\/infoecos.com.ar\/index.php\/la-temperatura-minima-entre-las-mas-baja-de-los-ultimos-anos-7-1-a-las-8-30-de-hoy\/#primaryimage\"},\"thumbnailUrl\":\"https:\/\/infoecos.com.ar\/wp-content\/uploads\/2023\/07\/fotorichieri.jpg\",\"keywords\":[\"EN TRENQUE LAUQUEN\"],\"articleSection\":[\"C1 N3\"],\"inLanguage\":\"es\"},{\"@type\":\"WebPage\",\"@id\":\"https:\/\/infoecos.com.ar\/index.php\/la-temperatura-minima-entre-las-mas-baja-de-los-ultimos-anos-7-1-a-las-8-30-de-hoy\/\",\"url\":\"https:\/\/infoecos.com.ar\/index.php\/la-temperatura-minima-entre-las-mas-baja-de-los-ultimos-anos-7-1-a-las-8-30-de-hoy\/\",\"name\":\"La temperatura m\u00ednima entre la m\u00e1s baja de los \u00faltimos a\u00f1os: -7.1 a las 8.30 de hoy - Infoecos\",\"isPartOf\":{\"@id\":\"https:\/\/infoecos.com.ar\/#website\"},\"primaryImageOfPage\":{\"@id\":\"https:\/\/infoecos.com.ar\/index.php\/la-temperatura-minima-entre-las-mas-baja-de-los-ultimos-anos-7-1-a-las-8-30-de-hoy\/#primaryimage\"},\"image\":{\"@id\":\"https:\/\/infoecos.com.ar\/index.php\/la-temperatura-minima-entre-las-mas-baja-de-los-ultimos-anos-7-1-a-las-8-30-de-hoy\/#primaryimage\"},\"thumbnailUrl\":\"https:\/\/infoecos.com.ar\/wp-content\/uploads\/2023\/07\/fotorichieri.jpg\",\"datePublished\":\"2023-07-17T17:53:19+00:00\",\"dateModified\":\"2023-07-18T01:10:53+00:00\",\"breadcrumb\":{\"@id\":\"https:\/\/infoecos.com.ar\/index.php\/la-temperatura-minima-entre-las-mas-baja-de-los-ultimos-anos-7-1-a-las-8-30-de-hoy\/#breadcrumb\"},\"inLanguage\":\"es\",\"potentialAction\":[{\"@type\":\"ReadAction\",\"target\":[\"https:\/\/infoecos.com.ar\/index.php\/la-temperatura-minima-entre-las-mas-baja-de-los-ultimos-anos-7-1-a-las-8-30-de-hoy\/\"]}]},{\"@type\":\"ImageObject\",\"inLanguage\":\"es\",\"@id\":\"https:\/\/infoecos.com.ar\/index.php\/la-temperatura-minima-entre-las-mas-baja-de-los-ultimos-anos-7-1-a-las-8-30-de-hoy\/#primaryimage\",\"url\":\"https:\/\/infoecos.com.ar\/wp-content\/uploads\/2023\/07\/fotorichieri.jpg\",\"contentUrl\":\"https:\/\/infoecos.com.ar\/wp-content\/uploads\/2023\/07\/fotorichieri.jpg\",\"width\":843,\"height\":1499},{\"@type\":\"BreadcrumbList\",\"@id\":\"https:\/\/infoecos.com.ar\/index.php\/la-temperatura-minima-entre-las-mas-baja-de-los-ultimos-anos-7-1-a-las-8-30-de-hoy\/#breadcrumb\",\"itemListElement\":[{\"@type\":\"ListItem\",\"position\":1,\"name\":\"Portada\",\"item\":\"https:\/\/infoecos.com.ar\/\"},{\"@type\":\"ListItem\",\"position\":2,\"name\":\"La temperatura m\u00ednima entre la m\u00e1s baja de los \u00faltimos a\u00f1os: -7.1 a las 8.30 de hoy\"}]},{\"@type\":\"WebSite\",\"@id\":\"https:\/\/infoecos.com.ar\/#website\",\"url\":\"https:\/\/infoecos.com.ar\/\",\"name\":\"Infoecos\",\"description\":\"Noticias de trenque lauquen y la zona\",\"publisher\":{\"@id\":\"https:\/\/infoecos.com.ar\/#organization\"},\"alternateName\":\"Noticias\",\"potentialAction\":[{\"@type\":\"SearchAction\",\"target\":{\"@type\":\"EntryPoint\",\"urlTemplate\":\"https:\/\/infoecos.com.ar\/?s={search_term_string}\"},\"query-input\":{\"@type\":\"PropertyValueSpecification\",\"valueRequired\":true,\"valueName\":\"search_term_string\"}}],\"inLanguage\":\"es\"},{\"@type\":\"Organization\",\"@id\":\"https:\/\/infoecos.com.ar\/#organization\",\"name\":\"Infoecos\",\"alternateName\":\"Noticias\",\"url\":\"https:\/\/infoecos.com.ar\/\",\"logo\":{\"@type\":\"ImageObject\",\"inLanguage\":\"es\",\"@id\":\"https:\/\/infoecos.com.ar\/#\/schema\/logo\/image\/\",\"url\":\"https:\/\/infoecos.com.ar\/wp-content\/uploads\/2024\/03\/cropped-logo.png\",\"contentUrl\":\"https:\/\/infoecos.com.ar\/wp-content\/uploads\/2024\/03\/cropped-logo.png\",\"width\":374,\"height\":90,\"caption\":\"Infoecos\"},\"image\":{\"@id\":\"https:\/\/infoecos.com.ar\/#\/schema\/logo\/image\/\"},\"sameAs\":[\"https:\/\/www.facebook.com\/profile.php?id=100063200290284\",\"https:\/\/x.com\/infoecos\"]},{\"@type\":\"Person\",\"@id\":\"https:\/\/infoecos.com.ar\/#\/schema\/person\/8f5ace5ce73b4b4aac4b7245aee6f191\",\"name\":\"Jorge Matheus\",\"url\":\"https:\/\/infoecos.com.ar\/index.php\/author\/jomatheus\/\"}]}<\/script>\n<!-- \/ Yoast SEO plugin. -->","yoast_head_json":{"title":"La temperatura m\u00ednima entre la m\u00e1s baja de los \u00faltimos a\u00f1os: -7.1 a las 8.30 de hoy - Infoecos","robots":{"index":"index","follow":"follow","max-snippet":"max-snippet:-1","max-image-preview":"max-image-preview:large","max-video-preview":"max-video-preview:-1"},"canonical":"https:\/\/infoecos.com.ar\/index.php\/la-temperatura-minima-entre-las-mas-baja-de-los-ultimos-anos-7-1-a-las-8-30-de-hoy\/","og_locale":"es_ES","og_type":"article","og_title":"La temperatura m\u00ednima entre la m\u00e1s baja de los \u00faltimos a\u00f1os: -7.1 a las 8.30 de hoy - Infoecos","og_description":"El pron\u00f3stico del tiempo estima que estas temperaturas habr\u00e1n de continuar hasta el mi\u00e9rcoles cuando se producir\u00edan cambios que morigerar\u00edan el fr\u00edo. Se adelanta que tanto el martes por la noche y mi\u00e9rcoles por la ma\u00f1ana el viento soplar\u00eda con r\u00e1fagas que van desde los 60 hasta los 78 kil\u00f3metros por hora","og_url":"https:\/\/infoecos.com.ar\/index.php\/la-temperatura-minima-entre-las-mas-baja-de-los-ultimos-anos-7-1-a-las-8-30-de-hoy\/","og_site_name":"Infoecos","article_publisher":"https:\/\/www.facebook.com\/profile.php?id=100063200290284","article_published_time":"2023-07-17T17:53:19+00:00","article_modified_time":"2023-07-18T01:10:53+00:00","og_image":[{"width":843,"height":1499,"url":"https:\/\/infoecos.com.ar\/wp-content\/uploads\/2023\/07\/fotorichieri.jpg","type":"image\/jpeg"}],"author":"Jorge Matheus","twitter_card":"summary_large_image","twitter_creator":"@infoecos","twitter_site":"@infoecos","twitter_misc":{"Escrito por":"Jorge Matheus","Tiempo de lectura":"2 minutos"},"schema":{"@context":"https:\/\/schema.org","@graph":[{"@type":"Article","@id":"https:\/\/infoecos.com.ar\/index.php\/la-temperatura-minima-entre-las-mas-baja-de-los-ultimos-anos-7-1-a-las-8-30-de-hoy\/#article","isPartOf":{"@id":"https:\/\/infoecos.com.ar\/index.php\/la-temperatura-minima-entre-las-mas-baja-de-los-ultimos-anos-7-1-a-las-8-30-de-hoy\/"},"author":{"name":"Jorge Matheus","@id":"https:\/\/infoecos.com.ar\/#\/schema\/person\/8f5ace5ce73b4b4aac4b7245aee6f191"},"headline":"La temperatura m\u00ednima entre la m\u00e1s baja de los \u00faltimos a\u00f1os: -7.1 a las 8.30 de hoy","datePublished":"2023-07-17T17:53:19+00:00","dateModified":"2023-07-18T01:10:53+00:00","mainEntityOfPage":{"@id":"https:\/\/infoecos.com.ar\/index.php\/la-temperatura-minima-entre-las-mas-baja-de-los-ultimos-anos-7-1-a-las-8-30-de-hoy\/"},"wordCount":184,"publisher":{"@id":"https:\/\/infoecos.com.ar\/#organization"},"image":{"@id":"https:\/\/infoecos.com.ar\/index.php\/la-temperatura-minima-entre-las-mas-baja-de-los-ultimos-anos-7-1-a-las-8-30-de-hoy\/#primaryimage"},"thumbnailUrl":"https:\/\/infoecos.com.ar\/wp-content\/uploads\/2023\/07\/fotorichieri.jpg","keywords":["EN TRENQUE LAUQUEN"],"articleSection":["C1 N3"],"inLanguage":"es"},{"@type":"WebPage","@id":"https:\/\/infoecos.com.ar\/index.php\/la-temperatura-minima-entre-las-mas-baja-de-los-ultimos-anos-7-1-a-las-8-30-de-hoy\/","url":"https:\/\/infoecos.com.ar\/index.php\/la-temperatura-minima-entre-las-mas-baja-de-los-ultimos-anos-7-1-a-las-8-30-de-hoy\/","name":"La temperatura m\u00ednima entre la m\u00e1s baja de los \u00faltimos a\u00f1os: -7.1 a las 8.30 de hoy - Infoecos","isPartOf":{"@id":"https:\/\/infoecos.com.ar\/#website"},"primaryImageOfPage":{"@id":"https:\/\/infoecos.com.ar\/index.php\/la-temperatura-minima-entre-las-mas-baja-de-los-ultimos-anos-7-1-a-las-8-30-de-hoy\/#primaryimage"},"image":{"@id":"https:\/\/infoecos.com.ar\/index.php\/la-temperatura-minima-entre-las-mas-baja-de-los-ultimos-anos-7-1-a-las-8-30-de-hoy\/#primaryimage"},"thumbnailUrl":"https:\/\/infoecos.com.ar\/wp-content\/uploads\/2023\/07\/fotorichieri.jpg","datePublished":"2023-07-17T17:53:19+00:00","dateModified":"2023-07-18T01:10:53+00:00","breadcrumb":{"@id":"https:\/\/infoecos.com.ar\/index.php\/la-temperatura-minima-entre-las-mas-baja-de-los-ultimos-anos-7-1-a-las-8-30-de-hoy\/#breadcrumb"},"inLanguage":"es","potentialAction":[{"@type":"ReadAction","target":["https:\/\/infoecos.com.ar\/index.php\/la-temperatura-minima-entre-las-mas-baja-de-los-ultimos-anos-7-1-a-las-8-30-de-hoy\/"]}]},{"@type":"ImageObject","inLanguage":"es","@id":"https:\/\/infoecos.com.ar\/index.php\/la-temperatura-minima-entre-las-mas-baja-de-los-ultimos-anos-7-1-a-las-8-30-de-hoy\/#primaryimage","url":"https:\/\/infoecos.com.ar\/wp-content\/uploads\/2023\/07\/fotorichieri.jpg","contentUrl":"https:\/\/infoecos.com.ar\/wp-content\/uploads\/2023\/07\/fotorichieri.jpg","width":843,"height":1499},{"@type":"BreadcrumbList","@id":"https:\/\/infoecos.com.ar\/index.php\/la-temperatura-minima-entre-las-mas-baja-de-los-ultimos-anos-7-1-a-las-8-30-de-hoy\/#breadcrumb","itemListElement":[{"@type":"ListItem","position":1,"name":"Portada","item":"https:\/\/infoecos.com.ar\/"},{"@type":"ListItem","position":2,"name":"La temperatura m\u00ednima entre la m\u00e1s baja de los \u00faltimos a\u00f1os: -7.1 a las 8.30 de hoy"}]},{"@type":"WebSite","@id":"https:\/\/infoecos.com.ar\/#website","url":"https:\/\/infoecos.com.ar\/","name":"Infoecos","description":"Noticias de trenque lauquen y la zona","publisher":{"@id":"https:\/\/infoecos.com.ar\/#organization"},"alternateName":"Noticias","potentialAction":[{"@type":"SearchAction","target":{"@type":"EntryPoint","urlTemplate":"https:\/\/infoecos.com.ar\/?s={search_term_string}"},"query-input":{"@type":"PropertyValueSpecification","valueRequired":true,"valueName":"search_term_string"}}],"inLanguage":"es"},{"@type":"Organization","@id":"https:\/\/infoecos.com.ar\/#organization","name":"Infoecos","alternateName":"Noticias","url":"https:\/\/infoecos.com.ar\/","logo":{"@type":"ImageObject","inLanguage":"es","@id":"https:\/\/infoecos.com.ar\/#\/schema\/logo\/image\/","url":"https:\/\/infoecos.com.ar\/wp-content\/uploads\/2024\/03\/cropped-logo.png","contentUrl":"https:\/\/infoecos.com.ar\/wp-content\/uploads\/2024\/03\/cropped-logo.png","width":374,"height":90,"caption":"Infoecos"},"image":{"@id":"https:\/\/infoecos.com.ar\/#\/schema\/logo\/image\/"},"sameAs":["https:\/\/www.facebook.com\/profile.php?id=100063200290284","https:\/\/x.com\/infoecos"]},{"@type":"Person","@id":"https:\/\/infoecos.com.ar\/#\/schema\/person\/8f5ace5ce73b4b4aac4b7245aee6f191","name":"Jorge Matheus","url":"https:\/\/infoecos.com.ar\/index.php\/author\/jomatheus\/"}]}},"featured_image_urls":{"full":["https:\/\/infoecos.com.ar\/wp-content\/uploads\/2023\/07\/fotorichieri.jpg",843,1499,false],"thumbnail":["https:\/\/infoecos.com.ar\/wp-content\/uploads\/2023\/07\/fotorichieri-300x150.jpg",300,150,true],"medium":["https:\/\/infoecos.com.ar\/wp-content\/uploads\/2023\/07\/fotorichieri-450x800.jpg",450,800,true],"medium_large":["https:\/\/infoecos.com.ar\/wp-content\/uploads\/2023\/07\/fotorichieri-768x1366.jpg",640,1138,true],"large":["https:\/\/infoecos.com.ar\/wp-content\/uploads\/2023\/07\/fotorichieri.jpg",640,1138,false],"1536x1536":["https:\/\/infoecos.com.ar\/wp-content\/uploads\/2023\/07\/fotorichieri.jpg",843,1499,false],"2048x2048":["https:\/\/infoecos.com.ar\/wp-content\/uploads\/2023\/07\/fotorichieri.jpg",843,1499,false],"covernews-slider-full":["https:\/\/infoecos.com.ar\/wp-content\/uploads\/2023\/07\/fotorichieri-843x1020.jpg",591,715,true],"covernews-slider-center":["https:\/\/infoecos.com.ar\/wp-content\/uploads\/2023\/07\/fotorichieri-843x897.jpg",470,500,true],"covernews-featured":["https:\/\/infoecos.com.ar\/wp-content\/uploads\/2023\/07\/fotorichieri.jpg",843,1499,false],"covernews-medium":["https:\/\/infoecos.com.ar\/wp-content\/uploads\/2023\/07\/fotorichieri-720x380.jpg",540,285,true],"covernews-medium-square":["https:\/\/infoecos.com.ar\/wp-content\/uploads\/2023\/07\/fotorichieri-675x450.jpg",375,250,true]},"author_info":{"info":["Jorge Matheus"]},"category_info":"<a href=\"https:\/\/infoecos.com.ar\/index.php\/category\/c1nota3\/\" rel=\"category tag\">C1 N3<\/a>","tag_info":"C1 N3","comment_count":"0","_links":{"self":[{"href":"https:\/\/infoecos.com.ar\/index.php\/wp-json\/wp\/v2\/posts\/107579"}],"collection":[{"href":"https:\/\/infoecos.com.ar\/index.php\/wp-json\/wp\/v2\/posts"}],"about":[{"href":"https:\/\/infoecos.com.ar\/index.php\/wp-json\/wp\/v2\/types\/post"}],"author":[{"embeddable":true,"href":"https:\/\/infoecos.com.ar\/index.php\/wp-json\/wp\/v2\/users\/2"}],"replies":[{"embeddable":true,"href":"https:\/\/infoecos.com.ar\/index.php\/wp-json\/wp\/v2\/comments?post=107579"}],"version-history":[{"count":2,"href":"https:\/\/infoecos.com.ar\/index.php\/wp-json\/wp\/v2\/posts\/107579\/revisions"}],"predecessor-version":[{"id":107584,"href":"https:\/\/infoecos.com.ar\/index.php\/wp-json\/wp\/v2\/posts\/107579\/revisions\/107584"}],"wp:featuredmedia":[{"embeddable":true,"href":"https:\/\/infoecos.com.ar\/index.php\/wp-json\/wp\/v2\/media\/107582"}],"wp:attachment":[{"href":"https:\/\/infoecos.com.ar\/index.php\/wp-json\/wp\/v2\/media?parent=107579"}],"wp:term":[{"taxonomy":"category","embeddable":true,"href":"https:\/\/infoecos.com.ar\/index.php\/wp-json\/wp\/v2\/categories?post=107579"},{"taxonomy":"post_tag","embeddable":true,"href":"https:\/\/infoecos.com.ar\/index.php\/wp-json\/wp\/v2\/tags?post=107579"}],"curies":[{"name":"wp","href":"https:\/\/api.w.org\/{rel}","templated":true}]}}