{"id":107648,"date":"2023-07-18T01:02:13","date_gmt":"2023-07-18T04:02:13","guid":{"rendered":"https:\/\/infoecos.com.ar\/?p=107648"},"modified":"2023-07-19T02:47:25","modified_gmt":"2023-07-19T05:47:25","slug":"el-diputado-emiliano-balbin-le-pide-a-arba-medidas-urgentes","status":"publish","type":"post","link":"https:\/\/infoecos.com.ar\/index.php\/el-diputado-emiliano-balbin-le-pide-a-arba-medidas-urgentes\/","title":{"rendered":"El diputado Emiliano Balb\u00edn le pide a ARBA medidas urgentes"},"content":{"rendered":"\n<p class=\"wp-block-paragraph\">El diputado de JxC de la 6ta Secci\u00f3n Electoral, Emiliano Balb\u00edn, solicit\u00f3, a trav\u00e9s de una iniciativa parlamentaria, que ARBA tome \u201cmedidas urgentes\u201d sobre la estafa virtual que se est\u00e1 realizando con distintos \u201cmedios de notificaci\u00f3n falsos y con el complemento de una p\u00e1gina web similar a la oficial\u201d.<\/p>\n\n\n\n<figure class=\"wp-block-image aligncenter size-large is-resized\"><img loading=\"lazy\" decoding=\"async\" src=\"https:\/\/infoecos.com.ar\/wp-content\/uploads\/unnamed-197-920x613.jpg\" alt=\"\" class=\"wp-image-57912\" width=\"505\" height=\"336\"\/><\/figure>\n\n\n\n<p class=\"wp-block-paragraph\">El diputado opositor relat\u00f3 que en \u201clas \u00faltimas horas un n\u00famero importante de contribuyentes bonaerenses han sido notificados falsamente sobre posibles embargos y ofrecimientos de descuentos, utilizando el soporte de una p\u00e1gina web falsa de similares caracter\u00edsticas a la oficial\u201d de la agencia de recaudaci\u00f3n.<\/p>\n\n\n\n<p class=\"wp-block-paragraph\">Por ello, el legislador radical consider\u00f3 oportuno que desde ARBA \u201cse proceda a alertar a los contribuyentes para que no caigan en la trampa y sean v\u00edctimas de estafa, lo m\u00e1s r\u00e1pido posible porque las estafas est\u00e1n sucediendo en estos momentos\u201d.<\/p>\n\n\n\n<p class=\"wp-block-paragraph\">\u201cConsidero necesario visualizar la problem\u00e1tica para evitar nuevos fraudes, mientras se investiga a los autores y se trabaja para encontrar a los responsables, porque se trata de una maniobra de amplio alcance\u201d, sostuvo el diputado Balb\u00edn.<\/p>\n","protected":false},"excerpt":{"rendered":"<p>Estafa virtual que se est\u00e1 realizando con distintos \u201cmedios de notificaci\u00f3n falsos y con el complemento de una p\u00e1gina web similar a la oficial\u201d<\/p>\n","protected":false},"author":2,"featured_media":57912,"comment_status":"closed","ping_status":"open","sticky":false,"template":"","format":"standard","meta":{"footnotes":""},"categories":[42],"tags":[2406],"class_list":["post-107648","post","type-post","status-publish","format-standard","has-post-thumbnail","hentry","category-inferior3","tag-grave"],"featured_image_urls":{"full":"","thumbnail":"","medium":"","medium_large":"","large":"","1536x1536":"","2048x2048":"","covernews-slider-full":"","covernews-slider-center":"","covernews-featured":"","covernews-medium":"","covernews-medium-square":""},"author_info":{"info":["Jorge Matheus"]},"category_info":"<a href=\"https:\/\/infoecos.com.ar\/index.php\/category\/inferior3\/\" rel=\"category tag\">Bloque inferior - 3<\/a>","tag_info":"Bloque inferior - 3","comment_count":"0","_links":{"self":[{"href":"https:\/\/infoecos.com.ar\/index.php\/wp-json\/wp\/v2\/posts\/107648","targetHints":{"allow":["GET"]}}],"collection":[{"href":"https:\/\/infoecos.com.ar\/index.php\/wp-json\/wp\/v2\/posts"}],"about":[{"href":"https:\/\/infoecos.com.ar\/index.php\/wp-json\/wp\/v2\/types\/post"}],"author":[{"embeddable":true,"href":"https:\/\/infoecos.com.ar\/index.php\/wp-json\/wp\/v2\/users\/2"}],"replies":[{"embeddable":true,"href":"https:\/\/infoecos.com.ar\/index.php\/wp-json\/wp\/v2\/comments?post=107648"}],"version-history":[{"count":1,"href":"https:\/\/infoecos.com.ar\/index.php\/wp-json\/wp\/v2\/posts\/107648\/revisions"}],"predecessor-version":[{"id":107649,"href":"https:\/\/infoecos.com.ar\/index.php\/wp-json\/wp\/v2\/posts\/107648\/revisions\/107649"}],"wp:attachment":[{"href":"https:\/\/infoecos.com.ar\/index.php\/wp-json\/wp\/v2\/media?parent=107648"}],"wp:term":[{"taxonomy":"category","embeddable":true,"href":"https:\/\/infoecos.com.ar\/index.php\/wp-json\/wp\/v2\/categories?post=107648"},{"taxonomy":"post_tag","embeddable":true,"href":"https:\/\/infoecos.com.ar\/index.php\/wp-json\/wp\/v2\/tags?post=107648"}],"curies":[{"name":"wp","href":"https:\/\/api.w.org\/{rel}","templated":true}]}}