{"id":107749,"date":"2023-07-19T02:02:08","date_gmt":"2023-07-19T05:02:08","guid":{"rendered":"https:\/\/infoecos.com.ar\/?p=107749"},"modified":"2023-07-20T03:32:24","modified_gmt":"2023-07-20T06:32:24","slug":"entre-domingo-y-lunes-aumento-el-compromiso-historico-del-destacado-muralista-lucas-quinto","status":"publish","type":"post","link":"https:\/\/infoecos.com.ar\/index.php\/entre-domingo-y-lunes-aumento-el-compromiso-historico-del-destacado-muralista-lucas-quinto\/","title":{"rendered":"Entre domingo y lunes aument\u00f3 el compromiso hist\u00f3rico del destacado muralista Lucas Quinto"},"content":{"rendered":"\n<p>En el marco de la obra de revalorizaci\u00f3n del Parque Municipal que se viene llevando adelante, el muralista Lucas Quinto, de La Matanza, y un grupo de artistas locales pintaron en el escenario del Anfiteatro Cacique Pinc\u00e9n un mural que rescata la identidad originaria.<\/p>\n\n\n\n<figure class=\"wp-block-image aligncenter size-full is-resized\"><img loading=\"lazy\" decoding=\"async\" src=\"https:\/\/infoecos.com.ar\/wp-content\/uploads\/2023\/07\/Mural-Anfiteatro-1.jpeg\" alt=\"\" class=\"wp-image-107750\" width=\"481\" height=\"271\" srcset=\"https:\/\/infoecos.com.ar\/wp-content\/uploads\/2023\/07\/Mural-Anfiteatro-1.jpeg 1156w, https:\/\/infoecos.com.ar\/wp-content\/uploads\/2023\/07\/Mural-Anfiteatro-1-800x451.jpeg 800w, https:\/\/infoecos.com.ar\/wp-content\/uploads\/2023\/07\/Mural-Anfiteatro-1-768x432.jpeg 768w, https:\/\/infoecos.com.ar\/wp-content\/uploads\/2023\/07\/Mural-Anfiteatro-1-1024x577.jpeg 1024w\" sizes=\"(max-width: 481px) 100vw, 481px\" \/><figcaption class=\"wp-element-caption\">T.Lauquen &#8211; escenario parque municipal &#8211; mural Lucas Quinto (La Matanza)<\/figcaption><\/figure>\n\n\n\n<p>La pintura se realiz\u00f3 entre el domingo y este lunes sobre un dise\u00f1o de Quinto, quien fue convocado para este trabajo por Germ\u00e1n Villamor en representaci\u00f3n de la direcci\u00f3n de Cultura y Educaci\u00f3n del Municipio.<\/p>\n\n\n\n<p>Quinto ya hab\u00eda trabajado sobre esa superficie en el Encuentro de Muralistas de 2017 y con el paso del tiempo esa pared sufri\u00f3 un desgaste importante, por lo que se decidi\u00f3 realizar una nueva obra en la otra parte de la superficie, incorpor\u00e1ndola luego de su reparaci\u00f3n a esta nueva obra.<\/p>\n\n\n\n<figure class=\"wp-block-image aligncenter size-full is-resized\"><img loading=\"lazy\" decoding=\"async\" src=\"https:\/\/infoecos.com.ar\/wp-content\/uploads\/2023\/07\/Mural-Anfiteatro-3.jpeg\" alt=\"\" class=\"wp-image-107751\" width=\"492\" height=\"278\" srcset=\"https:\/\/infoecos.com.ar\/wp-content\/uploads\/2023\/07\/Mural-Anfiteatro-3.jpeg 1156w, https:\/\/infoecos.com.ar\/wp-content\/uploads\/2023\/07\/Mural-Anfiteatro-3-800x451.jpeg 800w, https:\/\/infoecos.com.ar\/wp-content\/uploads\/2023\/07\/Mural-Anfiteatro-3-768x432.jpeg 768w, https:\/\/infoecos.com.ar\/wp-content\/uploads\/2023\/07\/Mural-Anfiteatro-3-1024x577.jpeg 1024w\" sizes=\"(max-width: 492px) 100vw, 492px\" \/><figcaption class=\"wp-element-caption\">T.Lauquen &#8211; escenario parque municipal &#8211; mural Lucas Quinto (La Matanza)<\/figcaption><\/figure>\n\n\n\n<p>Participaron adem\u00e1s de los mencionados (Quinto y Villamor) los artistas pl\u00e1sticos Hern\u00e1n \u201cSechu\u201d Mart\u00edn, Mariana Mingoya, Magui Delfino, Isa\u00edas Mata, Lucila Gonz\u00e1lez, Alejandro Iglesias, y N\u00e9stor \u201cNaki\u201d Mart\u00edn.<\/p>\n\n\n\n<p>Una vez finalizado el trabajo, Villamor se\u00f1al\u00f3 que se trabaj\u00f3 con la tem\u00e1tica del pueblo Mapuche. \u201cEn el mural se pueden apreciar las figuras del Cacique Pinc\u00e9n y del Lonko Lorenzo Cejas Pinc\u00e9n, adem\u00e1s de simbolog\u00edas propias de la cultura Mapuche como el puma, la serpiente y la machi con su cultr\u00fan\u201d, subray\u00f3.<\/p>\n\n\n\n<figure class=\"wp-block-image aligncenter size-full is-resized\"><img loading=\"lazy\" decoding=\"async\" src=\"https:\/\/infoecos.com.ar\/wp-content\/uploads\/2023\/07\/Mural-Anfiteatro-4.jpeg\" alt=\"\" class=\"wp-image-107752\" width=\"516\" height=\"387\" srcset=\"https:\/\/infoecos.com.ar\/wp-content\/uploads\/2023\/07\/Mural-Anfiteatro-4.jpeg 1600w, https:\/\/infoecos.com.ar\/wp-content\/uploads\/2023\/07\/Mural-Anfiteatro-4-800x600.jpeg 800w, https:\/\/infoecos.com.ar\/wp-content\/uploads\/2023\/07\/Mural-Anfiteatro-4-768x576.jpeg 768w, https:\/\/infoecos.com.ar\/wp-content\/uploads\/2023\/07\/Mural-Anfiteatro-4-1536x1152.jpeg 1536w, https:\/\/infoecos.com.ar\/wp-content\/uploads\/2023\/07\/Mural-Anfiteatro-4-1024x768.jpeg 1024w\" sizes=\"(max-width: 516px) 100vw, 516px\" \/><figcaption class=\"wp-element-caption\">T.Lauquen &#8211; escenario parque municipal &#8211; mural Lucas Quinto (La Matanza)<\/figcaption><\/figure>\n\n\n\n<p>Lucas Quinto es un muralista reconocido a nivel nacional y latinoamericano, poseedor de una vasta obra mural\u00edstica en las que aborda las tem\u00e1ticas de las luchas sociales, identidades originarias, derechos humanos, trabajadores de la educaci\u00f3n, entre otras, donde siempre est\u00e1 presente la visi\u00f3n popular.<\/p>\n\n\n\n<p><\/p>\n\n\n\n<figure class=\"wp-block-image aligncenter size-full is-resized\"><img loading=\"lazy\" decoding=\"async\" src=\"https:\/\/infoecos.com.ar\/wp-content\/uploads\/2023\/07\/Mural-Anfiteatro-9.jpeg\" alt=\"\" class=\"wp-image-107753\" width=\"539\" height=\"404\" srcset=\"https:\/\/infoecos.com.ar\/wp-content\/uploads\/2023\/07\/Mural-Anfiteatro-9.jpeg 1600w, https:\/\/infoecos.com.ar\/wp-content\/uploads\/2023\/07\/Mural-Anfiteatro-9-800x601.jpeg 800w, https:\/\/infoecos.com.ar\/wp-content\/uploads\/2023\/07\/Mural-Anfiteatro-9-768x576.jpeg 768w, https:\/\/infoecos.com.ar\/wp-content\/uploads\/2023\/07\/Mural-Anfiteatro-9-1536x1153.jpeg 1536w, https:\/\/infoecos.com.ar\/wp-content\/uploads\/2023\/07\/Mural-Anfiteatro-9-1024x769.jpeg 1024w\" sizes=\"(max-width: 539px) 100vw, 539px\" \/><figcaption class=\"wp-element-caption\">T.Lauquen &#8211; escenario parque municipal &#8211; mural Lucas Quinto (La Matanza)<\/figcaption><\/figure>\n","protected":false},"excerpt":{"rendered":"<p>En el marco de la obra de revalorizaci\u00f3n del Parque Municipal que se viene llevando adelante. Participaron adem\u00e1s de los mencionados (Quinto y Villamor) los artistas pl\u00e1sticos Hern\u00e1n \u201cSechu\u201d Mart\u00edn, Mariana Mingoya, Magui Delfino, Isa\u00edas Mata, Lucila Gonz\u00e1lez, Alejandro Iglesias, y N\u00e9stor \u201cNaki\u201d Mart\u00edn<\/p>\n","protected":false},"author":2,"featured_media":107753,"comment_status":"closed","ping_status":"open","sticky":false,"template":"","format":"standard","meta":{"footnotes":""},"categories":[41],"tags":[8429],"class_list":["post-107749","post","type-post","status-publish","format-standard","has-post-thumbnail","hentry","category-inferior2","tag-anfiteatro-parque-trenque-lauquen"],"yoast_head":"<!-- This site is optimized with the Yoast SEO plugin v23.4 - https:\/\/yoast.com\/wordpress\/plugins\/seo\/ -->\n<title>Entre domingo y lunes aument\u00f3 el compromiso hist\u00f3rico del destacado muralista Lucas Quinto - Infoecos<\/title>\n<meta name=\"robots\" content=\"index, follow, max-snippet:-1, max-image-preview:large, max-video-preview:-1\" \/>\n<link rel=\"canonical\" href=\"https:\/\/infoecos.com.ar\/index.php\/entre-domingo-y-lunes-aumento-el-compromiso-historico-del-destacado-muralista-lucas-quinto\/\" \/>\n<meta property=\"og:locale\" content=\"es_ES\" \/>\n<meta property=\"og:type\" content=\"article\" \/>\n<meta property=\"og:title\" content=\"Entre domingo y lunes aument\u00f3 el compromiso hist\u00f3rico del destacado muralista Lucas Quinto - Infoecos\" \/>\n<meta property=\"og:description\" content=\"En el marco de la obra de revalorizaci\u00f3n del Parque Municipal que se viene llevando adelante. Participaron adem\u00e1s de los mencionados (Quinto y Villamor) los artistas pl\u00e1sticos Hern\u00e1n \u201cSechu\u201d Mart\u00edn, Mariana Mingoya, Magui Delfino, Isa\u00edas Mata, Lucila Gonz\u00e1lez, Alejandro Iglesias, y N\u00e9stor \u201cNaki\u201d Mart\u00edn\" \/>\n<meta property=\"og:url\" content=\"https:\/\/infoecos.com.ar\/index.php\/entre-domingo-y-lunes-aumento-el-compromiso-historico-del-destacado-muralista-lucas-quinto\/\" \/>\n<meta property=\"og:site_name\" content=\"Infoecos\" \/>\n<meta property=\"article:publisher\" content=\"https:\/\/www.facebook.com\/profile.php?id=100063200290284\" \/>\n<meta property=\"article:published_time\" content=\"2023-07-19T05:02:08+00:00\" \/>\n<meta property=\"article:modified_time\" content=\"2023-07-20T06:32:24+00:00\" \/>\n<meta property=\"og:image\" content=\"https:\/\/infoecos.com.ar\/wp-content\/uploads\/2023\/07\/Mural-Anfiteatro-9.jpeg\" \/>\n\t<meta property=\"og:image:width\" content=\"1600\" \/>\n\t<meta property=\"og:image:height\" content=\"1201\" \/>\n\t<meta property=\"og:image:type\" content=\"image\/jpeg\" \/>\n<meta name=\"author\" content=\"Jorge Matheus\" \/>\n<meta name=\"twitter:card\" content=\"summary_large_image\" \/>\n<meta name=\"twitter:creator\" content=\"@infoecos\" \/>\n<meta name=\"twitter:site\" content=\"@infoecos\" \/>\n<meta name=\"twitter:label1\" content=\"Escrito por\" \/>\n\t<meta name=\"twitter:data1\" content=\"Jorge Matheus\" \/>\n\t<meta name=\"twitter:label2\" content=\"Tiempo de lectura\" \/>\n\t<meta name=\"twitter:data2\" content=\"3 minutos\" \/>\n<script type=\"application\/ld+json\" class=\"yoast-schema-graph\">{\"@context\":\"https:\/\/schema.org\",\"@graph\":[{\"@type\":\"Article\",\"@id\":\"https:\/\/infoecos.com.ar\/index.php\/entre-domingo-y-lunes-aumento-el-compromiso-historico-del-destacado-muralista-lucas-quinto\/#article\",\"isPartOf\":{\"@id\":\"https:\/\/infoecos.com.ar\/index.php\/entre-domingo-y-lunes-aumento-el-compromiso-historico-del-destacado-muralista-lucas-quinto\/\"},\"author\":{\"name\":\"Jorge Matheus\",\"@id\":\"https:\/\/infoecos.com.ar\/#\/schema\/person\/8f5ace5ce73b4b4aac4b7245aee6f191\"},\"headline\":\"Entre domingo y lunes aument\u00f3 el compromiso hist\u00f3rico del destacado muralista Lucas Quinto\",\"datePublished\":\"2023-07-19T05:02:08+00:00\",\"dateModified\":\"2023-07-20T06:32:24+00:00\",\"mainEntityOfPage\":{\"@id\":\"https:\/\/infoecos.com.ar\/index.php\/entre-domingo-y-lunes-aumento-el-compromiso-historico-del-destacado-muralista-lucas-quinto\/\"},\"wordCount\":345,\"publisher\":{\"@id\":\"https:\/\/infoecos.com.ar\/#organization\"},\"image\":{\"@id\":\"https:\/\/infoecos.com.ar\/index.php\/entre-domingo-y-lunes-aumento-el-compromiso-historico-del-destacado-muralista-lucas-quinto\/#primaryimage\"},\"thumbnailUrl\":\"https:\/\/infoecos.com.ar\/wp-content\/uploads\/2023\/07\/Mural-Anfiteatro-9.jpeg\",\"keywords\":[\"ANFITEATRO PARQUE TRENQUE LAUQUEN\"],\"articleSection\":[\"Bloque inferior - 2\"],\"inLanguage\":\"es\"},{\"@type\":\"WebPage\",\"@id\":\"https:\/\/infoecos.com.ar\/index.php\/entre-domingo-y-lunes-aumento-el-compromiso-historico-del-destacado-muralista-lucas-quinto\/\",\"url\":\"https:\/\/infoecos.com.ar\/index.php\/entre-domingo-y-lunes-aumento-el-compromiso-historico-del-destacado-muralista-lucas-quinto\/\",\"name\":\"Entre domingo y lunes aument\u00f3 el compromiso hist\u00f3rico del destacado muralista Lucas Quinto - Infoecos\",\"isPartOf\":{\"@id\":\"https:\/\/infoecos.com.ar\/#website\"},\"primaryImageOfPage\":{\"@id\":\"https:\/\/infoecos.com.ar\/index.php\/entre-domingo-y-lunes-aumento-el-compromiso-historico-del-destacado-muralista-lucas-quinto\/#primaryimage\"},\"image\":{\"@id\":\"https:\/\/infoecos.com.ar\/index.php\/entre-domingo-y-lunes-aumento-el-compromiso-historico-del-destacado-muralista-lucas-quinto\/#primaryimage\"},\"thumbnailUrl\":\"https:\/\/infoecos.com.ar\/wp-content\/uploads\/2023\/07\/Mural-Anfiteatro-9.jpeg\",\"datePublished\":\"2023-07-19T05:02:08+00:00\",\"dateModified\":\"2023-07-20T06:32:24+00:00\",\"breadcrumb\":{\"@id\":\"https:\/\/infoecos.com.ar\/index.php\/entre-domingo-y-lunes-aumento-el-compromiso-historico-del-destacado-muralista-lucas-quinto\/#breadcrumb\"},\"inLanguage\":\"es\",\"potentialAction\":[{\"@type\":\"ReadAction\",\"target\":[\"https:\/\/infoecos.com.ar\/index.php\/entre-domingo-y-lunes-aumento-el-compromiso-historico-del-destacado-muralista-lucas-quinto\/\"]}]},{\"@type\":\"ImageObject\",\"inLanguage\":\"es\",\"@id\":\"https:\/\/infoecos.com.ar\/index.php\/entre-domingo-y-lunes-aumento-el-compromiso-historico-del-destacado-muralista-lucas-quinto\/#primaryimage\",\"url\":\"https:\/\/infoecos.com.ar\/wp-content\/uploads\/2023\/07\/Mural-Anfiteatro-9.jpeg\",\"contentUrl\":\"https:\/\/infoecos.com.ar\/wp-content\/uploads\/2023\/07\/Mural-Anfiteatro-9.jpeg\",\"width\":1600,\"height\":1201},{\"@type\":\"BreadcrumbList\",\"@id\":\"https:\/\/infoecos.com.ar\/index.php\/entre-domingo-y-lunes-aumento-el-compromiso-historico-del-destacado-muralista-lucas-quinto\/#breadcrumb\",\"itemListElement\":[{\"@type\":\"ListItem\",\"position\":1,\"name\":\"Portada\",\"item\":\"https:\/\/infoecos.com.ar\/\"},{\"@type\":\"ListItem\",\"position\":2,\"name\":\"Entre domingo y lunes aument\u00f3 el compromiso hist\u00f3rico del destacado muralista Lucas Quinto\"}]},{\"@type\":\"WebSite\",\"@id\":\"https:\/\/infoecos.com.ar\/#website\",\"url\":\"https:\/\/infoecos.com.ar\/\",\"name\":\"Infoecos\",\"description\":\"Noticias de trenque lauquen y la zona\",\"publisher\":{\"@id\":\"https:\/\/infoecos.com.ar\/#organization\"},\"alternateName\":\"Noticias\",\"potentialAction\":[{\"@type\":\"SearchAction\",\"target\":{\"@type\":\"EntryPoint\",\"urlTemplate\":\"https:\/\/infoecos.com.ar\/?s={search_term_string}\"},\"query-input\":{\"@type\":\"PropertyValueSpecification\",\"valueRequired\":true,\"valueName\":\"search_term_string\"}}],\"inLanguage\":\"es\"},{\"@type\":\"Organization\",\"@id\":\"https:\/\/infoecos.com.ar\/#organization\",\"name\":\"Infoecos\",\"alternateName\":\"Noticias\",\"url\":\"https:\/\/infoecos.com.ar\/\",\"logo\":{\"@type\":\"ImageObject\",\"inLanguage\":\"es\",\"@id\":\"https:\/\/infoecos.com.ar\/#\/schema\/logo\/image\/\",\"url\":\"https:\/\/infoecos.com.ar\/wp-content\/uploads\/2024\/03\/cropped-logo.png\",\"contentUrl\":\"https:\/\/infoecos.com.ar\/wp-content\/uploads\/2024\/03\/cropped-logo.png\",\"width\":374,\"height\":90,\"caption\":\"Infoecos\"},\"image\":{\"@id\":\"https:\/\/infoecos.com.ar\/#\/schema\/logo\/image\/\"},\"sameAs\":[\"https:\/\/www.facebook.com\/profile.php?id=100063200290284\",\"https:\/\/x.com\/infoecos\"]},{\"@type\":\"Person\",\"@id\":\"https:\/\/infoecos.com.ar\/#\/schema\/person\/8f5ace5ce73b4b4aac4b7245aee6f191\",\"name\":\"Jorge Matheus\",\"url\":\"https:\/\/infoecos.com.ar\/index.php\/author\/jomatheus\/\"}]}<\/script>\n<!-- \/ Yoast SEO plugin. -->","yoast_head_json":{"title":"Entre domingo y lunes aument\u00f3 el compromiso hist\u00f3rico del destacado muralista Lucas Quinto - Infoecos","robots":{"index":"index","follow":"follow","max-snippet":"max-snippet:-1","max-image-preview":"max-image-preview:large","max-video-preview":"max-video-preview:-1"},"canonical":"https:\/\/infoecos.com.ar\/index.php\/entre-domingo-y-lunes-aumento-el-compromiso-historico-del-destacado-muralista-lucas-quinto\/","og_locale":"es_ES","og_type":"article","og_title":"Entre domingo y lunes aument\u00f3 el compromiso hist\u00f3rico del destacado muralista Lucas Quinto - Infoecos","og_description":"En el marco de la obra de revalorizaci\u00f3n del Parque Municipal que se viene llevando adelante. Participaron adem\u00e1s de los mencionados (Quinto y Villamor) los artistas pl\u00e1sticos Hern\u00e1n \u201cSechu\u201d Mart\u00edn, Mariana Mingoya, Magui Delfino, Isa\u00edas Mata, Lucila Gonz\u00e1lez, Alejandro Iglesias, y N\u00e9stor \u201cNaki\u201d Mart\u00edn","og_url":"https:\/\/infoecos.com.ar\/index.php\/entre-domingo-y-lunes-aumento-el-compromiso-historico-del-destacado-muralista-lucas-quinto\/","og_site_name":"Infoecos","article_publisher":"https:\/\/www.facebook.com\/profile.php?id=100063200290284","article_published_time":"2023-07-19T05:02:08+00:00","article_modified_time":"2023-07-20T06:32:24+00:00","og_image":[{"width":1600,"height":1201,"url":"https:\/\/infoecos.com.ar\/wp-content\/uploads\/2023\/07\/Mural-Anfiteatro-9.jpeg","type":"image\/jpeg"}],"author":"Jorge Matheus","twitter_card":"summary_large_image","twitter_creator":"@infoecos","twitter_site":"@infoecos","twitter_misc":{"Escrito por":"Jorge Matheus","Tiempo de lectura":"3 minutos"},"schema":{"@context":"https:\/\/schema.org","@graph":[{"@type":"Article","@id":"https:\/\/infoecos.com.ar\/index.php\/entre-domingo-y-lunes-aumento-el-compromiso-historico-del-destacado-muralista-lucas-quinto\/#article","isPartOf":{"@id":"https:\/\/infoecos.com.ar\/index.php\/entre-domingo-y-lunes-aumento-el-compromiso-historico-del-destacado-muralista-lucas-quinto\/"},"author":{"name":"Jorge Matheus","@id":"https:\/\/infoecos.com.ar\/#\/schema\/person\/8f5ace5ce73b4b4aac4b7245aee6f191"},"headline":"Entre domingo y lunes aument\u00f3 el compromiso hist\u00f3rico del destacado muralista Lucas Quinto","datePublished":"2023-07-19T05:02:08+00:00","dateModified":"2023-07-20T06:32:24+00:00","mainEntityOfPage":{"@id":"https:\/\/infoecos.com.ar\/index.php\/entre-domingo-y-lunes-aumento-el-compromiso-historico-del-destacado-muralista-lucas-quinto\/"},"wordCount":345,"publisher":{"@id":"https:\/\/infoecos.com.ar\/#organization"},"image":{"@id":"https:\/\/infoecos.com.ar\/index.php\/entre-domingo-y-lunes-aumento-el-compromiso-historico-del-destacado-muralista-lucas-quinto\/#primaryimage"},"thumbnailUrl":"https:\/\/infoecos.com.ar\/wp-content\/uploads\/2023\/07\/Mural-Anfiteatro-9.jpeg","keywords":["ANFITEATRO PARQUE TRENQUE LAUQUEN"],"articleSection":["Bloque inferior - 2"],"inLanguage":"es"},{"@type":"WebPage","@id":"https:\/\/infoecos.com.ar\/index.php\/entre-domingo-y-lunes-aumento-el-compromiso-historico-del-destacado-muralista-lucas-quinto\/","url":"https:\/\/infoecos.com.ar\/index.php\/entre-domingo-y-lunes-aumento-el-compromiso-historico-del-destacado-muralista-lucas-quinto\/","name":"Entre domingo y lunes aument\u00f3 el compromiso hist\u00f3rico del destacado muralista Lucas Quinto - Infoecos","isPartOf":{"@id":"https:\/\/infoecos.com.ar\/#website"},"primaryImageOfPage":{"@id":"https:\/\/infoecos.com.ar\/index.php\/entre-domingo-y-lunes-aumento-el-compromiso-historico-del-destacado-muralista-lucas-quinto\/#primaryimage"},"image":{"@id":"https:\/\/infoecos.com.ar\/index.php\/entre-domingo-y-lunes-aumento-el-compromiso-historico-del-destacado-muralista-lucas-quinto\/#primaryimage"},"thumbnailUrl":"https:\/\/infoecos.com.ar\/wp-content\/uploads\/2023\/07\/Mural-Anfiteatro-9.jpeg","datePublished":"2023-07-19T05:02:08+00:00","dateModified":"2023-07-20T06:32:24+00:00","breadcrumb":{"@id":"https:\/\/infoecos.com.ar\/index.php\/entre-domingo-y-lunes-aumento-el-compromiso-historico-del-destacado-muralista-lucas-quinto\/#breadcrumb"},"inLanguage":"es","potentialAction":[{"@type":"ReadAction","target":["https:\/\/infoecos.com.ar\/index.php\/entre-domingo-y-lunes-aumento-el-compromiso-historico-del-destacado-muralista-lucas-quinto\/"]}]},{"@type":"ImageObject","inLanguage":"es","@id":"https:\/\/infoecos.com.ar\/index.php\/entre-domingo-y-lunes-aumento-el-compromiso-historico-del-destacado-muralista-lucas-quinto\/#primaryimage","url":"https:\/\/infoecos.com.ar\/wp-content\/uploads\/2023\/07\/Mural-Anfiteatro-9.jpeg","contentUrl":"https:\/\/infoecos.com.ar\/wp-content\/uploads\/2023\/07\/Mural-Anfiteatro-9.jpeg","width":1600,"height":1201},{"@type":"BreadcrumbList","@id":"https:\/\/infoecos.com.ar\/index.php\/entre-domingo-y-lunes-aumento-el-compromiso-historico-del-destacado-muralista-lucas-quinto\/#breadcrumb","itemListElement":[{"@type":"ListItem","position":1,"name":"Portada","item":"https:\/\/infoecos.com.ar\/"},{"@type":"ListItem","position":2,"name":"Entre domingo y lunes aument\u00f3 el compromiso hist\u00f3rico del destacado muralista Lucas Quinto"}]},{"@type":"WebSite","@id":"https:\/\/infoecos.com.ar\/#website","url":"https:\/\/infoecos.com.ar\/","name":"Infoecos","description":"Noticias de trenque lauquen y la zona","publisher":{"@id":"https:\/\/infoecos.com.ar\/#organization"},"alternateName":"Noticias","potentialAction":[{"@type":"SearchAction","target":{"@type":"EntryPoint","urlTemplate":"https:\/\/infoecos.com.ar\/?s={search_term_string}"},"query-input":{"@type":"PropertyValueSpecification","valueRequired":true,"valueName":"search_term_string"}}],"inLanguage":"es"},{"@type":"Organization","@id":"https:\/\/infoecos.com.ar\/#organization","name":"Infoecos","alternateName":"Noticias","url":"https:\/\/infoecos.com.ar\/","logo":{"@type":"ImageObject","inLanguage":"es","@id":"https:\/\/infoecos.com.ar\/#\/schema\/logo\/image\/","url":"https:\/\/infoecos.com.ar\/wp-content\/uploads\/2024\/03\/cropped-logo.png","contentUrl":"https:\/\/infoecos.com.ar\/wp-content\/uploads\/2024\/03\/cropped-logo.png","width":374,"height":90,"caption":"Infoecos"},"image":{"@id":"https:\/\/infoecos.com.ar\/#\/schema\/logo\/image\/"},"sameAs":["https:\/\/www.facebook.com\/profile.php?id=100063200290284","https:\/\/x.com\/infoecos"]},{"@type":"Person","@id":"https:\/\/infoecos.com.ar\/#\/schema\/person\/8f5ace5ce73b4b4aac4b7245aee6f191","name":"Jorge Matheus","url":"https:\/\/infoecos.com.ar\/index.php\/author\/jomatheus\/"}]}},"featured_image_urls":{"full":["https:\/\/infoecos.com.ar\/wp-content\/uploads\/2023\/07\/Mural-Anfiteatro-9.jpeg",1600,1201,false],"thumbnail":["https:\/\/infoecos.com.ar\/wp-content\/uploads\/2023\/07\/Mural-Anfiteatro-9-300x150.jpeg",300,150,true],"medium":["https:\/\/infoecos.com.ar\/wp-content\/uploads\/2023\/07\/Mural-Anfiteatro-9-800x601.jpeg",800,601,true],"medium_large":["https:\/\/infoecos.com.ar\/wp-content\/uploads\/2023\/07\/Mural-Anfiteatro-9-768x576.jpeg",640,480,true],"large":["https:\/\/infoecos.com.ar\/wp-content\/uploads\/2023\/07\/Mural-Anfiteatro-9.jpeg",640,480,false],"1536x1536":["https:\/\/infoecos.com.ar\/wp-content\/uploads\/2023\/07\/Mural-Anfiteatro-9-1536x1153.jpeg",1536,1153,true],"2048x2048":["https:\/\/infoecos.com.ar\/wp-content\/uploads\/2023\/07\/Mural-Anfiteatro-9.jpeg",1600,1201,false],"covernews-slider-full":["https:\/\/infoecos.com.ar\/wp-content\/uploads\/2023\/07\/Mural-Anfiteatro-9-1536x1020.jpeg",1077,715,true],"covernews-slider-center":["https:\/\/infoecos.com.ar\/wp-content\/uploads\/2023\/07\/Mural-Anfiteatro-9-936x897.jpeg",522,500,true],"covernews-featured":["https:\/\/infoecos.com.ar\/wp-content\/uploads\/2023\/07\/Mural-Anfiteatro-9-1024x769.jpeg",1024,769,true],"covernews-medium":["https:\/\/infoecos.com.ar\/wp-content\/uploads\/2023\/07\/Mural-Anfiteatro-9-720x380.jpeg",540,285,true],"covernews-medium-square":["https:\/\/infoecos.com.ar\/wp-content\/uploads\/2023\/07\/Mural-Anfiteatro-9-675x450.jpeg",375,250,true]},"author_info":{"info":["Jorge Matheus"]},"category_info":"<a href=\"https:\/\/infoecos.com.ar\/index.php\/category\/inferior2\/\" rel=\"category tag\">Bloque inferior - 2<\/a>","tag_info":"Bloque inferior - 2","comment_count":"0","_links":{"self":[{"href":"https:\/\/infoecos.com.ar\/index.php\/wp-json\/wp\/v2\/posts\/107749"}],"collection":[{"href":"https:\/\/infoecos.com.ar\/index.php\/wp-json\/wp\/v2\/posts"}],"about":[{"href":"https:\/\/infoecos.com.ar\/index.php\/wp-json\/wp\/v2\/types\/post"}],"author":[{"embeddable":true,"href":"https:\/\/infoecos.com.ar\/index.php\/wp-json\/wp\/v2\/users\/2"}],"replies":[{"embeddable":true,"href":"https:\/\/infoecos.com.ar\/index.php\/wp-json\/wp\/v2\/comments?post=107749"}],"version-history":[{"count":1,"href":"https:\/\/infoecos.com.ar\/index.php\/wp-json\/wp\/v2\/posts\/107749\/revisions"}],"predecessor-version":[{"id":107754,"href":"https:\/\/infoecos.com.ar\/index.php\/wp-json\/wp\/v2\/posts\/107749\/revisions\/107754"}],"wp:featuredmedia":[{"embeddable":true,"href":"https:\/\/infoecos.com.ar\/index.php\/wp-json\/wp\/v2\/media\/107753"}],"wp:attachment":[{"href":"https:\/\/infoecos.com.ar\/index.php\/wp-json\/wp\/v2\/media?parent=107749"}],"wp:term":[{"taxonomy":"category","embeddable":true,"href":"https:\/\/infoecos.com.ar\/index.php\/wp-json\/wp\/v2\/categories?post=107749"},{"taxonomy":"post_tag","embeddable":true,"href":"https:\/\/infoecos.com.ar\/index.php\/wp-json\/wp\/v2\/tags?post=107749"}],"curies":[{"name":"wp","href":"https:\/\/api.w.org\/{rel}","templated":true}]}}