{"id":107759,"date":"2023-07-19T02:43:25","date_gmt":"2023-07-19T05:43:25","guid":{"rendered":"https:\/\/infoecos.com.ar\/?p=107759"},"modified":"2023-07-20T03:34:45","modified_gmt":"2023-07-20T06:34:45","slug":"otra-muerte-en-accidente-ocurrido-en-la-ruta-nacional-5","status":"publish","type":"post","link":"https:\/\/infoecos.com.ar\/index.php\/otra-muerte-en-accidente-ocurrido-en-la-ruta-nacional-5\/","title":{"rendered":"Otra muerte en accidente ocurrido en la Ruta Nacional 5"},"content":{"rendered":"\n<p>Una persona fallecida fue el producto de un grave accidente producido en la tarde de ayer, en la ruta Nacional N\u00b0 5, a la altura del kil\u00f3metro 102. Su acompa\u00f1ante, fue derivada al Hospital de Mercedes.<\/p>\n\n\n\n<figure class=\"wp-block-image aligncenter size-full is-resized\"><img loading=\"lazy\" decoding=\"async\" src=\"https:\/\/infoecos.com.ar\/wp-content\/uploads\/2023\/07\/accidentecivilcoyu.jpg\" alt=\"\" class=\"wp-image-107760\" width=\"494\" height=\"389\" srcset=\"https:\/\/infoecos.com.ar\/wp-content\/uploads\/2023\/07\/accidentecivilcoyu.jpg 899w, https:\/\/infoecos.com.ar\/wp-content\/uploads\/2023\/07\/accidentecivilcoyu-800x631.jpg 800w, https:\/\/infoecos.com.ar\/wp-content\/uploads\/2023\/07\/accidentecivilcoyu-768x606.jpg 768w\" sizes=\"(max-width: 494px) 100vw, 494px\" \/><figcaption class=\"wp-element-caption\">Accidente Km 102 &#8211; Ruta 5 &#8211; Renault Cl\u00edo<\/figcaption><\/figure>\n\n\n\n<p>El fallecido es una persona de sexo masculino, de 73 a\u00f1os, residente en Chivilcoy, que iba acompa\u00f1ado de una mujer, que fue trasladada r\u00e1pidamente con vida al Hospital Dubarry de Mercedes. <\/p>\n\n\n\n<p>La mujer, qued\u00f3 internada en observaci\u00f3n tras la realizaci\u00f3n de una tomograf\u00eda.<\/p>\n\n\n\n<p>Se trasladaban en un Renault Cl\u00edo, en sentido Mercedes-Suipacha.<\/p>\n\n\n\n<figure class=\"wp-block-image aligncenter size-full is-resized\"><img loading=\"lazy\" decoding=\"async\" src=\"https:\/\/infoecos.com.ar\/wp-content\/uploads\/2023\/07\/camionvolvo.jpg\" alt=\"\" class=\"wp-image-107761\" width=\"536\" height=\"402\"\/><figcaption class=\"wp-element-caption\">Accidente Ruta 5 &#8211; Km 102 <\/figcaption><\/figure>\n\n\n\n<p>El camionero, que manejaba un cami\u00f3n Volvo, result\u00f3 ileso.<\/p>\n\n\n\n<p>Trabajaron en el lugar Polic\u00eda Comunal, ambulancias del SAME, Bomberos Voluntarios a cargo de Pablo Marcori, y Protecci\u00f3n Civil, con Agustina Lor\u00e9 al frente.&nbsp;<\/p>\n","protected":false},"excerpt":{"rendered":"<p>El fallecido es una persona de sexo masculino, de 73 a\u00f1os, residente en Chivilcoy, que iba acompa\u00f1ado de una mujer, que fue trasladada r\u00e1pidamente con vida al Hospital Dubarry de Mercedes<\/p>\n","protected":false},"author":2,"featured_media":107760,"comment_status":"closed","ping_status":"open","sticky":false,"template":"","format":"standard","meta":{"footnotes":""},"categories":[1332],"tags":[8446],"class_list":["post-107759","post","type-post","status-publish","format-standard","has-post-thumbnail","hentry","category-inferior12","tag-en-el-km-102"],"yoast_head":"<!-- This site is optimized with the Yoast SEO plugin v23.4 - https:\/\/yoast.com\/wordpress\/plugins\/seo\/ -->\n<title>Otra muerte en accidente ocurrido en la Ruta Nacional 5 - Infoecos<\/title>\n<meta name=\"robots\" content=\"index, follow, max-snippet:-1, max-image-preview:large, max-video-preview:-1\" \/>\n<link rel=\"canonical\" href=\"https:\/\/infoecos.com.ar\/index.php\/otra-muerte-en-accidente-ocurrido-en-la-ruta-nacional-5\/\" \/>\n<meta property=\"og:locale\" content=\"es_ES\" \/>\n<meta property=\"og:type\" content=\"article\" \/>\n<meta property=\"og:title\" content=\"Otra muerte en accidente ocurrido en la Ruta Nacional 5 - Infoecos\" \/>\n<meta property=\"og:description\" content=\"El fallecido es una persona de sexo masculino, de 73 a\u00f1os, residente en Chivilcoy, que iba acompa\u00f1ado de una mujer, que fue trasladada r\u00e1pidamente con vida al Hospital Dubarry de Mercedes\" \/>\n<meta property=\"og:url\" content=\"https:\/\/infoecos.com.ar\/index.php\/otra-muerte-en-accidente-ocurrido-en-la-ruta-nacional-5\/\" \/>\n<meta property=\"og:site_name\" content=\"Infoecos\" \/>\n<meta property=\"article:publisher\" content=\"https:\/\/www.facebook.com\/profile.php?id=100063200290284\" \/>\n<meta property=\"article:published_time\" content=\"2023-07-19T05:43:25+00:00\" \/>\n<meta property=\"article:modified_time\" content=\"2023-07-20T06:34:45+00:00\" \/>\n<meta property=\"og:image\" content=\"https:\/\/infoecos.com.ar\/wp-content\/uploads\/2023\/07\/accidentecivilcoyu.jpg\" \/>\n\t<meta property=\"og:image:width\" content=\"899\" \/>\n\t<meta property=\"og:image:height\" content=\"709\" \/>\n\t<meta property=\"og:image:type\" content=\"image\/jpeg\" \/>\n<meta name=\"author\" content=\"Jorge Matheus\" \/>\n<meta name=\"twitter:card\" content=\"summary_large_image\" \/>\n<meta name=\"twitter:creator\" content=\"@infoecos\" \/>\n<meta name=\"twitter:site\" content=\"@infoecos\" \/>\n<meta name=\"twitter:label1\" content=\"Escrito por\" \/>\n\t<meta name=\"twitter:data1\" content=\"Jorge Matheus\" \/>\n\t<meta name=\"twitter:label2\" content=\"Tiempo de lectura\" \/>\n\t<meta name=\"twitter:data2\" content=\"2 minutos\" \/>\n<script type=\"application\/ld+json\" class=\"yoast-schema-graph\">{\"@context\":\"https:\/\/schema.org\",\"@graph\":[{\"@type\":\"Article\",\"@id\":\"https:\/\/infoecos.com.ar\/index.php\/otra-muerte-en-accidente-ocurrido-en-la-ruta-nacional-5\/#article\",\"isPartOf\":{\"@id\":\"https:\/\/infoecos.com.ar\/index.php\/otra-muerte-en-accidente-ocurrido-en-la-ruta-nacional-5\/\"},\"author\":{\"name\":\"Jorge Matheus\",\"@id\":\"https:\/\/infoecos.com.ar\/#\/schema\/person\/8f5ace5ce73b4b4aac4b7245aee6f191\"},\"headline\":\"Otra muerte en accidente ocurrido en la Ruta Nacional 5\",\"datePublished\":\"2023-07-19T05:43:25+00:00\",\"dateModified\":\"2023-07-20T06:34:45+00:00\",\"mainEntityOfPage\":{\"@id\":\"https:\/\/infoecos.com.ar\/index.php\/otra-muerte-en-accidente-ocurrido-en-la-ruta-nacional-5\/\"},\"wordCount\":152,\"publisher\":{\"@id\":\"https:\/\/infoecos.com.ar\/#organization\"},\"image\":{\"@id\":\"https:\/\/infoecos.com.ar\/index.php\/otra-muerte-en-accidente-ocurrido-en-la-ruta-nacional-5\/#primaryimage\"},\"thumbnailUrl\":\"https:\/\/infoecos.com.ar\/wp-content\/uploads\/2023\/07\/accidentecivilcoyu.jpg\",\"keywords\":[\"EN EL KM 102\"],\"articleSection\":[\"Bloque inferior - 12\"],\"inLanguage\":\"es\"},{\"@type\":\"WebPage\",\"@id\":\"https:\/\/infoecos.com.ar\/index.php\/otra-muerte-en-accidente-ocurrido-en-la-ruta-nacional-5\/\",\"url\":\"https:\/\/infoecos.com.ar\/index.php\/otra-muerte-en-accidente-ocurrido-en-la-ruta-nacional-5\/\",\"name\":\"Otra muerte en accidente ocurrido en la Ruta Nacional 5 - Infoecos\",\"isPartOf\":{\"@id\":\"https:\/\/infoecos.com.ar\/#website\"},\"primaryImageOfPage\":{\"@id\":\"https:\/\/infoecos.com.ar\/index.php\/otra-muerte-en-accidente-ocurrido-en-la-ruta-nacional-5\/#primaryimage\"},\"image\":{\"@id\":\"https:\/\/infoecos.com.ar\/index.php\/otra-muerte-en-accidente-ocurrido-en-la-ruta-nacional-5\/#primaryimage\"},\"thumbnailUrl\":\"https:\/\/infoecos.com.ar\/wp-content\/uploads\/2023\/07\/accidentecivilcoyu.jpg\",\"datePublished\":\"2023-07-19T05:43:25+00:00\",\"dateModified\":\"2023-07-20T06:34:45+00:00\",\"breadcrumb\":{\"@id\":\"https:\/\/infoecos.com.ar\/index.php\/otra-muerte-en-accidente-ocurrido-en-la-ruta-nacional-5\/#breadcrumb\"},\"inLanguage\":\"es\",\"potentialAction\":[{\"@type\":\"ReadAction\",\"target\":[\"https:\/\/infoecos.com.ar\/index.php\/otra-muerte-en-accidente-ocurrido-en-la-ruta-nacional-5\/\"]}]},{\"@type\":\"ImageObject\",\"inLanguage\":\"es\",\"@id\":\"https:\/\/infoecos.com.ar\/index.php\/otra-muerte-en-accidente-ocurrido-en-la-ruta-nacional-5\/#primaryimage\",\"url\":\"https:\/\/infoecos.com.ar\/wp-content\/uploads\/2023\/07\/accidentecivilcoyu.jpg\",\"contentUrl\":\"https:\/\/infoecos.com.ar\/wp-content\/uploads\/2023\/07\/accidentecivilcoyu.jpg\",\"width\":899,\"height\":709},{\"@type\":\"BreadcrumbList\",\"@id\":\"https:\/\/infoecos.com.ar\/index.php\/otra-muerte-en-accidente-ocurrido-en-la-ruta-nacional-5\/#breadcrumb\",\"itemListElement\":[{\"@type\":\"ListItem\",\"position\":1,\"name\":\"Portada\",\"item\":\"https:\/\/infoecos.com.ar\/\"},{\"@type\":\"ListItem\",\"position\":2,\"name\":\"Otra muerte en accidente ocurrido en la Ruta Nacional 5\"}]},{\"@type\":\"WebSite\",\"@id\":\"https:\/\/infoecos.com.ar\/#website\",\"url\":\"https:\/\/infoecos.com.ar\/\",\"name\":\"Infoecos\",\"description\":\"Noticias de trenque lauquen y la zona\",\"publisher\":{\"@id\":\"https:\/\/infoecos.com.ar\/#organization\"},\"alternateName\":\"Noticias\",\"potentialAction\":[{\"@type\":\"SearchAction\",\"target\":{\"@type\":\"EntryPoint\",\"urlTemplate\":\"https:\/\/infoecos.com.ar\/?s={search_term_string}\"},\"query-input\":{\"@type\":\"PropertyValueSpecification\",\"valueRequired\":true,\"valueName\":\"search_term_string\"}}],\"inLanguage\":\"es\"},{\"@type\":\"Organization\",\"@id\":\"https:\/\/infoecos.com.ar\/#organization\",\"name\":\"Infoecos\",\"alternateName\":\"Noticias\",\"url\":\"https:\/\/infoecos.com.ar\/\",\"logo\":{\"@type\":\"ImageObject\",\"inLanguage\":\"es\",\"@id\":\"https:\/\/infoecos.com.ar\/#\/schema\/logo\/image\/\",\"url\":\"https:\/\/infoecos.com.ar\/wp-content\/uploads\/2024\/03\/cropped-logo.png\",\"contentUrl\":\"https:\/\/infoecos.com.ar\/wp-content\/uploads\/2024\/03\/cropped-logo.png\",\"width\":374,\"height\":90,\"caption\":\"Infoecos\"},\"image\":{\"@id\":\"https:\/\/infoecos.com.ar\/#\/schema\/logo\/image\/\"},\"sameAs\":[\"https:\/\/www.facebook.com\/profile.php?id=100063200290284\",\"https:\/\/x.com\/infoecos\"]},{\"@type\":\"Person\",\"@id\":\"https:\/\/infoecos.com.ar\/#\/schema\/person\/8f5ace5ce73b4b4aac4b7245aee6f191\",\"name\":\"Jorge Matheus\",\"url\":\"https:\/\/infoecos.com.ar\/index.php\/author\/jomatheus\/\"}]}<\/script>\n<!-- \/ Yoast SEO plugin. -->","yoast_head_json":{"title":"Otra muerte en accidente ocurrido en la Ruta Nacional 5 - Infoecos","robots":{"index":"index","follow":"follow","max-snippet":"max-snippet:-1","max-image-preview":"max-image-preview:large","max-video-preview":"max-video-preview:-1"},"canonical":"https:\/\/infoecos.com.ar\/index.php\/otra-muerte-en-accidente-ocurrido-en-la-ruta-nacional-5\/","og_locale":"es_ES","og_type":"article","og_title":"Otra muerte en accidente ocurrido en la Ruta Nacional 5 - Infoecos","og_description":"El fallecido es una persona de sexo masculino, de 73 a\u00f1os, residente en Chivilcoy, que iba acompa\u00f1ado de una mujer, que fue trasladada r\u00e1pidamente con vida al Hospital Dubarry de Mercedes","og_url":"https:\/\/infoecos.com.ar\/index.php\/otra-muerte-en-accidente-ocurrido-en-la-ruta-nacional-5\/","og_site_name":"Infoecos","article_publisher":"https:\/\/www.facebook.com\/profile.php?id=100063200290284","article_published_time":"2023-07-19T05:43:25+00:00","article_modified_time":"2023-07-20T06:34:45+00:00","og_image":[{"width":899,"height":709,"url":"https:\/\/infoecos.com.ar\/wp-content\/uploads\/2023\/07\/accidentecivilcoyu.jpg","type":"image\/jpeg"}],"author":"Jorge Matheus","twitter_card":"summary_large_image","twitter_creator":"@infoecos","twitter_site":"@infoecos","twitter_misc":{"Escrito por":"Jorge Matheus","Tiempo de lectura":"2 minutos"},"schema":{"@context":"https:\/\/schema.org","@graph":[{"@type":"Article","@id":"https:\/\/infoecos.com.ar\/index.php\/otra-muerte-en-accidente-ocurrido-en-la-ruta-nacional-5\/#article","isPartOf":{"@id":"https:\/\/infoecos.com.ar\/index.php\/otra-muerte-en-accidente-ocurrido-en-la-ruta-nacional-5\/"},"author":{"name":"Jorge Matheus","@id":"https:\/\/infoecos.com.ar\/#\/schema\/person\/8f5ace5ce73b4b4aac4b7245aee6f191"},"headline":"Otra muerte en accidente ocurrido en la Ruta Nacional 5","datePublished":"2023-07-19T05:43:25+00:00","dateModified":"2023-07-20T06:34:45+00:00","mainEntityOfPage":{"@id":"https:\/\/infoecos.com.ar\/index.php\/otra-muerte-en-accidente-ocurrido-en-la-ruta-nacional-5\/"},"wordCount":152,"publisher":{"@id":"https:\/\/infoecos.com.ar\/#organization"},"image":{"@id":"https:\/\/infoecos.com.ar\/index.php\/otra-muerte-en-accidente-ocurrido-en-la-ruta-nacional-5\/#primaryimage"},"thumbnailUrl":"https:\/\/infoecos.com.ar\/wp-content\/uploads\/2023\/07\/accidentecivilcoyu.jpg","keywords":["EN EL KM 102"],"articleSection":["Bloque inferior - 12"],"inLanguage":"es"},{"@type":"WebPage","@id":"https:\/\/infoecos.com.ar\/index.php\/otra-muerte-en-accidente-ocurrido-en-la-ruta-nacional-5\/","url":"https:\/\/infoecos.com.ar\/index.php\/otra-muerte-en-accidente-ocurrido-en-la-ruta-nacional-5\/","name":"Otra muerte en accidente ocurrido en la Ruta Nacional 5 - Infoecos","isPartOf":{"@id":"https:\/\/infoecos.com.ar\/#website"},"primaryImageOfPage":{"@id":"https:\/\/infoecos.com.ar\/index.php\/otra-muerte-en-accidente-ocurrido-en-la-ruta-nacional-5\/#primaryimage"},"image":{"@id":"https:\/\/infoecos.com.ar\/index.php\/otra-muerte-en-accidente-ocurrido-en-la-ruta-nacional-5\/#primaryimage"},"thumbnailUrl":"https:\/\/infoecos.com.ar\/wp-content\/uploads\/2023\/07\/accidentecivilcoyu.jpg","datePublished":"2023-07-19T05:43:25+00:00","dateModified":"2023-07-20T06:34:45+00:00","breadcrumb":{"@id":"https:\/\/infoecos.com.ar\/index.php\/otra-muerte-en-accidente-ocurrido-en-la-ruta-nacional-5\/#breadcrumb"},"inLanguage":"es","potentialAction":[{"@type":"ReadAction","target":["https:\/\/infoecos.com.ar\/index.php\/otra-muerte-en-accidente-ocurrido-en-la-ruta-nacional-5\/"]}]},{"@type":"ImageObject","inLanguage":"es","@id":"https:\/\/infoecos.com.ar\/index.php\/otra-muerte-en-accidente-ocurrido-en-la-ruta-nacional-5\/#primaryimage","url":"https:\/\/infoecos.com.ar\/wp-content\/uploads\/2023\/07\/accidentecivilcoyu.jpg","contentUrl":"https:\/\/infoecos.com.ar\/wp-content\/uploads\/2023\/07\/accidentecivilcoyu.jpg","width":899,"height":709},{"@type":"BreadcrumbList","@id":"https:\/\/infoecos.com.ar\/index.php\/otra-muerte-en-accidente-ocurrido-en-la-ruta-nacional-5\/#breadcrumb","itemListElement":[{"@type":"ListItem","position":1,"name":"Portada","item":"https:\/\/infoecos.com.ar\/"},{"@type":"ListItem","position":2,"name":"Otra muerte en accidente ocurrido en la Ruta Nacional 5"}]},{"@type":"WebSite","@id":"https:\/\/infoecos.com.ar\/#website","url":"https:\/\/infoecos.com.ar\/","name":"Infoecos","description":"Noticias de trenque lauquen y la zona","publisher":{"@id":"https:\/\/infoecos.com.ar\/#organization"},"alternateName":"Noticias","potentialAction":[{"@type":"SearchAction","target":{"@type":"EntryPoint","urlTemplate":"https:\/\/infoecos.com.ar\/?s={search_term_string}"},"query-input":{"@type":"PropertyValueSpecification","valueRequired":true,"valueName":"search_term_string"}}],"inLanguage":"es"},{"@type":"Organization","@id":"https:\/\/infoecos.com.ar\/#organization","name":"Infoecos","alternateName":"Noticias","url":"https:\/\/infoecos.com.ar\/","logo":{"@type":"ImageObject","inLanguage":"es","@id":"https:\/\/infoecos.com.ar\/#\/schema\/logo\/image\/","url":"https:\/\/infoecos.com.ar\/wp-content\/uploads\/2024\/03\/cropped-logo.png","contentUrl":"https:\/\/infoecos.com.ar\/wp-content\/uploads\/2024\/03\/cropped-logo.png","width":374,"height":90,"caption":"Infoecos"},"image":{"@id":"https:\/\/infoecos.com.ar\/#\/schema\/logo\/image\/"},"sameAs":["https:\/\/www.facebook.com\/profile.php?id=100063200290284","https:\/\/x.com\/infoecos"]},{"@type":"Person","@id":"https:\/\/infoecos.com.ar\/#\/schema\/person\/8f5ace5ce73b4b4aac4b7245aee6f191","name":"Jorge Matheus","url":"https:\/\/infoecos.com.ar\/index.php\/author\/jomatheus\/"}]}},"featured_image_urls":{"full":["https:\/\/infoecos.com.ar\/wp-content\/uploads\/2023\/07\/accidentecivilcoyu.jpg",899,709,false],"thumbnail":["https:\/\/infoecos.com.ar\/wp-content\/uploads\/2023\/07\/accidentecivilcoyu-300x150.jpg",300,150,true],"medium":["https:\/\/infoecos.com.ar\/wp-content\/uploads\/2023\/07\/accidentecivilcoyu-800x631.jpg",800,631,true],"medium_large":["https:\/\/infoecos.com.ar\/wp-content\/uploads\/2023\/07\/accidentecivilcoyu-768x606.jpg",640,505,true],"large":["https:\/\/infoecos.com.ar\/wp-content\/uploads\/2023\/07\/accidentecivilcoyu.jpg",640,505,false],"1536x1536":["https:\/\/infoecos.com.ar\/wp-content\/uploads\/2023\/07\/accidentecivilcoyu.jpg",899,709,false],"2048x2048":["https:\/\/infoecos.com.ar\/wp-content\/uploads\/2023\/07\/accidentecivilcoyu.jpg",899,709,false],"covernews-slider-full":["https:\/\/infoecos.com.ar\/wp-content\/uploads\/2023\/07\/accidentecivilcoyu.jpg",899,709,false],"covernews-slider-center":["https:\/\/infoecos.com.ar\/wp-content\/uploads\/2023\/07\/accidentecivilcoyu.jpg",634,500,false],"covernews-featured":["https:\/\/infoecos.com.ar\/wp-content\/uploads\/2023\/07\/accidentecivilcoyu.jpg",899,709,false],"covernews-medium":["https:\/\/infoecos.com.ar\/wp-content\/uploads\/2023\/07\/accidentecivilcoyu-720x380.jpg",540,285,true],"covernews-medium-square":["https:\/\/infoecos.com.ar\/wp-content\/uploads\/2023\/07\/accidentecivilcoyu-675x450.jpg",375,250,true]},"author_info":{"info":["Jorge Matheus"]},"category_info":"<a href=\"https:\/\/infoecos.com.ar\/index.php\/category\/inferior12\/\" rel=\"category tag\">Bloque inferior - 12<\/a>","tag_info":"Bloque inferior - 12","comment_count":"0","_links":{"self":[{"href":"https:\/\/infoecos.com.ar\/index.php\/wp-json\/wp\/v2\/posts\/107759"}],"collection":[{"href":"https:\/\/infoecos.com.ar\/index.php\/wp-json\/wp\/v2\/posts"}],"about":[{"href":"https:\/\/infoecos.com.ar\/index.php\/wp-json\/wp\/v2\/types\/post"}],"author":[{"embeddable":true,"href":"https:\/\/infoecos.com.ar\/index.php\/wp-json\/wp\/v2\/users\/2"}],"replies":[{"embeddable":true,"href":"https:\/\/infoecos.com.ar\/index.php\/wp-json\/wp\/v2\/comments?post=107759"}],"version-history":[{"count":1,"href":"https:\/\/infoecos.com.ar\/index.php\/wp-json\/wp\/v2\/posts\/107759\/revisions"}],"predecessor-version":[{"id":107762,"href":"https:\/\/infoecos.com.ar\/index.php\/wp-json\/wp\/v2\/posts\/107759\/revisions\/107762"}],"wp:featuredmedia":[{"embeddable":true,"href":"https:\/\/infoecos.com.ar\/index.php\/wp-json\/wp\/v2\/media\/107760"}],"wp:attachment":[{"href":"https:\/\/infoecos.com.ar\/index.php\/wp-json\/wp\/v2\/media?parent=107759"}],"wp:term":[{"taxonomy":"category","embeddable":true,"href":"https:\/\/infoecos.com.ar\/index.php\/wp-json\/wp\/v2\/categories?post=107759"},{"taxonomy":"post_tag","embeddable":true,"href":"https:\/\/infoecos.com.ar\/index.php\/wp-json\/wp\/v2\/tags?post=107759"}],"curies":[{"name":"wp","href":"https:\/\/api.w.org\/{rel}","templated":true}]}}