{"id":107821,"date":"2023-07-20T00:15:24","date_gmt":"2023-07-20T03:15:24","guid":{"rendered":"https:\/\/infoecos.com.ar\/?p=107821"},"modified":"2023-07-23T12:22:00","modified_gmt":"2023-07-23T15:22:00","slug":"el-comisario-marco-arregui-no-pudo-ocultar-su-satisfaccion-por-la-detencion-de-mario-pereyra","status":"publish","type":"post","link":"https:\/\/infoecos.com.ar\/index.php\/el-comisario-marco-arregui-no-pudo-ocultar-su-satisfaccion-por-la-detencion-de-mario-pereyra\/","title":{"rendered":"Marco Arregui, no ocult\u00f3 su satisfacci\u00f3n por la detenci\u00f3n de Mario Pereyra"},"content":{"rendered":"\n<p>El 23 de Abril en horas de la noche, mientras compart\u00eda una pizza con un Amigo en conocida confiter\u00eda de Trenque Lauquen, profesional de la abogac\u00eda local dej\u00f3 un mensaje en el WhatsApp. La voz evidenciaba  inquietud, curiosidad y buscaba obtener datos de posible asesinato ocurrido en horas de la ma\u00f1ana en inmueble de la zona norte de la ciudad. De inmediato intent\u00e9 comunicar con el <strong>Comisario Arregui<\/strong>. No obtuve respuesta. Lo hice, entonces, al <strong>911<\/strong>. La respuesta fue<strong> \u00abse est\u00e1 en etapa de investigaci\u00f3n, pero desconocemos que es lo que realmente pas\u00f3\u00bb<\/strong>. Fuentes inobjetables, despu\u00e9s de una serie de llamados, confirmaron que hab\u00eda gran movimiento de m\u00f3viles en la calle Carlos Casares, entre Mitre y Alsina, zona donde resid\u00eda <strong>Ana (Anita) Aristimu\u00f1o<\/strong>, a qui\u00e9n en mi caso solo conoc\u00eda de vista. En un sitio web que act\u00faa como especie de Vocer\u00eda de las Fiscal\u00edas que dependen del Departamento Judicial se escrib\u00eda lo siguiente a poco de haberse denunciado el asesinato: <strong>La mujer no sufri\u00f3 golpes ni otras lesiones en su cuerpo, seg\u00fan el reporte<\/strong>\u00ab. Esa frase fue el disparador para que empezara a formularme una serie de preguntas, transformadas en dudas, luego de pasados algunos d\u00edas. <\/p>\n\n\n\n<figure class=\"wp-block-image aligncenter size-full is-resized\"><img loading=\"lazy\" decoding=\"async\" src=\"https:\/\/infoecos.com.ar\/wp-content\/uploads\/2023\/07\/aristimuno-aprehehdido-1-272x300-1-1.jpg\" alt=\"\" class=\"wp-image-107822\" width=\"408\" height=\"450\"\/><\/figure>\n\n\n\n<p>El 3 de Mayo se tom\u00f3 conocimiento que <strong>Mario Luis Pereyra<\/strong> &#8211; con antecedente pesado por haber asesinado a pu\u00f1aladas (no tengo presente la cantidad) a vecina de Trenque Lauquen &#8211; hab\u00eda purgado 20 a\u00f1os de prisi\u00f3n. Se lo conden\u00f3 a Prisi\u00f3n Perpetua. <\/p>\n\n\n\n<p>En la condici\u00f3n de <strong>Periodista en Retiro Obligado por razones de salud<\/strong>, solo pas\u00e9 por la esquina de Carlos Casares y Alsina, ese d\u00eda. Ante dos o tres preguntas que sin bajarme del veh\u00edculo formul\u00e9 a agentes del Personal de Seguridad, encontr\u00e9 total y absoluto hermetismo. Reci\u00e9n el d\u00eda domingo 11 &#8211; mientras segu\u00eda el desarrollo de una competencia de automovilismo &#8211; llam\u00e9 al<strong> Comisario Marco Arregui<\/strong> y plante\u00e9 lo que pensaba. Se\u00f1al\u00e9 luego, ante su categ\u00f3rico y breve an\u00e1lisis &#8211; si estaban seguros sobre si era el autor del suceso que preocup\u00f3 a todas\/os y que deseaba \u00abno fuera un perej\u00edl\u00bb. Se sumi\u00f3 unos segundos en el silencio, y pidi\u00f3 que siguiera el desarrollo de la labor que se realizaba desde la Fiscal\u00eda a cargo de la doctora Tallarico. <\/p>\n\n\n\n<p>Desde aquel di\u00e1logo &#8211; tel\u00e9fonio mediante &#8211; escrib\u00ed varias notas sobre el tema que fueron publicadas en este sitio. La \u00faltima fue muy punzante bajo el t\u00edtulo: <strong>\u00abCaso Anita Aristimu\u00f1o, un asesino anda Suelto\u00bb<\/strong>. Propio de un funcionario serio, aunque le haya dolido, el <strong>Comisario Arregui<\/strong> jam\u00e1s se comunic\u00f3 conmigo. <\/p>\n\n\n\n<p>En 50 a\u00f1os de profesi\u00f3n desarrollados activamente, salvo casos muy excepcionales, conoc\u00ed profesionales que deben proteger la seguridad ciudadana, tan respetuosos de la labor Judicial y compa\u00f1eras\/os uniformados. <strong>Marco Arregui<\/strong>, transmite responsabilidad, trabajo, dedicado. Deja claro &#8211; afirmo &#8211; que es orgullosamente <strong>Polic\u00eda<\/strong>. Trata bien al periodismo en general. No resta informaci\u00f3n, toda vez que los acontecimientos producidos sean consistentes para conocimiento de la opini\u00f3n p\u00fablica en general. No responde a especulaciones. Desde el accidente de autom\u00f3viles, motos y homicidios, el responsable del ahora titular de la Departamental dependiente del ministerio de Seguridad, lo demuestra. Merece en temas tan r\u00edspidos, ponderarlo.<\/p>\n\n\n\n<figure class=\"wp-block-image aligncenter size-large is-resized\"><img loading=\"lazy\" decoding=\"async\" src=\"https:\/\/infoecos.com.ar\/wp-content\/uploads\/multimedia.grande.bcb16e97659c9f78.6d6172636f5f6772616e64652e6a7067-920x612.jpg\" alt=\"\" class=\"wp-image-47263\" width=\"439\" height=\"291\"\/><figcaption class=\"wp-element-caption\">Trenque Lauquen &#8211; Arregui Marco (archivo)<\/figcaption><\/figure>\n\n\n\n<p>Este mi\u00e9rcoles 19 de Julio 2023, tuvo la amabilidad de env\u00edarme la invitaci\u00f3n a la conferencia de prensa. Por v\u00eda ep\u00edstolar, este fue el intercambio. Estoy convencido no traicionar, en virtud de su comportamiento como funcionario, ning\u00fan Manual de \u00c9tica Period\u00edstica.<\/p>\n\n\n\n<figure class=\"wp-block-image aligncenter size-full is-resized\"><img loading=\"lazy\" decoding=\"async\" src=\"https:\/\/infoecos.com.ar\/wp-content\/uploads\/2023\/07\/detencion2.jpg\" alt=\"\" class=\"wp-image-107775\" width=\"486\" height=\"652\" srcset=\"https:\/\/infoecos.com.ar\/wp-content\/uploads\/2023\/07\/detencion2.jpg 601w, https:\/\/infoecos.com.ar\/wp-content\/uploads\/2023\/07\/detencion2-596x800.jpg 596w\" sizes=\"(max-width: 486px) 100vw, 486px\" \/><figcaption class=\"wp-element-caption\">Pereyra detenido este mi\u00e9rcoles<\/figcaption><\/figure>\n\n\n\n<p><strong>Comisario Arregui<\/strong>: Hola Jorge, a las 11:00 hs la Fiscal Tallarico da conferencia de prensa en Fiscal\u00eda.<\/p>\n\n\n\n<p><strong>Jorge Matheus<\/strong>: Que lo maneje datatrenque<\/p>\n\n\n\n<p><strong>Comisario Arregui<\/strong>: El ADN di\u00f3 positivo y se lo detuvo hoy<\/p>\n\n\n\n<p><strong>Jorge Matheus<\/strong>: El Adn de que ?<\/p>\n\n\n\n<p><strong>Comisario Arregui<\/strong>: La Fiscal lo va a explicar<\/p>\n\n\n\n<p><strong>Jorge Matheus<\/strong>: Ya le hice saber<br><strong>Jorge Matheus<\/strong>: Que no voy<br><strong>Jorge Matheus<\/strong>: No te imaginas la cantidad de dudas que tengo<\/p>\n\n\n\n<p><strong>Comisario Arregui<\/strong>: Qu\u00e9date tranquilo que fue Pereyra<\/p>\n\n\n\n<p><strong>Jorge Matheus<\/strong>: Dame margen para la duda<\/p>\n\n\n\n<p>Lo puse al tanto de los mensajes intercambiados con la <strong>Doctora Tallarico<\/strong>. <\/p>\n\n\n\n<figure class=\"wp-block-image aligncenter size-full is-resized\"><img loading=\"lazy\" decoding=\"async\" src=\"https:\/\/infoecos.com.ar\/wp-content\/uploads\/2023\/07\/talarico.jpg\" alt=\"\" class=\"wp-image-107782\" width=\"459\" height=\"244\" srcset=\"https:\/\/infoecos.com.ar\/wp-content\/uploads\/2023\/07\/talarico.jpg 1187w, https:\/\/infoecos.com.ar\/wp-content\/uploads\/2023\/07\/talarico-800x424.jpg 800w, https:\/\/infoecos.com.ar\/wp-content\/uploads\/2023\/07\/talarico-768x407.jpg 768w, https:\/\/infoecos.com.ar\/wp-content\/uploads\/2023\/07\/talarico-1024x543.jpg 1024w\" sizes=\"(max-width: 459px) 100vw, 459px\" \/><\/figure>\n\n\n\n<p>La Fiscal que &#8211; a poco de asumir despu\u00e9s de haberse desempe\u00f1ado en otras labores relacionadas con la Justicia &#8211; se encontr\u00f3 con este homicidio escabroso, no conoc\u00eda mi tel\u00e9fono particular. Por escrito pidi\u00f3 disculpas por el atrevimiento y procedi\u00f3 a convocar a la reuni\u00f3n con las\/os ex colegas, imaginando &#8211; seguramente &#8211; que ocupo el tiempo para dar rienda suelta a <strong>\u00abuna pasi\u00f3n inexplicable por informar (como el slogan de GarageTV)\u00bb<\/strong>, la que traduzco en este sitio,<strong> Infoecos.com.ar<\/strong>.<\/p>\n\n\n\n<p>Con el transcurrir de las horas, el Comisario Arregui no pudo contener el resultado positivo de su aseveraci\u00f3n desde la primera aprehensi\u00f3n o detenci\u00f3n de Mario Luis Pereyra. Lo hizo a trav\u00e9s de las redes sociales. A muchos &#8211; entre ellos qui\u00e9n esto escribe &#8211; sorprendi\u00f3. <\/p>\n\n\n\n<p>Como ciudadano, me parece bien lo haya hecho. Demasiado desprestigio ha ganado la Polic\u00eda bonaerense hacia los cuatro puntos cardenales del pa\u00eds.<\/p>\n\n\n\n<p><strong>Escribe: Jorge Matheus<\/strong><\/p>\n","protected":false},"excerpt":{"rendered":"<p>Este mi\u00e9rcoles 19 de Julio 2023, tuvo la amabilidad de env\u00edarme la invitaci\u00f3n a la conferencia de prensa. Por v\u00eda ep\u00edstolar, este fue el intercambio. Estoy convencido no traicionar, en virtud de su comportamiento como funcionario, ning\u00fan Manual de \u00c9tica Period\u00edstica<\/p>\n","protected":false},"author":2,"featured_media":107827,"comment_status":"closed","ping_status":"open","sticky":false,"template":"","format":"standard","meta":{"footnotes":""},"categories":[1643],"tags":[1875],"class_list":["post-107821","post","type-post","status-publish","format-standard","has-post-thumbnail","hentry","category-inferior16","tag-escribe-jorge-matheus"],"yoast_head":"<!-- This site is optimized with the Yoast SEO plugin v23.4 - https:\/\/yoast.com\/wordpress\/plugins\/seo\/ -->\n<title>Marco Arregui, no ocult\u00f3 su satisfacci\u00f3n por la detenci\u00f3n de Mario Pereyra - Infoecos<\/title>\n<meta name=\"robots\" content=\"index, follow, max-snippet:-1, max-image-preview:large, max-video-preview:-1\" \/>\n<link rel=\"canonical\" href=\"https:\/\/infoecos.com.ar\/index.php\/el-comisario-marco-arregui-no-pudo-ocultar-su-satisfaccion-por-la-detencion-de-mario-pereyra\/\" \/>\n<meta property=\"og:locale\" content=\"es_ES\" \/>\n<meta property=\"og:type\" content=\"article\" \/>\n<meta property=\"og:title\" content=\"Marco Arregui, no ocult\u00f3 su satisfacci\u00f3n por la detenci\u00f3n de Mario Pereyra - Infoecos\" \/>\n<meta property=\"og:description\" content=\"Este mi\u00e9rcoles 19 de Julio 2023, tuvo la amabilidad de env\u00edarme la invitaci\u00f3n a la conferencia de prensa. Por v\u00eda ep\u00edstolar, este fue el intercambio. Estoy convencido no traicionar, en virtud de su comportamiento como funcionario, ning\u00fan Manual de \u00c9tica Period\u00edstica\" \/>\n<meta property=\"og:url\" content=\"https:\/\/infoecos.com.ar\/index.php\/el-comisario-marco-arregui-no-pudo-ocultar-su-satisfaccion-por-la-detencion-de-mario-pereyra\/\" \/>\n<meta property=\"og:site_name\" content=\"Infoecos\" \/>\n<meta property=\"article:publisher\" content=\"https:\/\/www.facebook.com\/profile.php?id=100063200290284\" \/>\n<meta property=\"article:published_time\" content=\"2023-07-20T03:15:24+00:00\" \/>\n<meta property=\"article:modified_time\" content=\"2023-07-23T15:22:00+00:00\" \/>\n<meta property=\"og:image\" content=\"https:\/\/infoecos.com.ar\/wp-content\/uploads\/2023\/07\/arreguiotra.jpg\" \/>\n\t<meta property=\"og:image:width\" content=\"938\" \/>\n\t<meta property=\"og:image:height\" content=\"913\" \/>\n\t<meta property=\"og:image:type\" content=\"image\/jpeg\" \/>\n<meta name=\"author\" content=\"Jorge Matheus\" \/>\n<meta name=\"twitter:card\" content=\"summary_large_image\" \/>\n<meta name=\"twitter:creator\" content=\"@infoecos\" \/>\n<meta name=\"twitter:site\" content=\"@infoecos\" \/>\n<meta name=\"twitter:label1\" content=\"Escrito por\" \/>\n\t<meta name=\"twitter:data1\" content=\"Jorge Matheus\" \/>\n\t<meta name=\"twitter:label2\" content=\"Tiempo de lectura\" \/>\n\t<meta name=\"twitter:data2\" content=\"5 minutos\" \/>\n<script type=\"application\/ld+json\" class=\"yoast-schema-graph\">{\"@context\":\"https:\/\/schema.org\",\"@graph\":[{\"@type\":\"Article\",\"@id\":\"https:\/\/infoecos.com.ar\/index.php\/el-comisario-marco-arregui-no-pudo-ocultar-su-satisfaccion-por-la-detencion-de-mario-pereyra\/#article\",\"isPartOf\":{\"@id\":\"https:\/\/infoecos.com.ar\/index.php\/el-comisario-marco-arregui-no-pudo-ocultar-su-satisfaccion-por-la-detencion-de-mario-pereyra\/\"},\"author\":{\"name\":\"Jorge Matheus\",\"@id\":\"https:\/\/infoecos.com.ar\/#\/schema\/person\/8f5ace5ce73b4b4aac4b7245aee6f191\"},\"headline\":\"Marco Arregui, no ocult\u00f3 su satisfacci\u00f3n por la detenci\u00f3n de Mario Pereyra\",\"datePublished\":\"2023-07-20T03:15:24+00:00\",\"dateModified\":\"2023-07-23T15:22:00+00:00\",\"mainEntityOfPage\":{\"@id\":\"https:\/\/infoecos.com.ar\/index.php\/el-comisario-marco-arregui-no-pudo-ocultar-su-satisfaccion-por-la-detencion-de-mario-pereyra\/\"},\"wordCount\":899,\"publisher\":{\"@id\":\"https:\/\/infoecos.com.ar\/#organization\"},\"image\":{\"@id\":\"https:\/\/infoecos.com.ar\/index.php\/el-comisario-marco-arregui-no-pudo-ocultar-su-satisfaccion-por-la-detencion-de-mario-pereyra\/#primaryimage\"},\"thumbnailUrl\":\"https:\/\/infoecos.com.ar\/wp-content\/uploads\/2023\/07\/arreguiotra.jpg\",\"keywords\":[\"ESCRIBE: JORGE MATHEUS\"],\"articleSection\":[\"Bloque inferior - 16\"],\"inLanguage\":\"es\"},{\"@type\":\"WebPage\",\"@id\":\"https:\/\/infoecos.com.ar\/index.php\/el-comisario-marco-arregui-no-pudo-ocultar-su-satisfaccion-por-la-detencion-de-mario-pereyra\/\",\"url\":\"https:\/\/infoecos.com.ar\/index.php\/el-comisario-marco-arregui-no-pudo-ocultar-su-satisfaccion-por-la-detencion-de-mario-pereyra\/\",\"name\":\"Marco Arregui, no ocult\u00f3 su satisfacci\u00f3n por la detenci\u00f3n de Mario Pereyra - Infoecos\",\"isPartOf\":{\"@id\":\"https:\/\/infoecos.com.ar\/#website\"},\"primaryImageOfPage\":{\"@id\":\"https:\/\/infoecos.com.ar\/index.php\/el-comisario-marco-arregui-no-pudo-ocultar-su-satisfaccion-por-la-detencion-de-mario-pereyra\/#primaryimage\"},\"image\":{\"@id\":\"https:\/\/infoecos.com.ar\/index.php\/el-comisario-marco-arregui-no-pudo-ocultar-su-satisfaccion-por-la-detencion-de-mario-pereyra\/#primaryimage\"},\"thumbnailUrl\":\"https:\/\/infoecos.com.ar\/wp-content\/uploads\/2023\/07\/arreguiotra.jpg\",\"datePublished\":\"2023-07-20T03:15:24+00:00\",\"dateModified\":\"2023-07-23T15:22:00+00:00\",\"breadcrumb\":{\"@id\":\"https:\/\/infoecos.com.ar\/index.php\/el-comisario-marco-arregui-no-pudo-ocultar-su-satisfaccion-por-la-detencion-de-mario-pereyra\/#breadcrumb\"},\"inLanguage\":\"es\",\"potentialAction\":[{\"@type\":\"ReadAction\",\"target\":[\"https:\/\/infoecos.com.ar\/index.php\/el-comisario-marco-arregui-no-pudo-ocultar-su-satisfaccion-por-la-detencion-de-mario-pereyra\/\"]}]},{\"@type\":\"ImageObject\",\"inLanguage\":\"es\",\"@id\":\"https:\/\/infoecos.com.ar\/index.php\/el-comisario-marco-arregui-no-pudo-ocultar-su-satisfaccion-por-la-detencion-de-mario-pereyra\/#primaryimage\",\"url\":\"https:\/\/infoecos.com.ar\/wp-content\/uploads\/2023\/07\/arreguiotra.jpg\",\"contentUrl\":\"https:\/\/infoecos.com.ar\/wp-content\/uploads\/2023\/07\/arreguiotra.jpg\",\"width\":938,\"height\":913},{\"@type\":\"BreadcrumbList\",\"@id\":\"https:\/\/infoecos.com.ar\/index.php\/el-comisario-marco-arregui-no-pudo-ocultar-su-satisfaccion-por-la-detencion-de-mario-pereyra\/#breadcrumb\",\"itemListElement\":[{\"@type\":\"ListItem\",\"position\":1,\"name\":\"Portada\",\"item\":\"https:\/\/infoecos.com.ar\/\"},{\"@type\":\"ListItem\",\"position\":2,\"name\":\"Marco Arregui, no ocult\u00f3 su satisfacci\u00f3n por la detenci\u00f3n de Mario Pereyra\"}]},{\"@type\":\"WebSite\",\"@id\":\"https:\/\/infoecos.com.ar\/#website\",\"url\":\"https:\/\/infoecos.com.ar\/\",\"name\":\"Infoecos\",\"description\":\"Noticias de trenque lauquen y la zona\",\"publisher\":{\"@id\":\"https:\/\/infoecos.com.ar\/#organization\"},\"alternateName\":\"Noticias\",\"potentialAction\":[{\"@type\":\"SearchAction\",\"target\":{\"@type\":\"EntryPoint\",\"urlTemplate\":\"https:\/\/infoecos.com.ar\/?s={search_term_string}\"},\"query-input\":{\"@type\":\"PropertyValueSpecification\",\"valueRequired\":true,\"valueName\":\"search_term_string\"}}],\"inLanguage\":\"es\"},{\"@type\":\"Organization\",\"@id\":\"https:\/\/infoecos.com.ar\/#organization\",\"name\":\"Infoecos\",\"alternateName\":\"Noticias\",\"url\":\"https:\/\/infoecos.com.ar\/\",\"logo\":{\"@type\":\"ImageObject\",\"inLanguage\":\"es\",\"@id\":\"https:\/\/infoecos.com.ar\/#\/schema\/logo\/image\/\",\"url\":\"https:\/\/infoecos.com.ar\/wp-content\/uploads\/2024\/03\/cropped-logo.png\",\"contentUrl\":\"https:\/\/infoecos.com.ar\/wp-content\/uploads\/2024\/03\/cropped-logo.png\",\"width\":374,\"height\":90,\"caption\":\"Infoecos\"},\"image\":{\"@id\":\"https:\/\/infoecos.com.ar\/#\/schema\/logo\/image\/\"},\"sameAs\":[\"https:\/\/www.facebook.com\/profile.php?id=100063200290284\",\"https:\/\/x.com\/infoecos\"]},{\"@type\":\"Person\",\"@id\":\"https:\/\/infoecos.com.ar\/#\/schema\/person\/8f5ace5ce73b4b4aac4b7245aee6f191\",\"name\":\"Jorge Matheus\",\"url\":\"https:\/\/infoecos.com.ar\/index.php\/author\/jomatheus\/\"}]}<\/script>\n<!-- \/ Yoast SEO plugin. -->","yoast_head_json":{"title":"Marco Arregui, no ocult\u00f3 su satisfacci\u00f3n por la detenci\u00f3n de Mario Pereyra - Infoecos","robots":{"index":"index","follow":"follow","max-snippet":"max-snippet:-1","max-image-preview":"max-image-preview:large","max-video-preview":"max-video-preview:-1"},"canonical":"https:\/\/infoecos.com.ar\/index.php\/el-comisario-marco-arregui-no-pudo-ocultar-su-satisfaccion-por-la-detencion-de-mario-pereyra\/","og_locale":"es_ES","og_type":"article","og_title":"Marco Arregui, no ocult\u00f3 su satisfacci\u00f3n por la detenci\u00f3n de Mario Pereyra - Infoecos","og_description":"Este mi\u00e9rcoles 19 de Julio 2023, tuvo la amabilidad de env\u00edarme la invitaci\u00f3n a la conferencia de prensa. Por v\u00eda ep\u00edstolar, este fue el intercambio. Estoy convencido no traicionar, en virtud de su comportamiento como funcionario, ning\u00fan Manual de \u00c9tica Period\u00edstica","og_url":"https:\/\/infoecos.com.ar\/index.php\/el-comisario-marco-arregui-no-pudo-ocultar-su-satisfaccion-por-la-detencion-de-mario-pereyra\/","og_site_name":"Infoecos","article_publisher":"https:\/\/www.facebook.com\/profile.php?id=100063200290284","article_published_time":"2023-07-20T03:15:24+00:00","article_modified_time":"2023-07-23T15:22:00+00:00","og_image":[{"width":938,"height":913,"url":"https:\/\/infoecos.com.ar\/wp-content\/uploads\/2023\/07\/arreguiotra.jpg","type":"image\/jpeg"}],"author":"Jorge Matheus","twitter_card":"summary_large_image","twitter_creator":"@infoecos","twitter_site":"@infoecos","twitter_misc":{"Escrito por":"Jorge Matheus","Tiempo de lectura":"5 minutos"},"schema":{"@context":"https:\/\/schema.org","@graph":[{"@type":"Article","@id":"https:\/\/infoecos.com.ar\/index.php\/el-comisario-marco-arregui-no-pudo-ocultar-su-satisfaccion-por-la-detencion-de-mario-pereyra\/#article","isPartOf":{"@id":"https:\/\/infoecos.com.ar\/index.php\/el-comisario-marco-arregui-no-pudo-ocultar-su-satisfaccion-por-la-detencion-de-mario-pereyra\/"},"author":{"name":"Jorge Matheus","@id":"https:\/\/infoecos.com.ar\/#\/schema\/person\/8f5ace5ce73b4b4aac4b7245aee6f191"},"headline":"Marco Arregui, no ocult\u00f3 su satisfacci\u00f3n por la detenci\u00f3n de Mario Pereyra","datePublished":"2023-07-20T03:15:24+00:00","dateModified":"2023-07-23T15:22:00+00:00","mainEntityOfPage":{"@id":"https:\/\/infoecos.com.ar\/index.php\/el-comisario-marco-arregui-no-pudo-ocultar-su-satisfaccion-por-la-detencion-de-mario-pereyra\/"},"wordCount":899,"publisher":{"@id":"https:\/\/infoecos.com.ar\/#organization"},"image":{"@id":"https:\/\/infoecos.com.ar\/index.php\/el-comisario-marco-arregui-no-pudo-ocultar-su-satisfaccion-por-la-detencion-de-mario-pereyra\/#primaryimage"},"thumbnailUrl":"https:\/\/infoecos.com.ar\/wp-content\/uploads\/2023\/07\/arreguiotra.jpg","keywords":["ESCRIBE: JORGE MATHEUS"],"articleSection":["Bloque inferior - 16"],"inLanguage":"es"},{"@type":"WebPage","@id":"https:\/\/infoecos.com.ar\/index.php\/el-comisario-marco-arregui-no-pudo-ocultar-su-satisfaccion-por-la-detencion-de-mario-pereyra\/","url":"https:\/\/infoecos.com.ar\/index.php\/el-comisario-marco-arregui-no-pudo-ocultar-su-satisfaccion-por-la-detencion-de-mario-pereyra\/","name":"Marco Arregui, no ocult\u00f3 su satisfacci\u00f3n por la detenci\u00f3n de Mario Pereyra - Infoecos","isPartOf":{"@id":"https:\/\/infoecos.com.ar\/#website"},"primaryImageOfPage":{"@id":"https:\/\/infoecos.com.ar\/index.php\/el-comisario-marco-arregui-no-pudo-ocultar-su-satisfaccion-por-la-detencion-de-mario-pereyra\/#primaryimage"},"image":{"@id":"https:\/\/infoecos.com.ar\/index.php\/el-comisario-marco-arregui-no-pudo-ocultar-su-satisfaccion-por-la-detencion-de-mario-pereyra\/#primaryimage"},"thumbnailUrl":"https:\/\/infoecos.com.ar\/wp-content\/uploads\/2023\/07\/arreguiotra.jpg","datePublished":"2023-07-20T03:15:24+00:00","dateModified":"2023-07-23T15:22:00+00:00","breadcrumb":{"@id":"https:\/\/infoecos.com.ar\/index.php\/el-comisario-marco-arregui-no-pudo-ocultar-su-satisfaccion-por-la-detencion-de-mario-pereyra\/#breadcrumb"},"inLanguage":"es","potentialAction":[{"@type":"ReadAction","target":["https:\/\/infoecos.com.ar\/index.php\/el-comisario-marco-arregui-no-pudo-ocultar-su-satisfaccion-por-la-detencion-de-mario-pereyra\/"]}]},{"@type":"ImageObject","inLanguage":"es","@id":"https:\/\/infoecos.com.ar\/index.php\/el-comisario-marco-arregui-no-pudo-ocultar-su-satisfaccion-por-la-detencion-de-mario-pereyra\/#primaryimage","url":"https:\/\/infoecos.com.ar\/wp-content\/uploads\/2023\/07\/arreguiotra.jpg","contentUrl":"https:\/\/infoecos.com.ar\/wp-content\/uploads\/2023\/07\/arreguiotra.jpg","width":938,"height":913},{"@type":"BreadcrumbList","@id":"https:\/\/infoecos.com.ar\/index.php\/el-comisario-marco-arregui-no-pudo-ocultar-su-satisfaccion-por-la-detencion-de-mario-pereyra\/#breadcrumb","itemListElement":[{"@type":"ListItem","position":1,"name":"Portada","item":"https:\/\/infoecos.com.ar\/"},{"@type":"ListItem","position":2,"name":"Marco Arregui, no ocult\u00f3 su satisfacci\u00f3n por la detenci\u00f3n de Mario Pereyra"}]},{"@type":"WebSite","@id":"https:\/\/infoecos.com.ar\/#website","url":"https:\/\/infoecos.com.ar\/","name":"Infoecos","description":"Noticias de trenque lauquen y la zona","publisher":{"@id":"https:\/\/infoecos.com.ar\/#organization"},"alternateName":"Noticias","potentialAction":[{"@type":"SearchAction","target":{"@type":"EntryPoint","urlTemplate":"https:\/\/infoecos.com.ar\/?s={search_term_string}"},"query-input":{"@type":"PropertyValueSpecification","valueRequired":true,"valueName":"search_term_string"}}],"inLanguage":"es"},{"@type":"Organization","@id":"https:\/\/infoecos.com.ar\/#organization","name":"Infoecos","alternateName":"Noticias","url":"https:\/\/infoecos.com.ar\/","logo":{"@type":"ImageObject","inLanguage":"es","@id":"https:\/\/infoecos.com.ar\/#\/schema\/logo\/image\/","url":"https:\/\/infoecos.com.ar\/wp-content\/uploads\/2024\/03\/cropped-logo.png","contentUrl":"https:\/\/infoecos.com.ar\/wp-content\/uploads\/2024\/03\/cropped-logo.png","width":374,"height":90,"caption":"Infoecos"},"image":{"@id":"https:\/\/infoecos.com.ar\/#\/schema\/logo\/image\/"},"sameAs":["https:\/\/www.facebook.com\/profile.php?id=100063200290284","https:\/\/x.com\/infoecos"]},{"@type":"Person","@id":"https:\/\/infoecos.com.ar\/#\/schema\/person\/8f5ace5ce73b4b4aac4b7245aee6f191","name":"Jorge Matheus","url":"https:\/\/infoecos.com.ar\/index.php\/author\/jomatheus\/"}]}},"featured_image_urls":{"full":["https:\/\/infoecos.com.ar\/wp-content\/uploads\/2023\/07\/arreguiotra.jpg",938,913,false],"thumbnail":["https:\/\/infoecos.com.ar\/wp-content\/uploads\/2023\/07\/arreguiotra-300x150.jpg",300,150,true],"medium":["https:\/\/infoecos.com.ar\/wp-content\/uploads\/2023\/07\/arreguiotra-800x779.jpg",800,779,true],"medium_large":["https:\/\/infoecos.com.ar\/wp-content\/uploads\/2023\/07\/arreguiotra-768x748.jpg",640,623,true],"large":["https:\/\/infoecos.com.ar\/wp-content\/uploads\/2023\/07\/arreguiotra.jpg",640,623,false],"1536x1536":["https:\/\/infoecos.com.ar\/wp-content\/uploads\/2023\/07\/arreguiotra.jpg",938,913,false],"2048x2048":["https:\/\/infoecos.com.ar\/wp-content\/uploads\/2023\/07\/arreguiotra.jpg",938,913,false],"covernews-slider-full":["https:\/\/infoecos.com.ar\/wp-content\/uploads\/2023\/07\/arreguiotra.jpg",735,715,false],"covernews-slider-center":["https:\/\/infoecos.com.ar\/wp-content\/uploads\/2023\/07\/arreguiotra-936x897.jpg",522,500,true],"covernews-featured":["https:\/\/infoecos.com.ar\/wp-content\/uploads\/2023\/07\/arreguiotra.jpg",938,913,false],"covernews-medium":["https:\/\/infoecos.com.ar\/wp-content\/uploads\/2023\/07\/arreguiotra-720x380.jpg",540,285,true],"covernews-medium-square":["https:\/\/infoecos.com.ar\/wp-content\/uploads\/2023\/07\/arreguiotra-675x450.jpg",375,250,true]},"author_info":{"info":["Jorge Matheus"]},"category_info":"<a href=\"https:\/\/infoecos.com.ar\/index.php\/category\/inferior16\/\" rel=\"category tag\">Bloque inferior - 16<\/a>","tag_info":"Bloque inferior - 16","comment_count":"0","_links":{"self":[{"href":"https:\/\/infoecos.com.ar\/index.php\/wp-json\/wp\/v2\/posts\/107821"}],"collection":[{"href":"https:\/\/infoecos.com.ar\/index.php\/wp-json\/wp\/v2\/posts"}],"about":[{"href":"https:\/\/infoecos.com.ar\/index.php\/wp-json\/wp\/v2\/types\/post"}],"author":[{"embeddable":true,"href":"https:\/\/infoecos.com.ar\/index.php\/wp-json\/wp\/v2\/users\/2"}],"replies":[{"embeddable":true,"href":"https:\/\/infoecos.com.ar\/index.php\/wp-json\/wp\/v2\/comments?post=107821"}],"version-history":[{"count":3,"href":"https:\/\/infoecos.com.ar\/index.php\/wp-json\/wp\/v2\/posts\/107821\/revisions"}],"predecessor-version":[{"id":107829,"href":"https:\/\/infoecos.com.ar\/index.php\/wp-json\/wp\/v2\/posts\/107821\/revisions\/107829"}],"wp:featuredmedia":[{"embeddable":true,"href":"https:\/\/infoecos.com.ar\/index.php\/wp-json\/wp\/v2\/media\/107827"}],"wp:attachment":[{"href":"https:\/\/infoecos.com.ar\/index.php\/wp-json\/wp\/v2\/media?parent=107821"}],"wp:term":[{"taxonomy":"category","embeddable":true,"href":"https:\/\/infoecos.com.ar\/index.php\/wp-json\/wp\/v2\/categories?post=107821"},{"taxonomy":"post_tag","embeddable":true,"href":"https:\/\/infoecos.com.ar\/index.php\/wp-json\/wp\/v2\/tags?post=107821"}],"curies":[{"name":"wp","href":"https:\/\/api.w.org\/{rel}","templated":true}]}}