{"id":108099,"date":"2023-07-23T13:49:58","date_gmt":"2023-07-23T16:49:58","guid":{"rendered":"https:\/\/infoecos.com.ar\/?p=108099"},"modified":"2023-07-24T02:14:36","modified_gmt":"2023-07-24T05:14:36","slug":"convenios-entre-el-municipio-y-cooperativa-electrica-temas-sobresalientes","status":"publish","type":"post","link":"https:\/\/infoecos.com.ar\/index.php\/convenios-entre-el-municipio-y-cooperativa-electrica-temas-sobresalientes\/","title":{"rendered":"Convenios entre el municipio y Cooperativa El\u00e9ctrica, temas sobresalientes"},"content":{"rendered":"\n<p>El tratamiento de dos convenios entre la Municipalidad y la Cooperativa El\u00e9ctrica de Trenque Lauquen, tendientes a la prestaci\u00f3n del servicio de cremaci\u00f3n junto a la construcci\u00f3n de un crematorio y un ceniciario para tal fin, son los puntos m\u00e1s sobresalientes que ser\u00e1n tratados el pr\u00f3ximo lunes (24) durante la 10ma. Sesi\u00f3n Ordinaria, que incluye la apertura formal de una muestra del artista Juan Orellana como parte del programa Cultura Deliberante.<\/p>\n\n\n\n<figure class=\"wp-block-image aligncenter size-large is-resized\"><img loading=\"lazy\" decoding=\"async\" src=\"https:\/\/infoecos.com.ar\/wp-content\/uploads\/2022\/09\/concejodeliberante-920x690.jpg\" alt=\"\" class=\"wp-image-98078\" width=\"544\" height=\"408\" srcset=\"https:\/\/infoecos.com.ar\/wp-content\/uploads\/2022\/09\/concejodeliberante-920x690.jpg 920w, https:\/\/infoecos.com.ar\/wp-content\/uploads\/2022\/09\/concejodeliberante-460x345.jpg 460w, https:\/\/infoecos.com.ar\/wp-content\/uploads\/2022\/09\/concejodeliberante-768x576.jpg 768w, https:\/\/infoecos.com.ar\/wp-content\/uploads\/2022\/09\/concejodeliberante-1024x768.jpg 1024w, https:\/\/infoecos.com.ar\/wp-content\/uploads\/2022\/09\/concejodeliberante.jpg 1030w\" sizes=\"(max-width: 544px) 100vw, 544px\" \/><\/figure>\n\n\n\n<p>La Sesi\u00f3n, se iniciar\u00e1 a las 21 horas, incluye para su tratamiento otras normativas que resultaron del trabajo de las Comisiones Internas, entre ellas, el Decreto de conformaci\u00f3n de la n\u00f3mina de Mayores Contribuyentes; una autorizaci\u00f3n para que la Comuna aplique las Leyes Nacional y Provincial de Tr\u00e1nsito, a fin de reducir la velocidad en calle 9 de Julio entre Santiago Rubio y Glattstein; y una Ordenanza por la cual se transfiere a la Direcci\u00f3n Provincial de Hidr\u00e1ulica de la Provincia, sede Trenque Lauquen, una parcela ubicada en la zona industrial, puntualmente en calle Elsa Beascochea de Fino n\u00b0 2662.<\/p>\n\n\n\n<p>Se suman para su tratamiento en el recinto la obra de cord\u00f3n cuneta en la calle Almafuerte entre Baldovino y Llamb\u00edas (acera impar); el esquema de calles y amanzanamiento del proyecto de subdivisi\u00f3n de las Quintas 85, 82, 76 y 70 de nuestra ciudad; la adjudicaci\u00f3n de un inmueble ubicado en calle Llamb\u00edas n\u00b0 1372 a favor del Sr. Orlando Renee Dallaglio; y finalmente una declaraci\u00f3n de Inter\u00e9s Legislativo, Cultural y Comunitario para el 15\u00b0 aniversario de la Escuela de Formaci\u00f3n Profesional de Guardavidas, del Centro de Educaci\u00f3n F\u00edsica n\u00b0 18.<\/p>\n\n\n\n<p>Por \u00faltimo, la 10ma. Sesi\u00f3n Ordinaria incluye para su tratamiento una Comunicaci\u00f3n presentada por el bloque Unidad Peronista, en la que solicitan al Departamento Ejecutivo reparar y poner en valor el sistema de alumbrado p\u00fablico en el barrio Evita-Centenario.<\/p>\n","protected":false},"excerpt":{"rendered":"<p>Prestaci\u00f3n del servicio de cremaci\u00f3n junto a la construcci\u00f3n de un crematorio y un ceniciario <\/p>\n","protected":false},"author":2,"featured_media":98078,"comment_status":"closed","ping_status":"open","sticky":false,"template":"","format":"standard","meta":{"footnotes":""},"categories":[1613],"tags":[6052],"class_list":["post-108099","post","type-post","status-publish","format-standard","has-post-thumbnail","hentry","category-noticia-secundaria","tag-concejo-deliberante-t-lauquen"],"yoast_head":"<!-- This site is optimized with the Yoast SEO plugin v23.4 - https:\/\/yoast.com\/wordpress\/plugins\/seo\/ -->\n<title>Convenios entre el municipio y Cooperativa El\u00e9ctrica, temas sobresalientes - Infoecos<\/title>\n<meta name=\"robots\" content=\"index, follow, max-snippet:-1, max-image-preview:large, max-video-preview:-1\" \/>\n<link rel=\"canonical\" href=\"https:\/\/infoecos.com.ar\/index.php\/convenios-entre-el-municipio-y-cooperativa-electrica-temas-sobresalientes\/\" \/>\n<meta property=\"og:locale\" content=\"es_ES\" \/>\n<meta property=\"og:type\" content=\"article\" \/>\n<meta property=\"og:title\" content=\"Convenios entre el municipio y Cooperativa El\u00e9ctrica, temas sobresalientes - Infoecos\" \/>\n<meta property=\"og:description\" content=\"Prestaci\u00f3n del servicio de cremaci\u00f3n junto a la construcci\u00f3n de un crematorio y un ceniciario\" \/>\n<meta property=\"og:url\" content=\"https:\/\/infoecos.com.ar\/index.php\/convenios-entre-el-municipio-y-cooperativa-electrica-temas-sobresalientes\/\" \/>\n<meta property=\"og:site_name\" content=\"Infoecos\" \/>\n<meta property=\"article:publisher\" content=\"https:\/\/www.facebook.com\/profile.php?id=100063200290284\" \/>\n<meta property=\"article:published_time\" content=\"2023-07-23T16:49:58+00:00\" \/>\n<meta property=\"article:modified_time\" content=\"2023-07-24T05:14:36+00:00\" \/>\n<meta property=\"og:image\" content=\"https:\/\/infoecos.com.ar\/wp-content\/uploads\/2022\/09\/concejodeliberante.jpg\" \/>\n\t<meta property=\"og:image:width\" content=\"1030\" \/>\n\t<meta property=\"og:image:height\" content=\"773\" \/>\n\t<meta property=\"og:image:type\" content=\"image\/jpeg\" \/>\n<meta name=\"author\" content=\"Jorge Matheus\" \/>\n<meta name=\"twitter:card\" content=\"summary_large_image\" \/>\n<meta name=\"twitter:creator\" content=\"@infoecos\" \/>\n<meta name=\"twitter:site\" content=\"@infoecos\" \/>\n<meta name=\"twitter:label1\" content=\"Escrito por\" \/>\n\t<meta name=\"twitter:data1\" content=\"Jorge Matheus\" \/>\n\t<meta name=\"twitter:label2\" content=\"Tiempo de lectura\" \/>\n\t<meta name=\"twitter:data2\" content=\"2 minutos\" \/>\n<script type=\"application\/ld+json\" class=\"yoast-schema-graph\">{\"@context\":\"https:\/\/schema.org\",\"@graph\":[{\"@type\":\"Article\",\"@id\":\"https:\/\/infoecos.com.ar\/index.php\/convenios-entre-el-municipio-y-cooperativa-electrica-temas-sobresalientes\/#article\",\"isPartOf\":{\"@id\":\"https:\/\/infoecos.com.ar\/index.php\/convenios-entre-el-municipio-y-cooperativa-electrica-temas-sobresalientes\/\"},\"author\":{\"name\":\"Jorge Matheus\",\"@id\":\"https:\/\/infoecos.com.ar\/#\/schema\/person\/8f5ace5ce73b4b4aac4b7245aee6f191\"},\"headline\":\"Convenios entre el municipio y Cooperativa El\u00e9ctrica, temas sobresalientes\",\"datePublished\":\"2023-07-23T16:49:58+00:00\",\"dateModified\":\"2023-07-24T05:14:36+00:00\",\"mainEntityOfPage\":{\"@id\":\"https:\/\/infoecos.com.ar\/index.php\/convenios-entre-el-municipio-y-cooperativa-electrica-temas-sobresalientes\/\"},\"wordCount\":328,\"publisher\":{\"@id\":\"https:\/\/infoecos.com.ar\/#organization\"},\"image\":{\"@id\":\"https:\/\/infoecos.com.ar\/index.php\/convenios-entre-el-municipio-y-cooperativa-electrica-temas-sobresalientes\/#primaryimage\"},\"thumbnailUrl\":\"https:\/\/infoecos.com.ar\/wp-content\/uploads\/2022\/09\/concejodeliberante.jpg\",\"keywords\":[\"CONCEJO DELIBERANTE T.LAUQUEN\"],\"articleSection\":[\"Noticia Secundaria\"],\"inLanguage\":\"es\"},{\"@type\":\"WebPage\",\"@id\":\"https:\/\/infoecos.com.ar\/index.php\/convenios-entre-el-municipio-y-cooperativa-electrica-temas-sobresalientes\/\",\"url\":\"https:\/\/infoecos.com.ar\/index.php\/convenios-entre-el-municipio-y-cooperativa-electrica-temas-sobresalientes\/\",\"name\":\"Convenios entre el municipio y Cooperativa El\u00e9ctrica, temas sobresalientes - Infoecos\",\"isPartOf\":{\"@id\":\"https:\/\/infoecos.com.ar\/#website\"},\"primaryImageOfPage\":{\"@id\":\"https:\/\/infoecos.com.ar\/index.php\/convenios-entre-el-municipio-y-cooperativa-electrica-temas-sobresalientes\/#primaryimage\"},\"image\":{\"@id\":\"https:\/\/infoecos.com.ar\/index.php\/convenios-entre-el-municipio-y-cooperativa-electrica-temas-sobresalientes\/#primaryimage\"},\"thumbnailUrl\":\"https:\/\/infoecos.com.ar\/wp-content\/uploads\/2022\/09\/concejodeliberante.jpg\",\"datePublished\":\"2023-07-23T16:49:58+00:00\",\"dateModified\":\"2023-07-24T05:14:36+00:00\",\"breadcrumb\":{\"@id\":\"https:\/\/infoecos.com.ar\/index.php\/convenios-entre-el-municipio-y-cooperativa-electrica-temas-sobresalientes\/#breadcrumb\"},\"inLanguage\":\"es\",\"potentialAction\":[{\"@type\":\"ReadAction\",\"target\":[\"https:\/\/infoecos.com.ar\/index.php\/convenios-entre-el-municipio-y-cooperativa-electrica-temas-sobresalientes\/\"]}]},{\"@type\":\"ImageObject\",\"inLanguage\":\"es\",\"@id\":\"https:\/\/infoecos.com.ar\/index.php\/convenios-entre-el-municipio-y-cooperativa-electrica-temas-sobresalientes\/#primaryimage\",\"url\":\"https:\/\/infoecos.com.ar\/wp-content\/uploads\/2022\/09\/concejodeliberante.jpg\",\"contentUrl\":\"https:\/\/infoecos.com.ar\/wp-content\/uploads\/2022\/09\/concejodeliberante.jpg\",\"width\":1030,\"height\":773},{\"@type\":\"BreadcrumbList\",\"@id\":\"https:\/\/infoecos.com.ar\/index.php\/convenios-entre-el-municipio-y-cooperativa-electrica-temas-sobresalientes\/#breadcrumb\",\"itemListElement\":[{\"@type\":\"ListItem\",\"position\":1,\"name\":\"Portada\",\"item\":\"https:\/\/infoecos.com.ar\/\"},{\"@type\":\"ListItem\",\"position\":2,\"name\":\"Convenios entre el municipio y Cooperativa El\u00e9ctrica, temas sobresalientes\"}]},{\"@type\":\"WebSite\",\"@id\":\"https:\/\/infoecos.com.ar\/#website\",\"url\":\"https:\/\/infoecos.com.ar\/\",\"name\":\"Infoecos\",\"description\":\"Noticias de trenque lauquen y la zona\",\"publisher\":{\"@id\":\"https:\/\/infoecos.com.ar\/#organization\"},\"alternateName\":\"Noticias\",\"potentialAction\":[{\"@type\":\"SearchAction\",\"target\":{\"@type\":\"EntryPoint\",\"urlTemplate\":\"https:\/\/infoecos.com.ar\/?s={search_term_string}\"},\"query-input\":{\"@type\":\"PropertyValueSpecification\",\"valueRequired\":true,\"valueName\":\"search_term_string\"}}],\"inLanguage\":\"es\"},{\"@type\":\"Organization\",\"@id\":\"https:\/\/infoecos.com.ar\/#organization\",\"name\":\"Infoecos\",\"alternateName\":\"Noticias\",\"url\":\"https:\/\/infoecos.com.ar\/\",\"logo\":{\"@type\":\"ImageObject\",\"inLanguage\":\"es\",\"@id\":\"https:\/\/infoecos.com.ar\/#\/schema\/logo\/image\/\",\"url\":\"https:\/\/infoecos.com.ar\/wp-content\/uploads\/2024\/03\/cropped-logo.png\",\"contentUrl\":\"https:\/\/infoecos.com.ar\/wp-content\/uploads\/2024\/03\/cropped-logo.png\",\"width\":374,\"height\":90,\"caption\":\"Infoecos\"},\"image\":{\"@id\":\"https:\/\/infoecos.com.ar\/#\/schema\/logo\/image\/\"},\"sameAs\":[\"https:\/\/www.facebook.com\/profile.php?id=100063200290284\",\"https:\/\/x.com\/infoecos\"]},{\"@type\":\"Person\",\"@id\":\"https:\/\/infoecos.com.ar\/#\/schema\/person\/8f5ace5ce73b4b4aac4b7245aee6f191\",\"name\":\"Jorge Matheus\",\"url\":\"https:\/\/infoecos.com.ar\/index.php\/author\/jomatheus\/\"}]}<\/script>\n<!-- \/ Yoast SEO plugin. -->","yoast_head_json":{"title":"Convenios entre el municipio y Cooperativa El\u00e9ctrica, temas sobresalientes - Infoecos","robots":{"index":"index","follow":"follow","max-snippet":"max-snippet:-1","max-image-preview":"max-image-preview:large","max-video-preview":"max-video-preview:-1"},"canonical":"https:\/\/infoecos.com.ar\/index.php\/convenios-entre-el-municipio-y-cooperativa-electrica-temas-sobresalientes\/","og_locale":"es_ES","og_type":"article","og_title":"Convenios entre el municipio y Cooperativa El\u00e9ctrica, temas sobresalientes - Infoecos","og_description":"Prestaci\u00f3n del servicio de cremaci\u00f3n junto a la construcci\u00f3n de un crematorio y un ceniciario","og_url":"https:\/\/infoecos.com.ar\/index.php\/convenios-entre-el-municipio-y-cooperativa-electrica-temas-sobresalientes\/","og_site_name":"Infoecos","article_publisher":"https:\/\/www.facebook.com\/profile.php?id=100063200290284","article_published_time":"2023-07-23T16:49:58+00:00","article_modified_time":"2023-07-24T05:14:36+00:00","og_image":[{"width":1030,"height":773,"url":"https:\/\/infoecos.com.ar\/wp-content\/uploads\/2022\/09\/concejodeliberante.jpg","type":"image\/jpeg"}],"author":"Jorge Matheus","twitter_card":"summary_large_image","twitter_creator":"@infoecos","twitter_site":"@infoecos","twitter_misc":{"Escrito por":"Jorge Matheus","Tiempo de lectura":"2 minutos"},"schema":{"@context":"https:\/\/schema.org","@graph":[{"@type":"Article","@id":"https:\/\/infoecos.com.ar\/index.php\/convenios-entre-el-municipio-y-cooperativa-electrica-temas-sobresalientes\/#article","isPartOf":{"@id":"https:\/\/infoecos.com.ar\/index.php\/convenios-entre-el-municipio-y-cooperativa-electrica-temas-sobresalientes\/"},"author":{"name":"Jorge Matheus","@id":"https:\/\/infoecos.com.ar\/#\/schema\/person\/8f5ace5ce73b4b4aac4b7245aee6f191"},"headline":"Convenios entre el municipio y Cooperativa El\u00e9ctrica, temas sobresalientes","datePublished":"2023-07-23T16:49:58+00:00","dateModified":"2023-07-24T05:14:36+00:00","mainEntityOfPage":{"@id":"https:\/\/infoecos.com.ar\/index.php\/convenios-entre-el-municipio-y-cooperativa-electrica-temas-sobresalientes\/"},"wordCount":328,"publisher":{"@id":"https:\/\/infoecos.com.ar\/#organization"},"image":{"@id":"https:\/\/infoecos.com.ar\/index.php\/convenios-entre-el-municipio-y-cooperativa-electrica-temas-sobresalientes\/#primaryimage"},"thumbnailUrl":"https:\/\/infoecos.com.ar\/wp-content\/uploads\/2022\/09\/concejodeliberante.jpg","keywords":["CONCEJO DELIBERANTE T.LAUQUEN"],"articleSection":["Noticia Secundaria"],"inLanguage":"es"},{"@type":"WebPage","@id":"https:\/\/infoecos.com.ar\/index.php\/convenios-entre-el-municipio-y-cooperativa-electrica-temas-sobresalientes\/","url":"https:\/\/infoecos.com.ar\/index.php\/convenios-entre-el-municipio-y-cooperativa-electrica-temas-sobresalientes\/","name":"Convenios entre el municipio y Cooperativa El\u00e9ctrica, temas sobresalientes - Infoecos","isPartOf":{"@id":"https:\/\/infoecos.com.ar\/#website"},"primaryImageOfPage":{"@id":"https:\/\/infoecos.com.ar\/index.php\/convenios-entre-el-municipio-y-cooperativa-electrica-temas-sobresalientes\/#primaryimage"},"image":{"@id":"https:\/\/infoecos.com.ar\/index.php\/convenios-entre-el-municipio-y-cooperativa-electrica-temas-sobresalientes\/#primaryimage"},"thumbnailUrl":"https:\/\/infoecos.com.ar\/wp-content\/uploads\/2022\/09\/concejodeliberante.jpg","datePublished":"2023-07-23T16:49:58+00:00","dateModified":"2023-07-24T05:14:36+00:00","breadcrumb":{"@id":"https:\/\/infoecos.com.ar\/index.php\/convenios-entre-el-municipio-y-cooperativa-electrica-temas-sobresalientes\/#breadcrumb"},"inLanguage":"es","potentialAction":[{"@type":"ReadAction","target":["https:\/\/infoecos.com.ar\/index.php\/convenios-entre-el-municipio-y-cooperativa-electrica-temas-sobresalientes\/"]}]},{"@type":"ImageObject","inLanguage":"es","@id":"https:\/\/infoecos.com.ar\/index.php\/convenios-entre-el-municipio-y-cooperativa-electrica-temas-sobresalientes\/#primaryimage","url":"https:\/\/infoecos.com.ar\/wp-content\/uploads\/2022\/09\/concejodeliberante.jpg","contentUrl":"https:\/\/infoecos.com.ar\/wp-content\/uploads\/2022\/09\/concejodeliberante.jpg","width":1030,"height":773},{"@type":"BreadcrumbList","@id":"https:\/\/infoecos.com.ar\/index.php\/convenios-entre-el-municipio-y-cooperativa-electrica-temas-sobresalientes\/#breadcrumb","itemListElement":[{"@type":"ListItem","position":1,"name":"Portada","item":"https:\/\/infoecos.com.ar\/"},{"@type":"ListItem","position":2,"name":"Convenios entre el municipio y Cooperativa El\u00e9ctrica, temas sobresalientes"}]},{"@type":"WebSite","@id":"https:\/\/infoecos.com.ar\/#website","url":"https:\/\/infoecos.com.ar\/","name":"Infoecos","description":"Noticias de trenque lauquen y la zona","publisher":{"@id":"https:\/\/infoecos.com.ar\/#organization"},"alternateName":"Noticias","potentialAction":[{"@type":"SearchAction","target":{"@type":"EntryPoint","urlTemplate":"https:\/\/infoecos.com.ar\/?s={search_term_string}"},"query-input":{"@type":"PropertyValueSpecification","valueRequired":true,"valueName":"search_term_string"}}],"inLanguage":"es"},{"@type":"Organization","@id":"https:\/\/infoecos.com.ar\/#organization","name":"Infoecos","alternateName":"Noticias","url":"https:\/\/infoecos.com.ar\/","logo":{"@type":"ImageObject","inLanguage":"es","@id":"https:\/\/infoecos.com.ar\/#\/schema\/logo\/image\/","url":"https:\/\/infoecos.com.ar\/wp-content\/uploads\/2024\/03\/cropped-logo.png","contentUrl":"https:\/\/infoecos.com.ar\/wp-content\/uploads\/2024\/03\/cropped-logo.png","width":374,"height":90,"caption":"Infoecos"},"image":{"@id":"https:\/\/infoecos.com.ar\/#\/schema\/logo\/image\/"},"sameAs":["https:\/\/www.facebook.com\/profile.php?id=100063200290284","https:\/\/x.com\/infoecos"]},{"@type":"Person","@id":"https:\/\/infoecos.com.ar\/#\/schema\/person\/8f5ace5ce73b4b4aac4b7245aee6f191","name":"Jorge Matheus","url":"https:\/\/infoecos.com.ar\/index.php\/author\/jomatheus\/"}]}},"featured_image_urls":{"full":["https:\/\/infoecos.com.ar\/wp-content\/uploads\/2022\/09\/concejodeliberante.jpg",1030,773,false],"thumbnail":["https:\/\/infoecos.com.ar\/wp-content\/uploads\/2022\/09\/concejodeliberante-150x150.jpg",150,150,true],"medium":["https:\/\/infoecos.com.ar\/wp-content\/uploads\/2022\/09\/concejodeliberante-460x345.jpg",460,345,true],"medium_large":["https:\/\/infoecos.com.ar\/wp-content\/uploads\/2022\/09\/concejodeliberante-768x576.jpg",640,480,true],"large":["https:\/\/infoecos.com.ar\/wp-content\/uploads\/2022\/09\/concejodeliberante-920x690.jpg",640,480,true],"1536x1536":["https:\/\/infoecos.com.ar\/wp-content\/uploads\/2022\/09\/concejodeliberante.jpg",1030,773,false],"2048x2048":["https:\/\/infoecos.com.ar\/wp-content\/uploads\/2022\/09\/concejodeliberante.jpg",1030,773,false],"covernews-slider-full":["https:\/\/infoecos.com.ar\/wp-content\/uploads\/2022\/09\/concejodeliberante.jpg",953,715,false],"covernews-slider-center":["https:\/\/infoecos.com.ar\/wp-content\/uploads\/2022\/09\/concejodeliberante-936x773.jpg",605,500,true],"covernews-featured":["https:\/\/infoecos.com.ar\/wp-content\/uploads\/2022\/09\/concejodeliberante-1024x768.jpg",1024,768,true],"covernews-medium":["https:\/\/infoecos.com.ar\/wp-content\/uploads\/2022\/09\/concejodeliberante-720x380.jpg",540,285,true],"covernews-medium-square":["https:\/\/infoecos.com.ar\/wp-content\/uploads\/2022\/09\/concejodeliberante-675x450.jpg",375,250,true]},"author_info":{"info":["Jorge Matheus"]},"category_info":"<a href=\"https:\/\/infoecos.com.ar\/index.php\/category\/noticia-secundaria\/\" rel=\"category tag\">Noticia Secundaria<\/a>","tag_info":"Noticia Secundaria","comment_count":"0","_links":{"self":[{"href":"https:\/\/infoecos.com.ar\/index.php\/wp-json\/wp\/v2\/posts\/108099"}],"collection":[{"href":"https:\/\/infoecos.com.ar\/index.php\/wp-json\/wp\/v2\/posts"}],"about":[{"href":"https:\/\/infoecos.com.ar\/index.php\/wp-json\/wp\/v2\/types\/post"}],"author":[{"embeddable":true,"href":"https:\/\/infoecos.com.ar\/index.php\/wp-json\/wp\/v2\/users\/2"}],"replies":[{"embeddable":true,"href":"https:\/\/infoecos.com.ar\/index.php\/wp-json\/wp\/v2\/comments?post=108099"}],"version-history":[{"count":1,"href":"https:\/\/infoecos.com.ar\/index.php\/wp-json\/wp\/v2\/posts\/108099\/revisions"}],"predecessor-version":[{"id":108100,"href":"https:\/\/infoecos.com.ar\/index.php\/wp-json\/wp\/v2\/posts\/108099\/revisions\/108100"}],"wp:featuredmedia":[{"embeddable":true,"href":"https:\/\/infoecos.com.ar\/index.php\/wp-json\/wp\/v2\/media\/98078"}],"wp:attachment":[{"href":"https:\/\/infoecos.com.ar\/index.php\/wp-json\/wp\/v2\/media?parent=108099"}],"wp:term":[{"taxonomy":"category","embeddable":true,"href":"https:\/\/infoecos.com.ar\/index.php\/wp-json\/wp\/v2\/categories?post=108099"},{"taxonomy":"post_tag","embeddable":true,"href":"https:\/\/infoecos.com.ar\/index.php\/wp-json\/wp\/v2\/tags?post=108099"}],"curies":[{"name":"wp","href":"https:\/\/api.w.org\/{rel}","templated":true}]}}