{"id":108101,"date":"2023-07-23T14:13:27","date_gmt":"2023-07-23T17:13:27","guid":{"rendered":"https:\/\/infoecos.com.ar\/?p=108101"},"modified":"2023-07-24T02:09:34","modified_gmt":"2023-07-24T05:09:34","slug":"dos-pilotos-de-la-region-en-el-podio-de-la-formula-3-metropolitana-en-san-juan","status":"publish","type":"post","link":"https:\/\/infoecos.com.ar\/index.php\/dos-pilotos-de-la-region-en-el-podio-de-la-formula-3-metropolitana-en-san-juan\/","title":{"rendered":"Dos pilotos de la regi\u00f3n en el podio de la F\u00f3rmula 3 Metropolitana en San Juan"},"content":{"rendered":"\n<p><strong>Tom\u00e1s Pellandino<\/strong>&nbsp;volvi\u00f3 a la victoria en la&nbsp;<strong>F3 Metropolitana<\/strong>&nbsp;en un domingo perfecto para el&nbsp;<strong>Satorra Competici\u00f3n<\/strong>, que consigui\u00f3 el&nbsp;<strong>\u201c1-2-3\u201d<\/strong>. El piloto de Concepci\u00f3n del Uruguay se impuso en el&nbsp;<strong>Circuito Internacional \u201cSan Juan-Villicum\u201d<\/strong>, donde se disput\u00f3 la 7\u00aa fecha, luego de superar a su compa\u00f1ero&nbsp;<strong>M\u00e1ximo Evans Weiss.&nbsp;<\/strong>As\u00ed, alcanz\u00f3 su&nbsp;<strong>2\u00aa victoria de la temporada<\/strong>&nbsp;y la 7\u00aa en la categor\u00eda.<\/p>\n\n\n\n<figure class=\"wp-block-image aligncenter size-full is-resized\"><img loading=\"lazy\" decoding=\"async\" src=\"https:\/\/infoecos.com.ar\/wp-content\/uploads\/2023\/07\/weis.jpeg\" alt=\"\" class=\"wp-image-108102\" width=\"496\" height=\"331\" srcset=\"https:\/\/infoecos.com.ar\/wp-content\/uploads\/2023\/07\/weis.jpeg 976w, https:\/\/infoecos.com.ar\/wp-content\/uploads\/2023\/07\/weis-800x534.jpeg 800w, https:\/\/infoecos.com.ar\/wp-content\/uploads\/2023\/07\/weis-768x512.jpeg 768w, https:\/\/infoecos.com.ar\/wp-content\/uploads\/2023\/07\/weis-675x450.jpeg 675w\" sizes=\"(max-width: 496px) 100vw, 496px\" \/><figcaption class=\"wp-element-caption\">Weiss, M\u00e1ximo (Pehuaj\u00f3)<\/figcaption><\/figure>\n\n\n\n<p>Pellandino larg\u00f3 3\u00ba y en la 2\u00aa vuelta dobleg\u00f3 a&nbsp;<strong>Francisco Luengo<\/strong>&nbsp;(Re Performance) para ser 2\u00ba. Tres giros despu\u00e9s super\u00f3 a su compa\u00f1ero&nbsp;<strong>M\u00e1ximo Evans Weiss<\/strong>, que hab\u00eda partido desde la \u201cpole position\u201d, y captur\u00f3 el liderazgo, que mantuvo hasta la bandera a cuadros. As\u00ed,&nbsp;<strong>cort\u00f3 una racha de 10 carreras sin triunfos<\/strong>, ya que su anterior \u00e9xito hab\u00eda sido en la 1\u00aa carrera de la 2\u00aa fecha, en La Plata.&nbsp;<\/p>\n\n\n\n<figure class=\"wp-block-image aligncenter size-full is-resized\"><img loading=\"lazy\" decoding=\"async\" src=\"https:\/\/infoecos.com.ar\/wp-content\/uploads\/2023\/07\/pellandinof3.jpeg\" alt=\"\" class=\"wp-image-108103\" width=\"452\" height=\"300\" srcset=\"https:\/\/infoecos.com.ar\/wp-content\/uploads\/2023\/07\/pellandinof3.jpeg 976w, https:\/\/infoecos.com.ar\/wp-content\/uploads\/2023\/07\/pellandinof3-800x533.jpeg 800w, https:\/\/infoecos.com.ar\/wp-content\/uploads\/2023\/07\/pellandinof3-768x511.jpeg 768w, https:\/\/infoecos.com.ar\/wp-content\/uploads\/2023\/07\/pellandinof3-675x450.jpeg 675w\" sizes=\"(max-width: 452px) 100vw, 452px\" \/><figcaption class=\"wp-element-caption\">F\u00f3rmula 3 Metropolitana &#8211; <strong>Tom\u00e1s Pellandino<\/strong><\/figcaption><\/figure>\n\n\n\n<p><strong>Fuente: campeones.com.ar<\/strong><\/p>\n","protected":false},"excerpt":{"rendered":"<p>El\u00a0Satorra Competici\u00f3n, consigui\u00f3 el\u00a0\u201c1-2-3\u201d<\/p>\n","protected":false},"author":2,"featured_media":108102,"comment_status":"closed","ping_status":"open","sticky":false,"template":"","format":"standard","meta":{"footnotes":""},"categories":[51],"tags":[8474],"class_list":["post-108101","post","type-post","status-publish","format-standard","has-post-thumbnail","hentry","category-c2nota4","tag-de-pehuajo-weiss-bonifacio-luengo"],"yoast_head":"<!-- This site is optimized with the Yoast SEO plugin v23.4 - https:\/\/yoast.com\/wordpress\/plugins\/seo\/ -->\n<title>Dos pilotos de la regi\u00f3n en el podio de la F\u00f3rmula 3 Metropolitana en San Juan - Infoecos<\/title>\n<meta name=\"robots\" content=\"index, follow, max-snippet:-1, max-image-preview:large, max-video-preview:-1\" \/>\n<link rel=\"canonical\" href=\"https:\/\/infoecos.com.ar\/index.php\/dos-pilotos-de-la-region-en-el-podio-de-la-formula-3-metropolitana-en-san-juan\/\" \/>\n<meta property=\"og:locale\" content=\"es_ES\" \/>\n<meta property=\"og:type\" content=\"article\" \/>\n<meta property=\"og:title\" content=\"Dos pilotos de la regi\u00f3n en el podio de la F\u00f3rmula 3 Metropolitana en San Juan - Infoecos\" \/>\n<meta property=\"og:description\" content=\"El\u00a0Satorra Competici\u00f3n, consigui\u00f3 el\u00a0\u201c1-2-3\u201d\" \/>\n<meta property=\"og:url\" content=\"https:\/\/infoecos.com.ar\/index.php\/dos-pilotos-de-la-region-en-el-podio-de-la-formula-3-metropolitana-en-san-juan\/\" \/>\n<meta property=\"og:site_name\" content=\"Infoecos\" \/>\n<meta property=\"article:publisher\" content=\"https:\/\/www.facebook.com\/profile.php?id=100063200290284\" \/>\n<meta property=\"article:published_time\" content=\"2023-07-23T17:13:27+00:00\" \/>\n<meta property=\"article:modified_time\" content=\"2023-07-24T05:09:34+00:00\" \/>\n<meta property=\"og:image\" content=\"https:\/\/infoecos.com.ar\/wp-content\/uploads\/2023\/07\/weis.jpeg\" \/>\n\t<meta property=\"og:image:width\" content=\"976\" \/>\n\t<meta property=\"og:image:height\" content=\"651\" \/>\n\t<meta property=\"og:image:type\" content=\"image\/jpeg\" \/>\n<meta name=\"author\" content=\"Jorge Matheus\" \/>\n<meta name=\"twitter:card\" content=\"summary_large_image\" \/>\n<meta name=\"twitter:creator\" content=\"@infoecos\" \/>\n<meta name=\"twitter:site\" content=\"@infoecos\" \/>\n<meta name=\"twitter:label1\" content=\"Escrito por\" \/>\n\t<meta name=\"twitter:data1\" content=\"Jorge Matheus\" \/>\n\t<meta name=\"twitter:label2\" content=\"Tiempo de lectura\" \/>\n\t<meta name=\"twitter:data2\" content=\"2 minutos\" \/>\n<script type=\"application\/ld+json\" class=\"yoast-schema-graph\">{\"@context\":\"https:\/\/schema.org\",\"@graph\":[{\"@type\":\"Article\",\"@id\":\"https:\/\/infoecos.com.ar\/index.php\/dos-pilotos-de-la-region-en-el-podio-de-la-formula-3-metropolitana-en-san-juan\/#article\",\"isPartOf\":{\"@id\":\"https:\/\/infoecos.com.ar\/index.php\/dos-pilotos-de-la-region-en-el-podio-de-la-formula-3-metropolitana-en-san-juan\/\"},\"author\":{\"name\":\"Jorge Matheus\",\"@id\":\"https:\/\/infoecos.com.ar\/#\/schema\/person\/8f5ace5ce73b4b4aac4b7245aee6f191\"},\"headline\":\"Dos pilotos de la regi\u00f3n en el podio de la F\u00f3rmula 3 Metropolitana en San Juan\",\"datePublished\":\"2023-07-23T17:13:27+00:00\",\"dateModified\":\"2023-07-24T05:09:34+00:00\",\"mainEntityOfPage\":{\"@id\":\"https:\/\/infoecos.com.ar\/index.php\/dos-pilotos-de-la-region-en-el-podio-de-la-formula-3-metropolitana-en-san-juan\/\"},\"wordCount\":187,\"publisher\":{\"@id\":\"https:\/\/infoecos.com.ar\/#organization\"},\"image\":{\"@id\":\"https:\/\/infoecos.com.ar\/index.php\/dos-pilotos-de-la-region-en-el-podio-de-la-formula-3-metropolitana-en-san-juan\/#primaryimage\"},\"thumbnailUrl\":\"https:\/\/infoecos.com.ar\/wp-content\/uploads\/2023\/07\/weis.jpeg\",\"keywords\":[\"DE PEHUAJ\u00d3: WEISS - BONIFACIO: LUENGO\"],\"articleSection\":[\"C2 N4\"],\"inLanguage\":\"es\"},{\"@type\":\"WebPage\",\"@id\":\"https:\/\/infoecos.com.ar\/index.php\/dos-pilotos-de-la-region-en-el-podio-de-la-formula-3-metropolitana-en-san-juan\/\",\"url\":\"https:\/\/infoecos.com.ar\/index.php\/dos-pilotos-de-la-region-en-el-podio-de-la-formula-3-metropolitana-en-san-juan\/\",\"name\":\"Dos pilotos de la regi\u00f3n en el podio de la F\u00f3rmula 3 Metropolitana en San Juan - Infoecos\",\"isPartOf\":{\"@id\":\"https:\/\/infoecos.com.ar\/#website\"},\"primaryImageOfPage\":{\"@id\":\"https:\/\/infoecos.com.ar\/index.php\/dos-pilotos-de-la-region-en-el-podio-de-la-formula-3-metropolitana-en-san-juan\/#primaryimage\"},\"image\":{\"@id\":\"https:\/\/infoecos.com.ar\/index.php\/dos-pilotos-de-la-region-en-el-podio-de-la-formula-3-metropolitana-en-san-juan\/#primaryimage\"},\"thumbnailUrl\":\"https:\/\/infoecos.com.ar\/wp-content\/uploads\/2023\/07\/weis.jpeg\",\"datePublished\":\"2023-07-23T17:13:27+00:00\",\"dateModified\":\"2023-07-24T05:09:34+00:00\",\"breadcrumb\":{\"@id\":\"https:\/\/infoecos.com.ar\/index.php\/dos-pilotos-de-la-region-en-el-podio-de-la-formula-3-metropolitana-en-san-juan\/#breadcrumb\"},\"inLanguage\":\"es\",\"potentialAction\":[{\"@type\":\"ReadAction\",\"target\":[\"https:\/\/infoecos.com.ar\/index.php\/dos-pilotos-de-la-region-en-el-podio-de-la-formula-3-metropolitana-en-san-juan\/\"]}]},{\"@type\":\"ImageObject\",\"inLanguage\":\"es\",\"@id\":\"https:\/\/infoecos.com.ar\/index.php\/dos-pilotos-de-la-region-en-el-podio-de-la-formula-3-metropolitana-en-san-juan\/#primaryimage\",\"url\":\"https:\/\/infoecos.com.ar\/wp-content\/uploads\/2023\/07\/weis.jpeg\",\"contentUrl\":\"https:\/\/infoecos.com.ar\/wp-content\/uploads\/2023\/07\/weis.jpeg\",\"width\":976,\"height\":651},{\"@type\":\"BreadcrumbList\",\"@id\":\"https:\/\/infoecos.com.ar\/index.php\/dos-pilotos-de-la-region-en-el-podio-de-la-formula-3-metropolitana-en-san-juan\/#breadcrumb\",\"itemListElement\":[{\"@type\":\"ListItem\",\"position\":1,\"name\":\"Portada\",\"item\":\"https:\/\/infoecos.com.ar\/\"},{\"@type\":\"ListItem\",\"position\":2,\"name\":\"Dos pilotos de la regi\u00f3n en el podio de la F\u00f3rmula 3 Metropolitana en San Juan\"}]},{\"@type\":\"WebSite\",\"@id\":\"https:\/\/infoecos.com.ar\/#website\",\"url\":\"https:\/\/infoecos.com.ar\/\",\"name\":\"Infoecos\",\"description\":\"Noticias de trenque lauquen y la zona\",\"publisher\":{\"@id\":\"https:\/\/infoecos.com.ar\/#organization\"},\"alternateName\":\"Noticias\",\"potentialAction\":[{\"@type\":\"SearchAction\",\"target\":{\"@type\":\"EntryPoint\",\"urlTemplate\":\"https:\/\/infoecos.com.ar\/?s={search_term_string}\"},\"query-input\":{\"@type\":\"PropertyValueSpecification\",\"valueRequired\":true,\"valueName\":\"search_term_string\"}}],\"inLanguage\":\"es\"},{\"@type\":\"Organization\",\"@id\":\"https:\/\/infoecos.com.ar\/#organization\",\"name\":\"Infoecos\",\"alternateName\":\"Noticias\",\"url\":\"https:\/\/infoecos.com.ar\/\",\"logo\":{\"@type\":\"ImageObject\",\"inLanguage\":\"es\",\"@id\":\"https:\/\/infoecos.com.ar\/#\/schema\/logo\/image\/\",\"url\":\"https:\/\/infoecos.com.ar\/wp-content\/uploads\/2024\/03\/cropped-logo.png\",\"contentUrl\":\"https:\/\/infoecos.com.ar\/wp-content\/uploads\/2024\/03\/cropped-logo.png\",\"width\":374,\"height\":90,\"caption\":\"Infoecos\"},\"image\":{\"@id\":\"https:\/\/infoecos.com.ar\/#\/schema\/logo\/image\/\"},\"sameAs\":[\"https:\/\/www.facebook.com\/profile.php?id=100063200290284\",\"https:\/\/x.com\/infoecos\"]},{\"@type\":\"Person\",\"@id\":\"https:\/\/infoecos.com.ar\/#\/schema\/person\/8f5ace5ce73b4b4aac4b7245aee6f191\",\"name\":\"Jorge Matheus\",\"url\":\"https:\/\/infoecos.com.ar\/index.php\/author\/jomatheus\/\"}]}<\/script>\n<!-- \/ Yoast SEO plugin. -->","yoast_head_json":{"title":"Dos pilotos de la regi\u00f3n en el podio de la F\u00f3rmula 3 Metropolitana en San Juan - Infoecos","robots":{"index":"index","follow":"follow","max-snippet":"max-snippet:-1","max-image-preview":"max-image-preview:large","max-video-preview":"max-video-preview:-1"},"canonical":"https:\/\/infoecos.com.ar\/index.php\/dos-pilotos-de-la-region-en-el-podio-de-la-formula-3-metropolitana-en-san-juan\/","og_locale":"es_ES","og_type":"article","og_title":"Dos pilotos de la regi\u00f3n en el podio de la F\u00f3rmula 3 Metropolitana en San Juan - Infoecos","og_description":"El\u00a0Satorra Competici\u00f3n, consigui\u00f3 el\u00a0\u201c1-2-3\u201d","og_url":"https:\/\/infoecos.com.ar\/index.php\/dos-pilotos-de-la-region-en-el-podio-de-la-formula-3-metropolitana-en-san-juan\/","og_site_name":"Infoecos","article_publisher":"https:\/\/www.facebook.com\/profile.php?id=100063200290284","article_published_time":"2023-07-23T17:13:27+00:00","article_modified_time":"2023-07-24T05:09:34+00:00","og_image":[{"width":976,"height":651,"url":"https:\/\/infoecos.com.ar\/wp-content\/uploads\/2023\/07\/weis.jpeg","type":"image\/jpeg"}],"author":"Jorge Matheus","twitter_card":"summary_large_image","twitter_creator":"@infoecos","twitter_site":"@infoecos","twitter_misc":{"Escrito por":"Jorge Matheus","Tiempo de lectura":"2 minutos"},"schema":{"@context":"https:\/\/schema.org","@graph":[{"@type":"Article","@id":"https:\/\/infoecos.com.ar\/index.php\/dos-pilotos-de-la-region-en-el-podio-de-la-formula-3-metropolitana-en-san-juan\/#article","isPartOf":{"@id":"https:\/\/infoecos.com.ar\/index.php\/dos-pilotos-de-la-region-en-el-podio-de-la-formula-3-metropolitana-en-san-juan\/"},"author":{"name":"Jorge Matheus","@id":"https:\/\/infoecos.com.ar\/#\/schema\/person\/8f5ace5ce73b4b4aac4b7245aee6f191"},"headline":"Dos pilotos de la regi\u00f3n en el podio de la F\u00f3rmula 3 Metropolitana en San Juan","datePublished":"2023-07-23T17:13:27+00:00","dateModified":"2023-07-24T05:09:34+00:00","mainEntityOfPage":{"@id":"https:\/\/infoecos.com.ar\/index.php\/dos-pilotos-de-la-region-en-el-podio-de-la-formula-3-metropolitana-en-san-juan\/"},"wordCount":187,"publisher":{"@id":"https:\/\/infoecos.com.ar\/#organization"},"image":{"@id":"https:\/\/infoecos.com.ar\/index.php\/dos-pilotos-de-la-region-en-el-podio-de-la-formula-3-metropolitana-en-san-juan\/#primaryimage"},"thumbnailUrl":"https:\/\/infoecos.com.ar\/wp-content\/uploads\/2023\/07\/weis.jpeg","keywords":["DE PEHUAJ\u00d3: WEISS - BONIFACIO: LUENGO"],"articleSection":["C2 N4"],"inLanguage":"es"},{"@type":"WebPage","@id":"https:\/\/infoecos.com.ar\/index.php\/dos-pilotos-de-la-region-en-el-podio-de-la-formula-3-metropolitana-en-san-juan\/","url":"https:\/\/infoecos.com.ar\/index.php\/dos-pilotos-de-la-region-en-el-podio-de-la-formula-3-metropolitana-en-san-juan\/","name":"Dos pilotos de la regi\u00f3n en el podio de la F\u00f3rmula 3 Metropolitana en San Juan - Infoecos","isPartOf":{"@id":"https:\/\/infoecos.com.ar\/#website"},"primaryImageOfPage":{"@id":"https:\/\/infoecos.com.ar\/index.php\/dos-pilotos-de-la-region-en-el-podio-de-la-formula-3-metropolitana-en-san-juan\/#primaryimage"},"image":{"@id":"https:\/\/infoecos.com.ar\/index.php\/dos-pilotos-de-la-region-en-el-podio-de-la-formula-3-metropolitana-en-san-juan\/#primaryimage"},"thumbnailUrl":"https:\/\/infoecos.com.ar\/wp-content\/uploads\/2023\/07\/weis.jpeg","datePublished":"2023-07-23T17:13:27+00:00","dateModified":"2023-07-24T05:09:34+00:00","breadcrumb":{"@id":"https:\/\/infoecos.com.ar\/index.php\/dos-pilotos-de-la-region-en-el-podio-de-la-formula-3-metropolitana-en-san-juan\/#breadcrumb"},"inLanguage":"es","potentialAction":[{"@type":"ReadAction","target":["https:\/\/infoecos.com.ar\/index.php\/dos-pilotos-de-la-region-en-el-podio-de-la-formula-3-metropolitana-en-san-juan\/"]}]},{"@type":"ImageObject","inLanguage":"es","@id":"https:\/\/infoecos.com.ar\/index.php\/dos-pilotos-de-la-region-en-el-podio-de-la-formula-3-metropolitana-en-san-juan\/#primaryimage","url":"https:\/\/infoecos.com.ar\/wp-content\/uploads\/2023\/07\/weis.jpeg","contentUrl":"https:\/\/infoecos.com.ar\/wp-content\/uploads\/2023\/07\/weis.jpeg","width":976,"height":651},{"@type":"BreadcrumbList","@id":"https:\/\/infoecos.com.ar\/index.php\/dos-pilotos-de-la-region-en-el-podio-de-la-formula-3-metropolitana-en-san-juan\/#breadcrumb","itemListElement":[{"@type":"ListItem","position":1,"name":"Portada","item":"https:\/\/infoecos.com.ar\/"},{"@type":"ListItem","position":2,"name":"Dos pilotos de la regi\u00f3n en el podio de la F\u00f3rmula 3 Metropolitana en San Juan"}]},{"@type":"WebSite","@id":"https:\/\/infoecos.com.ar\/#website","url":"https:\/\/infoecos.com.ar\/","name":"Infoecos","description":"Noticias de trenque lauquen y la zona","publisher":{"@id":"https:\/\/infoecos.com.ar\/#organization"},"alternateName":"Noticias","potentialAction":[{"@type":"SearchAction","target":{"@type":"EntryPoint","urlTemplate":"https:\/\/infoecos.com.ar\/?s={search_term_string}"},"query-input":{"@type":"PropertyValueSpecification","valueRequired":true,"valueName":"search_term_string"}}],"inLanguage":"es"},{"@type":"Organization","@id":"https:\/\/infoecos.com.ar\/#organization","name":"Infoecos","alternateName":"Noticias","url":"https:\/\/infoecos.com.ar\/","logo":{"@type":"ImageObject","inLanguage":"es","@id":"https:\/\/infoecos.com.ar\/#\/schema\/logo\/image\/","url":"https:\/\/infoecos.com.ar\/wp-content\/uploads\/2024\/03\/cropped-logo.png","contentUrl":"https:\/\/infoecos.com.ar\/wp-content\/uploads\/2024\/03\/cropped-logo.png","width":374,"height":90,"caption":"Infoecos"},"image":{"@id":"https:\/\/infoecos.com.ar\/#\/schema\/logo\/image\/"},"sameAs":["https:\/\/www.facebook.com\/profile.php?id=100063200290284","https:\/\/x.com\/infoecos"]},{"@type":"Person","@id":"https:\/\/infoecos.com.ar\/#\/schema\/person\/8f5ace5ce73b4b4aac4b7245aee6f191","name":"Jorge Matheus","url":"https:\/\/infoecos.com.ar\/index.php\/author\/jomatheus\/"}]}},"featured_image_urls":{"full":["https:\/\/infoecos.com.ar\/wp-content\/uploads\/2023\/07\/weis.jpeg",976,651,false],"thumbnail":["https:\/\/infoecos.com.ar\/wp-content\/uploads\/2023\/07\/weis-300x150.jpeg",300,150,true],"medium":["https:\/\/infoecos.com.ar\/wp-content\/uploads\/2023\/07\/weis-800x534.jpeg",800,534,true],"medium_large":["https:\/\/infoecos.com.ar\/wp-content\/uploads\/2023\/07\/weis-768x512.jpeg",640,427,true],"large":["https:\/\/infoecos.com.ar\/wp-content\/uploads\/2023\/07\/weis.jpeg",640,427,false],"1536x1536":["https:\/\/infoecos.com.ar\/wp-content\/uploads\/2023\/07\/weis.jpeg",976,651,false],"2048x2048":["https:\/\/infoecos.com.ar\/wp-content\/uploads\/2023\/07\/weis.jpeg",976,651,false],"covernews-slider-full":["https:\/\/infoecos.com.ar\/wp-content\/uploads\/2023\/07\/weis.jpeg",976,651,false],"covernews-slider-center":["https:\/\/infoecos.com.ar\/wp-content\/uploads\/2023\/07\/weis-936x651.jpeg",719,500,true],"covernews-featured":["https:\/\/infoecos.com.ar\/wp-content\/uploads\/2023\/07\/weis.jpeg",976,651,false],"covernews-medium":["https:\/\/infoecos.com.ar\/wp-content\/uploads\/2023\/07\/weis-720x380.jpeg",540,285,true],"covernews-medium-square":["https:\/\/infoecos.com.ar\/wp-content\/uploads\/2023\/07\/weis-675x450.jpeg",375,250,true]},"author_info":{"info":["Jorge Matheus"]},"category_info":"<a href=\"https:\/\/infoecos.com.ar\/index.php\/category\/c2nota4\/\" rel=\"category tag\">C2 N4<\/a>","tag_info":"C2 N4","comment_count":"0","_links":{"self":[{"href":"https:\/\/infoecos.com.ar\/index.php\/wp-json\/wp\/v2\/posts\/108101"}],"collection":[{"href":"https:\/\/infoecos.com.ar\/index.php\/wp-json\/wp\/v2\/posts"}],"about":[{"href":"https:\/\/infoecos.com.ar\/index.php\/wp-json\/wp\/v2\/types\/post"}],"author":[{"embeddable":true,"href":"https:\/\/infoecos.com.ar\/index.php\/wp-json\/wp\/v2\/users\/2"}],"replies":[{"embeddable":true,"href":"https:\/\/infoecos.com.ar\/index.php\/wp-json\/wp\/v2\/comments?post=108101"}],"version-history":[{"count":3,"href":"https:\/\/infoecos.com.ar\/index.php\/wp-json\/wp\/v2\/posts\/108101\/revisions"}],"predecessor-version":[{"id":108106,"href":"https:\/\/infoecos.com.ar\/index.php\/wp-json\/wp\/v2\/posts\/108101\/revisions\/108106"}],"wp:featuredmedia":[{"embeddable":true,"href":"https:\/\/infoecos.com.ar\/index.php\/wp-json\/wp\/v2\/media\/108102"}],"wp:attachment":[{"href":"https:\/\/infoecos.com.ar\/index.php\/wp-json\/wp\/v2\/media?parent=108101"}],"wp:term":[{"taxonomy":"category","embeddable":true,"href":"https:\/\/infoecos.com.ar\/index.php\/wp-json\/wp\/v2\/categories?post=108101"},{"taxonomy":"post_tag","embeddable":true,"href":"https:\/\/infoecos.com.ar\/index.php\/wp-json\/wp\/v2\/tags?post=108101"}],"curies":[{"name":"wp","href":"https:\/\/api.w.org\/{rel}","templated":true}]}}