{"id":108142,"date":"2023-07-24T01:33:22","date_gmt":"2023-07-24T04:33:22","guid":{"rendered":"https:\/\/infoecos.com.ar\/?p=108142"},"modified":"2023-07-24T02:12:39","modified_gmt":"2023-07-24T05:12:39","slug":"maizar-critico-la-medida-de-un-cambio-a-340-de-nada-sirve-seguir-con-parches","status":"publish","type":"post","link":"https:\/\/infoecos.com.ar\/index.php\/maizar-critico-la-medida-de-un-cambio-a-340-de-nada-sirve-seguir-con-parches\/","title":{"rendered":"MAIZAR critic\u00f3 la medida de un cambio a 340 $: \u00abDe nada sirve seguir con parches\u00bb"},"content":{"rendered":"\n<p>Maizar la cadena que re\u00fane a los principales sectores vinculados al maiz, critic\u00f3 la medida que establece un tipo de cambio de 340 $ para el cereal.&nbsp;<\/p>\n\n\n\n<figure class=\"wp-block-image aligncenter size-full\"><img loading=\"lazy\" decoding=\"async\" width=\"620\" height=\"375\" src=\"https:\/\/infoecos.com.ar\/wp-content\/uploads\/2023\/07\/maizar.webp\" alt=\"\" class=\"wp-image-108143\"\/><figcaption class=\"wp-element-caption\">Ma\u00edz<\/figcaption><\/figure>\n\n\n\n<p>\u00abEl&nbsp;gigantesco estado asistencialista genera desorden fiscal, endeudamiento p\u00fablico y emisi\u00f3n monetaria, es decir m\u00e1s distorsiones y menos previsibilidad. Las v\u00edctimas de esto siempre han sido la inversi\u00f3n, el crecimiento y la generaci\u00f3n de empleo. Es necesario el uso de instrumentos genuinos para enfrentar las distorsiones de las variables clave y a la vez dar previsibilidad y certidumbre\u00bb, destaca el comunicado de Maizar.<\/p>\n\n\n\n<p>\u00abMAIZAR viene promoviendo de manera incansable las enormes oportunidades que tenemos para agregarle valor al ma\u00edz, como as\u00ed tambi\u00e9n la b\u00fasqueda continua del aumento de producci\u00f3n del cultivo y sus productos de transformaci\u00f3n, fomentando las inversiones, los esfuerzos conjuntos y la incorporaci\u00f3n de tecnolog\u00eda, aprovechando el diferencial que tenemos para irrumpir en los mercados con productos con baja huella de carbono\u00bb, resaltan.&nbsp;Sin embargo, apuntan a que este tipo de medidas intempestivas complejizan ese escenario alentador, frenando la innovaci\u00f3n, generando problemas para el abastecimiento normal y deformando el mercado de ma\u00edz para exportar y para industrializar a nivel local.<\/p>\n\n\n\n<p>\u00abA su vez, denota la falta de reglas claras y de un panorama integral de hacia d\u00f3nde queremos ir como pa\u00eds\u00bb, agrega la primera reacci\u00f3n al d\u00f3lar ma\u00edz.<\/p>\n\n\n\n<p>\u00abPor su parte, los mercados compradores internacionales toman nota de los cambios abruptos y constantes de la oferta argentina, y castiga con mermas de precios y decisiones de buscar ma\u00edz en otros pa\u00edses competidores\u00bb, alertan.<\/p>\n\n\n\n<p>\u00abDe nada sirve seguir con parches, lo que sirve es una pol\u00edtica agroindustrial federal, la eliminaci\u00f3n de los derechos de exportaci\u00f3n&nbsp;y una unificaci\u00f3n del tipo de cambio. El gran desaf\u00edo est\u00e1 en recuperar la cultura del trabajo, rescatando la transparencia competitiva y evitando la miop\u00eda estrat\u00e9gica y la actitud oportunista. La agrobioindustria siempre ha mostrado su compromiso con el desarrollo de nuestro pa\u00eds\u00bb, concluyen.<\/p>\n","protected":false},"excerpt":{"rendered":"<p>\u00abDenota la falta de reglas claras y de un panorama integral de hacia d\u00f3nde queremos ir como pa\u00eds\u00bb, agrega la primera reacci\u00f3n al d\u00f3lar ma\u00edz<\/p>\n","protected":false},"author":2,"featured_media":108143,"comment_status":"closed","ping_status":"open","sticky":false,"template":"","format":"standard","meta":{"footnotes":""},"categories":[25,47],"tags":[8482],"class_list":["post-108142","post","type-post","status-publish","format-standard","has-post-thumbnail","hentry","category-c3nota1","category-c3nota2","tag-principales-sectores-vinculados-al-maiz"],"yoast_head":"<!-- This site is optimized with the Yoast SEO plugin v23.4 - https:\/\/yoast.com\/wordpress\/plugins\/seo\/ -->\n<title>MAIZAR critic\u00f3 la medida de un cambio a 340 $: &quot;De nada sirve seguir con parches&quot; - Infoecos<\/title>\n<meta name=\"robots\" content=\"index, follow, max-snippet:-1, max-image-preview:large, max-video-preview:-1\" \/>\n<link rel=\"canonical\" href=\"https:\/\/infoecos.com.ar\/index.php\/maizar-critico-la-medida-de-un-cambio-a-340-de-nada-sirve-seguir-con-parches\/\" \/>\n<meta property=\"og:locale\" content=\"es_ES\" \/>\n<meta property=\"og:type\" content=\"article\" \/>\n<meta property=\"og:title\" content=\"MAIZAR critic\u00f3 la medida de un cambio a 340 $: &quot;De nada sirve seguir con parches&quot; - Infoecos\" \/>\n<meta property=\"og:description\" content=\"&quot;Denota la falta de reglas claras y de un panorama integral de hacia d\u00f3nde queremos ir como pa\u00eds&quot;, agrega la primera reacci\u00f3n al d\u00f3lar ma\u00edz\" \/>\n<meta property=\"og:url\" content=\"https:\/\/infoecos.com.ar\/index.php\/maizar-critico-la-medida-de-un-cambio-a-340-de-nada-sirve-seguir-con-parches\/\" \/>\n<meta property=\"og:site_name\" content=\"Infoecos\" \/>\n<meta property=\"article:publisher\" content=\"https:\/\/www.facebook.com\/profile.php?id=100063200290284\" \/>\n<meta property=\"article:published_time\" content=\"2023-07-24T04:33:22+00:00\" \/>\n<meta property=\"article:modified_time\" content=\"2023-07-24T05:12:39+00:00\" \/>\n<meta property=\"og:image\" content=\"https:\/\/infoecos.com.ar\/wp-content\/uploads\/2023\/07\/maizar.webp\" \/>\n\t<meta property=\"og:image:width\" content=\"620\" \/>\n\t<meta property=\"og:image:height\" content=\"375\" \/>\n\t<meta property=\"og:image:type\" content=\"image\/webp\" \/>\n<meta name=\"author\" content=\"Jorge Matheus\" \/>\n<meta name=\"twitter:card\" content=\"summary_large_image\" \/>\n<meta name=\"twitter:creator\" content=\"@infoecos\" \/>\n<meta name=\"twitter:site\" content=\"@infoecos\" \/>\n<meta name=\"twitter:label1\" content=\"Escrito por\" \/>\n\t<meta name=\"twitter:data1\" content=\"Jorge Matheus\" \/>\n\t<meta name=\"twitter:label2\" content=\"Tiempo de lectura\" \/>\n\t<meta name=\"twitter:data2\" content=\"2 minutos\" \/>\n<script type=\"application\/ld+json\" class=\"yoast-schema-graph\">{\"@context\":\"https:\/\/schema.org\",\"@graph\":[{\"@type\":\"Article\",\"@id\":\"https:\/\/infoecos.com.ar\/index.php\/maizar-critico-la-medida-de-un-cambio-a-340-de-nada-sirve-seguir-con-parches\/#article\",\"isPartOf\":{\"@id\":\"https:\/\/infoecos.com.ar\/index.php\/maizar-critico-la-medida-de-un-cambio-a-340-de-nada-sirve-seguir-con-parches\/\"},\"author\":{\"name\":\"Jorge Matheus\",\"@id\":\"https:\/\/infoecos.com.ar\/#\/schema\/person\/8f5ace5ce73b4b4aac4b7245aee6f191\"},\"headline\":\"MAIZAR critic\u00f3 la medida de un cambio a 340 $: \u00abDe nada sirve seguir con parches\u00bb\",\"datePublished\":\"2023-07-24T04:33:22+00:00\",\"dateModified\":\"2023-07-24T05:12:39+00:00\",\"mainEntityOfPage\":{\"@id\":\"https:\/\/infoecos.com.ar\/index.php\/maizar-critico-la-medida-de-un-cambio-a-340-de-nada-sirve-seguir-con-parches\/\"},\"wordCount\":366,\"publisher\":{\"@id\":\"https:\/\/infoecos.com.ar\/#organization\"},\"image\":{\"@id\":\"https:\/\/infoecos.com.ar\/index.php\/maizar-critico-la-medida-de-un-cambio-a-340-de-nada-sirve-seguir-con-parches\/#primaryimage\"},\"thumbnailUrl\":\"https:\/\/infoecos.com.ar\/wp-content\/uploads\/2023\/07\/maizar.webp\",\"keywords\":[\"principales sectores vinculados al ma\u00edz\"],\"articleSection\":[\"C3 N1\",\"C3 N2\"],\"inLanguage\":\"es\"},{\"@type\":\"WebPage\",\"@id\":\"https:\/\/infoecos.com.ar\/index.php\/maizar-critico-la-medida-de-un-cambio-a-340-de-nada-sirve-seguir-con-parches\/\",\"url\":\"https:\/\/infoecos.com.ar\/index.php\/maizar-critico-la-medida-de-un-cambio-a-340-de-nada-sirve-seguir-con-parches\/\",\"name\":\"MAIZAR critic\u00f3 la medida de un cambio a 340 $: \\\"De nada sirve seguir con parches\\\" - Infoecos\",\"isPartOf\":{\"@id\":\"https:\/\/infoecos.com.ar\/#website\"},\"primaryImageOfPage\":{\"@id\":\"https:\/\/infoecos.com.ar\/index.php\/maizar-critico-la-medida-de-un-cambio-a-340-de-nada-sirve-seguir-con-parches\/#primaryimage\"},\"image\":{\"@id\":\"https:\/\/infoecos.com.ar\/index.php\/maizar-critico-la-medida-de-un-cambio-a-340-de-nada-sirve-seguir-con-parches\/#primaryimage\"},\"thumbnailUrl\":\"https:\/\/infoecos.com.ar\/wp-content\/uploads\/2023\/07\/maizar.webp\",\"datePublished\":\"2023-07-24T04:33:22+00:00\",\"dateModified\":\"2023-07-24T05:12:39+00:00\",\"breadcrumb\":{\"@id\":\"https:\/\/infoecos.com.ar\/index.php\/maizar-critico-la-medida-de-un-cambio-a-340-de-nada-sirve-seguir-con-parches\/#breadcrumb\"},\"inLanguage\":\"es\",\"potentialAction\":[{\"@type\":\"ReadAction\",\"target\":[\"https:\/\/infoecos.com.ar\/index.php\/maizar-critico-la-medida-de-un-cambio-a-340-de-nada-sirve-seguir-con-parches\/\"]}]},{\"@type\":\"ImageObject\",\"inLanguage\":\"es\",\"@id\":\"https:\/\/infoecos.com.ar\/index.php\/maizar-critico-la-medida-de-un-cambio-a-340-de-nada-sirve-seguir-con-parches\/#primaryimage\",\"url\":\"https:\/\/infoecos.com.ar\/wp-content\/uploads\/2023\/07\/maizar.webp\",\"contentUrl\":\"https:\/\/infoecos.com.ar\/wp-content\/uploads\/2023\/07\/maizar.webp\",\"width\":620,\"height\":375},{\"@type\":\"BreadcrumbList\",\"@id\":\"https:\/\/infoecos.com.ar\/index.php\/maizar-critico-la-medida-de-un-cambio-a-340-de-nada-sirve-seguir-con-parches\/#breadcrumb\",\"itemListElement\":[{\"@type\":\"ListItem\",\"position\":1,\"name\":\"Portada\",\"item\":\"https:\/\/infoecos.com.ar\/\"},{\"@type\":\"ListItem\",\"position\":2,\"name\":\"MAIZAR critic\u00f3 la medida de un cambio a 340 $: \u00abDe nada sirve seguir con parches\u00bb\"}]},{\"@type\":\"WebSite\",\"@id\":\"https:\/\/infoecos.com.ar\/#website\",\"url\":\"https:\/\/infoecos.com.ar\/\",\"name\":\"Infoecos\",\"description\":\"Noticias de trenque lauquen y la zona\",\"publisher\":{\"@id\":\"https:\/\/infoecos.com.ar\/#organization\"},\"alternateName\":\"Noticias\",\"potentialAction\":[{\"@type\":\"SearchAction\",\"target\":{\"@type\":\"EntryPoint\",\"urlTemplate\":\"https:\/\/infoecos.com.ar\/?s={search_term_string}\"},\"query-input\":{\"@type\":\"PropertyValueSpecification\",\"valueRequired\":true,\"valueName\":\"search_term_string\"}}],\"inLanguage\":\"es\"},{\"@type\":\"Organization\",\"@id\":\"https:\/\/infoecos.com.ar\/#organization\",\"name\":\"Infoecos\",\"alternateName\":\"Noticias\",\"url\":\"https:\/\/infoecos.com.ar\/\",\"logo\":{\"@type\":\"ImageObject\",\"inLanguage\":\"es\",\"@id\":\"https:\/\/infoecos.com.ar\/#\/schema\/logo\/image\/\",\"url\":\"https:\/\/infoecos.com.ar\/wp-content\/uploads\/2024\/03\/cropped-logo.png\",\"contentUrl\":\"https:\/\/infoecos.com.ar\/wp-content\/uploads\/2024\/03\/cropped-logo.png\",\"width\":374,\"height\":90,\"caption\":\"Infoecos\"},\"image\":{\"@id\":\"https:\/\/infoecos.com.ar\/#\/schema\/logo\/image\/\"},\"sameAs\":[\"https:\/\/www.facebook.com\/profile.php?id=100063200290284\",\"https:\/\/x.com\/infoecos\"]},{\"@type\":\"Person\",\"@id\":\"https:\/\/infoecos.com.ar\/#\/schema\/person\/8f5ace5ce73b4b4aac4b7245aee6f191\",\"name\":\"Jorge Matheus\",\"url\":\"https:\/\/infoecos.com.ar\/index.php\/author\/jomatheus\/\"}]}<\/script>\n<!-- \/ Yoast SEO plugin. -->","yoast_head_json":{"title":"MAIZAR critic\u00f3 la medida de un cambio a 340 $: \"De nada sirve seguir con parches\" - Infoecos","robots":{"index":"index","follow":"follow","max-snippet":"max-snippet:-1","max-image-preview":"max-image-preview:large","max-video-preview":"max-video-preview:-1"},"canonical":"https:\/\/infoecos.com.ar\/index.php\/maizar-critico-la-medida-de-un-cambio-a-340-de-nada-sirve-seguir-con-parches\/","og_locale":"es_ES","og_type":"article","og_title":"MAIZAR critic\u00f3 la medida de un cambio a 340 $: \"De nada sirve seguir con parches\" - Infoecos","og_description":"\"Denota la falta de reglas claras y de un panorama integral de hacia d\u00f3nde queremos ir como pa\u00eds\", agrega la primera reacci\u00f3n al d\u00f3lar ma\u00edz","og_url":"https:\/\/infoecos.com.ar\/index.php\/maizar-critico-la-medida-de-un-cambio-a-340-de-nada-sirve-seguir-con-parches\/","og_site_name":"Infoecos","article_publisher":"https:\/\/www.facebook.com\/profile.php?id=100063200290284","article_published_time":"2023-07-24T04:33:22+00:00","article_modified_time":"2023-07-24T05:12:39+00:00","og_image":[{"width":620,"height":375,"url":"https:\/\/infoecos.com.ar\/wp-content\/uploads\/2023\/07\/maizar.webp","type":"image\/webp"}],"author":"Jorge Matheus","twitter_card":"summary_large_image","twitter_creator":"@infoecos","twitter_site":"@infoecos","twitter_misc":{"Escrito por":"Jorge Matheus","Tiempo de lectura":"2 minutos"},"schema":{"@context":"https:\/\/schema.org","@graph":[{"@type":"Article","@id":"https:\/\/infoecos.com.ar\/index.php\/maizar-critico-la-medida-de-un-cambio-a-340-de-nada-sirve-seguir-con-parches\/#article","isPartOf":{"@id":"https:\/\/infoecos.com.ar\/index.php\/maizar-critico-la-medida-de-un-cambio-a-340-de-nada-sirve-seguir-con-parches\/"},"author":{"name":"Jorge Matheus","@id":"https:\/\/infoecos.com.ar\/#\/schema\/person\/8f5ace5ce73b4b4aac4b7245aee6f191"},"headline":"MAIZAR critic\u00f3 la medida de un cambio a 340 $: \u00abDe nada sirve seguir con parches\u00bb","datePublished":"2023-07-24T04:33:22+00:00","dateModified":"2023-07-24T05:12:39+00:00","mainEntityOfPage":{"@id":"https:\/\/infoecos.com.ar\/index.php\/maizar-critico-la-medida-de-un-cambio-a-340-de-nada-sirve-seguir-con-parches\/"},"wordCount":366,"publisher":{"@id":"https:\/\/infoecos.com.ar\/#organization"},"image":{"@id":"https:\/\/infoecos.com.ar\/index.php\/maizar-critico-la-medida-de-un-cambio-a-340-de-nada-sirve-seguir-con-parches\/#primaryimage"},"thumbnailUrl":"https:\/\/infoecos.com.ar\/wp-content\/uploads\/2023\/07\/maizar.webp","keywords":["principales sectores vinculados al ma\u00edz"],"articleSection":["C3 N1","C3 N2"],"inLanguage":"es"},{"@type":"WebPage","@id":"https:\/\/infoecos.com.ar\/index.php\/maizar-critico-la-medida-de-un-cambio-a-340-de-nada-sirve-seguir-con-parches\/","url":"https:\/\/infoecos.com.ar\/index.php\/maizar-critico-la-medida-de-un-cambio-a-340-de-nada-sirve-seguir-con-parches\/","name":"MAIZAR critic\u00f3 la medida de un cambio a 340 $: \"De nada sirve seguir con parches\" - Infoecos","isPartOf":{"@id":"https:\/\/infoecos.com.ar\/#website"},"primaryImageOfPage":{"@id":"https:\/\/infoecos.com.ar\/index.php\/maizar-critico-la-medida-de-un-cambio-a-340-de-nada-sirve-seguir-con-parches\/#primaryimage"},"image":{"@id":"https:\/\/infoecos.com.ar\/index.php\/maizar-critico-la-medida-de-un-cambio-a-340-de-nada-sirve-seguir-con-parches\/#primaryimage"},"thumbnailUrl":"https:\/\/infoecos.com.ar\/wp-content\/uploads\/2023\/07\/maizar.webp","datePublished":"2023-07-24T04:33:22+00:00","dateModified":"2023-07-24T05:12:39+00:00","breadcrumb":{"@id":"https:\/\/infoecos.com.ar\/index.php\/maizar-critico-la-medida-de-un-cambio-a-340-de-nada-sirve-seguir-con-parches\/#breadcrumb"},"inLanguage":"es","potentialAction":[{"@type":"ReadAction","target":["https:\/\/infoecos.com.ar\/index.php\/maizar-critico-la-medida-de-un-cambio-a-340-de-nada-sirve-seguir-con-parches\/"]}]},{"@type":"ImageObject","inLanguage":"es","@id":"https:\/\/infoecos.com.ar\/index.php\/maizar-critico-la-medida-de-un-cambio-a-340-de-nada-sirve-seguir-con-parches\/#primaryimage","url":"https:\/\/infoecos.com.ar\/wp-content\/uploads\/2023\/07\/maizar.webp","contentUrl":"https:\/\/infoecos.com.ar\/wp-content\/uploads\/2023\/07\/maizar.webp","width":620,"height":375},{"@type":"BreadcrumbList","@id":"https:\/\/infoecos.com.ar\/index.php\/maizar-critico-la-medida-de-un-cambio-a-340-de-nada-sirve-seguir-con-parches\/#breadcrumb","itemListElement":[{"@type":"ListItem","position":1,"name":"Portada","item":"https:\/\/infoecos.com.ar\/"},{"@type":"ListItem","position":2,"name":"MAIZAR critic\u00f3 la medida de un cambio a 340 $: \u00abDe nada sirve seguir con parches\u00bb"}]},{"@type":"WebSite","@id":"https:\/\/infoecos.com.ar\/#website","url":"https:\/\/infoecos.com.ar\/","name":"Infoecos","description":"Noticias de trenque lauquen y la zona","publisher":{"@id":"https:\/\/infoecos.com.ar\/#organization"},"alternateName":"Noticias","potentialAction":[{"@type":"SearchAction","target":{"@type":"EntryPoint","urlTemplate":"https:\/\/infoecos.com.ar\/?s={search_term_string}"},"query-input":{"@type":"PropertyValueSpecification","valueRequired":true,"valueName":"search_term_string"}}],"inLanguage":"es"},{"@type":"Organization","@id":"https:\/\/infoecos.com.ar\/#organization","name":"Infoecos","alternateName":"Noticias","url":"https:\/\/infoecos.com.ar\/","logo":{"@type":"ImageObject","inLanguage":"es","@id":"https:\/\/infoecos.com.ar\/#\/schema\/logo\/image\/","url":"https:\/\/infoecos.com.ar\/wp-content\/uploads\/2024\/03\/cropped-logo.png","contentUrl":"https:\/\/infoecos.com.ar\/wp-content\/uploads\/2024\/03\/cropped-logo.png","width":374,"height":90,"caption":"Infoecos"},"image":{"@id":"https:\/\/infoecos.com.ar\/#\/schema\/logo\/image\/"},"sameAs":["https:\/\/www.facebook.com\/profile.php?id=100063200290284","https:\/\/x.com\/infoecos"]},{"@type":"Person","@id":"https:\/\/infoecos.com.ar\/#\/schema\/person\/8f5ace5ce73b4b4aac4b7245aee6f191","name":"Jorge Matheus","url":"https:\/\/infoecos.com.ar\/index.php\/author\/jomatheus\/"}]}},"featured_image_urls":{"full":["https:\/\/infoecos.com.ar\/wp-content\/uploads\/2023\/07\/maizar.webp",620,375,false],"thumbnail":["https:\/\/infoecos.com.ar\/wp-content\/uploads\/2023\/07\/maizar-300x150.webp",300,150,true],"medium":["https:\/\/infoecos.com.ar\/wp-content\/uploads\/2023\/07\/maizar.webp",620,375,false],"medium_large":["https:\/\/infoecos.com.ar\/wp-content\/uploads\/2023\/07\/maizar.webp",620,375,false],"large":["https:\/\/infoecos.com.ar\/wp-content\/uploads\/2023\/07\/maizar.webp",620,375,false],"1536x1536":["https:\/\/infoecos.com.ar\/wp-content\/uploads\/2023\/07\/maizar.webp",620,375,false],"2048x2048":["https:\/\/infoecos.com.ar\/wp-content\/uploads\/2023\/07\/maizar.webp",620,375,false],"covernews-slider-full":["https:\/\/infoecos.com.ar\/wp-content\/uploads\/2023\/07\/maizar.webp",620,375,false],"covernews-slider-center":["https:\/\/infoecos.com.ar\/wp-content\/uploads\/2023\/07\/maizar.webp",620,375,false],"covernews-featured":["https:\/\/infoecos.com.ar\/wp-content\/uploads\/2023\/07\/maizar.webp",620,375,false],"covernews-medium":["https:\/\/infoecos.com.ar\/wp-content\/uploads\/2023\/07\/maizar.webp",540,327,false],"covernews-medium-square":["https:\/\/infoecos.com.ar\/wp-content\/uploads\/2023\/07\/maizar.webp",400,242,false]},"author_info":{"info":["Jorge Matheus"]},"category_info":"<a href=\"https:\/\/infoecos.com.ar\/index.php\/category\/c3nota1\/\" rel=\"category tag\">C3 N1<\/a> <a href=\"https:\/\/infoecos.com.ar\/index.php\/category\/c3nota2\/\" rel=\"category tag\">C3 N2<\/a>","tag_info":"C3 N2","comment_count":"0","_links":{"self":[{"href":"https:\/\/infoecos.com.ar\/index.php\/wp-json\/wp\/v2\/posts\/108142"}],"collection":[{"href":"https:\/\/infoecos.com.ar\/index.php\/wp-json\/wp\/v2\/posts"}],"about":[{"href":"https:\/\/infoecos.com.ar\/index.php\/wp-json\/wp\/v2\/types\/post"}],"author":[{"embeddable":true,"href":"https:\/\/infoecos.com.ar\/index.php\/wp-json\/wp\/v2\/users\/2"}],"replies":[{"embeddable":true,"href":"https:\/\/infoecos.com.ar\/index.php\/wp-json\/wp\/v2\/comments?post=108142"}],"version-history":[{"count":2,"href":"https:\/\/infoecos.com.ar\/index.php\/wp-json\/wp\/v2\/posts\/108142\/revisions"}],"predecessor-version":[{"id":108156,"href":"https:\/\/infoecos.com.ar\/index.php\/wp-json\/wp\/v2\/posts\/108142\/revisions\/108156"}],"wp:featuredmedia":[{"embeddable":true,"href":"https:\/\/infoecos.com.ar\/index.php\/wp-json\/wp\/v2\/media\/108143"}],"wp:attachment":[{"href":"https:\/\/infoecos.com.ar\/index.php\/wp-json\/wp\/v2\/media?parent=108142"}],"wp:term":[{"taxonomy":"category","embeddable":true,"href":"https:\/\/infoecos.com.ar\/index.php\/wp-json\/wp\/v2\/categories?post=108142"},{"taxonomy":"post_tag","embeddable":true,"href":"https:\/\/infoecos.com.ar\/index.php\/wp-json\/wp\/v2\/tags?post=108142"}],"curies":[{"name":"wp","href":"https:\/\/api.w.org\/{rel}","templated":true}]}}