{"id":108157,"date":"2023-07-24T02:29:52","date_gmt":"2023-07-24T05:29:52","guid":{"rendered":"https:\/\/infoecos.com.ar\/?p=108157"},"modified":"2023-07-24T02:29:52","modified_gmt":"2023-07-24T05:29:52","slug":"entre-los-mejores-del-tc-candela-de-bragado-todino-de-rivera-trucco-de-t-algarrobos","status":"publish","type":"post","link":"https:\/\/infoecos.com.ar\/index.php\/entre-los-mejores-del-tc-candela-de-bragado-todino-de-rivera-trucco-de-t-algarrobos\/","title":{"rendered":"Entre los mejores del TC: Candela de Bragado, Todino de Rivera, Trucco de T.Algarrobos"},"content":{"rendered":"\n<p>El piloto de Toyota se qued\u00f2 con la novena cita de la temporada disputada sobre el Aut\u00f3dromo Villicum de San Juan. En pista lo escoltaron Andr\u00e9s Jakos y Marcos Landa.<\/p>\n\n\n\n<p>Mat\u00ecas Rossi consigui\u00f3 la primera victoria para la marca Toyota dentro del Turismo Carretera, qued\u00e0ndose con una nueva edici\u00f2n del Desaf\u00eco de las Estrellas Shell V Power.<\/p>\n\n\n\n<p>La competencia final qued\u00f3 declarada de forma provisoria por t\u00e9cnica y deportiva, hasta realizar el correspondiente an\u00e0lisis en la CAF de la ACTC en los pr\u00f2ximos d\u00edas.<\/p>\n\n\n\n<p>Kevin Candela de Bragado se ubic\u00f3 en la sexta posici\u00f3n.<\/p>\n\n\n\n<figure class=\"wp-block-image aligncenter size-full is-resized\"><img loading=\"lazy\" decoding=\"async\" src=\"https:\/\/infoecos.com.ar\/wp-content\/uploads\/2023\/07\/candela.jpg\" alt=\"\" class=\"wp-image-108158\" width=\"360\" height=\"234\" srcset=\"https:\/\/infoecos.com.ar\/wp-content\/uploads\/2023\/07\/candela.jpg 1000w, https:\/\/infoecos.com.ar\/wp-content\/uploads\/2023\/07\/candela-800x522.jpg 800w, https:\/\/infoecos.com.ar\/wp-content\/uploads\/2023\/07\/candela-768x501.jpg 768w\" sizes=\"(max-width: 360px) 100vw, 360px\" \/><figcaption class=\"wp-element-caption\">Candela, Kevin <\/figcaption><\/figure>\n\n\n\n<figure class=\"wp-block-table\"><table><thead><tr><th>Pos.<\/th><th>N\u00famero<\/th><th>Piloto<\/th><th>Marca<\/th><th>Vueltas<\/th><th>Tiempo<\/th><th>Diferencia<\/th><\/tr><\/thead><tbody><tr><td>1\u00b0<\/td><td>117<\/td><td><a href=\"https:\/\/www.actc.org.ar\/tc\/pilotos\/2023\/matias-rossi_6451.html\">ROSSI, MAT\u00cdAS<\/a><\/td><td><img decoding=\"async\" alt=\"Y\" src=\"https:\/\/www.actc.org.ar\/vistas\/v3\/images\/logos\/logo-toyota-xs.png\"><\/td><td>35<\/td><td>01:09:52.136<\/td><td><\/td><\/tr><tr><td>2\u00b0<\/td><td>122<\/td><td><a href=\"https:\/\/www.actc.org.ar\/tc\/pilotos\/2023\/andres-jakos_6468.html\">JAKOS, ANDR\u00c9S<\/a><\/td><td><img decoding=\"async\" alt=\"Y\" src=\"https:\/\/www.actc.org.ar\/vistas\/v3\/images\/logos\/logo-toyota-xs.png\"><\/td><td>35<\/td><td>01:09:52.388<\/td><td>0.252<\/td><\/tr><tr><td>3\u00b0<\/td><td>95<\/td><td><a href=\"https:\/\/www.actc.org.ar\/tc\/pilotos\/2023\/marcos-landa_6455.html\">LANDA, MARCOS<\/a><\/td><td><img decoding=\"async\" alt=\"Torino\" src=\"https:\/\/www.actc.org.ar\/vistas\/v3\/images\/logos\/logo-torino-xs.png\"><\/td><td>35<\/td><td>01:09:54.261<\/td><td>2.125<\/td><\/tr><tr><td>4\u00b0<\/td><td>4<\/td><td><a href=\"https:\/\/www.actc.org.ar\/tc\/pilotos\/2023\/esteban-gini_6443.html\">GINI, ESTEBAN<\/a><\/td><td><img decoding=\"async\" alt=\"Y\" src=\"https:\/\/www.actc.org.ar\/vistas\/v3\/images\/logos\/logo-toyota-xs.png\"><\/td><td>35<\/td><td>01:09:58.520<\/td><td>6.384<\/td><\/tr><tr><td>5\u00b0<\/td><td>68<\/td><td><a href=\"https:\/\/www.actc.org.ar\/tc\/pilotos\/2023\/julian-santero_6452.html\">SANTERO, JULI\u00c1N<\/a><\/td><td><img decoding=\"async\" alt=\"Ford\" src=\"https:\/\/www.actc.org.ar\/vistas\/v3\/images\/logos\/logo-ford-xs.png\"><\/td><td>35<\/td><td>01:09:58.916<\/td><td>6.780<\/td><\/tr><tr><td>6\u00b0<\/td><td>161<\/td><td><a href=\"https:\/\/www.actc.org.ar\/tc\/pilotos\/2023\/kevin-candela_6476.html\">CANDELA, KEVIN<\/a><\/td><td><img decoding=\"async\" alt=\"Torino\" src=\"https:\/\/www.actc.org.ar\/vistas\/v3\/images\/logos\/logo-torino-xs.png\"><\/td><td>35<\/td><td>01:10:02.632<\/td><td>10.496<\/td><\/tr><tr><td>7\u00b0<\/td><td>93<\/td><td><a href=\"https:\/\/www.actc.org.ar\/tc\/pilotos\/2023\/matias-rodriguez_6735.html\">RODR\u00cdGUEZ, MAT\u00cdAS<\/a><\/td><td><img decoding=\"async\" alt=\"Torino\" src=\"https:\/\/www.actc.org.ar\/vistas\/v3\/images\/logos\/logo-torino-xs.png\"><\/td><td>35<\/td><td>01:10:03.187<\/td><td>11.051<\/td><\/tr><tr><td>8\u00b0<\/td><td>1<\/td><td><a href=\"https:\/\/www.actc.org.ar\/tc\/pilotos\/2023\/jose-manuel-urcera_6440.html\">URCERA, JOS\u00c9 MANUEL<\/a><\/td><td><img decoding=\"async\" alt=\"Torino\" src=\"https:\/\/www.actc.org.ar\/vistas\/v3\/images\/logos\/logo-torino-xs.png\"><\/td><td>35<\/td><td>01:10:03.843<\/td><td>11.707<\/td><\/tr><tr><td>9\u00b0<\/td><td>56<\/td><td><a href=\"https:\/\/www.actc.org.ar\/tc\/pilotos\/2023\/german-todino_6447.html\">TODINO, GERM\u00c1N<\/a><\/td><td><img decoding=\"async\" alt=\"Dodge\" src=\"https:\/\/www.actc.org.ar\/vistas\/v3\/images\/logos\/logo-dodge-xs.png\"><\/td><td>35<\/td><td>01:10:04.096<\/td><td>11.960<\/td><\/tr><tr><td>10\u00b0<\/td><td>54<\/td><td><a href=\"https:\/\/www.actc.org.ar\/tc\/pilotos\/2023\/nicolas-cotignola_6481.html\">COTIGNOLA, NICOL\u00c1S<\/a><\/td><td><img decoding=\"async\" alt=\"Torino\" src=\"https:\/\/www.actc.org.ar\/vistas\/v3\/images\/logos\/logo-torino-xs.png\"><\/td><td>35<\/td><td>01:10:07.746<\/td><td>15.610<\/td><\/tr><tr><td>11\u00b0<\/td><td>14<\/td><td><a href=\"https:\/\/www.actc.org.ar\/tc\/pilotos\/2023\/juan-b-de-benedictis-j_6453.html\">DE BENEDICTIS J., JUAN B.<\/a><\/td><td><img decoding=\"async\" alt=\"Ford\" src=\"https:\/\/www.actc.org.ar\/vistas\/v3\/images\/logos\/logo-ford-xs.png\"><\/td><td>35<\/td><td>01:10:08.535<\/td><td>16.399<\/td><\/tr><tr><td>12\u00b0<\/td><td>7<\/td><td><a href=\"https:\/\/www.actc.org.ar\/tc\/pilotos\/2023\/jonatan-castellano_6446.html\">CASTELLANO, JONATAN<\/a><\/td><td><img decoding=\"async\" alt=\"Dodge\" src=\"https:\/\/www.actc.org.ar\/vistas\/v3\/images\/logos\/logo-dodge-xs.png\"><\/td><td>35<\/td><td>01:10:08.734<\/td><td>16.598<\/td><\/tr><tr><td>13\u00b0<\/td><td>44<\/td><td><a href=\"https:\/\/www.actc.org.ar\/tc\/pilotos\/2023\/facundo-della-motta_6467.html\">DELLA MOTTA, FACUNDO<\/a><\/td><td><img decoding=\"async\" alt=\"Ford\" src=\"https:\/\/www.actc.org.ar\/vistas\/v3\/images\/logos\/logo-ford-xs.png\"><\/td><td>35<\/td><td>01:10:09.870<\/td><td>17.734<\/td><\/tr><tr><td>14\u00b0<\/td><td>87<\/td><td><a href=\"https:\/\/www.actc.org.ar\/tc\/pilotos\/2023\/juan-martin-trucco_6457.html\">TRUCCO, JUAN MART\u00cdN<\/a><\/td><td><img decoding=\"async\" alt=\"Dodge\" src=\"https:\/\/www.actc.org.ar\/vistas\/v3\/images\/logos\/logo-dodge-xs.png\"><\/td><td>35<\/td><td>01:10:10.164<\/td><td>18.028<\/td><\/tr><tr><td>15\u00b0<\/td><td>9<\/td><td><a href=\"https:\/\/www.actc.org.ar\/tc\/pilotos\/2023\/mauricio-lambiris_6448.html\">LAMBIRIS, MAURICIO<\/a><\/td><td><img decoding=\"async\" alt=\"Ford\" src=\"https:\/\/www.actc.org.ar\/vistas\/v3\/images\/logos\/logo-ford-xs.png\"><\/td><td>35<\/td><td>01:10:10.434<\/td><td>18.298<\/td><\/tr><tr><td>16\u00b0<\/td><td>30<\/td><td><a href=\"https:\/\/www.actc.org.ar\/tc\/pilotos\/2023\/gabriel-ponce-de-leon_6469.html\">PONCE DE LE\u00d3N, GABRIEL<\/a><\/td><td><img decoding=\"async\" alt=\"Ford\" src=\"https:\/\/www.actc.org.ar\/vistas\/v3\/images\/logos\/logo-ford-xs.png\"><\/td><td>35<\/td><td>01:10:10.728<\/td><td>18.592<\/td><\/tr><tr><td>17\u00b0<\/td><td>6<\/td><td><a href=\"https:\/\/www.actc.org.ar\/tc\/pilotos\/2023\/leonel-pernia_6445.html\">PERN\u00cdA, LEONEL<\/a><\/td><td><img decoding=\"async\" alt=\"Chevrolet\" src=\"https:\/\/www.actc.org.ar\/vistas\/v3\/images\/logos\/logo-chevrolet-xs.png\"><\/td><td>35<\/td><td>01:10:11.131<\/td><td>18.995<\/td><\/tr><tr><td>18\u00b0<\/td><td>21<\/td><td><a href=\"https:\/\/www.actc.org.ar\/tc\/pilotos\/2023\/christian-ledesma_6460.html\">LEDESMA, CHRISTIAN<\/a><\/td><td><img decoding=\"async\" alt=\"Chevrolet\" src=\"https:\/\/www.actc.org.ar\/vistas\/v3\/images\/logos\/logo-chevrolet-xs.png\"><\/td><td>35<\/td><td>01:10:11.651<\/td><td>19.515<\/td><\/tr><tr><td>19\u00b0<\/td><td>155<\/td><td><a href=\"https:\/\/www.actc.org.ar\/tc\/pilotos\/2023\/federico-iribarne_6804.html\">IRIBARNE, FEDERICO<\/a><\/td><td><img decoding=\"async\" alt=\"Chevrolet\" src=\"https:\/\/www.actc.org.ar\/vistas\/v3\/images\/logos\/logo-chevrolet-xs.png\"><\/td><td>35<\/td><td>01:10:12.205<\/td><td>20.069<\/td><\/tr><tr><td>20\u00b0<\/td><td>2<\/td><td><a href=\"https:\/\/www.actc.org.ar\/tc\/pilotos\/2023\/mariano-werner_6441.html\">WERNER, MARIANO<\/a><\/td><td><img decoding=\"async\" alt=\"Ford\" src=\"https:\/\/www.actc.org.ar\/vistas\/v3\/images\/logos\/logo-ford-xs.png\"><\/td><td>35<\/td><td>01:10:14.058<\/td><td>21.922<\/td><\/tr><tr><td>21\u00b0<\/td><td>116<\/td><td><a href=\"https:\/\/www.actc.org.ar\/tc\/pilotos\/2023\/alan-ruggiero_6480.html\">RUGGIERO, ALAN<\/a><\/td><td><img decoding=\"async\" alt=\"Ford\" src=\"https:\/\/www.actc.org.ar\/vistas\/v3\/images\/logos\/logo-ford-xs.png\"><\/td><td>35<\/td><td>01:10:18.526<\/td><td>26.390<\/td><\/tr><tr><td>22\u00b0<\/td><td>27<\/td><td><a href=\"https:\/\/www.actc.org.ar\/tc\/pilotos\/2023\/gaston-mazzacane_6466.html\">MAZZACANE, GAST\u00d3N<\/a><\/td><td><img decoding=\"async\" alt=\"Chevrolet\" src=\"https:\/\/www.actc.org.ar\/vistas\/v3\/images\/logos\/logo-chevrolet-xs.png\"><\/td><td>35<\/td><td>01:10:20.105<\/td><td>27.969<\/td><\/tr><tr><td>23\u00b0<\/td><td>115<\/td><td><a href=\"https:\/\/www.actc.org.ar\/tc\/pilotos\/2023\/diego-de-carlo_6483.html\">DE CARLO, DIEGO<\/a><\/td><td><img decoding=\"async\" alt=\"Chevrolet\" src=\"https:\/\/www.actc.org.ar\/vistas\/v3\/images\/logos\/logo-chevrolet-xs.png\"><\/td><td>35<\/td><td>01:10:20.971<\/td><td>28.835<\/td><\/tr><tr><td>24\u00b0<\/td><td>232<\/td><td><a href=\"https:\/\/www.actc.org.ar\/tc\/pilotos\/2023\/gustavo-micheloud_6590.html\">MICHELOUD, GUSTAVO<\/a><\/td><td><img decoding=\"async\" alt=\"Dodge\" src=\"https:\/\/www.actc.org.ar\/vistas\/v3\/images\/logos\/logo-dodge-xs.png\"><\/td><td>35<\/td><td>01:10:21.639<\/td><td>29.503<\/td><\/tr><tr><td>25\u00b0<\/td><td>83<\/td><td><a href=\"https:\/\/www.actc.org.ar\/tc\/pilotos\/2023\/facundo-ardusso_6449.html\">ARDUSSO, FACUNDO<\/a><\/td><td><img decoding=\"async\" alt=\"Chevrolet\" src=\"https:\/\/www.actc.org.ar\/vistas\/v3\/images\/logos\/logo-chevrolet-xs.png\"><\/td><td>35<\/td><td>01:10:22.053<\/td><td>29.917<\/td><\/tr><tr><td>26\u00b0<\/td><td>37<\/td><td><a href=\"https:\/\/www.actc.org.ar\/tc\/pilotos\/2023\/emiliano-spataro_6474.html\">SPATARO, EMILIANO<\/a><\/td><td><img decoding=\"async\" alt=\"Ford\" src=\"https:\/\/www.actc.org.ar\/vistas\/v3\/images\/logos\/logo-ford-xs.png\"><\/td><td>35<\/td><td>01:10:22.304<\/td><td>30.168<\/td><\/tr><tr><td>27\u00b0<\/td><td>177<\/td><td><a href=\"https:\/\/www.actc.org.ar\/tc\/pilotos\/2023\/ayrton-londero_6475.html\">LONDERO, AYRTON<\/a><\/td><td><img decoding=\"async\" alt=\"Torino\" src=\"https:\/\/www.actc.org.ar\/vistas\/v3\/images\/logos\/logo-torino-xs.png\"><\/td><td>35<\/td><td>01:10:22.651<\/td><td>30.515<\/td><\/tr><tr><td>28\u00b0<\/td><td>96<\/td><td><a href=\"https:\/\/www.actc.org.ar\/tc\/pilotos\/2023\/juan-cruz-benvenuti_6450.html\">BENVENUTI, JUAN CRUZ<\/a><\/td><td><img decoding=\"async\" alt=\"Torino\" src=\"https:\/\/www.actc.org.ar\/vistas\/v3\/images\/logos\/logo-torino-xs.png\"><\/td><td>35<\/td><td>01:10:25.874<\/td><td>33.738<\/td><\/tr><tr><td>29\u00b0<\/td><td>127<\/td><td><a href=\"https:\/\/www.actc.org.ar\/tc\/pilotos\/2023\/marcelo-agrelo_6462.html\">AGRELO, MARCELO<\/a><\/td><td><img decoding=\"async\" alt=\"Dodge\" src=\"https:\/\/www.actc.org.ar\/vistas\/v3\/images\/logos\/logo-dodge-xs.png\"><\/td><td>35<\/td><td>01:10:26.322<\/td><td>34.186<\/td><\/tr><tr><td>30\u00b0<\/td><td>77<\/td><td><a href=\"https:\/\/www.actc.org.ar\/tc\/pilotos\/2023\/augusto-carinelli_6477.html\">CARINELLI, AUGUSTO<\/a><\/td><td><img decoding=\"async\" alt=\"Dodge\" src=\"https:\/\/www.actc.org.ar\/vistas\/v3\/images\/logos\/logo-dodge-xs.png\"><\/td><td>35<\/td><td>01:10:31.998<\/td><td>39.862<\/td><\/tr><tr><td>31\u00b0<\/td><td>111<\/td><td><a href=\"https:\/\/www.actc.org.ar\/tc\/pilotos\/2023\/juan-garbelino_6591.html\">GARBELINO, JUAN<\/a><\/td><td><img decoding=\"async\" alt=\"Dodge\" src=\"https:\/\/www.actc.org.ar\/vistas\/v3\/images\/logos\/logo-dodge-xs.png\"><\/td><td>35<\/td><td>01:10:55.759<\/td><td>1:03.623<\/td><\/tr><tr><td>32\u00b0<\/td><td>20<\/td><td><a href=\"https:\/\/www.actc.org.ar\/tc\/pilotos\/2023\/juan-jose-ebarlin_6459.html\">EBARL\u00cdN, JUAN JOS\u00c9<\/a><\/td><td><img decoding=\"async\" alt=\"Chevrolet\" src=\"https:\/\/www.actc.org.ar\/vistas\/v3\/images\/logos\/logo-chevrolet-xs.png\"><\/td><td>35<\/td><td>01:11:33.874<\/td><td>1:41.738<\/td><\/tr><tr><td>33\u00b0<\/td><td>88<\/td><td><a href=\"https:\/\/www.actc.org.ar\/tc\/pilotos\/2023\/nicolas-trosset_6458.html\">TROSSET, NICOL\u00c1S<\/a><\/td><td><img decoding=\"async\" alt=\"Ford\" src=\"https:\/\/www.actc.org.ar\/vistas\/v3\/images\/logos\/logo-ford-xs.png\"><\/td><td>35<\/td><td>01:11:39.168<\/td><td>1:47.032<\/td><\/tr><tr><td>34\u00b0<\/td><td>99<\/td><td><a href=\"https:\/\/www.actc.org.ar\/tc\/pilotos\/2023\/leonel-sotro_6596.html\">SOTRO, LEONEL<\/a><\/td><td><img decoding=\"async\" alt=\"Ford\" src=\"https:\/\/www.actc.org.ar\/vistas\/v3\/images\/logos\/logo-ford-xs.png\"><\/td><td>34<\/td><td>01:09:24.915<\/td><td>1 VTA<\/td><\/tr><tr><td>35\u00b0<\/td><td>119<\/td><td><a href=\"https:\/\/www.actc.org.ar\/tc\/pilotos\/2023\/humberto-krujoski_6604.html\">KRUJOSKI, HUMBERTO<\/a><\/td><td><img decoding=\"async\" alt=\"Dodge\" src=\"https:\/\/www.actc.org.ar\/vistas\/v3\/images\/logos\/logo-dodge-xs.png\"><\/td><td>34<\/td><td>01:12:19.498<\/td><td>1 VTA<\/td><\/tr><tr><td>36\u00b0<\/td><td>82<\/td><td><a href=\"https:\/\/www.actc.org.ar\/tc\/pilotos\/2023\/carlos-okulovich_6592.html\">OKULOVICH, CARLOS<\/a><\/td><td><img decoding=\"async\" alt=\"Torino\" src=\"https:\/\/www.actc.org.ar\/vistas\/v3\/images\/logos\/logo-torino-xs.png\"><\/td><td>33<\/td><td>01:10:21.275<\/td><td>2 VTAS<\/td><\/tr><tr><td>37\u00b0<\/td><td>85<\/td><td><a href=\"https:\/\/www.actc.org.ar\/tc\/pilotos\/2023\/ricardo-risatti_6603.html\">RISATTI, RICARDO<\/a><\/td><td><img decoding=\"async\" alt=\"Chevrolet\" src=\"https:\/\/www.actc.org.ar\/vistas\/v3\/images\/logos\/logo-chevrolet-xs.png\"><\/td><td>32<\/td><td>01:05:17.412<\/td><td>3 VTAS<\/td><\/tr><tr><td>38\u00b0<\/td><td>53<\/td><td><a href=\"https:\/\/www.actc.org.ar\/tc\/pilotos\/2023\/juan-tomas-catalan-magni_6463.html\">CATAL\u00c1N MAGNI, JUAN TOM\u00c1S<\/a><\/td><td><img decoding=\"async\" alt=\"Ford\" src=\"https:\/\/www.actc.org.ar\/vistas\/v3\/images\/logos\/logo-ford-xs.png\"><\/td><td>31<\/td><td>01:04:10.439<\/td><td>4 VTAS<\/td><\/tr><tr><td>39\u00b0<\/td><td>215<\/td><td><a href=\"https:\/\/www.actc.org.ar\/tc\/pilotos\/2023\/gaston-crusitta_7082.html\">CRUSITTA, GAST\u00d3N<\/a><\/td><td><img decoding=\"async\" alt=\"Dodge\" src=\"https:\/\/www.actc.org.ar\/vistas\/v3\/images\/logos\/logo-dodge-xs.png\"><\/td><td>29<\/td><td>01:00:26.484<\/td><td>6 VTAS<\/td><\/tr><tr><td>40\u00b0<\/td><td>32<\/td><td><a href=\"https:\/\/www.actc.org.ar\/tc\/pilotos\/2023\/norberto-fontana_6470.html\">FONTANA, NORBERTO<\/a><\/td><td><img decoding=\"async\" alt=\"Torino\" src=\"https:\/\/www.actc.org.ar\/vistas\/v3\/images\/logos\/logo-torino-xs.png\"><\/td><td>28<\/td><td>57:56.215<\/td><td>7 VTAS<\/td><\/tr><tr><td>41\u00b0<\/td><td>5<\/td><td><a href=\"https:\/\/www.actc.org.ar\/tc\/pilotos\/2023\/santiago-mangoni_6444.html\">MANGONI, SANTIAGO<\/a><\/td><td><img decoding=\"async\" alt=\"Chevrolet\" src=\"https:\/\/www.actc.org.ar\/vistas\/v3\/images\/logos\/logo-chevrolet-xs.png\"><\/td><td>24<\/td><td>49:11.379<\/td><td>11 VTAS<\/td><\/tr><tr><td>42\u00b0<\/td><td>172<\/td><td><a href=\"https:\/\/www.actc.org.ar\/tc\/pilotos\/2023\/santiago-alvarez_6586.html\">\u00c1LVAREZ, SANTIAGO<\/a><\/td><td><img decoding=\"async\" alt=\"Dodge\" src=\"https:\/\/www.actc.org.ar\/vistas\/v3\/images\/logos\/logo-dodge-xs.png\"><\/td><td>23<\/td><td>47:29.067<\/td><td>12 VTAS<\/td><\/tr><tr><td>43\u00b0<\/td><td>137<\/td><td><a href=\"https:\/\/www.actc.org.ar\/tc\/pilotos\/2023\/otto-fritzler_6584.html\">FRITZLER, OTTO<\/a><\/td><td><img decoding=\"async\" alt=\"Ford\" src=\"https:\/\/www.actc.org.ar\/vistas\/v3\/images\/logos\/logo-ford-xs.png\"><\/td><td>23<\/td><td>47:29.719<\/td><td>12 VTAS<\/td><\/tr><tr><td>44\u00b0<\/td><td>72<\/td><td><a href=\"https:\/\/www.actc.org.ar\/tc\/pilotos\/2023\/martin-serrano_6478.html\">SERRANO, MART\u00cdN<\/a><\/td><td><img decoding=\"async\" alt=\"Chevrolet\" src=\"https:\/\/www.actc.org.ar\/vistas\/v3\/images\/logos\/logo-chevrolet-xs.png\"><\/td><td>23<\/td><td>48:49.524<\/td><td>12 VTAS<\/td><\/tr><tr><td>45\u00b0<\/td><td>123<\/td><td><a href=\"https:\/\/www.actc.org.ar\/tc\/pilotos\/2023\/martin-vazquez_6588.html\">V\u00c1ZQUEZ, MART\u00cdN<\/a><\/td><td><img decoding=\"async\" alt=\"Dodge\" src=\"https:\/\/www.actc.org.ar\/vistas\/v3\/images\/logos\/logo-dodge-xs.png\"><\/td><td>18<\/td><td>38:32.323<\/td><td>17 VTAS<\/td><\/tr><tr><td>46\u00b0<\/td><td>121<\/td><td><a href=\"https:\/\/www.actc.org.ar\/tc\/pilotos\/2023\/elio-craparo_6587.html\">CRAPARO, ELIO<\/a><\/td><td><img decoding=\"async\" alt=\"Dodge\" src=\"https:\/\/www.actc.org.ar\/vistas\/v3\/images\/logos\/logo-dodge-xs.png\"><\/td><td>16<\/td><td>35:11.845<\/td><td>19 VTAS<\/td><\/tr><tr><td>47\u00b0<\/td><td>133<\/td><td><a href=\"https:\/\/www.actc.org.ar\/tc\/pilotos\/2023\/valentin-aguirre_6465.html\">AGUIRRE, VALENT\u00cdN<\/a><\/td><td><img decoding=\"async\" alt=\"Dodge\" src=\"https:\/\/www.actc.org.ar\/vistas\/v3\/images\/logos\/logo-dodge-xs.png\"><\/td><td>14<\/td><td>30:59.038<\/td><td>21 VTAS<\/td><\/tr><tr><td>48\u00b0<\/td><td>75<\/td><td><a href=\"https:\/\/www.actc.org.ar\/tc\/pilotos\/2023\/sergio-alaux_6471.html\">ALAUX, SERGIO<\/a><\/td><td><img decoding=\"async\" alt=\"Chevrolet\" src=\"https:\/\/www.actc.org.ar\/vistas\/v3\/images\/logos\/logo-chevrolet-xs.png\"><\/td><td>14<\/td><td>33:44.331<\/td><td>21 VTAS<\/td><\/tr><tr><td>49\u00b0<\/td><td>17<\/td><td><a href=\"https:\/\/www.actc.org.ar\/tc\/pilotos\/2023\/nicolas-bonelli_6456.html\">BONELLI, NICOL\u00c1S<\/a><\/td><td><img decoding=\"async\" alt=\"Ford\" src=\"https:\/\/www.actc.org.ar\/vistas\/v3\/images\/logos\/logo-ford-xs.png\"><\/td><td>14<\/td><td>35:13.249<\/td><td>21 VTAS<\/td><\/tr><tr><td>50\u00b0<\/td><td>197<\/td><td><a href=\"https:\/\/www.actc.org.ar\/tc\/pilotos\/2023\/marcos-quijada_6589.html\">QUIJADA, MARCOS<\/a><\/td><td><img decoding=\"async\" alt=\"Dodge\" src=\"https:\/\/www.actc.org.ar\/vistas\/v3\/images\/logos\/logo-dodge-xs.png\"><\/td><td>11<\/td><td>24:55.762<\/td><td>24 VTAS<\/td><\/tr><tr><td>51\u00b0<\/td><td>134<\/td><td><a href=\"https:\/\/www.actc.org.ar\/tc\/pilotos\/2023\/matias-jalaf_6670.html\">JALAF, MAT\u00cdAS<\/a><\/td><td><img decoding=\"async\" alt=\"Ford\" src=\"https:\/\/www.actc.org.ar\/vistas\/v3\/images\/logos\/logo-ford-xs.png\"><\/td><td>6<\/td><td>14:32.767<\/td><td>29 VTAS<\/td><\/tr><tr><td>52\u00b0<\/td><td>25<\/td><td><a href=\"https:\/\/www.actc.org.ar\/tc\/pilotos\/2023\/diego-ciantini_6464.html\">CIANTINI, DIEGO<\/a><\/td><td><img decoding=\"async\" alt=\"Chevrolet\" src=\"https:\/\/www.actc.org.ar\/vistas\/v3\/images\/logos\/logo-chevrolet-xs.png\"><\/td><td>5<\/td><td>12:28.288<\/td><td>30 VTAS<\/td><\/tr><tr><td>53\u00b0<\/td><td>208<\/td><td><a href=\"https:\/\/www.actc.org.ar\/tc\/pilotos\/2023\/gaston-ferrante_6472.html\">FERRANTE, GAST\u00d3N<\/a><\/td><td><img decoding=\"async\" alt=\"Dodge\" src=\"https:\/\/www.actc.org.ar\/vistas\/v3\/images\/logos\/logo-dodge-xs.png\"><\/td><td>1<\/td><td>02:45.281<\/td><td>34 VTAS<\/td><\/tr><\/tbody><\/table><\/figure>\n\n\n\n<h2 class=\"wp-block-heading\">COMENTARIOS<\/h2>\n\n\n\n<ul class=\"wp-block-list\">\n<li><strong>PROMEDIO:<\/strong>&nbsp;128,040 KM\/H<br><br><strong>RECORD DE VUELTA:<\/strong>&nbsp;NRO 117 (ROSSI) VTA 30 EN 1:42.587 A 149,492 KM\/HFINAL PROVISARIA POR DEPORTIVA Y TECNICA<\/li>\n<\/ul>\n","protected":false},"excerpt":{"rendered":"<p>En la foto la dupla de Toyota que hicieron el 1\/2 en San Juan. Informaci\u00f3n de la ACTC<\/p>\n","protected":false},"author":2,"featured_media":108159,"comment_status":"closed","ping_status":"open","sticky":false,"template":"","format":"standard","meta":{"footnotes":""},"categories":[47],"tags":[8485],"class_list":["post-108157","post","type-post","status-publish","format-standard","has-post-thumbnail","hentry","category-c3nota2","tag-alaux-lejos-48vo"],"yoast_head":"<!-- This site is optimized with the Yoast SEO plugin v23.4 - https:\/\/yoast.com\/wordpress\/plugins\/seo\/ -->\n<title>Entre los mejores del TC: Candela de Bragado, Todino de Rivera, Trucco de T.Algarrobos - Infoecos<\/title>\n<meta name=\"robots\" content=\"index, follow, max-snippet:-1, max-image-preview:large, max-video-preview:-1\" \/>\n<link rel=\"canonical\" href=\"https:\/\/infoecos.com.ar\/index.php\/entre-los-mejores-del-tc-candela-de-bragado-todino-de-rivera-trucco-de-t-algarrobos\/\" \/>\n<meta property=\"og:locale\" content=\"es_ES\" \/>\n<meta property=\"og:type\" content=\"article\" \/>\n<meta property=\"og:title\" content=\"Entre los mejores del TC: Candela de Bragado, Todino de Rivera, Trucco de T.Algarrobos - Infoecos\" \/>\n<meta property=\"og:description\" content=\"En la foto la dupla de Toyota que hicieron el 1\/2 en San Juan. Informaci\u00f3n de la ACTC\" \/>\n<meta property=\"og:url\" content=\"https:\/\/infoecos.com.ar\/index.php\/entre-los-mejores-del-tc-candela-de-bragado-todino-de-rivera-trucco-de-t-algarrobos\/\" \/>\n<meta property=\"og:site_name\" content=\"Infoecos\" \/>\n<meta property=\"article:publisher\" content=\"https:\/\/www.facebook.com\/profile.php?id=100063200290284\" \/>\n<meta property=\"article:published_time\" content=\"2023-07-24T05:29:52+00:00\" \/>\n<meta property=\"og:image\" content=\"https:\/\/infoecos.com.ar\/wp-content\/uploads\/2023\/07\/TOYOTAENSANJUAN.jpg\" \/>\n\t<meta property=\"og:image:width\" content=\"1170\" \/>\n\t<meta property=\"og:image:height\" content=\"477\" \/>\n\t<meta property=\"og:image:type\" content=\"image\/jpeg\" \/>\n<meta name=\"author\" content=\"Jorge Matheus\" \/>\n<meta name=\"twitter:card\" content=\"summary_large_image\" \/>\n<meta name=\"twitter:creator\" content=\"@infoecos\" \/>\n<meta name=\"twitter:site\" content=\"@infoecos\" \/>\n<meta name=\"twitter:label1\" content=\"Escrito por\" \/>\n\t<meta name=\"twitter:data1\" content=\"Jorge Matheus\" \/>\n\t<meta name=\"twitter:label2\" content=\"Tiempo de lectura\" \/>\n\t<meta name=\"twitter:data2\" content=\"14 minutos\" \/>\n<script type=\"application\/ld+json\" class=\"yoast-schema-graph\">{\"@context\":\"https:\/\/schema.org\",\"@graph\":[{\"@type\":\"Article\",\"@id\":\"https:\/\/infoecos.com.ar\/index.php\/entre-los-mejores-del-tc-candela-de-bragado-todino-de-rivera-trucco-de-t-algarrobos\/#article\",\"isPartOf\":{\"@id\":\"https:\/\/infoecos.com.ar\/index.php\/entre-los-mejores-del-tc-candela-de-bragado-todino-de-rivera-trucco-de-t-algarrobos\/\"},\"author\":{\"name\":\"Jorge Matheus\",\"@id\":\"https:\/\/infoecos.com.ar\/#\/schema\/person\/8f5ace5ce73b4b4aac4b7245aee6f191\"},\"headline\":\"Entre los mejores del TC: Candela de Bragado, Todino de Rivera, Trucco de T.Algarrobos\",\"datePublished\":\"2023-07-24T05:29:52+00:00\",\"dateModified\":\"2023-07-24T05:29:52+00:00\",\"mainEntityOfPage\":{\"@id\":\"https:\/\/infoecos.com.ar\/index.php\/entre-los-mejores-del-tc-candela-de-bragado-todino-de-rivera-trucco-de-t-algarrobos\/\"},\"wordCount\":313,\"publisher\":{\"@id\":\"https:\/\/infoecos.com.ar\/#organization\"},\"image\":{\"@id\":\"https:\/\/infoecos.com.ar\/index.php\/entre-los-mejores-del-tc-candela-de-bragado-todino-de-rivera-trucco-de-t-algarrobos\/#primaryimage\"},\"thumbnailUrl\":\"https:\/\/infoecos.com.ar\/wp-content\/uploads\/2023\/07\/TOYOTAENSANJUAN.jpg\",\"keywords\":[\"ALAUX LEJOS: 48VO\"],\"articleSection\":[\"C3 N2\"],\"inLanguage\":\"es\"},{\"@type\":\"WebPage\",\"@id\":\"https:\/\/infoecos.com.ar\/index.php\/entre-los-mejores-del-tc-candela-de-bragado-todino-de-rivera-trucco-de-t-algarrobos\/\",\"url\":\"https:\/\/infoecos.com.ar\/index.php\/entre-los-mejores-del-tc-candela-de-bragado-todino-de-rivera-trucco-de-t-algarrobos\/\",\"name\":\"Entre los mejores del TC: Candela de Bragado, Todino de Rivera, Trucco de T.Algarrobos - Infoecos\",\"isPartOf\":{\"@id\":\"https:\/\/infoecos.com.ar\/#website\"},\"primaryImageOfPage\":{\"@id\":\"https:\/\/infoecos.com.ar\/index.php\/entre-los-mejores-del-tc-candela-de-bragado-todino-de-rivera-trucco-de-t-algarrobos\/#primaryimage\"},\"image\":{\"@id\":\"https:\/\/infoecos.com.ar\/index.php\/entre-los-mejores-del-tc-candela-de-bragado-todino-de-rivera-trucco-de-t-algarrobos\/#primaryimage\"},\"thumbnailUrl\":\"https:\/\/infoecos.com.ar\/wp-content\/uploads\/2023\/07\/TOYOTAENSANJUAN.jpg\",\"datePublished\":\"2023-07-24T05:29:52+00:00\",\"dateModified\":\"2023-07-24T05:29:52+00:00\",\"breadcrumb\":{\"@id\":\"https:\/\/infoecos.com.ar\/index.php\/entre-los-mejores-del-tc-candela-de-bragado-todino-de-rivera-trucco-de-t-algarrobos\/#breadcrumb\"},\"inLanguage\":\"es\",\"potentialAction\":[{\"@type\":\"ReadAction\",\"target\":[\"https:\/\/infoecos.com.ar\/index.php\/entre-los-mejores-del-tc-candela-de-bragado-todino-de-rivera-trucco-de-t-algarrobos\/\"]}]},{\"@type\":\"ImageObject\",\"inLanguage\":\"es\",\"@id\":\"https:\/\/infoecos.com.ar\/index.php\/entre-los-mejores-del-tc-candela-de-bragado-todino-de-rivera-trucco-de-t-algarrobos\/#primaryimage\",\"url\":\"https:\/\/infoecos.com.ar\/wp-content\/uploads\/2023\/07\/TOYOTAENSANJUAN.jpg\",\"contentUrl\":\"https:\/\/infoecos.com.ar\/wp-content\/uploads\/2023\/07\/TOYOTAENSANJUAN.jpg\",\"width\":1170,\"height\":477},{\"@type\":\"BreadcrumbList\",\"@id\":\"https:\/\/infoecos.com.ar\/index.php\/entre-los-mejores-del-tc-candela-de-bragado-todino-de-rivera-trucco-de-t-algarrobos\/#breadcrumb\",\"itemListElement\":[{\"@type\":\"ListItem\",\"position\":1,\"name\":\"Portada\",\"item\":\"https:\/\/infoecos.com.ar\/\"},{\"@type\":\"ListItem\",\"position\":2,\"name\":\"Entre los mejores del TC: Candela de Bragado, Todino de Rivera, Trucco de T.Algarrobos\"}]},{\"@type\":\"WebSite\",\"@id\":\"https:\/\/infoecos.com.ar\/#website\",\"url\":\"https:\/\/infoecos.com.ar\/\",\"name\":\"Infoecos\",\"description\":\"Noticias de trenque lauquen y la zona\",\"publisher\":{\"@id\":\"https:\/\/infoecos.com.ar\/#organization\"},\"alternateName\":\"Noticias\",\"potentialAction\":[{\"@type\":\"SearchAction\",\"target\":{\"@type\":\"EntryPoint\",\"urlTemplate\":\"https:\/\/infoecos.com.ar\/?s={search_term_string}\"},\"query-input\":{\"@type\":\"PropertyValueSpecification\",\"valueRequired\":true,\"valueName\":\"search_term_string\"}}],\"inLanguage\":\"es\"},{\"@type\":\"Organization\",\"@id\":\"https:\/\/infoecos.com.ar\/#organization\",\"name\":\"Infoecos\",\"alternateName\":\"Noticias\",\"url\":\"https:\/\/infoecos.com.ar\/\",\"logo\":{\"@type\":\"ImageObject\",\"inLanguage\":\"es\",\"@id\":\"https:\/\/infoecos.com.ar\/#\/schema\/logo\/image\/\",\"url\":\"https:\/\/infoecos.com.ar\/wp-content\/uploads\/2024\/03\/cropped-logo.png\",\"contentUrl\":\"https:\/\/infoecos.com.ar\/wp-content\/uploads\/2024\/03\/cropped-logo.png\",\"width\":374,\"height\":90,\"caption\":\"Infoecos\"},\"image\":{\"@id\":\"https:\/\/infoecos.com.ar\/#\/schema\/logo\/image\/\"},\"sameAs\":[\"https:\/\/www.facebook.com\/profile.php?id=100063200290284\",\"https:\/\/x.com\/infoecos\"]},{\"@type\":\"Person\",\"@id\":\"https:\/\/infoecos.com.ar\/#\/schema\/person\/8f5ace5ce73b4b4aac4b7245aee6f191\",\"name\":\"Jorge Matheus\",\"url\":\"https:\/\/infoecos.com.ar\/index.php\/author\/jomatheus\/\"}]}<\/script>\n<!-- \/ Yoast SEO plugin. -->","yoast_head_json":{"title":"Entre los mejores del TC: Candela de Bragado, Todino de Rivera, Trucco de T.Algarrobos - Infoecos","robots":{"index":"index","follow":"follow","max-snippet":"max-snippet:-1","max-image-preview":"max-image-preview:large","max-video-preview":"max-video-preview:-1"},"canonical":"https:\/\/infoecos.com.ar\/index.php\/entre-los-mejores-del-tc-candela-de-bragado-todino-de-rivera-trucco-de-t-algarrobos\/","og_locale":"es_ES","og_type":"article","og_title":"Entre los mejores del TC: Candela de Bragado, Todino de Rivera, Trucco de T.Algarrobos - Infoecos","og_description":"En la foto la dupla de Toyota que hicieron el 1\/2 en San Juan. Informaci\u00f3n de la ACTC","og_url":"https:\/\/infoecos.com.ar\/index.php\/entre-los-mejores-del-tc-candela-de-bragado-todino-de-rivera-trucco-de-t-algarrobos\/","og_site_name":"Infoecos","article_publisher":"https:\/\/www.facebook.com\/profile.php?id=100063200290284","article_published_time":"2023-07-24T05:29:52+00:00","og_image":[{"width":1170,"height":477,"url":"https:\/\/infoecos.com.ar\/wp-content\/uploads\/2023\/07\/TOYOTAENSANJUAN.jpg","type":"image\/jpeg"}],"author":"Jorge Matheus","twitter_card":"summary_large_image","twitter_creator":"@infoecos","twitter_site":"@infoecos","twitter_misc":{"Escrito por":"Jorge Matheus","Tiempo de lectura":"14 minutos"},"schema":{"@context":"https:\/\/schema.org","@graph":[{"@type":"Article","@id":"https:\/\/infoecos.com.ar\/index.php\/entre-los-mejores-del-tc-candela-de-bragado-todino-de-rivera-trucco-de-t-algarrobos\/#article","isPartOf":{"@id":"https:\/\/infoecos.com.ar\/index.php\/entre-los-mejores-del-tc-candela-de-bragado-todino-de-rivera-trucco-de-t-algarrobos\/"},"author":{"name":"Jorge Matheus","@id":"https:\/\/infoecos.com.ar\/#\/schema\/person\/8f5ace5ce73b4b4aac4b7245aee6f191"},"headline":"Entre los mejores del TC: Candela de Bragado, Todino de Rivera, Trucco de T.Algarrobos","datePublished":"2023-07-24T05:29:52+00:00","dateModified":"2023-07-24T05:29:52+00:00","mainEntityOfPage":{"@id":"https:\/\/infoecos.com.ar\/index.php\/entre-los-mejores-del-tc-candela-de-bragado-todino-de-rivera-trucco-de-t-algarrobos\/"},"wordCount":313,"publisher":{"@id":"https:\/\/infoecos.com.ar\/#organization"},"image":{"@id":"https:\/\/infoecos.com.ar\/index.php\/entre-los-mejores-del-tc-candela-de-bragado-todino-de-rivera-trucco-de-t-algarrobos\/#primaryimage"},"thumbnailUrl":"https:\/\/infoecos.com.ar\/wp-content\/uploads\/2023\/07\/TOYOTAENSANJUAN.jpg","keywords":["ALAUX LEJOS: 48VO"],"articleSection":["C3 N2"],"inLanguage":"es"},{"@type":"WebPage","@id":"https:\/\/infoecos.com.ar\/index.php\/entre-los-mejores-del-tc-candela-de-bragado-todino-de-rivera-trucco-de-t-algarrobos\/","url":"https:\/\/infoecos.com.ar\/index.php\/entre-los-mejores-del-tc-candela-de-bragado-todino-de-rivera-trucco-de-t-algarrobos\/","name":"Entre los mejores del TC: Candela de Bragado, Todino de Rivera, Trucco de T.Algarrobos - Infoecos","isPartOf":{"@id":"https:\/\/infoecos.com.ar\/#website"},"primaryImageOfPage":{"@id":"https:\/\/infoecos.com.ar\/index.php\/entre-los-mejores-del-tc-candela-de-bragado-todino-de-rivera-trucco-de-t-algarrobos\/#primaryimage"},"image":{"@id":"https:\/\/infoecos.com.ar\/index.php\/entre-los-mejores-del-tc-candela-de-bragado-todino-de-rivera-trucco-de-t-algarrobos\/#primaryimage"},"thumbnailUrl":"https:\/\/infoecos.com.ar\/wp-content\/uploads\/2023\/07\/TOYOTAENSANJUAN.jpg","datePublished":"2023-07-24T05:29:52+00:00","dateModified":"2023-07-24T05:29:52+00:00","breadcrumb":{"@id":"https:\/\/infoecos.com.ar\/index.php\/entre-los-mejores-del-tc-candela-de-bragado-todino-de-rivera-trucco-de-t-algarrobos\/#breadcrumb"},"inLanguage":"es","potentialAction":[{"@type":"ReadAction","target":["https:\/\/infoecos.com.ar\/index.php\/entre-los-mejores-del-tc-candela-de-bragado-todino-de-rivera-trucco-de-t-algarrobos\/"]}]},{"@type":"ImageObject","inLanguage":"es","@id":"https:\/\/infoecos.com.ar\/index.php\/entre-los-mejores-del-tc-candela-de-bragado-todino-de-rivera-trucco-de-t-algarrobos\/#primaryimage","url":"https:\/\/infoecos.com.ar\/wp-content\/uploads\/2023\/07\/TOYOTAENSANJUAN.jpg","contentUrl":"https:\/\/infoecos.com.ar\/wp-content\/uploads\/2023\/07\/TOYOTAENSANJUAN.jpg","width":1170,"height":477},{"@type":"BreadcrumbList","@id":"https:\/\/infoecos.com.ar\/index.php\/entre-los-mejores-del-tc-candela-de-bragado-todino-de-rivera-trucco-de-t-algarrobos\/#breadcrumb","itemListElement":[{"@type":"ListItem","position":1,"name":"Portada","item":"https:\/\/infoecos.com.ar\/"},{"@type":"ListItem","position":2,"name":"Entre los mejores del TC: Candela de Bragado, Todino de Rivera, Trucco de T.Algarrobos"}]},{"@type":"WebSite","@id":"https:\/\/infoecos.com.ar\/#website","url":"https:\/\/infoecos.com.ar\/","name":"Infoecos","description":"Noticias de trenque lauquen y la zona","publisher":{"@id":"https:\/\/infoecos.com.ar\/#organization"},"alternateName":"Noticias","potentialAction":[{"@type":"SearchAction","target":{"@type":"EntryPoint","urlTemplate":"https:\/\/infoecos.com.ar\/?s={search_term_string}"},"query-input":{"@type":"PropertyValueSpecification","valueRequired":true,"valueName":"search_term_string"}}],"inLanguage":"es"},{"@type":"Organization","@id":"https:\/\/infoecos.com.ar\/#organization","name":"Infoecos","alternateName":"Noticias","url":"https:\/\/infoecos.com.ar\/","logo":{"@type":"ImageObject","inLanguage":"es","@id":"https:\/\/infoecos.com.ar\/#\/schema\/logo\/image\/","url":"https:\/\/infoecos.com.ar\/wp-content\/uploads\/2024\/03\/cropped-logo.png","contentUrl":"https:\/\/infoecos.com.ar\/wp-content\/uploads\/2024\/03\/cropped-logo.png","width":374,"height":90,"caption":"Infoecos"},"image":{"@id":"https:\/\/infoecos.com.ar\/#\/schema\/logo\/image\/"},"sameAs":["https:\/\/www.facebook.com\/profile.php?id=100063200290284","https:\/\/x.com\/infoecos"]},{"@type":"Person","@id":"https:\/\/infoecos.com.ar\/#\/schema\/person\/8f5ace5ce73b4b4aac4b7245aee6f191","name":"Jorge Matheus","url":"https:\/\/infoecos.com.ar\/index.php\/author\/jomatheus\/"}]}},"featured_image_urls":{"full":["https:\/\/infoecos.com.ar\/wp-content\/uploads\/2023\/07\/TOYOTAENSANJUAN.jpg",1170,477,false],"thumbnail":["https:\/\/infoecos.com.ar\/wp-content\/uploads\/2023\/07\/TOYOTAENSANJUAN-300x150.jpg",300,150,true],"medium":["https:\/\/infoecos.com.ar\/wp-content\/uploads\/2023\/07\/TOYOTAENSANJUAN-800x326.jpg",800,326,true],"medium_large":["https:\/\/infoecos.com.ar\/wp-content\/uploads\/2023\/07\/TOYOTAENSANJUAN-768x313.jpg",640,261,true],"large":["https:\/\/infoecos.com.ar\/wp-content\/uploads\/2023\/07\/TOYOTAENSANJUAN.jpg",640,261,false],"1536x1536":["https:\/\/infoecos.com.ar\/wp-content\/uploads\/2023\/07\/TOYOTAENSANJUAN.jpg",1170,477,false],"2048x2048":["https:\/\/infoecos.com.ar\/wp-content\/uploads\/2023\/07\/TOYOTAENSANJUAN.jpg",1170,477,false],"covernews-slider-full":["https:\/\/infoecos.com.ar\/wp-content\/uploads\/2023\/07\/TOYOTAENSANJUAN.jpg",1115,455,false],"covernews-slider-center":["https:\/\/infoecos.com.ar\/wp-content\/uploads\/2023\/07\/TOYOTAENSANJUAN-936x477.jpg",800,408,true],"covernews-featured":["https:\/\/infoecos.com.ar\/wp-content\/uploads\/2023\/07\/TOYOTAENSANJUAN-1024x417.jpg",1024,417,true],"covernews-medium":["https:\/\/infoecos.com.ar\/wp-content\/uploads\/2023\/07\/TOYOTAENSANJUAN-720x380.jpg",540,285,true],"covernews-medium-square":["https:\/\/infoecos.com.ar\/wp-content\/uploads\/2023\/07\/TOYOTAENSANJUAN-675x450.jpg",375,250,true]},"author_info":{"info":["Jorge Matheus"]},"category_info":"<a href=\"https:\/\/infoecos.com.ar\/index.php\/category\/c3nota2\/\" rel=\"category tag\">C3 N2<\/a>","tag_info":"C3 N2","comment_count":"0","_links":{"self":[{"href":"https:\/\/infoecos.com.ar\/index.php\/wp-json\/wp\/v2\/posts\/108157"}],"collection":[{"href":"https:\/\/infoecos.com.ar\/index.php\/wp-json\/wp\/v2\/posts"}],"about":[{"href":"https:\/\/infoecos.com.ar\/index.php\/wp-json\/wp\/v2\/types\/post"}],"author":[{"embeddable":true,"href":"https:\/\/infoecos.com.ar\/index.php\/wp-json\/wp\/v2\/users\/2"}],"replies":[{"embeddable":true,"href":"https:\/\/infoecos.com.ar\/index.php\/wp-json\/wp\/v2\/comments?post=108157"}],"version-history":[{"count":1,"href":"https:\/\/infoecos.com.ar\/index.php\/wp-json\/wp\/v2\/posts\/108157\/revisions"}],"predecessor-version":[{"id":108160,"href":"https:\/\/infoecos.com.ar\/index.php\/wp-json\/wp\/v2\/posts\/108157\/revisions\/108160"}],"wp:featuredmedia":[{"embeddable":true,"href":"https:\/\/infoecos.com.ar\/index.php\/wp-json\/wp\/v2\/media\/108159"}],"wp:attachment":[{"href":"https:\/\/infoecos.com.ar\/index.php\/wp-json\/wp\/v2\/media?parent=108157"}],"wp:term":[{"taxonomy":"category","embeddable":true,"href":"https:\/\/infoecos.com.ar\/index.php\/wp-json\/wp\/v2\/categories?post=108157"},{"taxonomy":"post_tag","embeddable":true,"href":"https:\/\/infoecos.com.ar\/index.php\/wp-json\/wp\/v2\/tags?post=108157"}],"curies":[{"name":"wp","href":"https:\/\/api.w.org\/{rel}","templated":true}]}}