{"id":108401,"date":"2023-07-27T03:59:11","date_gmt":"2023-07-27T06:59:11","guid":{"rendered":"https:\/\/infoecos.com.ar\/?p=108401"},"modified":"2023-07-27T03:59:12","modified_gmt":"2023-07-27T06:59:12","slug":"convenio-de-colaboracion-entre-la-sociedad-rural-argentina-y-la-came","status":"publish","type":"post","link":"https:\/\/infoecos.com.ar\/index.php\/convenio-de-colaboracion-entre-la-sociedad-rural-argentina-y-la-came\/","title":{"rendered":"Convenio de colaboraci\u00f3n entre la Sociedad Rural Argentina y la Came"},"content":{"rendered":"\n<p>En el marco de la inauguraci\u00f3n de la Jornada de Sostenibilidad \u201cDel campo al plato, m\u00e1s all\u00e1 de las etiquetas\u201d, que se celebr\u00f3 en la Exposici\u00f3n Rural de Palermo, el presidente de la Confederaci\u00f3n Argentina de la Mediana Empresa (CAME), Alfredo Gonz\u00e1lez, firm\u00f3 junto a su par de la Sociedad Rural Argentina (SRA), Nicol\u00e1s Pino, un convenio de colaboraci\u00f3n para el desarrollo sostenible de las cadenas de valor agropecuarias y agroindustriales. <\/p>\n\n\n\n<figure class=\"wp-block-image aligncenter size-full is-resized\"><img loading=\"lazy\" decoding=\"async\" src=\"https:\/\/infoecos.com.ar\/wp-content\/uploads\/2023\/07\/camesociedadrural.jpg\" alt=\"\" class=\"wp-image-108402\" width=\"612\" height=\"634\" srcset=\"https:\/\/infoecos.com.ar\/wp-content\/uploads\/2023\/07\/camesociedadrural.jpg 982w, https:\/\/infoecos.com.ar\/wp-content\/uploads\/2023\/07\/camesociedadrural-772x800.jpg 772w, https:\/\/infoecos.com.ar\/wp-content\/uploads\/2023\/07\/camesociedadrural-768x796.jpg 768w\" sizes=\"(max-width: 612px) 100vw, 612px\" \/><figcaption class=\"wp-element-caption\">Nicol\u00e1s Pino y Alfredo Gonz\u00e1lez <\/figcaption><\/figure>\n\n\n\n<p>El acuerdo prev\u00e9 actividades de investigaci\u00f3n y cooperaci\u00f3n t\u00e9cnica. Ambos dirigentes destacaron el trabajo conjunto que CAME y la SRA est\u00e1n llevando a cabo actualmente, que se ve expresado en el hecho de que por primera vez la entidad pyme cuenta con un stand en la principal exposici\u00f3n de la actividad agropecuaria de la Argentina. <\/p>\n\n\n\n<p>\u201cTrabajamos juntos para que el arco pol\u00edtico lo vea como un ejemplo, para que tenga la madurez necesaria para entender que se sale con producci\u00f3n y pol\u00edticas para generar empleo\u201d, manifest\u00f3 Gonz\u00e1lez. Por su parte, Pino se\u00f1al\u00f3 que \u201cel sector agropecuario, m\u00e1s all\u00e1 de las entidades, tiene que trabajar junto\u201d.<\/p>\n","protected":false},"excerpt":{"rendered":"<p>En las cadenas de valor agropecuarias y agroindustriales. <\/p>\n","protected":false},"author":2,"featured_media":108402,"comment_status":"closed","ping_status":"open","sticky":false,"template":"","format":"standard","meta":{"footnotes":""},"categories":[1325],"tags":[8535],"class_list":["post-108401","post","type-post","status-publish","format-standard","has-post-thumbnail","hentry","category-c1nota6","tag-desarrollo-sostenible"],"yoast_head":"<!-- This site is optimized with the Yoast SEO plugin v23.4 - https:\/\/yoast.com\/wordpress\/plugins\/seo\/ -->\n<title>Convenio de colaboraci\u00f3n entre la Sociedad Rural Argentina y la Came - Infoecos<\/title>\n<meta name=\"robots\" content=\"index, follow, max-snippet:-1, max-image-preview:large, max-video-preview:-1\" \/>\n<link rel=\"canonical\" href=\"https:\/\/infoecos.com.ar\/index.php\/convenio-de-colaboracion-entre-la-sociedad-rural-argentina-y-la-came\/\" \/>\n<meta property=\"og:locale\" content=\"es_ES\" \/>\n<meta property=\"og:type\" content=\"article\" \/>\n<meta property=\"og:title\" content=\"Convenio de colaboraci\u00f3n entre la Sociedad Rural Argentina y la Came - Infoecos\" \/>\n<meta property=\"og:description\" content=\"En las cadenas de valor agropecuarias y agroindustriales.\" \/>\n<meta property=\"og:url\" content=\"https:\/\/infoecos.com.ar\/index.php\/convenio-de-colaboracion-entre-la-sociedad-rural-argentina-y-la-came\/\" \/>\n<meta property=\"og:site_name\" content=\"Infoecos\" \/>\n<meta property=\"article:publisher\" content=\"https:\/\/www.facebook.com\/profile.php?id=100063200290284\" \/>\n<meta property=\"article:published_time\" content=\"2023-07-27T06:59:11+00:00\" \/>\n<meta property=\"article:modified_time\" content=\"2023-07-27T06:59:12+00:00\" \/>\n<meta property=\"og:image\" content=\"https:\/\/infoecos.com.ar\/wp-content\/uploads\/2023\/07\/camesociedadrural.jpg\" \/>\n\t<meta property=\"og:image:width\" content=\"982\" \/>\n\t<meta property=\"og:image:height\" content=\"1018\" \/>\n\t<meta property=\"og:image:type\" content=\"image\/jpeg\" \/>\n<meta name=\"author\" content=\"Jorge Matheus\" \/>\n<meta name=\"twitter:card\" content=\"summary_large_image\" \/>\n<meta name=\"twitter:creator\" content=\"@infoecos\" \/>\n<meta name=\"twitter:site\" content=\"@infoecos\" \/>\n<meta name=\"twitter:label1\" content=\"Escrito por\" \/>\n\t<meta name=\"twitter:data1\" content=\"Jorge Matheus\" \/>\n\t<meta name=\"twitter:label2\" content=\"Tiempo de lectura\" \/>\n\t<meta name=\"twitter:data2\" content=\"2 minutos\" \/>\n<script type=\"application\/ld+json\" class=\"yoast-schema-graph\">{\"@context\":\"https:\/\/schema.org\",\"@graph\":[{\"@type\":\"Article\",\"@id\":\"https:\/\/infoecos.com.ar\/index.php\/convenio-de-colaboracion-entre-la-sociedad-rural-argentina-y-la-came\/#article\",\"isPartOf\":{\"@id\":\"https:\/\/infoecos.com.ar\/index.php\/convenio-de-colaboracion-entre-la-sociedad-rural-argentina-y-la-came\/\"},\"author\":{\"name\":\"Jorge Matheus\",\"@id\":\"https:\/\/infoecos.com.ar\/#\/schema\/person\/8f5ace5ce73b4b4aac4b7245aee6f191\"},\"headline\":\"Convenio de colaboraci\u00f3n entre la Sociedad Rural Argentina y la Came\",\"datePublished\":\"2023-07-27T06:59:11+00:00\",\"dateModified\":\"2023-07-27T06:59:12+00:00\",\"mainEntityOfPage\":{\"@id\":\"https:\/\/infoecos.com.ar\/index.php\/convenio-de-colaboracion-entre-la-sociedad-rural-argentina-y-la-came\/\"},\"wordCount\":213,\"publisher\":{\"@id\":\"https:\/\/infoecos.com.ar\/#organization\"},\"image\":{\"@id\":\"https:\/\/infoecos.com.ar\/index.php\/convenio-de-colaboracion-entre-la-sociedad-rural-argentina-y-la-came\/#primaryimage\"},\"thumbnailUrl\":\"https:\/\/infoecos.com.ar\/wp-content\/uploads\/2023\/07\/camesociedadrural.jpg\",\"keywords\":[\"desarrollo sostenible\"],\"articleSection\":[\"C1 nota 6\"],\"inLanguage\":\"es\"},{\"@type\":\"WebPage\",\"@id\":\"https:\/\/infoecos.com.ar\/index.php\/convenio-de-colaboracion-entre-la-sociedad-rural-argentina-y-la-came\/\",\"url\":\"https:\/\/infoecos.com.ar\/index.php\/convenio-de-colaboracion-entre-la-sociedad-rural-argentina-y-la-came\/\",\"name\":\"Convenio de colaboraci\u00f3n entre la Sociedad Rural Argentina y la Came - Infoecos\",\"isPartOf\":{\"@id\":\"https:\/\/infoecos.com.ar\/#website\"},\"primaryImageOfPage\":{\"@id\":\"https:\/\/infoecos.com.ar\/index.php\/convenio-de-colaboracion-entre-la-sociedad-rural-argentina-y-la-came\/#primaryimage\"},\"image\":{\"@id\":\"https:\/\/infoecos.com.ar\/index.php\/convenio-de-colaboracion-entre-la-sociedad-rural-argentina-y-la-came\/#primaryimage\"},\"thumbnailUrl\":\"https:\/\/infoecos.com.ar\/wp-content\/uploads\/2023\/07\/camesociedadrural.jpg\",\"datePublished\":\"2023-07-27T06:59:11+00:00\",\"dateModified\":\"2023-07-27T06:59:12+00:00\",\"breadcrumb\":{\"@id\":\"https:\/\/infoecos.com.ar\/index.php\/convenio-de-colaboracion-entre-la-sociedad-rural-argentina-y-la-came\/#breadcrumb\"},\"inLanguage\":\"es\",\"potentialAction\":[{\"@type\":\"ReadAction\",\"target\":[\"https:\/\/infoecos.com.ar\/index.php\/convenio-de-colaboracion-entre-la-sociedad-rural-argentina-y-la-came\/\"]}]},{\"@type\":\"ImageObject\",\"inLanguage\":\"es\",\"@id\":\"https:\/\/infoecos.com.ar\/index.php\/convenio-de-colaboracion-entre-la-sociedad-rural-argentina-y-la-came\/#primaryimage\",\"url\":\"https:\/\/infoecos.com.ar\/wp-content\/uploads\/2023\/07\/camesociedadrural.jpg\",\"contentUrl\":\"https:\/\/infoecos.com.ar\/wp-content\/uploads\/2023\/07\/camesociedadrural.jpg\",\"width\":982,\"height\":1018},{\"@type\":\"BreadcrumbList\",\"@id\":\"https:\/\/infoecos.com.ar\/index.php\/convenio-de-colaboracion-entre-la-sociedad-rural-argentina-y-la-came\/#breadcrumb\",\"itemListElement\":[{\"@type\":\"ListItem\",\"position\":1,\"name\":\"Portada\",\"item\":\"https:\/\/infoecos.com.ar\/\"},{\"@type\":\"ListItem\",\"position\":2,\"name\":\"Convenio de colaboraci\u00f3n entre la Sociedad Rural Argentina y la Came\"}]},{\"@type\":\"WebSite\",\"@id\":\"https:\/\/infoecos.com.ar\/#website\",\"url\":\"https:\/\/infoecos.com.ar\/\",\"name\":\"Infoecos\",\"description\":\"Noticias de trenque lauquen y la zona\",\"publisher\":{\"@id\":\"https:\/\/infoecos.com.ar\/#organization\"},\"alternateName\":\"Noticias\",\"potentialAction\":[{\"@type\":\"SearchAction\",\"target\":{\"@type\":\"EntryPoint\",\"urlTemplate\":\"https:\/\/infoecos.com.ar\/?s={search_term_string}\"},\"query-input\":{\"@type\":\"PropertyValueSpecification\",\"valueRequired\":true,\"valueName\":\"search_term_string\"}}],\"inLanguage\":\"es\"},{\"@type\":\"Organization\",\"@id\":\"https:\/\/infoecos.com.ar\/#organization\",\"name\":\"Infoecos\",\"alternateName\":\"Noticias\",\"url\":\"https:\/\/infoecos.com.ar\/\",\"logo\":{\"@type\":\"ImageObject\",\"inLanguage\":\"es\",\"@id\":\"https:\/\/infoecos.com.ar\/#\/schema\/logo\/image\/\",\"url\":\"https:\/\/infoecos.com.ar\/wp-content\/uploads\/2024\/03\/cropped-logo.png\",\"contentUrl\":\"https:\/\/infoecos.com.ar\/wp-content\/uploads\/2024\/03\/cropped-logo.png\",\"width\":374,\"height\":90,\"caption\":\"Infoecos\"},\"image\":{\"@id\":\"https:\/\/infoecos.com.ar\/#\/schema\/logo\/image\/\"},\"sameAs\":[\"https:\/\/www.facebook.com\/profile.php?id=100063200290284\",\"https:\/\/x.com\/infoecos\"]},{\"@type\":\"Person\",\"@id\":\"https:\/\/infoecos.com.ar\/#\/schema\/person\/8f5ace5ce73b4b4aac4b7245aee6f191\",\"name\":\"Jorge Matheus\",\"url\":\"https:\/\/infoecos.com.ar\/index.php\/author\/jomatheus\/\"}]}<\/script>\n<!-- \/ Yoast SEO plugin. -->","yoast_head_json":{"title":"Convenio de colaboraci\u00f3n entre la Sociedad Rural Argentina y la Came - Infoecos","robots":{"index":"index","follow":"follow","max-snippet":"max-snippet:-1","max-image-preview":"max-image-preview:large","max-video-preview":"max-video-preview:-1"},"canonical":"https:\/\/infoecos.com.ar\/index.php\/convenio-de-colaboracion-entre-la-sociedad-rural-argentina-y-la-came\/","og_locale":"es_ES","og_type":"article","og_title":"Convenio de colaboraci\u00f3n entre la Sociedad Rural Argentina y la Came - Infoecos","og_description":"En las cadenas de valor agropecuarias y agroindustriales.","og_url":"https:\/\/infoecos.com.ar\/index.php\/convenio-de-colaboracion-entre-la-sociedad-rural-argentina-y-la-came\/","og_site_name":"Infoecos","article_publisher":"https:\/\/www.facebook.com\/profile.php?id=100063200290284","article_published_time":"2023-07-27T06:59:11+00:00","article_modified_time":"2023-07-27T06:59:12+00:00","og_image":[{"width":982,"height":1018,"url":"https:\/\/infoecos.com.ar\/wp-content\/uploads\/2023\/07\/camesociedadrural.jpg","type":"image\/jpeg"}],"author":"Jorge Matheus","twitter_card":"summary_large_image","twitter_creator":"@infoecos","twitter_site":"@infoecos","twitter_misc":{"Escrito por":"Jorge Matheus","Tiempo de lectura":"2 minutos"},"schema":{"@context":"https:\/\/schema.org","@graph":[{"@type":"Article","@id":"https:\/\/infoecos.com.ar\/index.php\/convenio-de-colaboracion-entre-la-sociedad-rural-argentina-y-la-came\/#article","isPartOf":{"@id":"https:\/\/infoecos.com.ar\/index.php\/convenio-de-colaboracion-entre-la-sociedad-rural-argentina-y-la-came\/"},"author":{"name":"Jorge Matheus","@id":"https:\/\/infoecos.com.ar\/#\/schema\/person\/8f5ace5ce73b4b4aac4b7245aee6f191"},"headline":"Convenio de colaboraci\u00f3n entre la Sociedad Rural Argentina y la Came","datePublished":"2023-07-27T06:59:11+00:00","dateModified":"2023-07-27T06:59:12+00:00","mainEntityOfPage":{"@id":"https:\/\/infoecos.com.ar\/index.php\/convenio-de-colaboracion-entre-la-sociedad-rural-argentina-y-la-came\/"},"wordCount":213,"publisher":{"@id":"https:\/\/infoecos.com.ar\/#organization"},"image":{"@id":"https:\/\/infoecos.com.ar\/index.php\/convenio-de-colaboracion-entre-la-sociedad-rural-argentina-y-la-came\/#primaryimage"},"thumbnailUrl":"https:\/\/infoecos.com.ar\/wp-content\/uploads\/2023\/07\/camesociedadrural.jpg","keywords":["desarrollo sostenible"],"articleSection":["C1 nota 6"],"inLanguage":"es"},{"@type":"WebPage","@id":"https:\/\/infoecos.com.ar\/index.php\/convenio-de-colaboracion-entre-la-sociedad-rural-argentina-y-la-came\/","url":"https:\/\/infoecos.com.ar\/index.php\/convenio-de-colaboracion-entre-la-sociedad-rural-argentina-y-la-came\/","name":"Convenio de colaboraci\u00f3n entre la Sociedad Rural Argentina y la Came - Infoecos","isPartOf":{"@id":"https:\/\/infoecos.com.ar\/#website"},"primaryImageOfPage":{"@id":"https:\/\/infoecos.com.ar\/index.php\/convenio-de-colaboracion-entre-la-sociedad-rural-argentina-y-la-came\/#primaryimage"},"image":{"@id":"https:\/\/infoecos.com.ar\/index.php\/convenio-de-colaboracion-entre-la-sociedad-rural-argentina-y-la-came\/#primaryimage"},"thumbnailUrl":"https:\/\/infoecos.com.ar\/wp-content\/uploads\/2023\/07\/camesociedadrural.jpg","datePublished":"2023-07-27T06:59:11+00:00","dateModified":"2023-07-27T06:59:12+00:00","breadcrumb":{"@id":"https:\/\/infoecos.com.ar\/index.php\/convenio-de-colaboracion-entre-la-sociedad-rural-argentina-y-la-came\/#breadcrumb"},"inLanguage":"es","potentialAction":[{"@type":"ReadAction","target":["https:\/\/infoecos.com.ar\/index.php\/convenio-de-colaboracion-entre-la-sociedad-rural-argentina-y-la-came\/"]}]},{"@type":"ImageObject","inLanguage":"es","@id":"https:\/\/infoecos.com.ar\/index.php\/convenio-de-colaboracion-entre-la-sociedad-rural-argentina-y-la-came\/#primaryimage","url":"https:\/\/infoecos.com.ar\/wp-content\/uploads\/2023\/07\/camesociedadrural.jpg","contentUrl":"https:\/\/infoecos.com.ar\/wp-content\/uploads\/2023\/07\/camesociedadrural.jpg","width":982,"height":1018},{"@type":"BreadcrumbList","@id":"https:\/\/infoecos.com.ar\/index.php\/convenio-de-colaboracion-entre-la-sociedad-rural-argentina-y-la-came\/#breadcrumb","itemListElement":[{"@type":"ListItem","position":1,"name":"Portada","item":"https:\/\/infoecos.com.ar\/"},{"@type":"ListItem","position":2,"name":"Convenio de colaboraci\u00f3n entre la Sociedad Rural Argentina y la Came"}]},{"@type":"WebSite","@id":"https:\/\/infoecos.com.ar\/#website","url":"https:\/\/infoecos.com.ar\/","name":"Infoecos","description":"Noticias de trenque lauquen y la zona","publisher":{"@id":"https:\/\/infoecos.com.ar\/#organization"},"alternateName":"Noticias","potentialAction":[{"@type":"SearchAction","target":{"@type":"EntryPoint","urlTemplate":"https:\/\/infoecos.com.ar\/?s={search_term_string}"},"query-input":{"@type":"PropertyValueSpecification","valueRequired":true,"valueName":"search_term_string"}}],"inLanguage":"es"},{"@type":"Organization","@id":"https:\/\/infoecos.com.ar\/#organization","name":"Infoecos","alternateName":"Noticias","url":"https:\/\/infoecos.com.ar\/","logo":{"@type":"ImageObject","inLanguage":"es","@id":"https:\/\/infoecos.com.ar\/#\/schema\/logo\/image\/","url":"https:\/\/infoecos.com.ar\/wp-content\/uploads\/2024\/03\/cropped-logo.png","contentUrl":"https:\/\/infoecos.com.ar\/wp-content\/uploads\/2024\/03\/cropped-logo.png","width":374,"height":90,"caption":"Infoecos"},"image":{"@id":"https:\/\/infoecos.com.ar\/#\/schema\/logo\/image\/"},"sameAs":["https:\/\/www.facebook.com\/profile.php?id=100063200290284","https:\/\/x.com\/infoecos"]},{"@type":"Person","@id":"https:\/\/infoecos.com.ar\/#\/schema\/person\/8f5ace5ce73b4b4aac4b7245aee6f191","name":"Jorge Matheus","url":"https:\/\/infoecos.com.ar\/index.php\/author\/jomatheus\/"}]}},"featured_image_urls":{"full":["https:\/\/infoecos.com.ar\/wp-content\/uploads\/2023\/07\/camesociedadrural.jpg",982,1018,false],"thumbnail":["https:\/\/infoecos.com.ar\/wp-content\/uploads\/2023\/07\/camesociedadrural-300x150.jpg",300,150,true],"medium":["https:\/\/infoecos.com.ar\/wp-content\/uploads\/2023\/07\/camesociedadrural-772x800.jpg",772,800,true],"medium_large":["https:\/\/infoecos.com.ar\/wp-content\/uploads\/2023\/07\/camesociedadrural-768x796.jpg",640,663,true],"large":["https:\/\/infoecos.com.ar\/wp-content\/uploads\/2023\/07\/camesociedadrural.jpg",640,663,false],"1536x1536":["https:\/\/infoecos.com.ar\/wp-content\/uploads\/2023\/07\/camesociedadrural.jpg",982,1018,false],"2048x2048":["https:\/\/infoecos.com.ar\/wp-content\/uploads\/2023\/07\/camesociedadrural.jpg",982,1018,false],"covernews-slider-full":["https:\/\/infoecos.com.ar\/wp-content\/uploads\/2023\/07\/camesociedadrural.jpg",690,715,false],"covernews-slider-center":["https:\/\/infoecos.com.ar\/wp-content\/uploads\/2023\/07\/camesociedadrural-936x897.jpg",522,500,true],"covernews-featured":["https:\/\/infoecos.com.ar\/wp-content\/uploads\/2023\/07\/camesociedadrural.jpg",982,1018,false],"covernews-medium":["https:\/\/infoecos.com.ar\/wp-content\/uploads\/2023\/07\/camesociedadrural-720x380.jpg",540,285,true],"covernews-medium-square":["https:\/\/infoecos.com.ar\/wp-content\/uploads\/2023\/07\/camesociedadrural-675x450.jpg",375,250,true]},"author_info":{"info":["Jorge Matheus"]},"category_info":"<a href=\"https:\/\/infoecos.com.ar\/index.php\/category\/c1nota6\/\" rel=\"category tag\">C1 nota 6<\/a>","tag_info":"C1 nota 6","comment_count":"0","_links":{"self":[{"href":"https:\/\/infoecos.com.ar\/index.php\/wp-json\/wp\/v2\/posts\/108401"}],"collection":[{"href":"https:\/\/infoecos.com.ar\/index.php\/wp-json\/wp\/v2\/posts"}],"about":[{"href":"https:\/\/infoecos.com.ar\/index.php\/wp-json\/wp\/v2\/types\/post"}],"author":[{"embeddable":true,"href":"https:\/\/infoecos.com.ar\/index.php\/wp-json\/wp\/v2\/users\/2"}],"replies":[{"embeddable":true,"href":"https:\/\/infoecos.com.ar\/index.php\/wp-json\/wp\/v2\/comments?post=108401"}],"version-history":[{"count":1,"href":"https:\/\/infoecos.com.ar\/index.php\/wp-json\/wp\/v2\/posts\/108401\/revisions"}],"predecessor-version":[{"id":108403,"href":"https:\/\/infoecos.com.ar\/index.php\/wp-json\/wp\/v2\/posts\/108401\/revisions\/108403"}],"wp:featuredmedia":[{"embeddable":true,"href":"https:\/\/infoecos.com.ar\/index.php\/wp-json\/wp\/v2\/media\/108402"}],"wp:attachment":[{"href":"https:\/\/infoecos.com.ar\/index.php\/wp-json\/wp\/v2\/media?parent=108401"}],"wp:term":[{"taxonomy":"category","embeddable":true,"href":"https:\/\/infoecos.com.ar\/index.php\/wp-json\/wp\/v2\/categories?post=108401"},{"taxonomy":"post_tag","embeddable":true,"href":"https:\/\/infoecos.com.ar\/index.php\/wp-json\/wp\/v2\/tags?post=108401"}],"curies":[{"name":"wp","href":"https:\/\/api.w.org\/{rel}","templated":true}]}}