{"id":108454,"date":"2023-07-28T03:40:50","date_gmt":"2023-07-28T06:40:50","guid":{"rendered":"https:\/\/infoecos.com.ar\/?p=108454"},"modified":"2023-07-31T02:10:03","modified_gmt":"2023-07-31T05:10:03","slug":"respuesta-del-gobierno-de-pehuajo-centro-logistico-de-acopio-y-distribucion-de-materiales","status":"publish","type":"post","link":"https:\/\/infoecos.com.ar\/index.php\/respuesta-del-gobierno-de-pehuajo-centro-logistico-de-acopio-y-distribucion-de-materiales\/","title":{"rendered":"Respuesta del Gobierno de Pehuaj\u00f3: Centro Log\u00edstico de acopio y distribuci\u00f3n de materiales"},"content":{"rendered":"\n<p>Natalia Abanz, secretaria de Desarrollo Humano de la Municipalidad de Pehuaj\u00f3, respondi\u00f3 al planteo de Juntos por el Cambio del vecino distrito respecto a la entrega de insumos y materiales en Trenque Lauquen.<\/p>\n\n\n\n<figure class=\"wp-block-image aligncenter size-full\"><img loading=\"lazy\" decoding=\"async\" width=\"344\" height=\"361\" src=\"https:\/\/infoecos.com.ar\/wp-content\/uploads\/2023\/07\/respuesta-e1690409795492-1.jpg\" alt=\"\" class=\"wp-image-108456\"\/><figcaption class=\"wp-element-caption\">Natalia Abanz, secretaria de Desarrollo Humano de la Municipalidad de Pehuaj\u00f3<\/figcaption><\/figure>\n\n\n\n<p>As\u00ed lo informan nuestros colegas del<strong> Diario La Opini\u00f3n de Trenque Lauquen<\/strong> en su p\u00e1gina web (laopinion.com.ar). El matutino trenquelauquense apunta que junto al <strong>Diario Noticias<\/strong> accedieron en exclusiva a la respuesta que el Gobierno de Pehuaj\u00f3 brind\u00f3 ante el pedido de informaci\u00f3n a la Comuna pehuajense.<\/p>\n\n\n\n<p><em><strong>\u201cEsto es parte de las calumnias e injurias que siempre proliferan en la previa de cualquier elecci\u00f3n. Gracias a la valoraci\u00f3n positiva que Pehuaj\u00f3 tiene desde hace muchos a\u00f1os, eligieron a nuestra ciudad como punto estrat\u00e9gico para uno de los ministerios m\u00e1s importantes de la Provincia\u201d<\/strong>, <\/em>destac\u00f3 la funcionaria<em>. <\/em><strong><em>\u201cEn ese marco, desde mediados del 2021 Pehuaj\u00f3 funciona como centro log\u00edstico de acopio y distribuci\u00f3n de materiales que entrega el Ministerio de Desarrollo de la Comunidad de la Provincia de Buenos Aires<\/em><\/strong><em>\u00ab, <\/em>se\u00f1al\u00f3. <\/p>\n\n\n\n<p>\u00ab<strong><em>Puntualmente nos designaron Centro Regional de Distribuci\u00f3n, es algo muy positivo porque simult\u00e1neamente eso significa que Pehuaj\u00f3 tambi\u00e9n se garantiza una importante cantidad de insumos y materiales que antes no llegaban\u201d<\/em><\/strong><em>, agreg\u00f3 la funcionaria.<\/em><\/p>\n\n\n\n<h5 class=\"wp-block-heading\">\u201cDesde hace dos a\u00f1os\u201d<\/h5>\n\n\n\n<p>Abanz adelant\u00f3 que<strong><em> \u201centre los beneficios de ser Centro Regional de Distribuci\u00f3n bonaerense, est\u00e1 la posibilidad de incorporar trabajadores que dependan de Provincia para que se dediquen exclusivamente a eso\u201d. \u201cEl Centro funciona en uno de los galpones de la ex ESEBA, donde almacenamos frazadas, chapas, tirantes, clavaderas, que son derivadas luego a los distritos que nos indica Provincia. Enviamos a Bol\u00edvar, Trenque Lauquen, Coronel Su\u00e1rez, Henderson, Carlos Casares y hasta a Bah\u00eda Blanca nos ha tocado llevar\u201d, <\/em><\/strong>manifest\u00f3.<\/p>\n\n\n\n<p><em><strong>\u201cPor supuesto que somos solidarios con todos los distritos que abarca este Centro Regional de Distribuci\u00f3n y, como ocurri\u00f3 en este caso con Trenque Lauquen, en muchas ocasiones colaboramos con la log\u00edstica y traslado del material que les otorga Provincia. Es algo que nos enorgullece, poder ayudar y asistir a distritos de la regi\u00f3n, como tantas veces han hecho con nosotros. Y no tenemos nada que ocultar, por eso es que utilizamos camiones donde visiblemente figura el nombre de la Municipalidad de Pehuaj\u00f3. Lo hacemos desde hace dos a\u00f1os a esto. \u00bfNo les llama la atenci\u00f3n que reci\u00e9n ahora, a d\u00edas de las elecciones, aparece un video con este tema?\u201d<\/strong><\/em>, finaliz\u00f3.<\/p>\n\n\n\n<p><strong>Nota y Foto: Diario La Opini\u00f3n de Trenque Lauquen &#8211; laopinion.com.ar<\/strong><\/p>\n","protected":false},"excerpt":{"rendered":"<p>Natalia Abanz, secretaria de Desarrollo Humano de la Municipalidad de Pehuaj\u00f3, respondi\u00f3 al planteo de Juntos por el Cambio del vecino distrito respecto a la entrega de insumos y materiales en Trenque Lauquen<\/p>\n","protected":false},"author":2,"featured_media":108455,"comment_status":"closed","ping_status":"open","sticky":false,"template":"","format":"standard","meta":{"footnotes":""},"categories":[41],"tags":[8547],"class_list":["post-108454","post","type-post","status-publish","format-standard","has-post-thumbnail","hentry","category-inferior2","tag-nota-exclusiva-de-la-opinion-y-noticias"],"yoast_head":"<!-- This site is optimized with the Yoast SEO plugin v23.4 - https:\/\/yoast.com\/wordpress\/plugins\/seo\/ -->\n<title>Respuesta del Gobierno de Pehuaj\u00f3: Centro Log\u00edstico de acopio y distribuci\u00f3n de materiales - Infoecos<\/title>\n<meta name=\"robots\" content=\"index, follow, max-snippet:-1, max-image-preview:large, max-video-preview:-1\" \/>\n<link rel=\"canonical\" href=\"https:\/\/infoecos.com.ar\/index.php\/respuesta-del-gobierno-de-pehuajo-centro-logistico-de-acopio-y-distribucion-de-materiales\/\" \/>\n<meta property=\"og:locale\" content=\"es_ES\" \/>\n<meta property=\"og:type\" content=\"article\" \/>\n<meta property=\"og:title\" content=\"Respuesta del Gobierno de Pehuaj\u00f3: Centro Log\u00edstico de acopio y distribuci\u00f3n de materiales - Infoecos\" \/>\n<meta property=\"og:description\" content=\"Natalia Abanz, secretaria de Desarrollo Humano de la Municipalidad de Pehuaj\u00f3, respondi\u00f3 al planteo de Juntos por el Cambio del vecino distrito respecto a la entrega de insumos y materiales en Trenque Lauquen\" \/>\n<meta property=\"og:url\" content=\"https:\/\/infoecos.com.ar\/index.php\/respuesta-del-gobierno-de-pehuajo-centro-logistico-de-acopio-y-distribucion-de-materiales\/\" \/>\n<meta property=\"og:site_name\" content=\"Infoecos\" \/>\n<meta property=\"article:publisher\" content=\"https:\/\/www.facebook.com\/profile.php?id=100063200290284\" \/>\n<meta property=\"article:published_time\" content=\"2023-07-28T06:40:50+00:00\" \/>\n<meta property=\"article:modified_time\" content=\"2023-07-31T05:10:03+00:00\" \/>\n<meta property=\"og:image\" content=\"https:\/\/infoecos.com.ar\/wp-content\/uploads\/2023\/07\/respuesta-e1690409795492.jpg\" \/>\n\t<meta property=\"og:image:width\" content=\"344\" \/>\n\t<meta property=\"og:image:height\" content=\"361\" \/>\n\t<meta property=\"og:image:type\" content=\"image\/jpeg\" \/>\n<meta name=\"author\" content=\"Jorge Matheus\" \/>\n<meta name=\"twitter:card\" content=\"summary_large_image\" \/>\n<meta name=\"twitter:creator\" content=\"@infoecos\" \/>\n<meta name=\"twitter:site\" content=\"@infoecos\" \/>\n<meta name=\"twitter:label1\" content=\"Escrito por\" \/>\n\t<meta name=\"twitter:data1\" content=\"Jorge Matheus\" \/>\n\t<meta name=\"twitter:label2\" content=\"Tiempo de lectura\" \/>\n\t<meta name=\"twitter:data2\" content=\"3 minutos\" \/>\n<script type=\"application\/ld+json\" class=\"yoast-schema-graph\">{\"@context\":\"https:\/\/schema.org\",\"@graph\":[{\"@type\":\"Article\",\"@id\":\"https:\/\/infoecos.com.ar\/index.php\/respuesta-del-gobierno-de-pehuajo-centro-logistico-de-acopio-y-distribucion-de-materiales\/#article\",\"isPartOf\":{\"@id\":\"https:\/\/infoecos.com.ar\/index.php\/respuesta-del-gobierno-de-pehuajo-centro-logistico-de-acopio-y-distribucion-de-materiales\/\"},\"author\":{\"name\":\"Jorge Matheus\",\"@id\":\"https:\/\/infoecos.com.ar\/#\/schema\/person\/8f5ace5ce73b4b4aac4b7245aee6f191\"},\"headline\":\"Respuesta del Gobierno de Pehuaj\u00f3: Centro Log\u00edstico de acopio y distribuci\u00f3n de materiales\",\"datePublished\":\"2023-07-28T06:40:50+00:00\",\"dateModified\":\"2023-07-31T05:10:03+00:00\",\"mainEntityOfPage\":{\"@id\":\"https:\/\/infoecos.com.ar\/index.php\/respuesta-del-gobierno-de-pehuajo-centro-logistico-de-acopio-y-distribucion-de-materiales\/\"},\"wordCount\":458,\"publisher\":{\"@id\":\"https:\/\/infoecos.com.ar\/#organization\"},\"image\":{\"@id\":\"https:\/\/infoecos.com.ar\/index.php\/respuesta-del-gobierno-de-pehuajo-centro-logistico-de-acopio-y-distribucion-de-materiales\/#primaryimage\"},\"thumbnailUrl\":\"https:\/\/infoecos.com.ar\/wp-content\/uploads\/2023\/07\/respuesta-e1690409795492.jpg\",\"keywords\":[\"NOTA EXCLUSIVA DE LA OPINI\u00d3N Y NOTICIAS\"],\"articleSection\":[\"Bloque inferior - 2\"],\"inLanguage\":\"es\"},{\"@type\":\"WebPage\",\"@id\":\"https:\/\/infoecos.com.ar\/index.php\/respuesta-del-gobierno-de-pehuajo-centro-logistico-de-acopio-y-distribucion-de-materiales\/\",\"url\":\"https:\/\/infoecos.com.ar\/index.php\/respuesta-del-gobierno-de-pehuajo-centro-logistico-de-acopio-y-distribucion-de-materiales\/\",\"name\":\"Respuesta del Gobierno de Pehuaj\u00f3: Centro Log\u00edstico de acopio y distribuci\u00f3n de materiales - Infoecos\",\"isPartOf\":{\"@id\":\"https:\/\/infoecos.com.ar\/#website\"},\"primaryImageOfPage\":{\"@id\":\"https:\/\/infoecos.com.ar\/index.php\/respuesta-del-gobierno-de-pehuajo-centro-logistico-de-acopio-y-distribucion-de-materiales\/#primaryimage\"},\"image\":{\"@id\":\"https:\/\/infoecos.com.ar\/index.php\/respuesta-del-gobierno-de-pehuajo-centro-logistico-de-acopio-y-distribucion-de-materiales\/#primaryimage\"},\"thumbnailUrl\":\"https:\/\/infoecos.com.ar\/wp-content\/uploads\/2023\/07\/respuesta-e1690409795492.jpg\",\"datePublished\":\"2023-07-28T06:40:50+00:00\",\"dateModified\":\"2023-07-31T05:10:03+00:00\",\"breadcrumb\":{\"@id\":\"https:\/\/infoecos.com.ar\/index.php\/respuesta-del-gobierno-de-pehuajo-centro-logistico-de-acopio-y-distribucion-de-materiales\/#breadcrumb\"},\"inLanguage\":\"es\",\"potentialAction\":[{\"@type\":\"ReadAction\",\"target\":[\"https:\/\/infoecos.com.ar\/index.php\/respuesta-del-gobierno-de-pehuajo-centro-logistico-de-acopio-y-distribucion-de-materiales\/\"]}]},{\"@type\":\"ImageObject\",\"inLanguage\":\"es\",\"@id\":\"https:\/\/infoecos.com.ar\/index.php\/respuesta-del-gobierno-de-pehuajo-centro-logistico-de-acopio-y-distribucion-de-materiales\/#primaryimage\",\"url\":\"https:\/\/infoecos.com.ar\/wp-content\/uploads\/2023\/07\/respuesta-e1690409795492.jpg\",\"contentUrl\":\"https:\/\/infoecos.com.ar\/wp-content\/uploads\/2023\/07\/respuesta-e1690409795492.jpg\",\"width\":344,\"height\":361},{\"@type\":\"BreadcrumbList\",\"@id\":\"https:\/\/infoecos.com.ar\/index.php\/respuesta-del-gobierno-de-pehuajo-centro-logistico-de-acopio-y-distribucion-de-materiales\/#breadcrumb\",\"itemListElement\":[{\"@type\":\"ListItem\",\"position\":1,\"name\":\"Portada\",\"item\":\"https:\/\/infoecos.com.ar\/\"},{\"@type\":\"ListItem\",\"position\":2,\"name\":\"Respuesta del Gobierno de Pehuaj\u00f3: Centro Log\u00edstico de acopio y distribuci\u00f3n de materiales\"}]},{\"@type\":\"WebSite\",\"@id\":\"https:\/\/infoecos.com.ar\/#website\",\"url\":\"https:\/\/infoecos.com.ar\/\",\"name\":\"Infoecos\",\"description\":\"Noticias de trenque lauquen y la zona\",\"publisher\":{\"@id\":\"https:\/\/infoecos.com.ar\/#organization\"},\"alternateName\":\"Noticias\",\"potentialAction\":[{\"@type\":\"SearchAction\",\"target\":{\"@type\":\"EntryPoint\",\"urlTemplate\":\"https:\/\/infoecos.com.ar\/?s={search_term_string}\"},\"query-input\":{\"@type\":\"PropertyValueSpecification\",\"valueRequired\":true,\"valueName\":\"search_term_string\"}}],\"inLanguage\":\"es\"},{\"@type\":\"Organization\",\"@id\":\"https:\/\/infoecos.com.ar\/#organization\",\"name\":\"Infoecos\",\"alternateName\":\"Noticias\",\"url\":\"https:\/\/infoecos.com.ar\/\",\"logo\":{\"@type\":\"ImageObject\",\"inLanguage\":\"es\",\"@id\":\"https:\/\/infoecos.com.ar\/#\/schema\/logo\/image\/\",\"url\":\"https:\/\/infoecos.com.ar\/wp-content\/uploads\/2024\/03\/cropped-logo.png\",\"contentUrl\":\"https:\/\/infoecos.com.ar\/wp-content\/uploads\/2024\/03\/cropped-logo.png\",\"width\":374,\"height\":90,\"caption\":\"Infoecos\"},\"image\":{\"@id\":\"https:\/\/infoecos.com.ar\/#\/schema\/logo\/image\/\"},\"sameAs\":[\"https:\/\/www.facebook.com\/profile.php?id=100063200290284\",\"https:\/\/x.com\/infoecos\"]},{\"@type\":\"Person\",\"@id\":\"https:\/\/infoecos.com.ar\/#\/schema\/person\/8f5ace5ce73b4b4aac4b7245aee6f191\",\"name\":\"Jorge Matheus\",\"url\":\"https:\/\/infoecos.com.ar\/index.php\/author\/jomatheus\/\"}]}<\/script>\n<!-- \/ Yoast SEO plugin. -->","yoast_head_json":{"title":"Respuesta del Gobierno de Pehuaj\u00f3: Centro Log\u00edstico de acopio y distribuci\u00f3n de materiales - Infoecos","robots":{"index":"index","follow":"follow","max-snippet":"max-snippet:-1","max-image-preview":"max-image-preview:large","max-video-preview":"max-video-preview:-1"},"canonical":"https:\/\/infoecos.com.ar\/index.php\/respuesta-del-gobierno-de-pehuajo-centro-logistico-de-acopio-y-distribucion-de-materiales\/","og_locale":"es_ES","og_type":"article","og_title":"Respuesta del Gobierno de Pehuaj\u00f3: Centro Log\u00edstico de acopio y distribuci\u00f3n de materiales - Infoecos","og_description":"Natalia Abanz, secretaria de Desarrollo Humano de la Municipalidad de Pehuaj\u00f3, respondi\u00f3 al planteo de Juntos por el Cambio del vecino distrito respecto a la entrega de insumos y materiales en Trenque Lauquen","og_url":"https:\/\/infoecos.com.ar\/index.php\/respuesta-del-gobierno-de-pehuajo-centro-logistico-de-acopio-y-distribucion-de-materiales\/","og_site_name":"Infoecos","article_publisher":"https:\/\/www.facebook.com\/profile.php?id=100063200290284","article_published_time":"2023-07-28T06:40:50+00:00","article_modified_time":"2023-07-31T05:10:03+00:00","og_image":[{"width":344,"height":361,"url":"https:\/\/infoecos.com.ar\/wp-content\/uploads\/2023\/07\/respuesta-e1690409795492.jpg","type":"image\/jpeg"}],"author":"Jorge Matheus","twitter_card":"summary_large_image","twitter_creator":"@infoecos","twitter_site":"@infoecos","twitter_misc":{"Escrito por":"Jorge Matheus","Tiempo de lectura":"3 minutos"},"schema":{"@context":"https:\/\/schema.org","@graph":[{"@type":"Article","@id":"https:\/\/infoecos.com.ar\/index.php\/respuesta-del-gobierno-de-pehuajo-centro-logistico-de-acopio-y-distribucion-de-materiales\/#article","isPartOf":{"@id":"https:\/\/infoecos.com.ar\/index.php\/respuesta-del-gobierno-de-pehuajo-centro-logistico-de-acopio-y-distribucion-de-materiales\/"},"author":{"name":"Jorge Matheus","@id":"https:\/\/infoecos.com.ar\/#\/schema\/person\/8f5ace5ce73b4b4aac4b7245aee6f191"},"headline":"Respuesta del Gobierno de Pehuaj\u00f3: Centro Log\u00edstico de acopio y distribuci\u00f3n de materiales","datePublished":"2023-07-28T06:40:50+00:00","dateModified":"2023-07-31T05:10:03+00:00","mainEntityOfPage":{"@id":"https:\/\/infoecos.com.ar\/index.php\/respuesta-del-gobierno-de-pehuajo-centro-logistico-de-acopio-y-distribucion-de-materiales\/"},"wordCount":458,"publisher":{"@id":"https:\/\/infoecos.com.ar\/#organization"},"image":{"@id":"https:\/\/infoecos.com.ar\/index.php\/respuesta-del-gobierno-de-pehuajo-centro-logistico-de-acopio-y-distribucion-de-materiales\/#primaryimage"},"thumbnailUrl":"https:\/\/infoecos.com.ar\/wp-content\/uploads\/2023\/07\/respuesta-e1690409795492.jpg","keywords":["NOTA EXCLUSIVA DE LA OPINI\u00d3N Y NOTICIAS"],"articleSection":["Bloque inferior - 2"],"inLanguage":"es"},{"@type":"WebPage","@id":"https:\/\/infoecos.com.ar\/index.php\/respuesta-del-gobierno-de-pehuajo-centro-logistico-de-acopio-y-distribucion-de-materiales\/","url":"https:\/\/infoecos.com.ar\/index.php\/respuesta-del-gobierno-de-pehuajo-centro-logistico-de-acopio-y-distribucion-de-materiales\/","name":"Respuesta del Gobierno de Pehuaj\u00f3: Centro Log\u00edstico de acopio y distribuci\u00f3n de materiales - Infoecos","isPartOf":{"@id":"https:\/\/infoecos.com.ar\/#website"},"primaryImageOfPage":{"@id":"https:\/\/infoecos.com.ar\/index.php\/respuesta-del-gobierno-de-pehuajo-centro-logistico-de-acopio-y-distribucion-de-materiales\/#primaryimage"},"image":{"@id":"https:\/\/infoecos.com.ar\/index.php\/respuesta-del-gobierno-de-pehuajo-centro-logistico-de-acopio-y-distribucion-de-materiales\/#primaryimage"},"thumbnailUrl":"https:\/\/infoecos.com.ar\/wp-content\/uploads\/2023\/07\/respuesta-e1690409795492.jpg","datePublished":"2023-07-28T06:40:50+00:00","dateModified":"2023-07-31T05:10:03+00:00","breadcrumb":{"@id":"https:\/\/infoecos.com.ar\/index.php\/respuesta-del-gobierno-de-pehuajo-centro-logistico-de-acopio-y-distribucion-de-materiales\/#breadcrumb"},"inLanguage":"es","potentialAction":[{"@type":"ReadAction","target":["https:\/\/infoecos.com.ar\/index.php\/respuesta-del-gobierno-de-pehuajo-centro-logistico-de-acopio-y-distribucion-de-materiales\/"]}]},{"@type":"ImageObject","inLanguage":"es","@id":"https:\/\/infoecos.com.ar\/index.php\/respuesta-del-gobierno-de-pehuajo-centro-logistico-de-acopio-y-distribucion-de-materiales\/#primaryimage","url":"https:\/\/infoecos.com.ar\/wp-content\/uploads\/2023\/07\/respuesta-e1690409795492.jpg","contentUrl":"https:\/\/infoecos.com.ar\/wp-content\/uploads\/2023\/07\/respuesta-e1690409795492.jpg","width":344,"height":361},{"@type":"BreadcrumbList","@id":"https:\/\/infoecos.com.ar\/index.php\/respuesta-del-gobierno-de-pehuajo-centro-logistico-de-acopio-y-distribucion-de-materiales\/#breadcrumb","itemListElement":[{"@type":"ListItem","position":1,"name":"Portada","item":"https:\/\/infoecos.com.ar\/"},{"@type":"ListItem","position":2,"name":"Respuesta del Gobierno de Pehuaj\u00f3: Centro Log\u00edstico de acopio y distribuci\u00f3n de materiales"}]},{"@type":"WebSite","@id":"https:\/\/infoecos.com.ar\/#website","url":"https:\/\/infoecos.com.ar\/","name":"Infoecos","description":"Noticias de trenque lauquen y la zona","publisher":{"@id":"https:\/\/infoecos.com.ar\/#organization"},"alternateName":"Noticias","potentialAction":[{"@type":"SearchAction","target":{"@type":"EntryPoint","urlTemplate":"https:\/\/infoecos.com.ar\/?s={search_term_string}"},"query-input":{"@type":"PropertyValueSpecification","valueRequired":true,"valueName":"search_term_string"}}],"inLanguage":"es"},{"@type":"Organization","@id":"https:\/\/infoecos.com.ar\/#organization","name":"Infoecos","alternateName":"Noticias","url":"https:\/\/infoecos.com.ar\/","logo":{"@type":"ImageObject","inLanguage":"es","@id":"https:\/\/infoecos.com.ar\/#\/schema\/logo\/image\/","url":"https:\/\/infoecos.com.ar\/wp-content\/uploads\/2024\/03\/cropped-logo.png","contentUrl":"https:\/\/infoecos.com.ar\/wp-content\/uploads\/2024\/03\/cropped-logo.png","width":374,"height":90,"caption":"Infoecos"},"image":{"@id":"https:\/\/infoecos.com.ar\/#\/schema\/logo\/image\/"},"sameAs":["https:\/\/www.facebook.com\/profile.php?id=100063200290284","https:\/\/x.com\/infoecos"]},{"@type":"Person","@id":"https:\/\/infoecos.com.ar\/#\/schema\/person\/8f5ace5ce73b4b4aac4b7245aee6f191","name":"Jorge Matheus","url":"https:\/\/infoecos.com.ar\/index.php\/author\/jomatheus\/"}]}},"featured_image_urls":{"full":["https:\/\/infoecos.com.ar\/wp-content\/uploads\/2023\/07\/respuesta-e1690409795492.jpg",344,361,false],"thumbnail":["https:\/\/infoecos.com.ar\/wp-content\/uploads\/2023\/07\/respuesta-e1690409795492-300x150.jpg",300,150,true],"medium":["https:\/\/infoecos.com.ar\/wp-content\/uploads\/2023\/07\/respuesta-e1690409795492.jpg",344,361,false],"medium_large":["https:\/\/infoecos.com.ar\/wp-content\/uploads\/2023\/07\/respuesta-e1690409795492.jpg",344,361,false],"large":["https:\/\/infoecos.com.ar\/wp-content\/uploads\/2023\/07\/respuesta-e1690409795492.jpg",344,361,false],"1536x1536":["https:\/\/infoecos.com.ar\/wp-content\/uploads\/2023\/07\/respuesta-e1690409795492.jpg",344,361,false],"2048x2048":["https:\/\/infoecos.com.ar\/wp-content\/uploads\/2023\/07\/respuesta-e1690409795492.jpg",344,361,false],"covernews-slider-full":["https:\/\/infoecos.com.ar\/wp-content\/uploads\/2023\/07\/respuesta-e1690409795492.jpg",344,361,false],"covernews-slider-center":["https:\/\/infoecos.com.ar\/wp-content\/uploads\/2023\/07\/respuesta-e1690409795492.jpg",344,361,false],"covernews-featured":["https:\/\/infoecos.com.ar\/wp-content\/uploads\/2023\/07\/respuesta-e1690409795492.jpg",344,361,false],"covernews-medium":["https:\/\/infoecos.com.ar\/wp-content\/uploads\/2023\/07\/respuesta-e1690409795492.jpg",324,340,false],"covernews-medium-square":["https:\/\/infoecos.com.ar\/wp-content\/uploads\/2023\/07\/respuesta-e1690409795492.jpg",238,250,false]},"author_info":{"info":["Jorge Matheus"]},"category_info":"<a href=\"https:\/\/infoecos.com.ar\/index.php\/category\/inferior2\/\" rel=\"category tag\">Bloque inferior - 2<\/a>","tag_info":"Bloque inferior - 2","comment_count":"0","_links":{"self":[{"href":"https:\/\/infoecos.com.ar\/index.php\/wp-json\/wp\/v2\/posts\/108454"}],"collection":[{"href":"https:\/\/infoecos.com.ar\/index.php\/wp-json\/wp\/v2\/posts"}],"about":[{"href":"https:\/\/infoecos.com.ar\/index.php\/wp-json\/wp\/v2\/types\/post"}],"author":[{"embeddable":true,"href":"https:\/\/infoecos.com.ar\/index.php\/wp-json\/wp\/v2\/users\/2"}],"replies":[{"embeddable":true,"href":"https:\/\/infoecos.com.ar\/index.php\/wp-json\/wp\/v2\/comments?post=108454"}],"version-history":[{"count":1,"href":"https:\/\/infoecos.com.ar\/index.php\/wp-json\/wp\/v2\/posts\/108454\/revisions"}],"predecessor-version":[{"id":108457,"href":"https:\/\/infoecos.com.ar\/index.php\/wp-json\/wp\/v2\/posts\/108454\/revisions\/108457"}],"wp:featuredmedia":[{"embeddable":true,"href":"https:\/\/infoecos.com.ar\/index.php\/wp-json\/wp\/v2\/media\/108455"}],"wp:attachment":[{"href":"https:\/\/infoecos.com.ar\/index.php\/wp-json\/wp\/v2\/media?parent=108454"}],"wp:term":[{"taxonomy":"category","embeddable":true,"href":"https:\/\/infoecos.com.ar\/index.php\/wp-json\/wp\/v2\/categories?post=108454"},{"taxonomy":"post_tag","embeddable":true,"href":"https:\/\/infoecos.com.ar\/index.php\/wp-json\/wp\/v2\/tags?post=108454"}],"curies":[{"name":"wp","href":"https:\/\/api.w.org\/{rel}","templated":true}]}}