{"id":108610,"date":"2023-07-31T00:25:38","date_gmt":"2023-07-31T03:25:38","guid":{"rendered":"https:\/\/infoecos.com.ar\/?p=108610"},"modified":"2023-07-31T23:08:04","modified_gmt":"2023-08-01T02:08:04","slug":"la-primera-fecha-del-fue-calificado-como-un-exito","status":"publish","type":"post","link":"https:\/\/infoecos.com.ar\/index.php\/la-primera-fecha-del-fue-calificado-como-un-exito\/","title":{"rendered":"La primera fecha del \u00abTrenque Suena\u00bb, fue calificada como un \u00e9xito"},"content":{"rendered":"\n<p>M\u00e1s de 500 personas en las instalaciones del Club Monumental (Castelli n\u00ba 716), en la primera fecha de la segunda edici\u00f3n de Trenque Suena, el festival que convoca a bandas y agrupaciones locales, y que este a\u00f1o sum\u00f3 a una banda invitada de la zona.<\/p>\n\n\n\n<figure class=\"wp-block-image aligncenter size-full is-resized\"><img loading=\"lazy\" decoding=\"async\" src=\"https:\/\/infoecos.com.ar\/wp-content\/uploads\/2023\/07\/Trenque-Suena-2023-65.jpg\" alt=\"\" class=\"wp-image-108611\" width=\"568\" height=\"379\" srcset=\"https:\/\/infoecos.com.ar\/wp-content\/uploads\/2023\/07\/Trenque-Suena-2023-65.jpg 1311w, https:\/\/infoecos.com.ar\/wp-content\/uploads\/2023\/07\/Trenque-Suena-2023-65-800x533.jpg 800w, https:\/\/infoecos.com.ar\/wp-content\/uploads\/2023\/07\/Trenque-Suena-2023-65-768x512.jpg 768w, https:\/\/infoecos.com.ar\/wp-content\/uploads\/2023\/07\/Trenque-Suena-2023-65-1024x683.jpg 1024w, https:\/\/infoecos.com.ar\/wp-content\/uploads\/2023\/07\/Trenque-Suena-2023-65-675x450.jpg 675w\" sizes=\"(max-width: 568px) 100vw, 568px\" \/><\/figure>\n\n\n\n<p>Subieron al escenario <em><mark style=\"background-color:rgba(0, 0, 0, 0)\" class=\"has-inline-color has-vivid-cyan-blue-color\"><strong>Nativo, Cecilia y las Conspiraciones, Zuper Nova, Los Schocklenders, Trinomio, Ramayama Reggae Rap, y Pan Duro<\/strong><\/mark><\/em> -la agrupaci\u00f3n proveniente de Am\u00e9rica-, que desplegaron toda su propuesta musical ante el numeroso p\u00fablico. Tambi\u00e9n fue de la partida <strong><em>H\u00e9ctor \u00abOso\u00bb S\u00e1nchez<\/em><\/strong>, que acompa\u00f1\u00f3 con m\u00fasica el inicio, los momentos de armado de las bandas y el cierre de la primera fecha, que se extendi\u00f3 hasta las 2.45 de la madrugada.<\/p>\n\n\n\n<figure class=\"wp-block-image aligncenter size-full is-resized\"><img loading=\"lazy\" decoding=\"async\" src=\"https:\/\/infoecos.com.ar\/wp-content\/uploads\/2023\/07\/Trenque-Suena-2023-72.jpg\" alt=\"\" class=\"wp-image-108612\" width=\"550\" height=\"366\" srcset=\"https:\/\/infoecos.com.ar\/wp-content\/uploads\/2023\/07\/Trenque-Suena-2023-72.jpg 1311w, https:\/\/infoecos.com.ar\/wp-content\/uploads\/2023\/07\/Trenque-Suena-2023-72-800x533.jpg 800w, https:\/\/infoecos.com.ar\/wp-content\/uploads\/2023\/07\/Trenque-Suena-2023-72-768x512.jpg 768w, https:\/\/infoecos.com.ar\/wp-content\/uploads\/2023\/07\/Trenque-Suena-2023-72-1024x683.jpg 1024w, https:\/\/infoecos.com.ar\/wp-content\/uploads\/2023\/07\/Trenque-Suena-2023-72-675x450.jpg 675w\" sizes=\"(max-width: 550px) 100vw, 550px\" \/><\/figure>\n\n\n\n<p>El escenario, incluso m\u00e1s grande que el utilizado en las ediciones anteriores, la renovada puesta de luces y sonido, m\u00e1s la pantalla gigante que acompa\u00f1\u00f3 la fiesta, -todo al mismo nivel que el de los espect\u00e1culos de las bandas nacionales-, le dieron calidad a la movida que reuni\u00f3 a los seguidores de las distintas agrupaciones que se lucieron en el escenario. Adem\u00e1s, y como tambi\u00e9n ocurri\u00f3 el a\u00f1o pasado, el Club Monumental ofreci\u00f3 un muy buen servicio de cantina.<\/p>\n\n\n\n<figure class=\"wp-block-image aligncenter size-full is-resized\"><img loading=\"lazy\" decoding=\"async\" src=\"https:\/\/infoecos.com.ar\/wp-content\/uploads\/2023\/07\/Trenque-Suena-2023-65-1.jpg\" alt=\"\" class=\"wp-image-108613\" width=\"543\" height=\"362\" srcset=\"https:\/\/infoecos.com.ar\/wp-content\/uploads\/2023\/07\/Trenque-Suena-2023-65-1.jpg 1311w, https:\/\/infoecos.com.ar\/wp-content\/uploads\/2023\/07\/Trenque-Suena-2023-65-1-800x533.jpg 800w, https:\/\/infoecos.com.ar\/wp-content\/uploads\/2023\/07\/Trenque-Suena-2023-65-1-768x512.jpg 768w, https:\/\/infoecos.com.ar\/wp-content\/uploads\/2023\/07\/Trenque-Suena-2023-65-1-1024x683.jpg 1024w, https:\/\/infoecos.com.ar\/wp-content\/uploads\/2023\/07\/Trenque-Suena-2023-65-1-675x450.jpg 675w\" sizes=\"(max-width: 543px) 100vw, 543px\" \/><\/figure>\n\n\n\n<p>La noche, se\u00f1ala un parte del \u00e1rea de prensa del municipio, se caracteriz\u00f3 por el entusiasmo, la buena onda y donde todos quedaron con ganas de volver a encontrarse para seguir disfrutando del rock y de los distintos g\u00e9neros musicales, en un lugar acorde y que supo albergar la movida cultural.<\/p>\n\n\n\n<p><strong>Trenque Suena<\/strong>, el festival que impulsa el municipio de Trenque Lauquen a trav\u00e9s de la direcci\u00f3n de Cultura y Educaci\u00f3n junto a bandas y m\u00fasicos locales, tendr\u00e1 otra fecha <strong>el s\u00e1bado 9 de octubre<\/strong> con una grilla de artistas muy amplia de distintos g\u00e9neros.<\/p>\n","protected":false},"excerpt":{"rendered":"<p>Subieron al escenario Nativo, Cecilia y las Conspiraciones, Zuper Nova, Los Schocklenders, Trinomio, Ramayama Reggae Rap, y Pan Duro<\/p>\n","protected":false},"author":2,"featured_media":108613,"comment_status":"closed","ping_status":"open","sticky":false,"template":"","format":"standard","meta":{"footnotes":""},"categories":[1330],"tags":[8573],"class_list":["post-108610","post","type-post","status-publish","format-standard","has-post-thumbnail","hentry","category-inferior10","tag-cultura-popular"],"yoast_head":"<!-- This site is optimized with the Yoast SEO plugin v23.4 - https:\/\/yoast.com\/wordpress\/plugins\/seo\/ -->\n<title>La primera fecha del &quot;Trenque Suena&quot;, fue calificada como un \u00e9xito - Infoecos<\/title>\n<meta name=\"robots\" content=\"index, follow, max-snippet:-1, max-image-preview:large, max-video-preview:-1\" \/>\n<link rel=\"canonical\" href=\"https:\/\/infoecos.com.ar\/index.php\/la-primera-fecha-del-fue-calificado-como-un-exito\/\" \/>\n<meta property=\"og:locale\" content=\"es_ES\" \/>\n<meta property=\"og:type\" content=\"article\" \/>\n<meta property=\"og:title\" content=\"La primera fecha del &quot;Trenque Suena&quot;, fue calificada como un \u00e9xito - Infoecos\" \/>\n<meta property=\"og:description\" content=\"Subieron al escenario Nativo, Cecilia y las Conspiraciones, Zuper Nova, Los Schocklenders, Trinomio, Ramayama Reggae Rap, y Pan Duro\" \/>\n<meta property=\"og:url\" content=\"https:\/\/infoecos.com.ar\/index.php\/la-primera-fecha-del-fue-calificado-como-un-exito\/\" \/>\n<meta property=\"og:site_name\" content=\"Infoecos\" \/>\n<meta property=\"article:publisher\" content=\"https:\/\/www.facebook.com\/profile.php?id=100063200290284\" \/>\n<meta property=\"article:published_time\" content=\"2023-07-31T03:25:38+00:00\" \/>\n<meta property=\"article:modified_time\" content=\"2023-08-01T02:08:04+00:00\" \/>\n<meta property=\"og:image\" content=\"https:\/\/infoecos.com.ar\/wp-content\/uploads\/2023\/07\/Trenque-Suena-2023-65-1.jpg\" \/>\n\t<meta property=\"og:image:width\" content=\"1311\" \/>\n\t<meta property=\"og:image:height\" content=\"874\" \/>\n\t<meta property=\"og:image:type\" content=\"image\/jpeg\" \/>\n<meta name=\"author\" content=\"Jorge Matheus\" \/>\n<meta name=\"twitter:card\" content=\"summary_large_image\" \/>\n<meta name=\"twitter:creator\" content=\"@infoecos\" \/>\n<meta name=\"twitter:site\" content=\"@infoecos\" \/>\n<meta name=\"twitter:label1\" content=\"Escrito por\" \/>\n\t<meta name=\"twitter:data1\" content=\"Jorge Matheus\" \/>\n\t<meta name=\"twitter:label2\" content=\"Tiempo de lectura\" \/>\n\t<meta name=\"twitter:data2\" content=\"2 minutos\" \/>\n<script type=\"application\/ld+json\" class=\"yoast-schema-graph\">{\"@context\":\"https:\/\/schema.org\",\"@graph\":[{\"@type\":\"Article\",\"@id\":\"https:\/\/infoecos.com.ar\/index.php\/la-primera-fecha-del-fue-calificado-como-un-exito\/#article\",\"isPartOf\":{\"@id\":\"https:\/\/infoecos.com.ar\/index.php\/la-primera-fecha-del-fue-calificado-como-un-exito\/\"},\"author\":{\"name\":\"Jorge Matheus\",\"@id\":\"https:\/\/infoecos.com.ar\/#\/schema\/person\/8f5ace5ce73b4b4aac4b7245aee6f191\"},\"headline\":\"La primera fecha del \u00abTrenque Suena\u00bb, fue calificada como un \u00e9xito\",\"datePublished\":\"2023-07-31T03:25:38+00:00\",\"dateModified\":\"2023-08-01T02:08:04+00:00\",\"mainEntityOfPage\":{\"@id\":\"https:\/\/infoecos.com.ar\/index.php\/la-primera-fecha-del-fue-calificado-como-un-exito\/\"},\"wordCount\":321,\"publisher\":{\"@id\":\"https:\/\/infoecos.com.ar\/#organization\"},\"image\":{\"@id\":\"https:\/\/infoecos.com.ar\/index.php\/la-primera-fecha-del-fue-calificado-como-un-exito\/#primaryimage\"},\"thumbnailUrl\":\"https:\/\/infoecos.com.ar\/wp-content\/uploads\/2023\/07\/Trenque-Suena-2023-65-1.jpg\",\"keywords\":[\"CULTURA POPULAR\"],\"articleSection\":[\"Bloque inferior - 10\"],\"inLanguage\":\"es\"},{\"@type\":\"WebPage\",\"@id\":\"https:\/\/infoecos.com.ar\/index.php\/la-primera-fecha-del-fue-calificado-como-un-exito\/\",\"url\":\"https:\/\/infoecos.com.ar\/index.php\/la-primera-fecha-del-fue-calificado-como-un-exito\/\",\"name\":\"La primera fecha del \\\"Trenque Suena\\\", fue calificada como un \u00e9xito - Infoecos\",\"isPartOf\":{\"@id\":\"https:\/\/infoecos.com.ar\/#website\"},\"primaryImageOfPage\":{\"@id\":\"https:\/\/infoecos.com.ar\/index.php\/la-primera-fecha-del-fue-calificado-como-un-exito\/#primaryimage\"},\"image\":{\"@id\":\"https:\/\/infoecos.com.ar\/index.php\/la-primera-fecha-del-fue-calificado-como-un-exito\/#primaryimage\"},\"thumbnailUrl\":\"https:\/\/infoecos.com.ar\/wp-content\/uploads\/2023\/07\/Trenque-Suena-2023-65-1.jpg\",\"datePublished\":\"2023-07-31T03:25:38+00:00\",\"dateModified\":\"2023-08-01T02:08:04+00:00\",\"breadcrumb\":{\"@id\":\"https:\/\/infoecos.com.ar\/index.php\/la-primera-fecha-del-fue-calificado-como-un-exito\/#breadcrumb\"},\"inLanguage\":\"es\",\"potentialAction\":[{\"@type\":\"ReadAction\",\"target\":[\"https:\/\/infoecos.com.ar\/index.php\/la-primera-fecha-del-fue-calificado-como-un-exito\/\"]}]},{\"@type\":\"ImageObject\",\"inLanguage\":\"es\",\"@id\":\"https:\/\/infoecos.com.ar\/index.php\/la-primera-fecha-del-fue-calificado-como-un-exito\/#primaryimage\",\"url\":\"https:\/\/infoecos.com.ar\/wp-content\/uploads\/2023\/07\/Trenque-Suena-2023-65-1.jpg\",\"contentUrl\":\"https:\/\/infoecos.com.ar\/wp-content\/uploads\/2023\/07\/Trenque-Suena-2023-65-1.jpg\",\"width\":1311,\"height\":874},{\"@type\":\"BreadcrumbList\",\"@id\":\"https:\/\/infoecos.com.ar\/index.php\/la-primera-fecha-del-fue-calificado-como-un-exito\/#breadcrumb\",\"itemListElement\":[{\"@type\":\"ListItem\",\"position\":1,\"name\":\"Portada\",\"item\":\"https:\/\/infoecos.com.ar\/\"},{\"@type\":\"ListItem\",\"position\":2,\"name\":\"La primera fecha del \u00abTrenque Suena\u00bb, fue calificada como un \u00e9xito\"}]},{\"@type\":\"WebSite\",\"@id\":\"https:\/\/infoecos.com.ar\/#website\",\"url\":\"https:\/\/infoecos.com.ar\/\",\"name\":\"Infoecos\",\"description\":\"Noticias de trenque lauquen y la zona\",\"publisher\":{\"@id\":\"https:\/\/infoecos.com.ar\/#organization\"},\"alternateName\":\"Noticias\",\"potentialAction\":[{\"@type\":\"SearchAction\",\"target\":{\"@type\":\"EntryPoint\",\"urlTemplate\":\"https:\/\/infoecos.com.ar\/?s={search_term_string}\"},\"query-input\":{\"@type\":\"PropertyValueSpecification\",\"valueRequired\":true,\"valueName\":\"search_term_string\"}}],\"inLanguage\":\"es\"},{\"@type\":\"Organization\",\"@id\":\"https:\/\/infoecos.com.ar\/#organization\",\"name\":\"Infoecos\",\"alternateName\":\"Noticias\",\"url\":\"https:\/\/infoecos.com.ar\/\",\"logo\":{\"@type\":\"ImageObject\",\"inLanguage\":\"es\",\"@id\":\"https:\/\/infoecos.com.ar\/#\/schema\/logo\/image\/\",\"url\":\"https:\/\/infoecos.com.ar\/wp-content\/uploads\/2024\/03\/cropped-logo.png\",\"contentUrl\":\"https:\/\/infoecos.com.ar\/wp-content\/uploads\/2024\/03\/cropped-logo.png\",\"width\":374,\"height\":90,\"caption\":\"Infoecos\"},\"image\":{\"@id\":\"https:\/\/infoecos.com.ar\/#\/schema\/logo\/image\/\"},\"sameAs\":[\"https:\/\/www.facebook.com\/profile.php?id=100063200290284\",\"https:\/\/x.com\/infoecos\"]},{\"@type\":\"Person\",\"@id\":\"https:\/\/infoecos.com.ar\/#\/schema\/person\/8f5ace5ce73b4b4aac4b7245aee6f191\",\"name\":\"Jorge Matheus\",\"url\":\"https:\/\/infoecos.com.ar\/index.php\/author\/jomatheus\/\"}]}<\/script>\n<!-- \/ Yoast SEO plugin. -->","yoast_head_json":{"title":"La primera fecha del \"Trenque Suena\", fue calificada como un \u00e9xito - Infoecos","robots":{"index":"index","follow":"follow","max-snippet":"max-snippet:-1","max-image-preview":"max-image-preview:large","max-video-preview":"max-video-preview:-1"},"canonical":"https:\/\/infoecos.com.ar\/index.php\/la-primera-fecha-del-fue-calificado-como-un-exito\/","og_locale":"es_ES","og_type":"article","og_title":"La primera fecha del \"Trenque Suena\", fue calificada como un \u00e9xito - Infoecos","og_description":"Subieron al escenario Nativo, Cecilia y las Conspiraciones, Zuper Nova, Los Schocklenders, Trinomio, Ramayama Reggae Rap, y Pan Duro","og_url":"https:\/\/infoecos.com.ar\/index.php\/la-primera-fecha-del-fue-calificado-como-un-exito\/","og_site_name":"Infoecos","article_publisher":"https:\/\/www.facebook.com\/profile.php?id=100063200290284","article_published_time":"2023-07-31T03:25:38+00:00","article_modified_time":"2023-08-01T02:08:04+00:00","og_image":[{"width":1311,"height":874,"url":"https:\/\/infoecos.com.ar\/wp-content\/uploads\/2023\/07\/Trenque-Suena-2023-65-1.jpg","type":"image\/jpeg"}],"author":"Jorge Matheus","twitter_card":"summary_large_image","twitter_creator":"@infoecos","twitter_site":"@infoecos","twitter_misc":{"Escrito por":"Jorge Matheus","Tiempo de lectura":"2 minutos"},"schema":{"@context":"https:\/\/schema.org","@graph":[{"@type":"Article","@id":"https:\/\/infoecos.com.ar\/index.php\/la-primera-fecha-del-fue-calificado-como-un-exito\/#article","isPartOf":{"@id":"https:\/\/infoecos.com.ar\/index.php\/la-primera-fecha-del-fue-calificado-como-un-exito\/"},"author":{"name":"Jorge Matheus","@id":"https:\/\/infoecos.com.ar\/#\/schema\/person\/8f5ace5ce73b4b4aac4b7245aee6f191"},"headline":"La primera fecha del \u00abTrenque Suena\u00bb, fue calificada como un \u00e9xito","datePublished":"2023-07-31T03:25:38+00:00","dateModified":"2023-08-01T02:08:04+00:00","mainEntityOfPage":{"@id":"https:\/\/infoecos.com.ar\/index.php\/la-primera-fecha-del-fue-calificado-como-un-exito\/"},"wordCount":321,"publisher":{"@id":"https:\/\/infoecos.com.ar\/#organization"},"image":{"@id":"https:\/\/infoecos.com.ar\/index.php\/la-primera-fecha-del-fue-calificado-como-un-exito\/#primaryimage"},"thumbnailUrl":"https:\/\/infoecos.com.ar\/wp-content\/uploads\/2023\/07\/Trenque-Suena-2023-65-1.jpg","keywords":["CULTURA POPULAR"],"articleSection":["Bloque inferior - 10"],"inLanguage":"es"},{"@type":"WebPage","@id":"https:\/\/infoecos.com.ar\/index.php\/la-primera-fecha-del-fue-calificado-como-un-exito\/","url":"https:\/\/infoecos.com.ar\/index.php\/la-primera-fecha-del-fue-calificado-como-un-exito\/","name":"La primera fecha del \"Trenque Suena\", fue calificada como un \u00e9xito - Infoecos","isPartOf":{"@id":"https:\/\/infoecos.com.ar\/#website"},"primaryImageOfPage":{"@id":"https:\/\/infoecos.com.ar\/index.php\/la-primera-fecha-del-fue-calificado-como-un-exito\/#primaryimage"},"image":{"@id":"https:\/\/infoecos.com.ar\/index.php\/la-primera-fecha-del-fue-calificado-como-un-exito\/#primaryimage"},"thumbnailUrl":"https:\/\/infoecos.com.ar\/wp-content\/uploads\/2023\/07\/Trenque-Suena-2023-65-1.jpg","datePublished":"2023-07-31T03:25:38+00:00","dateModified":"2023-08-01T02:08:04+00:00","breadcrumb":{"@id":"https:\/\/infoecos.com.ar\/index.php\/la-primera-fecha-del-fue-calificado-como-un-exito\/#breadcrumb"},"inLanguage":"es","potentialAction":[{"@type":"ReadAction","target":["https:\/\/infoecos.com.ar\/index.php\/la-primera-fecha-del-fue-calificado-como-un-exito\/"]}]},{"@type":"ImageObject","inLanguage":"es","@id":"https:\/\/infoecos.com.ar\/index.php\/la-primera-fecha-del-fue-calificado-como-un-exito\/#primaryimage","url":"https:\/\/infoecos.com.ar\/wp-content\/uploads\/2023\/07\/Trenque-Suena-2023-65-1.jpg","contentUrl":"https:\/\/infoecos.com.ar\/wp-content\/uploads\/2023\/07\/Trenque-Suena-2023-65-1.jpg","width":1311,"height":874},{"@type":"BreadcrumbList","@id":"https:\/\/infoecos.com.ar\/index.php\/la-primera-fecha-del-fue-calificado-como-un-exito\/#breadcrumb","itemListElement":[{"@type":"ListItem","position":1,"name":"Portada","item":"https:\/\/infoecos.com.ar\/"},{"@type":"ListItem","position":2,"name":"La primera fecha del \u00abTrenque Suena\u00bb, fue calificada como un \u00e9xito"}]},{"@type":"WebSite","@id":"https:\/\/infoecos.com.ar\/#website","url":"https:\/\/infoecos.com.ar\/","name":"Infoecos","description":"Noticias de trenque lauquen y la zona","publisher":{"@id":"https:\/\/infoecos.com.ar\/#organization"},"alternateName":"Noticias","potentialAction":[{"@type":"SearchAction","target":{"@type":"EntryPoint","urlTemplate":"https:\/\/infoecos.com.ar\/?s={search_term_string}"},"query-input":{"@type":"PropertyValueSpecification","valueRequired":true,"valueName":"search_term_string"}}],"inLanguage":"es"},{"@type":"Organization","@id":"https:\/\/infoecos.com.ar\/#organization","name":"Infoecos","alternateName":"Noticias","url":"https:\/\/infoecos.com.ar\/","logo":{"@type":"ImageObject","inLanguage":"es","@id":"https:\/\/infoecos.com.ar\/#\/schema\/logo\/image\/","url":"https:\/\/infoecos.com.ar\/wp-content\/uploads\/2024\/03\/cropped-logo.png","contentUrl":"https:\/\/infoecos.com.ar\/wp-content\/uploads\/2024\/03\/cropped-logo.png","width":374,"height":90,"caption":"Infoecos"},"image":{"@id":"https:\/\/infoecos.com.ar\/#\/schema\/logo\/image\/"},"sameAs":["https:\/\/www.facebook.com\/profile.php?id=100063200290284","https:\/\/x.com\/infoecos"]},{"@type":"Person","@id":"https:\/\/infoecos.com.ar\/#\/schema\/person\/8f5ace5ce73b4b4aac4b7245aee6f191","name":"Jorge Matheus","url":"https:\/\/infoecos.com.ar\/index.php\/author\/jomatheus\/"}]}},"featured_image_urls":{"full":["https:\/\/infoecos.com.ar\/wp-content\/uploads\/2023\/07\/Trenque-Suena-2023-65-1.jpg",1311,874,false],"thumbnail":["https:\/\/infoecos.com.ar\/wp-content\/uploads\/2023\/07\/Trenque-Suena-2023-65-1-300x150.jpg",300,150,true],"medium":["https:\/\/infoecos.com.ar\/wp-content\/uploads\/2023\/07\/Trenque-Suena-2023-65-1-800x533.jpg",800,533,true],"medium_large":["https:\/\/infoecos.com.ar\/wp-content\/uploads\/2023\/07\/Trenque-Suena-2023-65-1-768x512.jpg",640,427,true],"large":["https:\/\/infoecos.com.ar\/wp-content\/uploads\/2023\/07\/Trenque-Suena-2023-65-1.jpg",640,427,false],"1536x1536":["https:\/\/infoecos.com.ar\/wp-content\/uploads\/2023\/07\/Trenque-Suena-2023-65-1.jpg",1311,874,false],"2048x2048":["https:\/\/infoecos.com.ar\/wp-content\/uploads\/2023\/07\/Trenque-Suena-2023-65-1.jpg",1311,874,false],"covernews-slider-full":["https:\/\/infoecos.com.ar\/wp-content\/uploads\/2023\/07\/Trenque-Suena-2023-65-1.jpg",1073,715,false],"covernews-slider-center":["https:\/\/infoecos.com.ar\/wp-content\/uploads\/2023\/07\/Trenque-Suena-2023-65-1-936x874.jpg",535,500,true],"covernews-featured":["https:\/\/infoecos.com.ar\/wp-content\/uploads\/2023\/07\/Trenque-Suena-2023-65-1-1024x683.jpg",1024,683,true],"covernews-medium":["https:\/\/infoecos.com.ar\/wp-content\/uploads\/2023\/07\/Trenque-Suena-2023-65-1-720x380.jpg",540,285,true],"covernews-medium-square":["https:\/\/infoecos.com.ar\/wp-content\/uploads\/2023\/07\/Trenque-Suena-2023-65-1-675x450.jpg",375,250,true]},"author_info":{"info":["Jorge Matheus"]},"category_info":"<a href=\"https:\/\/infoecos.com.ar\/index.php\/category\/inferior10\/\" rel=\"category tag\">Bloque inferior - 10<\/a>","tag_info":"Bloque inferior - 10","comment_count":"0","_links":{"self":[{"href":"https:\/\/infoecos.com.ar\/index.php\/wp-json\/wp\/v2\/posts\/108610"}],"collection":[{"href":"https:\/\/infoecos.com.ar\/index.php\/wp-json\/wp\/v2\/posts"}],"about":[{"href":"https:\/\/infoecos.com.ar\/index.php\/wp-json\/wp\/v2\/types\/post"}],"author":[{"embeddable":true,"href":"https:\/\/infoecos.com.ar\/index.php\/wp-json\/wp\/v2\/users\/2"}],"replies":[{"embeddable":true,"href":"https:\/\/infoecos.com.ar\/index.php\/wp-json\/wp\/v2\/comments?post=108610"}],"version-history":[{"count":3,"href":"https:\/\/infoecos.com.ar\/index.php\/wp-json\/wp\/v2\/posts\/108610\/revisions"}],"predecessor-version":[{"id":108650,"href":"https:\/\/infoecos.com.ar\/index.php\/wp-json\/wp\/v2\/posts\/108610\/revisions\/108650"}],"wp:featuredmedia":[{"embeddable":true,"href":"https:\/\/infoecos.com.ar\/index.php\/wp-json\/wp\/v2\/media\/108613"}],"wp:attachment":[{"href":"https:\/\/infoecos.com.ar\/index.php\/wp-json\/wp\/v2\/media?parent=108610"}],"wp:term":[{"taxonomy":"category","embeddable":true,"href":"https:\/\/infoecos.com.ar\/index.php\/wp-json\/wp\/v2\/categories?post=108610"},{"taxonomy":"post_tag","embeddable":true,"href":"https:\/\/infoecos.com.ar\/index.php\/wp-json\/wp\/v2\/tags?post=108610"}],"curies":[{"name":"wp","href":"https:\/\/api.w.org\/{rel}","templated":true}]}}