{"id":108675,"date":"2023-07-31T03:56:27","date_gmt":"2023-07-31T06:56:27","guid":{"rendered":"https:\/\/infoecos.com.ar\/?p=108675"},"modified":"2023-07-31T19:02:10","modified_gmt":"2023-07-31T22:02:10","slug":"comienzan-los-trabajos-para-reacondicionar-una-de-las-paredes-donde-se-pintara-un-gran-mural","status":"publish","type":"post","link":"https:\/\/infoecos.com.ar\/index.php\/comienzan-los-trabajos-para-reacondicionar-una-de-las-paredes-donde-se-pintara-un-gran-mural\/","title":{"rendered":"Comenzaban los trabajos para reacondicionar una pared donde se pintar\u00e1 un gran mural"},"content":{"rendered":"\n<p>Comenzaban los trabajos de obra para reacondicionar la pared de la calle Pinc\u00e9n, en el frente del Concejo Deliberante de Trenque Lauquen donde trabajar\u00e1n 5 artistas locales que llevar\u00e1n adelante la tarea creativa. El jueves fue presentado el boceto.<\/p>\n\n\n\n<figure class=\"wp-block-image aligncenter size-full is-resized\"><img loading=\"lazy\" decoding=\"async\" src=\"https:\/\/infoecos.com.ar\/wp-content\/uploads\/2023\/07\/muralconcejo.jpg\" alt=\"\" class=\"wp-image-108676\" width=\"359\" height=\"269\" srcset=\"https:\/\/infoecos.com.ar\/wp-content\/uploads\/2023\/07\/muralconcejo.jpg 1152w, https:\/\/infoecos.com.ar\/wp-content\/uploads\/2023\/07\/muralconcejo-800x600.jpg 800w, https:\/\/infoecos.com.ar\/wp-content\/uploads\/2023\/07\/muralconcejo-768x576.jpg 768w, https:\/\/infoecos.com.ar\/wp-content\/uploads\/2023\/07\/muralconcejo-1024x768.jpg 1024w\" sizes=\"(max-width: 359px) 100vw, 359px\" \/><\/figure>\n\n\n\n<p>Lucila Gonz\u00e1lez, Isaias Mata, Germ\u00e1n Villamor, N\u00e9stor \u201cNaki\u201d Mart\u00edn y Magui Delfino ser\u00e1n los responsables de desarrollar un mural representaciones de valores sociales vinculados con la libertad, la democracia, la salud, el trabajo, y otros.<\/p>\n\n\n\n<figure class=\"wp-block-image aligncenter size-full is-resized\"><img loading=\"lazy\" decoding=\"async\" src=\"https:\/\/infoecos.com.ar\/wp-content\/uploads\/2023\/07\/muralconcejo1.jpg\" alt=\"\" class=\"wp-image-108677\" width=\"353\" height=\"265\" srcset=\"https:\/\/infoecos.com.ar\/wp-content\/uploads\/2023\/07\/muralconcejo1.jpg 1152w, https:\/\/infoecos.com.ar\/wp-content\/uploads\/2023\/07\/muralconcejo1-800x600.jpg 800w, https:\/\/infoecos.com.ar\/wp-content\/uploads\/2023\/07\/muralconcejo1-768x576.jpg 768w, https:\/\/infoecos.com.ar\/wp-content\/uploads\/2023\/07\/muralconcejo1-1024x768.jpg 1024w\" sizes=\"(max-width: 353px) 100vw, 353px\" \/><\/figure>\n\n\n\n<p>La obra se enmarca en los 40 a\u00f1os de democracia ininterrumpida en la Argentina que se celebran en octubre.<\/p>\n\n\n\n<figure class=\"wp-block-image aligncenter size-full is-resized\"><img loading=\"lazy\" decoding=\"async\" src=\"https:\/\/infoecos.com.ar\/wp-content\/uploads\/2023\/07\/muralconcejo3.jpg\" alt=\"\" class=\"wp-image-108678\" width=\"361\" height=\"271\" srcset=\"https:\/\/infoecos.com.ar\/wp-content\/uploads\/2023\/07\/muralconcejo3.jpg 1152w, https:\/\/infoecos.com.ar\/wp-content\/uploads\/2023\/07\/muralconcejo3-800x600.jpg 800w, https:\/\/infoecos.com.ar\/wp-content\/uploads\/2023\/07\/muralconcejo3-768x576.jpg 768w, https:\/\/infoecos.com.ar\/wp-content\/uploads\/2023\/07\/muralconcejo3-1024x768.jpg 1024w\" sizes=\"(max-width: 361px) 100vw, 361px\" \/><\/figure>\n\n\n\n<p>La propuesta del Concejo fue consensuada con la Direcci\u00f3n de Cultura de la municipalidad de Trenque Lauquen, a cargo de Guillermo Ruiz, y despu\u00e9s de varias reuniones con el presidente del cuerpo, Alberto Rodr\u00edguez Mera, y los artistas Mata, Delfino, Gonz\u00e1lez, Villamor y Mart\u00edn, se decidi\u00f3 incluir este a\u00f1o al legislativo local como una de las sedes para el encuentro que se realizar\u00e1 en la ciudad, que es la Capital Provincial del Arte Mural.<\/p>\n\n\n\n<figure class=\"wp-block-gallery has-nested-images columns-default is-cropped wp-block-gallery-1 is-layout-flex wp-block-gallery-is-layout-flex\">\n<figure class=\"wp-block-image size-large\"><img loading=\"lazy\" decoding=\"async\" width=\"1152\" height=\"864\" data-id=\"108680\" src=\"https:\/\/infoecos.com.ar\/wp-content\/uploads\/2023\/07\/muralconcejo-1.jpg\" alt=\"\" class=\"wp-image-108680\" srcset=\"https:\/\/infoecos.com.ar\/wp-content\/uploads\/2023\/07\/muralconcejo-1.jpg 1152w, https:\/\/infoecos.com.ar\/wp-content\/uploads\/2023\/07\/muralconcejo-1-800x600.jpg 800w, https:\/\/infoecos.com.ar\/wp-content\/uploads\/2023\/07\/muralconcejo-1-768x576.jpg 768w, https:\/\/infoecos.com.ar\/wp-content\/uploads\/2023\/07\/muralconcejo-1-1024x768.jpg 1024w\" sizes=\"(max-width: 1152px) 100vw, 1152px\" \/><\/figure>\n\n\n\n<figure class=\"wp-block-image size-large\"><img loading=\"lazy\" decoding=\"async\" width=\"1152\" height=\"864\" data-id=\"108679\" src=\"https:\/\/infoecos.com.ar\/wp-content\/uploads\/2023\/07\/muralconcejo1-1.jpg\" alt=\"\" class=\"wp-image-108679\" srcset=\"https:\/\/infoecos.com.ar\/wp-content\/uploads\/2023\/07\/muralconcejo1-1.jpg 1152w, https:\/\/infoecos.com.ar\/wp-content\/uploads\/2023\/07\/muralconcejo1-1-800x600.jpg 800w, https:\/\/infoecos.com.ar\/wp-content\/uploads\/2023\/07\/muralconcejo1-1-768x576.jpg 768w, https:\/\/infoecos.com.ar\/wp-content\/uploads\/2023\/07\/muralconcejo1-1-1024x768.jpg 1024w\" sizes=\"(max-width: 1152px) 100vw, 1152px\" \/><\/figure>\n\n\n\n<figure class=\"wp-block-image size-large\"><img loading=\"lazy\" decoding=\"async\" width=\"1152\" height=\"864\" data-id=\"108682\" src=\"https:\/\/infoecos.com.ar\/wp-content\/uploads\/2023\/07\/muralconcejo2.jpg\" alt=\"\" class=\"wp-image-108682\" srcset=\"https:\/\/infoecos.com.ar\/wp-content\/uploads\/2023\/07\/muralconcejo2.jpg 1152w, https:\/\/infoecos.com.ar\/wp-content\/uploads\/2023\/07\/muralconcejo2-800x600.jpg 800w, https:\/\/infoecos.com.ar\/wp-content\/uploads\/2023\/07\/muralconcejo2-768x576.jpg 768w, https:\/\/infoecos.com.ar\/wp-content\/uploads\/2023\/07\/muralconcejo2-1024x768.jpg 1024w\" sizes=\"(max-width: 1152px) 100vw, 1152px\" \/><\/figure>\n\n\n\n<figure class=\"wp-block-image size-large\"><img loading=\"lazy\" decoding=\"async\" width=\"1152\" height=\"864\" data-id=\"108681\" src=\"https:\/\/infoecos.com.ar\/wp-content\/uploads\/2023\/07\/muralconcejo3-1.jpg\" alt=\"\" class=\"wp-image-108681\" srcset=\"https:\/\/infoecos.com.ar\/wp-content\/uploads\/2023\/07\/muralconcejo3-1.jpg 1152w, https:\/\/infoecos.com.ar\/wp-content\/uploads\/2023\/07\/muralconcejo3-1-800x600.jpg 800w, https:\/\/infoecos.com.ar\/wp-content\/uploads\/2023\/07\/muralconcejo3-1-768x576.jpg 768w, https:\/\/infoecos.com.ar\/wp-content\/uploads\/2023\/07\/muralconcejo3-1-1024x768.jpg 1024w\" sizes=\"(max-width: 1152px) 100vw, 1152px\" \/><\/figure>\n<\/figure>\n","protected":false},"excerpt":{"rendered":"<p>5 artistas locales que llevar\u00e1n adelante la tarea creativa. El jueves fue presentado el boceto<\/p>\n","protected":false},"author":2,"featured_media":108682,"comment_status":"closed","ping_status":"open","sticky":false,"template":"","format":"standard","meta":{"footnotes":""},"categories":[48],"tags":[6052],"class_list":["post-108675","post","type-post","status-publish","format-standard","has-post-thumbnail","hentry","category-c2nota3","tag-concejo-deliberante-t-lauquen"],"yoast_head":"<!-- This site is optimized with the Yoast SEO plugin v23.4 - https:\/\/yoast.com\/wordpress\/plugins\/seo\/ -->\n<title>Comenzaban los trabajos para reacondicionar una pared donde se pintar\u00e1 un gran mural - Infoecos<\/title>\n<meta name=\"robots\" content=\"index, follow, max-snippet:-1, max-image-preview:large, max-video-preview:-1\" \/>\n<link rel=\"canonical\" href=\"https:\/\/infoecos.com.ar\/index.php\/comienzan-los-trabajos-para-reacondicionar-una-de-las-paredes-donde-se-pintara-un-gran-mural\/\" \/>\n<meta property=\"og:locale\" content=\"es_ES\" \/>\n<meta property=\"og:type\" content=\"article\" \/>\n<meta property=\"og:title\" content=\"Comenzaban los trabajos para reacondicionar una pared donde se pintar\u00e1 un gran mural - Infoecos\" \/>\n<meta property=\"og:description\" content=\"5 artistas locales que llevar\u00e1n adelante la tarea creativa. El jueves fue presentado el boceto\" \/>\n<meta property=\"og:url\" content=\"https:\/\/infoecos.com.ar\/index.php\/comienzan-los-trabajos-para-reacondicionar-una-de-las-paredes-donde-se-pintara-un-gran-mural\/\" \/>\n<meta property=\"og:site_name\" content=\"Infoecos\" \/>\n<meta property=\"article:publisher\" content=\"https:\/\/www.facebook.com\/profile.php?id=100063200290284\" \/>\n<meta property=\"article:published_time\" content=\"2023-07-31T06:56:27+00:00\" \/>\n<meta property=\"article:modified_time\" content=\"2023-07-31T22:02:10+00:00\" \/>\n<meta property=\"og:image\" content=\"https:\/\/infoecos.com.ar\/wp-content\/uploads\/2023\/07\/muralconcejo2.jpg\" \/>\n\t<meta property=\"og:image:width\" content=\"1152\" \/>\n\t<meta property=\"og:image:height\" content=\"864\" \/>\n\t<meta property=\"og:image:type\" content=\"image\/jpeg\" \/>\n<meta name=\"author\" content=\"Jorge Matheus\" \/>\n<meta name=\"twitter:card\" content=\"summary_large_image\" \/>\n<meta name=\"twitter:creator\" content=\"@infoecos\" \/>\n<meta name=\"twitter:site\" content=\"@infoecos\" \/>\n<meta name=\"twitter:label1\" content=\"Escrito por\" \/>\n\t<meta name=\"twitter:data1\" content=\"Jorge Matheus\" \/>\n\t<meta name=\"twitter:label2\" content=\"Tiempo de lectura\" \/>\n\t<meta name=\"twitter:data2\" content=\"3 minutos\" \/>\n<script type=\"application\/ld+json\" class=\"yoast-schema-graph\">{\"@context\":\"https:\/\/schema.org\",\"@graph\":[{\"@type\":\"Article\",\"@id\":\"https:\/\/infoecos.com.ar\/index.php\/comienzan-los-trabajos-para-reacondicionar-una-de-las-paredes-donde-se-pintara-un-gran-mural\/#article\",\"isPartOf\":{\"@id\":\"https:\/\/infoecos.com.ar\/index.php\/comienzan-los-trabajos-para-reacondicionar-una-de-las-paredes-donde-se-pintara-un-gran-mural\/\"},\"author\":{\"name\":\"Jorge Matheus\",\"@id\":\"https:\/\/infoecos.com.ar\/#\/schema\/person\/8f5ace5ce73b4b4aac4b7245aee6f191\"},\"headline\":\"Comenzaban los trabajos para reacondicionar una pared donde se pintar\u00e1 un gran mural\",\"datePublished\":\"2023-07-31T06:56:27+00:00\",\"dateModified\":\"2023-07-31T22:02:10+00:00\",\"mainEntityOfPage\":{\"@id\":\"https:\/\/infoecos.com.ar\/index.php\/comienzan-los-trabajos-para-reacondicionar-una-de-las-paredes-donde-se-pintara-un-gran-mural\/\"},\"wordCount\":193,\"publisher\":{\"@id\":\"https:\/\/infoecos.com.ar\/#organization\"},\"image\":{\"@id\":\"https:\/\/infoecos.com.ar\/index.php\/comienzan-los-trabajos-para-reacondicionar-una-de-las-paredes-donde-se-pintara-un-gran-mural\/#primaryimage\"},\"thumbnailUrl\":\"https:\/\/infoecos.com.ar\/wp-content\/uploads\/2023\/07\/muralconcejo2.jpg\",\"keywords\":[\"CONCEJO DELIBERANTE T.LAUQUEN\"],\"articleSection\":[\"C2 N3\"],\"inLanguage\":\"es\"},{\"@type\":\"WebPage\",\"@id\":\"https:\/\/infoecos.com.ar\/index.php\/comienzan-los-trabajos-para-reacondicionar-una-de-las-paredes-donde-se-pintara-un-gran-mural\/\",\"url\":\"https:\/\/infoecos.com.ar\/index.php\/comienzan-los-trabajos-para-reacondicionar-una-de-las-paredes-donde-se-pintara-un-gran-mural\/\",\"name\":\"Comenzaban los trabajos para reacondicionar una pared donde se pintar\u00e1 un gran mural - Infoecos\",\"isPartOf\":{\"@id\":\"https:\/\/infoecos.com.ar\/#website\"},\"primaryImageOfPage\":{\"@id\":\"https:\/\/infoecos.com.ar\/index.php\/comienzan-los-trabajos-para-reacondicionar-una-de-las-paredes-donde-se-pintara-un-gran-mural\/#primaryimage\"},\"image\":{\"@id\":\"https:\/\/infoecos.com.ar\/index.php\/comienzan-los-trabajos-para-reacondicionar-una-de-las-paredes-donde-se-pintara-un-gran-mural\/#primaryimage\"},\"thumbnailUrl\":\"https:\/\/infoecos.com.ar\/wp-content\/uploads\/2023\/07\/muralconcejo2.jpg\",\"datePublished\":\"2023-07-31T06:56:27+00:00\",\"dateModified\":\"2023-07-31T22:02:10+00:00\",\"breadcrumb\":{\"@id\":\"https:\/\/infoecos.com.ar\/index.php\/comienzan-los-trabajos-para-reacondicionar-una-de-las-paredes-donde-se-pintara-un-gran-mural\/#breadcrumb\"},\"inLanguage\":\"es\",\"potentialAction\":[{\"@type\":\"ReadAction\",\"target\":[\"https:\/\/infoecos.com.ar\/index.php\/comienzan-los-trabajos-para-reacondicionar-una-de-las-paredes-donde-se-pintara-un-gran-mural\/\"]}]},{\"@type\":\"ImageObject\",\"inLanguage\":\"es\",\"@id\":\"https:\/\/infoecos.com.ar\/index.php\/comienzan-los-trabajos-para-reacondicionar-una-de-las-paredes-donde-se-pintara-un-gran-mural\/#primaryimage\",\"url\":\"https:\/\/infoecos.com.ar\/wp-content\/uploads\/2023\/07\/muralconcejo2.jpg\",\"contentUrl\":\"https:\/\/infoecos.com.ar\/wp-content\/uploads\/2023\/07\/muralconcejo2.jpg\",\"width\":1152,\"height\":864},{\"@type\":\"BreadcrumbList\",\"@id\":\"https:\/\/infoecos.com.ar\/index.php\/comienzan-los-trabajos-para-reacondicionar-una-de-las-paredes-donde-se-pintara-un-gran-mural\/#breadcrumb\",\"itemListElement\":[{\"@type\":\"ListItem\",\"position\":1,\"name\":\"Portada\",\"item\":\"https:\/\/infoecos.com.ar\/\"},{\"@type\":\"ListItem\",\"position\":2,\"name\":\"Comenzaban los trabajos para reacondicionar una pared donde se pintar\u00e1 un gran mural\"}]},{\"@type\":\"WebSite\",\"@id\":\"https:\/\/infoecos.com.ar\/#website\",\"url\":\"https:\/\/infoecos.com.ar\/\",\"name\":\"Infoecos\",\"description\":\"Noticias de trenque lauquen y la zona\",\"publisher\":{\"@id\":\"https:\/\/infoecos.com.ar\/#organization\"},\"alternateName\":\"Noticias\",\"potentialAction\":[{\"@type\":\"SearchAction\",\"target\":{\"@type\":\"EntryPoint\",\"urlTemplate\":\"https:\/\/infoecos.com.ar\/?s={search_term_string}\"},\"query-input\":{\"@type\":\"PropertyValueSpecification\",\"valueRequired\":true,\"valueName\":\"search_term_string\"}}],\"inLanguage\":\"es\"},{\"@type\":\"Organization\",\"@id\":\"https:\/\/infoecos.com.ar\/#organization\",\"name\":\"Infoecos\",\"alternateName\":\"Noticias\",\"url\":\"https:\/\/infoecos.com.ar\/\",\"logo\":{\"@type\":\"ImageObject\",\"inLanguage\":\"es\",\"@id\":\"https:\/\/infoecos.com.ar\/#\/schema\/logo\/image\/\",\"url\":\"https:\/\/infoecos.com.ar\/wp-content\/uploads\/2024\/03\/cropped-logo.png\",\"contentUrl\":\"https:\/\/infoecos.com.ar\/wp-content\/uploads\/2024\/03\/cropped-logo.png\",\"width\":374,\"height\":90,\"caption\":\"Infoecos\"},\"image\":{\"@id\":\"https:\/\/infoecos.com.ar\/#\/schema\/logo\/image\/\"},\"sameAs\":[\"https:\/\/www.facebook.com\/profile.php?id=100063200290284\",\"https:\/\/x.com\/infoecos\"]},{\"@type\":\"Person\",\"@id\":\"https:\/\/infoecos.com.ar\/#\/schema\/person\/8f5ace5ce73b4b4aac4b7245aee6f191\",\"name\":\"Jorge Matheus\",\"url\":\"https:\/\/infoecos.com.ar\/index.php\/author\/jomatheus\/\"}]}<\/script>\n<!-- \/ Yoast SEO plugin. -->","yoast_head_json":{"title":"Comenzaban los trabajos para reacondicionar una pared donde se pintar\u00e1 un gran mural - Infoecos","robots":{"index":"index","follow":"follow","max-snippet":"max-snippet:-1","max-image-preview":"max-image-preview:large","max-video-preview":"max-video-preview:-1"},"canonical":"https:\/\/infoecos.com.ar\/index.php\/comienzan-los-trabajos-para-reacondicionar-una-de-las-paredes-donde-se-pintara-un-gran-mural\/","og_locale":"es_ES","og_type":"article","og_title":"Comenzaban los trabajos para reacondicionar una pared donde se pintar\u00e1 un gran mural - Infoecos","og_description":"5 artistas locales que llevar\u00e1n adelante la tarea creativa. El jueves fue presentado el boceto","og_url":"https:\/\/infoecos.com.ar\/index.php\/comienzan-los-trabajos-para-reacondicionar-una-de-las-paredes-donde-se-pintara-un-gran-mural\/","og_site_name":"Infoecos","article_publisher":"https:\/\/www.facebook.com\/profile.php?id=100063200290284","article_published_time":"2023-07-31T06:56:27+00:00","article_modified_time":"2023-07-31T22:02:10+00:00","og_image":[{"width":1152,"height":864,"url":"https:\/\/infoecos.com.ar\/wp-content\/uploads\/2023\/07\/muralconcejo2.jpg","type":"image\/jpeg"}],"author":"Jorge Matheus","twitter_card":"summary_large_image","twitter_creator":"@infoecos","twitter_site":"@infoecos","twitter_misc":{"Escrito por":"Jorge Matheus","Tiempo de lectura":"3 minutos"},"schema":{"@context":"https:\/\/schema.org","@graph":[{"@type":"Article","@id":"https:\/\/infoecos.com.ar\/index.php\/comienzan-los-trabajos-para-reacondicionar-una-de-las-paredes-donde-se-pintara-un-gran-mural\/#article","isPartOf":{"@id":"https:\/\/infoecos.com.ar\/index.php\/comienzan-los-trabajos-para-reacondicionar-una-de-las-paredes-donde-se-pintara-un-gran-mural\/"},"author":{"name":"Jorge Matheus","@id":"https:\/\/infoecos.com.ar\/#\/schema\/person\/8f5ace5ce73b4b4aac4b7245aee6f191"},"headline":"Comenzaban los trabajos para reacondicionar una pared donde se pintar\u00e1 un gran mural","datePublished":"2023-07-31T06:56:27+00:00","dateModified":"2023-07-31T22:02:10+00:00","mainEntityOfPage":{"@id":"https:\/\/infoecos.com.ar\/index.php\/comienzan-los-trabajos-para-reacondicionar-una-de-las-paredes-donde-se-pintara-un-gran-mural\/"},"wordCount":193,"publisher":{"@id":"https:\/\/infoecos.com.ar\/#organization"},"image":{"@id":"https:\/\/infoecos.com.ar\/index.php\/comienzan-los-trabajos-para-reacondicionar-una-de-las-paredes-donde-se-pintara-un-gran-mural\/#primaryimage"},"thumbnailUrl":"https:\/\/infoecos.com.ar\/wp-content\/uploads\/2023\/07\/muralconcejo2.jpg","keywords":["CONCEJO DELIBERANTE T.LAUQUEN"],"articleSection":["C2 N3"],"inLanguage":"es"},{"@type":"WebPage","@id":"https:\/\/infoecos.com.ar\/index.php\/comienzan-los-trabajos-para-reacondicionar-una-de-las-paredes-donde-se-pintara-un-gran-mural\/","url":"https:\/\/infoecos.com.ar\/index.php\/comienzan-los-trabajos-para-reacondicionar-una-de-las-paredes-donde-se-pintara-un-gran-mural\/","name":"Comenzaban los trabajos para reacondicionar una pared donde se pintar\u00e1 un gran mural - Infoecos","isPartOf":{"@id":"https:\/\/infoecos.com.ar\/#website"},"primaryImageOfPage":{"@id":"https:\/\/infoecos.com.ar\/index.php\/comienzan-los-trabajos-para-reacondicionar-una-de-las-paredes-donde-se-pintara-un-gran-mural\/#primaryimage"},"image":{"@id":"https:\/\/infoecos.com.ar\/index.php\/comienzan-los-trabajos-para-reacondicionar-una-de-las-paredes-donde-se-pintara-un-gran-mural\/#primaryimage"},"thumbnailUrl":"https:\/\/infoecos.com.ar\/wp-content\/uploads\/2023\/07\/muralconcejo2.jpg","datePublished":"2023-07-31T06:56:27+00:00","dateModified":"2023-07-31T22:02:10+00:00","breadcrumb":{"@id":"https:\/\/infoecos.com.ar\/index.php\/comienzan-los-trabajos-para-reacondicionar-una-de-las-paredes-donde-se-pintara-un-gran-mural\/#breadcrumb"},"inLanguage":"es","potentialAction":[{"@type":"ReadAction","target":["https:\/\/infoecos.com.ar\/index.php\/comienzan-los-trabajos-para-reacondicionar-una-de-las-paredes-donde-se-pintara-un-gran-mural\/"]}]},{"@type":"ImageObject","inLanguage":"es","@id":"https:\/\/infoecos.com.ar\/index.php\/comienzan-los-trabajos-para-reacondicionar-una-de-las-paredes-donde-se-pintara-un-gran-mural\/#primaryimage","url":"https:\/\/infoecos.com.ar\/wp-content\/uploads\/2023\/07\/muralconcejo2.jpg","contentUrl":"https:\/\/infoecos.com.ar\/wp-content\/uploads\/2023\/07\/muralconcejo2.jpg","width":1152,"height":864},{"@type":"BreadcrumbList","@id":"https:\/\/infoecos.com.ar\/index.php\/comienzan-los-trabajos-para-reacondicionar-una-de-las-paredes-donde-se-pintara-un-gran-mural\/#breadcrumb","itemListElement":[{"@type":"ListItem","position":1,"name":"Portada","item":"https:\/\/infoecos.com.ar\/"},{"@type":"ListItem","position":2,"name":"Comenzaban los trabajos para reacondicionar una pared donde se pintar\u00e1 un gran mural"}]},{"@type":"WebSite","@id":"https:\/\/infoecos.com.ar\/#website","url":"https:\/\/infoecos.com.ar\/","name":"Infoecos","description":"Noticias de trenque lauquen y la zona","publisher":{"@id":"https:\/\/infoecos.com.ar\/#organization"},"alternateName":"Noticias","potentialAction":[{"@type":"SearchAction","target":{"@type":"EntryPoint","urlTemplate":"https:\/\/infoecos.com.ar\/?s={search_term_string}"},"query-input":{"@type":"PropertyValueSpecification","valueRequired":true,"valueName":"search_term_string"}}],"inLanguage":"es"},{"@type":"Organization","@id":"https:\/\/infoecos.com.ar\/#organization","name":"Infoecos","alternateName":"Noticias","url":"https:\/\/infoecos.com.ar\/","logo":{"@type":"ImageObject","inLanguage":"es","@id":"https:\/\/infoecos.com.ar\/#\/schema\/logo\/image\/","url":"https:\/\/infoecos.com.ar\/wp-content\/uploads\/2024\/03\/cropped-logo.png","contentUrl":"https:\/\/infoecos.com.ar\/wp-content\/uploads\/2024\/03\/cropped-logo.png","width":374,"height":90,"caption":"Infoecos"},"image":{"@id":"https:\/\/infoecos.com.ar\/#\/schema\/logo\/image\/"},"sameAs":["https:\/\/www.facebook.com\/profile.php?id=100063200290284","https:\/\/x.com\/infoecos"]},{"@type":"Person","@id":"https:\/\/infoecos.com.ar\/#\/schema\/person\/8f5ace5ce73b4b4aac4b7245aee6f191","name":"Jorge Matheus","url":"https:\/\/infoecos.com.ar\/index.php\/author\/jomatheus\/"}]}},"featured_image_urls":{"full":["https:\/\/infoecos.com.ar\/wp-content\/uploads\/2023\/07\/muralconcejo2.jpg",1152,864,false],"thumbnail":["https:\/\/infoecos.com.ar\/wp-content\/uploads\/2023\/07\/muralconcejo2-300x150.jpg",300,150,true],"medium":["https:\/\/infoecos.com.ar\/wp-content\/uploads\/2023\/07\/muralconcejo2-800x600.jpg",800,600,true],"medium_large":["https:\/\/infoecos.com.ar\/wp-content\/uploads\/2023\/07\/muralconcejo2-768x576.jpg",640,480,true],"large":["https:\/\/infoecos.com.ar\/wp-content\/uploads\/2023\/07\/muralconcejo2.jpg",640,480,false],"1536x1536":["https:\/\/infoecos.com.ar\/wp-content\/uploads\/2023\/07\/muralconcejo2.jpg",1152,864,false],"2048x2048":["https:\/\/infoecos.com.ar\/wp-content\/uploads\/2023\/07\/muralconcejo2.jpg",1152,864,false],"covernews-slider-full":["https:\/\/infoecos.com.ar\/wp-content\/uploads\/2023\/07\/muralconcejo2.jpg",953,715,false],"covernews-slider-center":["https:\/\/infoecos.com.ar\/wp-content\/uploads\/2023\/07\/muralconcejo2-936x864.jpg",542,500,true],"covernews-featured":["https:\/\/infoecos.com.ar\/wp-content\/uploads\/2023\/07\/muralconcejo2-1024x768.jpg",1024,768,true],"covernews-medium":["https:\/\/infoecos.com.ar\/wp-content\/uploads\/2023\/07\/muralconcejo2-720x380.jpg",540,285,true],"covernews-medium-square":["https:\/\/infoecos.com.ar\/wp-content\/uploads\/2023\/07\/muralconcejo2-675x450.jpg",375,250,true]},"author_info":{"info":["Jorge Matheus"]},"category_info":"<a href=\"https:\/\/infoecos.com.ar\/index.php\/category\/c2nota3\/\" rel=\"category tag\">C2 N3<\/a>","tag_info":"C2 N3","comment_count":"0","_links":{"self":[{"href":"https:\/\/infoecos.com.ar\/index.php\/wp-json\/wp\/v2\/posts\/108675"}],"collection":[{"href":"https:\/\/infoecos.com.ar\/index.php\/wp-json\/wp\/v2\/posts"}],"about":[{"href":"https:\/\/infoecos.com.ar\/index.php\/wp-json\/wp\/v2\/types\/post"}],"author":[{"embeddable":true,"href":"https:\/\/infoecos.com.ar\/index.php\/wp-json\/wp\/v2\/users\/2"}],"replies":[{"embeddable":true,"href":"https:\/\/infoecos.com.ar\/index.php\/wp-json\/wp\/v2\/comments?post=108675"}],"version-history":[{"count":3,"href":"https:\/\/infoecos.com.ar\/index.php\/wp-json\/wp\/v2\/posts\/108675\/revisions"}],"predecessor-version":[{"id":108720,"href":"https:\/\/infoecos.com.ar\/index.php\/wp-json\/wp\/v2\/posts\/108675\/revisions\/108720"}],"wp:featuredmedia":[{"embeddable":true,"href":"https:\/\/infoecos.com.ar\/index.php\/wp-json\/wp\/v2\/media\/108682"}],"wp:attachment":[{"href":"https:\/\/infoecos.com.ar\/index.php\/wp-json\/wp\/v2\/media?parent=108675"}],"wp:term":[{"taxonomy":"category","embeddable":true,"href":"https:\/\/infoecos.com.ar\/index.php\/wp-json\/wp\/v2\/categories?post=108675"},{"taxonomy":"post_tag","embeddable":true,"href":"https:\/\/infoecos.com.ar\/index.php\/wp-json\/wp\/v2\/tags?post=108675"}],"curies":[{"name":"wp","href":"https:\/\/api.w.org\/{rel}","templated":true}]}}