{"id":108698,"date":"2023-07-31T17:40:53","date_gmt":"2023-07-31T20:40:53","guid":{"rendered":"https:\/\/infoecos.com.ar\/?p=108698"},"modified":"2023-08-01T00:43:11","modified_gmt":"2023-08-01T03:43:11","slug":"otro-accidente-entre-auto-y-moto-no-va-mas-se-entiende-no-va-mas","status":"publish","type":"post","link":"https:\/\/infoecos.com.ar\/index.php\/otro-accidente-entre-auto-y-moto-no-va-mas-se-entiende-no-va-mas\/","title":{"rendered":"Otro accidente entre auto y moto: \u00abNo va m\u00e1s\u00bb Se entiende"},"content":{"rendered":"\n<p>El viernes en la intersecci\u00f3n de las calles C. Granada y Alem de Trenque Lauquen, se produjo la colisi\u00f3n entre un Utilitario marca Peugeot, modelo Partner, color blanco, dominio AG133OL, conducida por Alberto Barrios de 68 a\u00f1os y una motocicleta marca Gilera, modelo Smash, dominio A190MUH, conducida por un menor de edad, quien lo hacia acompa\u00f1ado por Luz Mar\u00eda Oyhanarte, de 20 a\u00f1os. <\/p>\n\n\n\n<figure class=\"wp-block-image aligncenter size-full is-resized\"><img loading=\"lazy\" decoding=\"async\" src=\"https:\/\/infoecos.com.ar\/wp-content\/uploads\/2023\/07\/choquefurgonmoto-rotated.jpg\" alt=\"\" class=\"wp-image-108700\" width=\"472\" height=\"265\" srcset=\"https:\/\/infoecos.com.ar\/wp-content\/uploads\/2023\/07\/choquefurgonmoto-rotated.jpg 1600w, https:\/\/infoecos.com.ar\/wp-content\/uploads\/2023\/07\/choquefurgonmoto-800x450.jpg 800w, https:\/\/infoecos.com.ar\/wp-content\/uploads\/2023\/07\/choquefurgonmoto-768x432.jpg 768w, https:\/\/infoecos.com.ar\/wp-content\/uploads\/2023\/07\/choquefurgonmoto-1536x864.jpg 1536w, https:\/\/infoecos.com.ar\/wp-content\/uploads\/2023\/07\/choquefurgonmoto-1024x576.jpg 1024w\" sizes=\"(max-width: 472px) 100vw, 472px\" \/><figcaption class=\"wp-element-caption\">Accidente furg\u00f3n y moto<\/figcaption><\/figure>\n\n\n\n<p>Todos los involucrados tienen domicilio en Trenque Lauquen.<\/p>\n\n\n\n<figure class=\"wp-block-image aligncenter size-full is-resized\"><img loading=\"lazy\" decoding=\"async\" src=\"https:\/\/infoecos.com.ar\/wp-content\/uploads\/2023\/07\/choque1-1-rotated.jpg\" alt=\"\" class=\"wp-image-108702\" width=\"475\" height=\"266\" srcset=\"https:\/\/infoecos.com.ar\/wp-content\/uploads\/2023\/07\/choque1-1-rotated.jpg 1600w, https:\/\/infoecos.com.ar\/wp-content\/uploads\/2023\/07\/choque1-1-800x450.jpg 800w, https:\/\/infoecos.com.ar\/wp-content\/uploads\/2023\/07\/choque1-1-768x432.jpg 768w, https:\/\/infoecos.com.ar\/wp-content\/uploads\/2023\/07\/choque1-1-1536x864.jpg 1536w, https:\/\/infoecos.com.ar\/wp-content\/uploads\/2023\/07\/choque1-1-1024x576.jpg 1024w\" sizes=\"(max-width: 475px) 100vw, 475px\" \/><figcaption class=\"wp-element-caption\">Accidente furg\u00f3n y moto <\/figcaption><\/figure>\n\n\n\n<p>A ra\u00edz del accidente, los ocupantes de la moto fueron trasladados en ambulancia al Hospital, donde fueron asistidos por personal de salud de guardia. Se diagnostic\u00f3 que Mar\u00eda Luz Oyhanarte presenta fractura de tobillo izquierdo, considera que es  lesi\u00f3n de car\u00e1cter grave. El menor de edad present\u00f3 escoriaciones en ambas rodillas, lesiones determinadas como leves.<\/p>\n","protected":false},"excerpt":{"rendered":"<p>A ra\u00edz del accidente, los ocupantes de la moto fueron trasladados en ambulancia al Hospital, donde fueron asistidos por personal de salud de guardia<\/p>\n","protected":false},"author":2,"featured_media":108701,"comment_status":"closed","ping_status":"open","sticky":false,"template":"","format":"standard","meta":{"footnotes":""},"categories":[50],"tags":[3062],"class_list":["post-108698","post","type-post","status-publish","format-standard","has-post-thumbnail","hentry","category-c1nota4","tag-en-trenque-lauquen"],"yoast_head":"<!-- This site is optimized with the Yoast SEO plugin v23.4 - https:\/\/yoast.com\/wordpress\/plugins\/seo\/ -->\n<title>Otro accidente entre auto y moto: &quot;No va m\u00e1s&quot; Se entiende - Infoecos<\/title>\n<meta name=\"robots\" content=\"index, follow, max-snippet:-1, max-image-preview:large, max-video-preview:-1\" \/>\n<link rel=\"canonical\" href=\"https:\/\/infoecos.com.ar\/index.php\/otro-accidente-entre-auto-y-moto-no-va-mas-se-entiende-no-va-mas\/\" \/>\n<meta property=\"og:locale\" content=\"es_ES\" \/>\n<meta property=\"og:type\" content=\"article\" \/>\n<meta property=\"og:title\" content=\"Otro accidente entre auto y moto: &quot;No va m\u00e1s&quot; Se entiende - Infoecos\" \/>\n<meta property=\"og:description\" content=\"A ra\u00edz del accidente, los ocupantes de la moto fueron trasladados en ambulancia al Hospital, donde fueron asistidos por personal de salud de guardia\" \/>\n<meta property=\"og:url\" content=\"https:\/\/infoecos.com.ar\/index.php\/otro-accidente-entre-auto-y-moto-no-va-mas-se-entiende-no-va-mas\/\" \/>\n<meta property=\"og:site_name\" content=\"Infoecos\" \/>\n<meta property=\"article:publisher\" content=\"https:\/\/www.facebook.com\/profile.php?id=100063200290284\" \/>\n<meta property=\"article:published_time\" content=\"2023-07-31T20:40:53+00:00\" \/>\n<meta property=\"article:modified_time\" content=\"2023-08-01T03:43:11+00:00\" \/>\n<meta property=\"og:image\" content=\"https:\/\/infoecos.com.ar\/wp-content\/uploads\/2023\/07\/choque-rotated.jpg\" \/>\n\t<meta property=\"og:image:width\" content=\"1600\" \/>\n\t<meta property=\"og:image:height\" content=\"900\" \/>\n\t<meta property=\"og:image:type\" content=\"image\/jpeg\" \/>\n<meta name=\"author\" content=\"Jorge Matheus\" \/>\n<meta name=\"twitter:card\" content=\"summary_large_image\" \/>\n<meta name=\"twitter:creator\" content=\"@infoecos\" \/>\n<meta name=\"twitter:site\" content=\"@infoecos\" \/>\n<meta name=\"twitter:label1\" content=\"Escrito por\" \/>\n\t<meta name=\"twitter:data1\" content=\"Jorge Matheus\" \/>\n\t<meta name=\"twitter:label2\" content=\"Tiempo de lectura\" \/>\n\t<meta name=\"twitter:data2\" content=\"2 minutos\" \/>\n<script type=\"application\/ld+json\" class=\"yoast-schema-graph\">{\"@context\":\"https:\/\/schema.org\",\"@graph\":[{\"@type\":\"Article\",\"@id\":\"https:\/\/infoecos.com.ar\/index.php\/otro-accidente-entre-auto-y-moto-no-va-mas-se-entiende-no-va-mas\/#article\",\"isPartOf\":{\"@id\":\"https:\/\/infoecos.com.ar\/index.php\/otro-accidente-entre-auto-y-moto-no-va-mas-se-entiende-no-va-mas\/\"},\"author\":{\"name\":\"Jorge Matheus\",\"@id\":\"https:\/\/infoecos.com.ar\/#\/schema\/person\/8f5ace5ce73b4b4aac4b7245aee6f191\"},\"headline\":\"Otro accidente entre auto y moto: \u00abNo va m\u00e1s\u00bb Se entiende\",\"datePublished\":\"2023-07-31T20:40:53+00:00\",\"dateModified\":\"2023-08-01T03:43:11+00:00\",\"mainEntityOfPage\":{\"@id\":\"https:\/\/infoecos.com.ar\/index.php\/otro-accidente-entre-auto-y-moto-no-va-mas-se-entiende-no-va-mas\/\"},\"wordCount\":158,\"publisher\":{\"@id\":\"https:\/\/infoecos.com.ar\/#organization\"},\"image\":{\"@id\":\"https:\/\/infoecos.com.ar\/index.php\/otro-accidente-entre-auto-y-moto-no-va-mas-se-entiende-no-va-mas\/#primaryimage\"},\"thumbnailUrl\":\"https:\/\/infoecos.com.ar\/wp-content\/uploads\/2023\/07\/choque-rotated.jpg\",\"keywords\":[\"EN TRENQUE LAUQUEN\"],\"articleSection\":[\"C1 N4\"],\"inLanguage\":\"es\"},{\"@type\":\"WebPage\",\"@id\":\"https:\/\/infoecos.com.ar\/index.php\/otro-accidente-entre-auto-y-moto-no-va-mas-se-entiende-no-va-mas\/\",\"url\":\"https:\/\/infoecos.com.ar\/index.php\/otro-accidente-entre-auto-y-moto-no-va-mas-se-entiende-no-va-mas\/\",\"name\":\"Otro accidente entre auto y moto: \\\"No va m\u00e1s\\\" Se entiende - Infoecos\",\"isPartOf\":{\"@id\":\"https:\/\/infoecos.com.ar\/#website\"},\"primaryImageOfPage\":{\"@id\":\"https:\/\/infoecos.com.ar\/index.php\/otro-accidente-entre-auto-y-moto-no-va-mas-se-entiende-no-va-mas\/#primaryimage\"},\"image\":{\"@id\":\"https:\/\/infoecos.com.ar\/index.php\/otro-accidente-entre-auto-y-moto-no-va-mas-se-entiende-no-va-mas\/#primaryimage\"},\"thumbnailUrl\":\"https:\/\/infoecos.com.ar\/wp-content\/uploads\/2023\/07\/choque-rotated.jpg\",\"datePublished\":\"2023-07-31T20:40:53+00:00\",\"dateModified\":\"2023-08-01T03:43:11+00:00\",\"breadcrumb\":{\"@id\":\"https:\/\/infoecos.com.ar\/index.php\/otro-accidente-entre-auto-y-moto-no-va-mas-se-entiende-no-va-mas\/#breadcrumb\"},\"inLanguage\":\"es\",\"potentialAction\":[{\"@type\":\"ReadAction\",\"target\":[\"https:\/\/infoecos.com.ar\/index.php\/otro-accidente-entre-auto-y-moto-no-va-mas-se-entiende-no-va-mas\/\"]}]},{\"@type\":\"ImageObject\",\"inLanguage\":\"es\",\"@id\":\"https:\/\/infoecos.com.ar\/index.php\/otro-accidente-entre-auto-y-moto-no-va-mas-se-entiende-no-va-mas\/#primaryimage\",\"url\":\"https:\/\/infoecos.com.ar\/wp-content\/uploads\/2023\/07\/choque-rotated.jpg\",\"contentUrl\":\"https:\/\/infoecos.com.ar\/wp-content\/uploads\/2023\/07\/choque-rotated.jpg\",\"width\":1600,\"height\":900},{\"@type\":\"BreadcrumbList\",\"@id\":\"https:\/\/infoecos.com.ar\/index.php\/otro-accidente-entre-auto-y-moto-no-va-mas-se-entiende-no-va-mas\/#breadcrumb\",\"itemListElement\":[{\"@type\":\"ListItem\",\"position\":1,\"name\":\"Portada\",\"item\":\"https:\/\/infoecos.com.ar\/\"},{\"@type\":\"ListItem\",\"position\":2,\"name\":\"Otro accidente entre auto y moto: \u00abNo va m\u00e1s\u00bb Se entiende\"}]},{\"@type\":\"WebSite\",\"@id\":\"https:\/\/infoecos.com.ar\/#website\",\"url\":\"https:\/\/infoecos.com.ar\/\",\"name\":\"Infoecos\",\"description\":\"Noticias de trenque lauquen y la zona\",\"publisher\":{\"@id\":\"https:\/\/infoecos.com.ar\/#organization\"},\"alternateName\":\"Noticias\",\"potentialAction\":[{\"@type\":\"SearchAction\",\"target\":{\"@type\":\"EntryPoint\",\"urlTemplate\":\"https:\/\/infoecos.com.ar\/?s={search_term_string}\"},\"query-input\":{\"@type\":\"PropertyValueSpecification\",\"valueRequired\":true,\"valueName\":\"search_term_string\"}}],\"inLanguage\":\"es\"},{\"@type\":\"Organization\",\"@id\":\"https:\/\/infoecos.com.ar\/#organization\",\"name\":\"Infoecos\",\"alternateName\":\"Noticias\",\"url\":\"https:\/\/infoecos.com.ar\/\",\"logo\":{\"@type\":\"ImageObject\",\"inLanguage\":\"es\",\"@id\":\"https:\/\/infoecos.com.ar\/#\/schema\/logo\/image\/\",\"url\":\"https:\/\/infoecos.com.ar\/wp-content\/uploads\/2024\/03\/cropped-logo.png\",\"contentUrl\":\"https:\/\/infoecos.com.ar\/wp-content\/uploads\/2024\/03\/cropped-logo.png\",\"width\":374,\"height\":90,\"caption\":\"Infoecos\"},\"image\":{\"@id\":\"https:\/\/infoecos.com.ar\/#\/schema\/logo\/image\/\"},\"sameAs\":[\"https:\/\/www.facebook.com\/profile.php?id=100063200290284\",\"https:\/\/x.com\/infoecos\"]},{\"@type\":\"Person\",\"@id\":\"https:\/\/infoecos.com.ar\/#\/schema\/person\/8f5ace5ce73b4b4aac4b7245aee6f191\",\"name\":\"Jorge Matheus\",\"url\":\"https:\/\/infoecos.com.ar\/index.php\/author\/jomatheus\/\"}]}<\/script>\n<!-- \/ Yoast SEO plugin. -->","yoast_head_json":{"title":"Otro accidente entre auto y moto: \"No va m\u00e1s\" Se entiende - Infoecos","robots":{"index":"index","follow":"follow","max-snippet":"max-snippet:-1","max-image-preview":"max-image-preview:large","max-video-preview":"max-video-preview:-1"},"canonical":"https:\/\/infoecos.com.ar\/index.php\/otro-accidente-entre-auto-y-moto-no-va-mas-se-entiende-no-va-mas\/","og_locale":"es_ES","og_type":"article","og_title":"Otro accidente entre auto y moto: \"No va m\u00e1s\" Se entiende - Infoecos","og_description":"A ra\u00edz del accidente, los ocupantes de la moto fueron trasladados en ambulancia al Hospital, donde fueron asistidos por personal de salud de guardia","og_url":"https:\/\/infoecos.com.ar\/index.php\/otro-accidente-entre-auto-y-moto-no-va-mas-se-entiende-no-va-mas\/","og_site_name":"Infoecos","article_publisher":"https:\/\/www.facebook.com\/profile.php?id=100063200290284","article_published_time":"2023-07-31T20:40:53+00:00","article_modified_time":"2023-08-01T03:43:11+00:00","og_image":[{"width":1600,"height":900,"url":"https:\/\/infoecos.com.ar\/wp-content\/uploads\/2023\/07\/choque-rotated.jpg","type":"image\/jpeg"}],"author":"Jorge Matheus","twitter_card":"summary_large_image","twitter_creator":"@infoecos","twitter_site":"@infoecos","twitter_misc":{"Escrito por":"Jorge Matheus","Tiempo de lectura":"2 minutos"},"schema":{"@context":"https:\/\/schema.org","@graph":[{"@type":"Article","@id":"https:\/\/infoecos.com.ar\/index.php\/otro-accidente-entre-auto-y-moto-no-va-mas-se-entiende-no-va-mas\/#article","isPartOf":{"@id":"https:\/\/infoecos.com.ar\/index.php\/otro-accidente-entre-auto-y-moto-no-va-mas-se-entiende-no-va-mas\/"},"author":{"name":"Jorge Matheus","@id":"https:\/\/infoecos.com.ar\/#\/schema\/person\/8f5ace5ce73b4b4aac4b7245aee6f191"},"headline":"Otro accidente entre auto y moto: \u00abNo va m\u00e1s\u00bb Se entiende","datePublished":"2023-07-31T20:40:53+00:00","dateModified":"2023-08-01T03:43:11+00:00","mainEntityOfPage":{"@id":"https:\/\/infoecos.com.ar\/index.php\/otro-accidente-entre-auto-y-moto-no-va-mas-se-entiende-no-va-mas\/"},"wordCount":158,"publisher":{"@id":"https:\/\/infoecos.com.ar\/#organization"},"image":{"@id":"https:\/\/infoecos.com.ar\/index.php\/otro-accidente-entre-auto-y-moto-no-va-mas-se-entiende-no-va-mas\/#primaryimage"},"thumbnailUrl":"https:\/\/infoecos.com.ar\/wp-content\/uploads\/2023\/07\/choque-rotated.jpg","keywords":["EN TRENQUE LAUQUEN"],"articleSection":["C1 N4"],"inLanguage":"es"},{"@type":"WebPage","@id":"https:\/\/infoecos.com.ar\/index.php\/otro-accidente-entre-auto-y-moto-no-va-mas-se-entiende-no-va-mas\/","url":"https:\/\/infoecos.com.ar\/index.php\/otro-accidente-entre-auto-y-moto-no-va-mas-se-entiende-no-va-mas\/","name":"Otro accidente entre auto y moto: \"No va m\u00e1s\" Se entiende - Infoecos","isPartOf":{"@id":"https:\/\/infoecos.com.ar\/#website"},"primaryImageOfPage":{"@id":"https:\/\/infoecos.com.ar\/index.php\/otro-accidente-entre-auto-y-moto-no-va-mas-se-entiende-no-va-mas\/#primaryimage"},"image":{"@id":"https:\/\/infoecos.com.ar\/index.php\/otro-accidente-entre-auto-y-moto-no-va-mas-se-entiende-no-va-mas\/#primaryimage"},"thumbnailUrl":"https:\/\/infoecos.com.ar\/wp-content\/uploads\/2023\/07\/choque-rotated.jpg","datePublished":"2023-07-31T20:40:53+00:00","dateModified":"2023-08-01T03:43:11+00:00","breadcrumb":{"@id":"https:\/\/infoecos.com.ar\/index.php\/otro-accidente-entre-auto-y-moto-no-va-mas-se-entiende-no-va-mas\/#breadcrumb"},"inLanguage":"es","potentialAction":[{"@type":"ReadAction","target":["https:\/\/infoecos.com.ar\/index.php\/otro-accidente-entre-auto-y-moto-no-va-mas-se-entiende-no-va-mas\/"]}]},{"@type":"ImageObject","inLanguage":"es","@id":"https:\/\/infoecos.com.ar\/index.php\/otro-accidente-entre-auto-y-moto-no-va-mas-se-entiende-no-va-mas\/#primaryimage","url":"https:\/\/infoecos.com.ar\/wp-content\/uploads\/2023\/07\/choque-rotated.jpg","contentUrl":"https:\/\/infoecos.com.ar\/wp-content\/uploads\/2023\/07\/choque-rotated.jpg","width":1600,"height":900},{"@type":"BreadcrumbList","@id":"https:\/\/infoecos.com.ar\/index.php\/otro-accidente-entre-auto-y-moto-no-va-mas-se-entiende-no-va-mas\/#breadcrumb","itemListElement":[{"@type":"ListItem","position":1,"name":"Portada","item":"https:\/\/infoecos.com.ar\/"},{"@type":"ListItem","position":2,"name":"Otro accidente entre auto y moto: \u00abNo va m\u00e1s\u00bb Se entiende"}]},{"@type":"WebSite","@id":"https:\/\/infoecos.com.ar\/#website","url":"https:\/\/infoecos.com.ar\/","name":"Infoecos","description":"Noticias de trenque lauquen y la zona","publisher":{"@id":"https:\/\/infoecos.com.ar\/#organization"},"alternateName":"Noticias","potentialAction":[{"@type":"SearchAction","target":{"@type":"EntryPoint","urlTemplate":"https:\/\/infoecos.com.ar\/?s={search_term_string}"},"query-input":{"@type":"PropertyValueSpecification","valueRequired":true,"valueName":"search_term_string"}}],"inLanguage":"es"},{"@type":"Organization","@id":"https:\/\/infoecos.com.ar\/#organization","name":"Infoecos","alternateName":"Noticias","url":"https:\/\/infoecos.com.ar\/","logo":{"@type":"ImageObject","inLanguage":"es","@id":"https:\/\/infoecos.com.ar\/#\/schema\/logo\/image\/","url":"https:\/\/infoecos.com.ar\/wp-content\/uploads\/2024\/03\/cropped-logo.png","contentUrl":"https:\/\/infoecos.com.ar\/wp-content\/uploads\/2024\/03\/cropped-logo.png","width":374,"height":90,"caption":"Infoecos"},"image":{"@id":"https:\/\/infoecos.com.ar\/#\/schema\/logo\/image\/"},"sameAs":["https:\/\/www.facebook.com\/profile.php?id=100063200290284","https:\/\/x.com\/infoecos"]},{"@type":"Person","@id":"https:\/\/infoecos.com.ar\/#\/schema\/person\/8f5ace5ce73b4b4aac4b7245aee6f191","name":"Jorge Matheus","url":"https:\/\/infoecos.com.ar\/index.php\/author\/jomatheus\/"}]}},"featured_image_urls":{"full":["https:\/\/infoecos.com.ar\/wp-content\/uploads\/2023\/07\/choque-rotated.jpg",1600,900,false],"thumbnail":["https:\/\/infoecos.com.ar\/wp-content\/uploads\/2023\/07\/choque-300x150.jpg",300,150,true],"medium":["https:\/\/infoecos.com.ar\/wp-content\/uploads\/2023\/07\/choque-800x450.jpg",800,450,true],"medium_large":["https:\/\/infoecos.com.ar\/wp-content\/uploads\/2023\/07\/choque-768x432.jpg",640,360,true],"large":["https:\/\/infoecos.com.ar\/wp-content\/uploads\/2023\/07\/choque-rotated.jpg",640,360,false],"1536x1536":["https:\/\/infoecos.com.ar\/wp-content\/uploads\/2023\/07\/choque-1536x864.jpg",1536,864,true],"2048x2048":["https:\/\/infoecos.com.ar\/wp-content\/uploads\/2023\/07\/choque-rotated.jpg",1600,900,false],"covernews-slider-full":["https:\/\/infoecos.com.ar\/wp-content\/uploads\/2023\/07\/choque-1536x900.jpg",1115,653,true],"covernews-slider-center":["https:\/\/infoecos.com.ar\/wp-content\/uploads\/2023\/07\/choque-936x897.jpg",522,500,true],"covernews-featured":["https:\/\/infoecos.com.ar\/wp-content\/uploads\/2023\/07\/choque-1024x576.jpg",1024,576,true],"covernews-medium":["https:\/\/infoecos.com.ar\/wp-content\/uploads\/2023\/07\/choque-720x380.jpg",540,285,true],"covernews-medium-square":["https:\/\/infoecos.com.ar\/wp-content\/uploads\/2023\/07\/choque-675x450.jpg",375,250,true]},"author_info":{"info":["Jorge Matheus"]},"category_info":"<a href=\"https:\/\/infoecos.com.ar\/index.php\/category\/c1nota4\/\" rel=\"category tag\">C1 N4<\/a>","tag_info":"C1 N4","comment_count":"0","_links":{"self":[{"href":"https:\/\/infoecos.com.ar\/index.php\/wp-json\/wp\/v2\/posts\/108698"}],"collection":[{"href":"https:\/\/infoecos.com.ar\/index.php\/wp-json\/wp\/v2\/posts"}],"about":[{"href":"https:\/\/infoecos.com.ar\/index.php\/wp-json\/wp\/v2\/types\/post"}],"author":[{"embeddable":true,"href":"https:\/\/infoecos.com.ar\/index.php\/wp-json\/wp\/v2\/users\/2"}],"replies":[{"embeddable":true,"href":"https:\/\/infoecos.com.ar\/index.php\/wp-json\/wp\/v2\/comments?post=108698"}],"version-history":[{"count":4,"href":"https:\/\/infoecos.com.ar\/index.php\/wp-json\/wp\/v2\/posts\/108698\/revisions"}],"predecessor-version":[{"id":108708,"href":"https:\/\/infoecos.com.ar\/index.php\/wp-json\/wp\/v2\/posts\/108698\/revisions\/108708"}],"wp:featuredmedia":[{"embeddable":true,"href":"https:\/\/infoecos.com.ar\/index.php\/wp-json\/wp\/v2\/media\/108701"}],"wp:attachment":[{"href":"https:\/\/infoecos.com.ar\/index.php\/wp-json\/wp\/v2\/media?parent=108698"}],"wp:term":[{"taxonomy":"category","embeddable":true,"href":"https:\/\/infoecos.com.ar\/index.php\/wp-json\/wp\/v2\/categories?post=108698"},{"taxonomy":"post_tag","embeddable":true,"href":"https:\/\/infoecos.com.ar\/index.php\/wp-json\/wp\/v2\/tags?post=108698"}],"curies":[{"name":"wp","href":"https:\/\/api.w.org\/{rel}","templated":true}]}}