{"id":108817,"date":"2023-08-01T22:00:30","date_gmt":"2023-08-02T01:00:30","guid":{"rendered":"https:\/\/infoecos.com.ar\/?p=108817"},"modified":"2023-08-01T22:02:35","modified_gmt":"2023-08-02T01:02:35","slug":"argentinos-juniors-empato-con-fluminense-1-a-1","status":"publish","type":"post","link":"https:\/\/infoecos.com.ar\/index.php\/argentinos-juniors-empato-con-fluminense-1-a-1\/","title":{"rendered":"Argentinos Juniors empat\u00f3 con Fluminense, 1 a 1"},"content":{"rendered":"\n<p><strong>Argentinos Juniors y Fluminense&nbsp;<\/strong>por la ida de los octavos de final de la<strong>&nbsp;Copa Libertadores<\/strong>&nbsp;empataron 1 a 1.<\/p>\n\n\n\n<p><strong>Gabriel \u00c1valos marc\u00f3 un golazo de media tijera para poner el 1 a 0<\/strong> para el equipo de la Paternal, \u00fanico tanto del primer tiempo.&nbsp;<\/p>\n\n\n\n<p>Se produjo una lesi\u00f3n que conmocion\u00f3 a jugadores e hinchas cuando tras un duro pisot\u00f3n a la altura de la rodilla de Marcelo hacia Luciano S\u00e1nchez, y termin\u00f3 con expulsi\u00f3n del brasile\u00f1o.<\/p>\n\n\n\n<figure class=\"wp-block-image size-full\"><img loading=\"lazy\" decoding=\"async\" width=\"862\" height=\"485\" src=\"https:\/\/infoecos.com.ar\/wp-content\/uploads\/2023\/08\/riverargentinosjrs.webp\" alt=\"\" class=\"wp-image-108818\" srcset=\"https:\/\/infoecos.com.ar\/wp-content\/uploads\/2023\/08\/riverargentinosjrs.webp 862w, https:\/\/infoecos.com.ar\/wp-content\/uploads\/2023\/08\/riverargentinosjrs-800x450.webp 800w, https:\/\/infoecos.com.ar\/wp-content\/uploads\/2023\/08\/riverargentinosjrs-768x432.webp 768w\" sizes=\"(max-width: 862px) 100vw, 862px\" \/><\/figure>\n\n\n\n<p>A los 30&#8242; 2T Alexis Mart\u00edn Arias recibi\u00f3 la tarjeta roja por una infracci\u00f3n fuera del \u00e1rea hacia Diogo Barbosa, quien encaraba al arco. Por deberse que Milito no ten\u00eda m\u00e1s cambios, el delantero Leonardo Heredia tuvo que ponerse los guantes e ir al arco.<\/p>\n\n\n\n<figure class=\"wp-block-embed is-type-video is-provider-youtube wp-block-embed-youtube wp-embed-aspect-16-9 wp-has-aspect-ratio\"><div class=\"wp-block-embed__wrapper\">\n<iframe loading=\"lazy\" title=\"Argentinos Juniors vs Fluminense | Copa Libertadores 2023 | DATOS Y ESTADISTICAS EN TIEMPO REAL\" width=\"640\" height=\"360\" src=\"https:\/\/www.youtube.com\/embed\/N6vKjDnVOO0?feature=oembed\" frameborder=\"0\" allow=\"accelerometer; autoplay; clipboard-write; encrypted-media; gyroscope; picture-in-picture; web-share\" referrerpolicy=\"strict-origin-when-cross-origin\" allowfullscreen><\/iframe>\n<\/div><\/figure>\n","protected":false},"excerpt":{"rendered":"<p>S\u00edntesis en video del partido. A los 30&#8242; 2T Alexis Mart\u00edn Arias recibi\u00f3 la tarjeta roja por una infracci\u00f3n fuera del \u00e1rea hacia Diogo Barbosa<\/p>\n","protected":false},"author":2,"featured_media":108818,"comment_status":"closed","ping_status":"open","sticky":false,"template":"","format":"standard","meta":{"footnotes":""},"categories":[1327,1325,1328],"tags":[8595],"class_list":["post-108817","post","type-post","status-publish","format-standard","has-post-thumbnail","hentry","category-audio","category-c1nota6","category-video","tag-expulsaron-a-martin-arias"],"yoast_head":"<!-- This site is optimized with the Yoast SEO plugin v23.4 - https:\/\/yoast.com\/wordpress\/plugins\/seo\/ -->\n<title>Argentinos Juniors empat\u00f3 con Fluminense, 1 a 1 - Infoecos<\/title>\n<meta name=\"robots\" content=\"index, follow, max-snippet:-1, max-image-preview:large, max-video-preview:-1\" \/>\n<link rel=\"canonical\" href=\"https:\/\/infoecos.com.ar\/index.php\/argentinos-juniors-empato-con-fluminense-1-a-1\/\" \/>\n<meta property=\"og:locale\" content=\"es_ES\" \/>\n<meta property=\"og:type\" content=\"article\" \/>\n<meta property=\"og:title\" content=\"Argentinos Juniors empat\u00f3 con Fluminense, 1 a 1 - Infoecos\" \/>\n<meta property=\"og:description\" content=\"S\u00edntesis en video del partido. A los 30&#039; 2T Alexis Mart\u00edn Arias recibi\u00f3 la tarjeta roja por una infracci\u00f3n fuera del \u00e1rea hacia Diogo Barbosa\" \/>\n<meta property=\"og:url\" content=\"https:\/\/infoecos.com.ar\/index.php\/argentinos-juniors-empato-con-fluminense-1-a-1\/\" \/>\n<meta property=\"og:site_name\" content=\"Infoecos\" \/>\n<meta property=\"article:publisher\" content=\"https:\/\/www.facebook.com\/profile.php?id=100063200290284\" \/>\n<meta property=\"article:published_time\" content=\"2023-08-02T01:00:30+00:00\" \/>\n<meta property=\"article:modified_time\" content=\"2023-08-02T01:02:35+00:00\" \/>\n<meta property=\"og:image\" content=\"https:\/\/infoecos.com.ar\/wp-content\/uploads\/2023\/08\/riverargentinosjrs.webp\" \/>\n\t<meta property=\"og:image:width\" content=\"862\" \/>\n\t<meta property=\"og:image:height\" content=\"485\" \/>\n\t<meta property=\"og:image:type\" content=\"image\/webp\" \/>\n<meta name=\"author\" content=\"Jorge Matheus\" \/>\n<meta name=\"twitter:card\" content=\"summary_large_image\" \/>\n<meta name=\"twitter:creator\" content=\"@infoecos\" \/>\n<meta name=\"twitter:site\" content=\"@infoecos\" \/>\n<meta name=\"twitter:label1\" content=\"Escrito por\" \/>\n\t<meta name=\"twitter:data1\" content=\"Jorge Matheus\" \/>\n\t<meta name=\"twitter:label2\" content=\"Tiempo de lectura\" \/>\n\t<meta name=\"twitter:data2\" content=\"1 minuto\" \/>\n<script type=\"application\/ld+json\" class=\"yoast-schema-graph\">{\"@context\":\"https:\/\/schema.org\",\"@graph\":[{\"@type\":\"Article\",\"@id\":\"https:\/\/infoecos.com.ar\/index.php\/argentinos-juniors-empato-con-fluminense-1-a-1\/#article\",\"isPartOf\":{\"@id\":\"https:\/\/infoecos.com.ar\/index.php\/argentinos-juniors-empato-con-fluminense-1-a-1\/\"},\"author\":{\"name\":\"Jorge Matheus\",\"@id\":\"https:\/\/infoecos.com.ar\/#\/schema\/person\/8f5ace5ce73b4b4aac4b7245aee6f191\"},\"headline\":\"Argentinos Juniors empat\u00f3 con Fluminense, 1 a 1\",\"datePublished\":\"2023-08-02T01:00:30+00:00\",\"dateModified\":\"2023-08-02T01:02:35+00:00\",\"mainEntityOfPage\":{\"@id\":\"https:\/\/infoecos.com.ar\/index.php\/argentinos-juniors-empato-con-fluminense-1-a-1\/\"},\"wordCount\":149,\"publisher\":{\"@id\":\"https:\/\/infoecos.com.ar\/#organization\"},\"image\":{\"@id\":\"https:\/\/infoecos.com.ar\/index.php\/argentinos-juniors-empato-con-fluminense-1-a-1\/#primaryimage\"},\"thumbnailUrl\":\"https:\/\/infoecos.com.ar\/wp-content\/uploads\/2023\/08\/riverargentinosjrs.webp\",\"keywords\":[\"EXPULSARON A MART\u00cdN AR\u00cdAS\"],\"articleSection\":[\"Audio\",\"C1 nota 6\",\"Video\"],\"inLanguage\":\"es\"},{\"@type\":\"WebPage\",\"@id\":\"https:\/\/infoecos.com.ar\/index.php\/argentinos-juniors-empato-con-fluminense-1-a-1\/\",\"url\":\"https:\/\/infoecos.com.ar\/index.php\/argentinos-juniors-empato-con-fluminense-1-a-1\/\",\"name\":\"Argentinos Juniors empat\u00f3 con Fluminense, 1 a 1 - Infoecos\",\"isPartOf\":{\"@id\":\"https:\/\/infoecos.com.ar\/#website\"},\"primaryImageOfPage\":{\"@id\":\"https:\/\/infoecos.com.ar\/index.php\/argentinos-juniors-empato-con-fluminense-1-a-1\/#primaryimage\"},\"image\":{\"@id\":\"https:\/\/infoecos.com.ar\/index.php\/argentinos-juniors-empato-con-fluminense-1-a-1\/#primaryimage\"},\"thumbnailUrl\":\"https:\/\/infoecos.com.ar\/wp-content\/uploads\/2023\/08\/riverargentinosjrs.webp\",\"datePublished\":\"2023-08-02T01:00:30+00:00\",\"dateModified\":\"2023-08-02T01:02:35+00:00\",\"breadcrumb\":{\"@id\":\"https:\/\/infoecos.com.ar\/index.php\/argentinos-juniors-empato-con-fluminense-1-a-1\/#breadcrumb\"},\"inLanguage\":\"es\",\"potentialAction\":[{\"@type\":\"ReadAction\",\"target\":[\"https:\/\/infoecos.com.ar\/index.php\/argentinos-juniors-empato-con-fluminense-1-a-1\/\"]}]},{\"@type\":\"ImageObject\",\"inLanguage\":\"es\",\"@id\":\"https:\/\/infoecos.com.ar\/index.php\/argentinos-juniors-empato-con-fluminense-1-a-1\/#primaryimage\",\"url\":\"https:\/\/infoecos.com.ar\/wp-content\/uploads\/2023\/08\/riverargentinosjrs.webp\",\"contentUrl\":\"https:\/\/infoecos.com.ar\/wp-content\/uploads\/2023\/08\/riverargentinosjrs.webp\",\"width\":862,\"height\":485},{\"@type\":\"BreadcrumbList\",\"@id\":\"https:\/\/infoecos.com.ar\/index.php\/argentinos-juniors-empato-con-fluminense-1-a-1\/#breadcrumb\",\"itemListElement\":[{\"@type\":\"ListItem\",\"position\":1,\"name\":\"Portada\",\"item\":\"https:\/\/infoecos.com.ar\/\"},{\"@type\":\"ListItem\",\"position\":2,\"name\":\"Argentinos Juniors empat\u00f3 con Fluminense, 1 a 1\"}]},{\"@type\":\"WebSite\",\"@id\":\"https:\/\/infoecos.com.ar\/#website\",\"url\":\"https:\/\/infoecos.com.ar\/\",\"name\":\"Infoecos\",\"description\":\"Noticias de trenque lauquen y la zona\",\"publisher\":{\"@id\":\"https:\/\/infoecos.com.ar\/#organization\"},\"alternateName\":\"Noticias\",\"potentialAction\":[{\"@type\":\"SearchAction\",\"target\":{\"@type\":\"EntryPoint\",\"urlTemplate\":\"https:\/\/infoecos.com.ar\/?s={search_term_string}\"},\"query-input\":{\"@type\":\"PropertyValueSpecification\",\"valueRequired\":true,\"valueName\":\"search_term_string\"}}],\"inLanguage\":\"es\"},{\"@type\":\"Organization\",\"@id\":\"https:\/\/infoecos.com.ar\/#organization\",\"name\":\"Infoecos\",\"alternateName\":\"Noticias\",\"url\":\"https:\/\/infoecos.com.ar\/\",\"logo\":{\"@type\":\"ImageObject\",\"inLanguage\":\"es\",\"@id\":\"https:\/\/infoecos.com.ar\/#\/schema\/logo\/image\/\",\"url\":\"https:\/\/infoecos.com.ar\/wp-content\/uploads\/2024\/03\/cropped-logo.png\",\"contentUrl\":\"https:\/\/infoecos.com.ar\/wp-content\/uploads\/2024\/03\/cropped-logo.png\",\"width\":374,\"height\":90,\"caption\":\"Infoecos\"},\"image\":{\"@id\":\"https:\/\/infoecos.com.ar\/#\/schema\/logo\/image\/\"},\"sameAs\":[\"https:\/\/www.facebook.com\/profile.php?id=100063200290284\",\"https:\/\/x.com\/infoecos\"]},{\"@type\":\"Person\",\"@id\":\"https:\/\/infoecos.com.ar\/#\/schema\/person\/8f5ace5ce73b4b4aac4b7245aee6f191\",\"name\":\"Jorge Matheus\",\"url\":\"https:\/\/infoecos.com.ar\/index.php\/author\/jomatheus\/\"}]}<\/script>\n<!-- \/ Yoast SEO plugin. -->","yoast_head_json":{"title":"Argentinos Juniors empat\u00f3 con Fluminense, 1 a 1 - Infoecos","robots":{"index":"index","follow":"follow","max-snippet":"max-snippet:-1","max-image-preview":"max-image-preview:large","max-video-preview":"max-video-preview:-1"},"canonical":"https:\/\/infoecos.com.ar\/index.php\/argentinos-juniors-empato-con-fluminense-1-a-1\/","og_locale":"es_ES","og_type":"article","og_title":"Argentinos Juniors empat\u00f3 con Fluminense, 1 a 1 - Infoecos","og_description":"S\u00edntesis en video del partido. A los 30' 2T Alexis Mart\u00edn Arias recibi\u00f3 la tarjeta roja por una infracci\u00f3n fuera del \u00e1rea hacia Diogo Barbosa","og_url":"https:\/\/infoecos.com.ar\/index.php\/argentinos-juniors-empato-con-fluminense-1-a-1\/","og_site_name":"Infoecos","article_publisher":"https:\/\/www.facebook.com\/profile.php?id=100063200290284","article_published_time":"2023-08-02T01:00:30+00:00","article_modified_time":"2023-08-02T01:02:35+00:00","og_image":[{"width":862,"height":485,"url":"https:\/\/infoecos.com.ar\/wp-content\/uploads\/2023\/08\/riverargentinosjrs.webp","type":"image\/webp"}],"author":"Jorge Matheus","twitter_card":"summary_large_image","twitter_creator":"@infoecos","twitter_site":"@infoecos","twitter_misc":{"Escrito por":"Jorge Matheus","Tiempo de lectura":"1 minuto"},"schema":{"@context":"https:\/\/schema.org","@graph":[{"@type":"Article","@id":"https:\/\/infoecos.com.ar\/index.php\/argentinos-juniors-empato-con-fluminense-1-a-1\/#article","isPartOf":{"@id":"https:\/\/infoecos.com.ar\/index.php\/argentinos-juniors-empato-con-fluminense-1-a-1\/"},"author":{"name":"Jorge Matheus","@id":"https:\/\/infoecos.com.ar\/#\/schema\/person\/8f5ace5ce73b4b4aac4b7245aee6f191"},"headline":"Argentinos Juniors empat\u00f3 con Fluminense, 1 a 1","datePublished":"2023-08-02T01:00:30+00:00","dateModified":"2023-08-02T01:02:35+00:00","mainEntityOfPage":{"@id":"https:\/\/infoecos.com.ar\/index.php\/argentinos-juniors-empato-con-fluminense-1-a-1\/"},"wordCount":149,"publisher":{"@id":"https:\/\/infoecos.com.ar\/#organization"},"image":{"@id":"https:\/\/infoecos.com.ar\/index.php\/argentinos-juniors-empato-con-fluminense-1-a-1\/#primaryimage"},"thumbnailUrl":"https:\/\/infoecos.com.ar\/wp-content\/uploads\/2023\/08\/riverargentinosjrs.webp","keywords":["EXPULSARON A MART\u00cdN AR\u00cdAS"],"articleSection":["Audio","C1 nota 6","Video"],"inLanguage":"es"},{"@type":"WebPage","@id":"https:\/\/infoecos.com.ar\/index.php\/argentinos-juniors-empato-con-fluminense-1-a-1\/","url":"https:\/\/infoecos.com.ar\/index.php\/argentinos-juniors-empato-con-fluminense-1-a-1\/","name":"Argentinos Juniors empat\u00f3 con Fluminense, 1 a 1 - Infoecos","isPartOf":{"@id":"https:\/\/infoecos.com.ar\/#website"},"primaryImageOfPage":{"@id":"https:\/\/infoecos.com.ar\/index.php\/argentinos-juniors-empato-con-fluminense-1-a-1\/#primaryimage"},"image":{"@id":"https:\/\/infoecos.com.ar\/index.php\/argentinos-juniors-empato-con-fluminense-1-a-1\/#primaryimage"},"thumbnailUrl":"https:\/\/infoecos.com.ar\/wp-content\/uploads\/2023\/08\/riverargentinosjrs.webp","datePublished":"2023-08-02T01:00:30+00:00","dateModified":"2023-08-02T01:02:35+00:00","breadcrumb":{"@id":"https:\/\/infoecos.com.ar\/index.php\/argentinos-juniors-empato-con-fluminense-1-a-1\/#breadcrumb"},"inLanguage":"es","potentialAction":[{"@type":"ReadAction","target":["https:\/\/infoecos.com.ar\/index.php\/argentinos-juniors-empato-con-fluminense-1-a-1\/"]}]},{"@type":"ImageObject","inLanguage":"es","@id":"https:\/\/infoecos.com.ar\/index.php\/argentinos-juniors-empato-con-fluminense-1-a-1\/#primaryimage","url":"https:\/\/infoecos.com.ar\/wp-content\/uploads\/2023\/08\/riverargentinosjrs.webp","contentUrl":"https:\/\/infoecos.com.ar\/wp-content\/uploads\/2023\/08\/riverargentinosjrs.webp","width":862,"height":485},{"@type":"BreadcrumbList","@id":"https:\/\/infoecos.com.ar\/index.php\/argentinos-juniors-empato-con-fluminense-1-a-1\/#breadcrumb","itemListElement":[{"@type":"ListItem","position":1,"name":"Portada","item":"https:\/\/infoecos.com.ar\/"},{"@type":"ListItem","position":2,"name":"Argentinos Juniors empat\u00f3 con Fluminense, 1 a 1"}]},{"@type":"WebSite","@id":"https:\/\/infoecos.com.ar\/#website","url":"https:\/\/infoecos.com.ar\/","name":"Infoecos","description":"Noticias de trenque lauquen y la zona","publisher":{"@id":"https:\/\/infoecos.com.ar\/#organization"},"alternateName":"Noticias","potentialAction":[{"@type":"SearchAction","target":{"@type":"EntryPoint","urlTemplate":"https:\/\/infoecos.com.ar\/?s={search_term_string}"},"query-input":{"@type":"PropertyValueSpecification","valueRequired":true,"valueName":"search_term_string"}}],"inLanguage":"es"},{"@type":"Organization","@id":"https:\/\/infoecos.com.ar\/#organization","name":"Infoecos","alternateName":"Noticias","url":"https:\/\/infoecos.com.ar\/","logo":{"@type":"ImageObject","inLanguage":"es","@id":"https:\/\/infoecos.com.ar\/#\/schema\/logo\/image\/","url":"https:\/\/infoecos.com.ar\/wp-content\/uploads\/2024\/03\/cropped-logo.png","contentUrl":"https:\/\/infoecos.com.ar\/wp-content\/uploads\/2024\/03\/cropped-logo.png","width":374,"height":90,"caption":"Infoecos"},"image":{"@id":"https:\/\/infoecos.com.ar\/#\/schema\/logo\/image\/"},"sameAs":["https:\/\/www.facebook.com\/profile.php?id=100063200290284","https:\/\/x.com\/infoecos"]},{"@type":"Person","@id":"https:\/\/infoecos.com.ar\/#\/schema\/person\/8f5ace5ce73b4b4aac4b7245aee6f191","name":"Jorge Matheus","url":"https:\/\/infoecos.com.ar\/index.php\/author\/jomatheus\/"}]}},"featured_image_urls":{"full":["https:\/\/infoecos.com.ar\/wp-content\/uploads\/2023\/08\/riverargentinosjrs.webp",862,485,false],"thumbnail":["https:\/\/infoecos.com.ar\/wp-content\/uploads\/2023\/08\/riverargentinosjrs-300x150.webp",300,150,true],"medium":["https:\/\/infoecos.com.ar\/wp-content\/uploads\/2023\/08\/riverargentinosjrs-800x450.webp",800,450,true],"medium_large":["https:\/\/infoecos.com.ar\/wp-content\/uploads\/2023\/08\/riverargentinosjrs-768x432.webp",640,360,true],"large":["https:\/\/infoecos.com.ar\/wp-content\/uploads\/2023\/08\/riverargentinosjrs.webp",640,360,false],"1536x1536":["https:\/\/infoecos.com.ar\/wp-content\/uploads\/2023\/08\/riverargentinosjrs.webp",862,485,false],"2048x2048":["https:\/\/infoecos.com.ar\/wp-content\/uploads\/2023\/08\/riverargentinosjrs.webp",862,485,false],"covernews-slider-full":["https:\/\/infoecos.com.ar\/wp-content\/uploads\/2023\/08\/riverargentinosjrs.webp",862,485,false],"covernews-slider-center":["https:\/\/infoecos.com.ar\/wp-content\/uploads\/2023\/08\/riverargentinosjrs.webp",800,450,false],"covernews-featured":["https:\/\/infoecos.com.ar\/wp-content\/uploads\/2023\/08\/riverargentinosjrs.webp",862,485,false],"covernews-medium":["https:\/\/infoecos.com.ar\/wp-content\/uploads\/2023\/08\/riverargentinosjrs-720x380.webp",540,285,true],"covernews-medium-square":["https:\/\/infoecos.com.ar\/wp-content\/uploads\/2023\/08\/riverargentinosjrs-675x450.webp",375,250,true]},"author_info":{"info":["Jorge Matheus"]},"category_info":"<a href=\"https:\/\/infoecos.com.ar\/index.php\/category\/audio\/\" rel=\"category tag\">Audio<\/a> <a href=\"https:\/\/infoecos.com.ar\/index.php\/category\/c1nota6\/\" rel=\"category tag\">C1 nota 6<\/a> <a href=\"https:\/\/infoecos.com.ar\/index.php\/category\/video\/\" rel=\"category tag\">Video<\/a>","tag_info":"Video","comment_count":"0","_links":{"self":[{"href":"https:\/\/infoecos.com.ar\/index.php\/wp-json\/wp\/v2\/posts\/108817"}],"collection":[{"href":"https:\/\/infoecos.com.ar\/index.php\/wp-json\/wp\/v2\/posts"}],"about":[{"href":"https:\/\/infoecos.com.ar\/index.php\/wp-json\/wp\/v2\/types\/post"}],"author":[{"embeddable":true,"href":"https:\/\/infoecos.com.ar\/index.php\/wp-json\/wp\/v2\/users\/2"}],"replies":[{"embeddable":true,"href":"https:\/\/infoecos.com.ar\/index.php\/wp-json\/wp\/v2\/comments?post=108817"}],"version-history":[{"count":2,"href":"https:\/\/infoecos.com.ar\/index.php\/wp-json\/wp\/v2\/posts\/108817\/revisions"}],"predecessor-version":[{"id":108821,"href":"https:\/\/infoecos.com.ar\/index.php\/wp-json\/wp\/v2\/posts\/108817\/revisions\/108821"}],"wp:featuredmedia":[{"embeddable":true,"href":"https:\/\/infoecos.com.ar\/index.php\/wp-json\/wp\/v2\/media\/108818"}],"wp:attachment":[{"href":"https:\/\/infoecos.com.ar\/index.php\/wp-json\/wp\/v2\/media?parent=108817"}],"wp:term":[{"taxonomy":"category","embeddable":true,"href":"https:\/\/infoecos.com.ar\/index.php\/wp-json\/wp\/v2\/categories?post=108817"},{"taxonomy":"post_tag","embeddable":true,"href":"https:\/\/infoecos.com.ar\/index.php\/wp-json\/wp\/v2\/tags?post=108817"}],"curies":[{"name":"wp","href":"https:\/\/api.w.org\/{rel}","templated":true}]}}