{"id":108880,"date":"2023-08-02T12:41:26","date_gmt":"2023-08-02T15:41:26","guid":{"rendered":"https:\/\/infoecos.com.ar\/?p=108880"},"modified":"2023-08-03T03:56:58","modified_gmt":"2023-08-03T06:56:58","slug":"permaneceran-con-prision-preventiva-el-padrastro-y-la-madre-del-nino-que-pidio-auxilio","status":"publish","type":"post","link":"https:\/\/infoecos.com.ar\/index.php\/permaneceran-con-prision-preventiva-el-padrastro-y-la-madre-del-nino-que-pidio-auxilio\/","title":{"rendered":"Permanecer\u00e1n con prisi\u00f3n preventiva, el padrastro y la madre del ni\u00f1o que pidi\u00f3 auxilio"},"content":{"rendered":"\n<p>El padrastro y la madre del ni\u00f1o de 8 a\u00f1os que el s\u00e1bado pasado pidi\u00f3 auxilio a la polic\u00eda llamando desde un celular porque lo golpeaban,&nbsp;<strong>permanecer\u00e1n con prisi\u00f3n preventiva hasta el pr\u00f3ximo&nbsp; 13 de agosto.<\/strong>&nbsp;La medida de 15 d\u00edas se tom\u00f3 para investigar el caso, que fue caratulado provisoriamente como l<strong>esiones leves, agravadas por el v\u00ednculo, en concurso real con amenazas simples y agravadas por el v\u00ednculo.<\/strong><\/p>\n\n\n\n<p>A la pareja le formalizaron la acusaci\u00f3n en una audiencia que se realiz\u00f3 el domingo pasado, encabezada por la jueza de Control, Marisol Rodr\u00edguez, con la actuaci\u00f3n de la fiscala Cecilia Martini y la defensora oficial Gabriela Brizzi.<\/p>\n\n\n\n<p>Cabe recordar que<strong>&nbsp;el ni\u00f1o de 8 a\u00f1os que el s\u00e1bado a la noche llam\u00f3 a la polic\u00eda para pedir auxilio porque en su casa lo golpeaban, qued\u00f3 por ahora al cuidado de una abuela<\/strong>, seg\u00fan lo dispuso la Direcci\u00f3n de Ni\u00f1ez y Adolescencia, que intervino en el caso. Su padrastro y su madre, por ahora, permanecen detenidos a partir de la resoluci\u00f3n judicial.<\/p>\n\n\n\n<p><strong>Fuente textual: eldiariodelapampa.com.ar (Diario de La Pampa)<\/strong><\/p>\n","protected":false},"excerpt":{"rendered":"<p>Informaci\u00f3n de: eldiariodelapampa.com.ar. A la pareja le formalizaron la acusaci\u00f3n en una audiencia que se realiz\u00f3 el domingo pasado, encabezada por la jueza de Control, Marisol Rodr\u00edguez, con la actuaci\u00f3n de la fiscala Cecilia Martini y la defensora oficial Gabriela Brizzi<\/p>\n","protected":false},"author":2,"featured_media":108881,"comment_status":"closed","ping_status":"open","sticky":false,"template":"","format":"standard","meta":{"footnotes":""},"categories":[46],"tags":[7240],"class_list":["post-108880","post","type-post","status-publish","format-standard","has-post-thumbnail","hentry","category-c2nota2","tag-santa-rosa-la-pampa-2"],"yoast_head":"<!-- This site is optimized with the Yoast SEO plugin v23.4 - https:\/\/yoast.com\/wordpress\/plugins\/seo\/ -->\n<title>Permanecer\u00e1n con prisi\u00f3n preventiva, el padrastro y la madre del ni\u00f1o que pidi\u00f3 auxilio - Infoecos<\/title>\n<meta name=\"robots\" content=\"index, follow, max-snippet:-1, max-image-preview:large, max-video-preview:-1\" \/>\n<link rel=\"canonical\" href=\"https:\/\/infoecos.com.ar\/index.php\/permaneceran-con-prision-preventiva-el-padrastro-y-la-madre-del-nino-que-pidio-auxilio\/\" \/>\n<meta property=\"og:locale\" content=\"es_ES\" \/>\n<meta property=\"og:type\" content=\"article\" \/>\n<meta property=\"og:title\" content=\"Permanecer\u00e1n con prisi\u00f3n preventiva, el padrastro y la madre del ni\u00f1o que pidi\u00f3 auxilio - Infoecos\" \/>\n<meta property=\"og:description\" content=\"Informaci\u00f3n de: eldiariodelapampa.com.ar. A la pareja le formalizaron la acusaci\u00f3n en una audiencia que se realiz\u00f3 el domingo pasado, encabezada por la jueza de Control, Marisol Rodr\u00edguez, con la actuaci\u00f3n de la fiscala Cecilia Martini y la defensora oficial Gabriela Brizzi\" \/>\n<meta property=\"og:url\" content=\"https:\/\/infoecos.com.ar\/index.php\/permaneceran-con-prision-preventiva-el-padrastro-y-la-madre-del-nino-que-pidio-auxilio\/\" \/>\n<meta property=\"og:site_name\" content=\"Infoecos\" \/>\n<meta property=\"article:publisher\" content=\"https:\/\/www.facebook.com\/profile.php?id=100063200290284\" \/>\n<meta property=\"article:published_time\" content=\"2023-08-02T15:41:26+00:00\" \/>\n<meta property=\"article:modified_time\" content=\"2023-08-03T06:56:58+00:00\" \/>\n<meta property=\"og:image\" content=\"https:\/\/infoecos.com.ar\/wp-content\/uploads\/2023\/08\/patrullero_policia_SantaRosa_17abril2022.webp\" \/>\n\t<meta property=\"og:image:width\" content=\"800\" \/>\n\t<meta property=\"og:image:height\" content=\"448\" \/>\n\t<meta property=\"og:image:type\" content=\"image\/webp\" \/>\n<meta name=\"author\" content=\"Jorge Matheus\" \/>\n<meta name=\"twitter:card\" content=\"summary_large_image\" \/>\n<meta name=\"twitter:creator\" content=\"@infoecos\" \/>\n<meta name=\"twitter:site\" content=\"@infoecos\" \/>\n<meta name=\"twitter:label1\" content=\"Escrito por\" \/>\n\t<meta name=\"twitter:data1\" content=\"Jorge Matheus\" \/>\n\t<meta name=\"twitter:label2\" content=\"Tiempo de lectura\" \/>\n\t<meta name=\"twitter:data2\" content=\"1 minuto\" \/>\n<script type=\"application\/ld+json\" class=\"yoast-schema-graph\">{\"@context\":\"https:\/\/schema.org\",\"@graph\":[{\"@type\":\"Article\",\"@id\":\"https:\/\/infoecos.com.ar\/index.php\/permaneceran-con-prision-preventiva-el-padrastro-y-la-madre-del-nino-que-pidio-auxilio\/#article\",\"isPartOf\":{\"@id\":\"https:\/\/infoecos.com.ar\/index.php\/permaneceran-con-prision-preventiva-el-padrastro-y-la-madre-del-nino-que-pidio-auxilio\/\"},\"author\":{\"name\":\"Jorge Matheus\",\"@id\":\"https:\/\/infoecos.com.ar\/#\/schema\/person\/8f5ace5ce73b4b4aac4b7245aee6f191\"},\"headline\":\"Permanecer\u00e1n con prisi\u00f3n preventiva, el padrastro y la madre del ni\u00f1o que pidi\u00f3 auxilio\",\"datePublished\":\"2023-08-02T15:41:26+00:00\",\"dateModified\":\"2023-08-03T06:56:58+00:00\",\"mainEntityOfPage\":{\"@id\":\"https:\/\/infoecos.com.ar\/index.php\/permaneceran-con-prision-preventiva-el-padrastro-y-la-madre-del-nino-que-pidio-auxilio\/\"},\"wordCount\":218,\"publisher\":{\"@id\":\"https:\/\/infoecos.com.ar\/#organization\"},\"image\":{\"@id\":\"https:\/\/infoecos.com.ar\/index.php\/permaneceran-con-prision-preventiva-el-padrastro-y-la-madre-del-nino-que-pidio-auxilio\/#primaryimage\"},\"thumbnailUrl\":\"https:\/\/infoecos.com.ar\/wp-content\/uploads\/2023\/08\/patrullero_policia_SantaRosa_17abril2022.webp\",\"keywords\":[\"SANTA ROSA - LA PAMPA\"],\"articleSection\":[\"C2 N2\"],\"inLanguage\":\"es\"},{\"@type\":\"WebPage\",\"@id\":\"https:\/\/infoecos.com.ar\/index.php\/permaneceran-con-prision-preventiva-el-padrastro-y-la-madre-del-nino-que-pidio-auxilio\/\",\"url\":\"https:\/\/infoecos.com.ar\/index.php\/permaneceran-con-prision-preventiva-el-padrastro-y-la-madre-del-nino-que-pidio-auxilio\/\",\"name\":\"Permanecer\u00e1n con prisi\u00f3n preventiva, el padrastro y la madre del ni\u00f1o que pidi\u00f3 auxilio - Infoecos\",\"isPartOf\":{\"@id\":\"https:\/\/infoecos.com.ar\/#website\"},\"primaryImageOfPage\":{\"@id\":\"https:\/\/infoecos.com.ar\/index.php\/permaneceran-con-prision-preventiva-el-padrastro-y-la-madre-del-nino-que-pidio-auxilio\/#primaryimage\"},\"image\":{\"@id\":\"https:\/\/infoecos.com.ar\/index.php\/permaneceran-con-prision-preventiva-el-padrastro-y-la-madre-del-nino-que-pidio-auxilio\/#primaryimage\"},\"thumbnailUrl\":\"https:\/\/infoecos.com.ar\/wp-content\/uploads\/2023\/08\/patrullero_policia_SantaRosa_17abril2022.webp\",\"datePublished\":\"2023-08-02T15:41:26+00:00\",\"dateModified\":\"2023-08-03T06:56:58+00:00\",\"breadcrumb\":{\"@id\":\"https:\/\/infoecos.com.ar\/index.php\/permaneceran-con-prision-preventiva-el-padrastro-y-la-madre-del-nino-que-pidio-auxilio\/#breadcrumb\"},\"inLanguage\":\"es\",\"potentialAction\":[{\"@type\":\"ReadAction\",\"target\":[\"https:\/\/infoecos.com.ar\/index.php\/permaneceran-con-prision-preventiva-el-padrastro-y-la-madre-del-nino-que-pidio-auxilio\/\"]}]},{\"@type\":\"ImageObject\",\"inLanguage\":\"es\",\"@id\":\"https:\/\/infoecos.com.ar\/index.php\/permaneceran-con-prision-preventiva-el-padrastro-y-la-madre-del-nino-que-pidio-auxilio\/#primaryimage\",\"url\":\"https:\/\/infoecos.com.ar\/wp-content\/uploads\/2023\/08\/patrullero_policia_SantaRosa_17abril2022.webp\",\"contentUrl\":\"https:\/\/infoecos.com.ar\/wp-content\/uploads\/2023\/08\/patrullero_policia_SantaRosa_17abril2022.webp\",\"width\":800,\"height\":448},{\"@type\":\"BreadcrumbList\",\"@id\":\"https:\/\/infoecos.com.ar\/index.php\/permaneceran-con-prision-preventiva-el-padrastro-y-la-madre-del-nino-que-pidio-auxilio\/#breadcrumb\",\"itemListElement\":[{\"@type\":\"ListItem\",\"position\":1,\"name\":\"Portada\",\"item\":\"https:\/\/infoecos.com.ar\/\"},{\"@type\":\"ListItem\",\"position\":2,\"name\":\"Permanecer\u00e1n con prisi\u00f3n preventiva, el padrastro y la madre del ni\u00f1o que pidi\u00f3 auxilio\"}]},{\"@type\":\"WebSite\",\"@id\":\"https:\/\/infoecos.com.ar\/#website\",\"url\":\"https:\/\/infoecos.com.ar\/\",\"name\":\"Infoecos\",\"description\":\"Noticias de trenque lauquen y la zona\",\"publisher\":{\"@id\":\"https:\/\/infoecos.com.ar\/#organization\"},\"alternateName\":\"Noticias\",\"potentialAction\":[{\"@type\":\"SearchAction\",\"target\":{\"@type\":\"EntryPoint\",\"urlTemplate\":\"https:\/\/infoecos.com.ar\/?s={search_term_string}\"},\"query-input\":{\"@type\":\"PropertyValueSpecification\",\"valueRequired\":true,\"valueName\":\"search_term_string\"}}],\"inLanguage\":\"es\"},{\"@type\":\"Organization\",\"@id\":\"https:\/\/infoecos.com.ar\/#organization\",\"name\":\"Infoecos\",\"alternateName\":\"Noticias\",\"url\":\"https:\/\/infoecos.com.ar\/\",\"logo\":{\"@type\":\"ImageObject\",\"inLanguage\":\"es\",\"@id\":\"https:\/\/infoecos.com.ar\/#\/schema\/logo\/image\/\",\"url\":\"https:\/\/infoecos.com.ar\/wp-content\/uploads\/2024\/03\/cropped-logo.png\",\"contentUrl\":\"https:\/\/infoecos.com.ar\/wp-content\/uploads\/2024\/03\/cropped-logo.png\",\"width\":374,\"height\":90,\"caption\":\"Infoecos\"},\"image\":{\"@id\":\"https:\/\/infoecos.com.ar\/#\/schema\/logo\/image\/\"},\"sameAs\":[\"https:\/\/www.facebook.com\/profile.php?id=100063200290284\",\"https:\/\/x.com\/infoecos\"]},{\"@type\":\"Person\",\"@id\":\"https:\/\/infoecos.com.ar\/#\/schema\/person\/8f5ace5ce73b4b4aac4b7245aee6f191\",\"name\":\"Jorge Matheus\",\"url\":\"https:\/\/infoecos.com.ar\/index.php\/author\/jomatheus\/\"}]}<\/script>\n<!-- \/ Yoast SEO plugin. -->","yoast_head_json":{"title":"Permanecer\u00e1n con prisi\u00f3n preventiva, el padrastro y la madre del ni\u00f1o que pidi\u00f3 auxilio - Infoecos","robots":{"index":"index","follow":"follow","max-snippet":"max-snippet:-1","max-image-preview":"max-image-preview:large","max-video-preview":"max-video-preview:-1"},"canonical":"https:\/\/infoecos.com.ar\/index.php\/permaneceran-con-prision-preventiva-el-padrastro-y-la-madre-del-nino-que-pidio-auxilio\/","og_locale":"es_ES","og_type":"article","og_title":"Permanecer\u00e1n con prisi\u00f3n preventiva, el padrastro y la madre del ni\u00f1o que pidi\u00f3 auxilio - Infoecos","og_description":"Informaci\u00f3n de: eldiariodelapampa.com.ar. A la pareja le formalizaron la acusaci\u00f3n en una audiencia que se realiz\u00f3 el domingo pasado, encabezada por la jueza de Control, Marisol Rodr\u00edguez, con la actuaci\u00f3n de la fiscala Cecilia Martini y la defensora oficial Gabriela Brizzi","og_url":"https:\/\/infoecos.com.ar\/index.php\/permaneceran-con-prision-preventiva-el-padrastro-y-la-madre-del-nino-que-pidio-auxilio\/","og_site_name":"Infoecos","article_publisher":"https:\/\/www.facebook.com\/profile.php?id=100063200290284","article_published_time":"2023-08-02T15:41:26+00:00","article_modified_time":"2023-08-03T06:56:58+00:00","og_image":[{"width":800,"height":448,"url":"https:\/\/infoecos.com.ar\/wp-content\/uploads\/2023\/08\/patrullero_policia_SantaRosa_17abril2022.webp","type":"image\/webp"}],"author":"Jorge Matheus","twitter_card":"summary_large_image","twitter_creator":"@infoecos","twitter_site":"@infoecos","twitter_misc":{"Escrito por":"Jorge Matheus","Tiempo de lectura":"1 minuto"},"schema":{"@context":"https:\/\/schema.org","@graph":[{"@type":"Article","@id":"https:\/\/infoecos.com.ar\/index.php\/permaneceran-con-prision-preventiva-el-padrastro-y-la-madre-del-nino-que-pidio-auxilio\/#article","isPartOf":{"@id":"https:\/\/infoecos.com.ar\/index.php\/permaneceran-con-prision-preventiva-el-padrastro-y-la-madre-del-nino-que-pidio-auxilio\/"},"author":{"name":"Jorge Matheus","@id":"https:\/\/infoecos.com.ar\/#\/schema\/person\/8f5ace5ce73b4b4aac4b7245aee6f191"},"headline":"Permanecer\u00e1n con prisi\u00f3n preventiva, el padrastro y la madre del ni\u00f1o que pidi\u00f3 auxilio","datePublished":"2023-08-02T15:41:26+00:00","dateModified":"2023-08-03T06:56:58+00:00","mainEntityOfPage":{"@id":"https:\/\/infoecos.com.ar\/index.php\/permaneceran-con-prision-preventiva-el-padrastro-y-la-madre-del-nino-que-pidio-auxilio\/"},"wordCount":218,"publisher":{"@id":"https:\/\/infoecos.com.ar\/#organization"},"image":{"@id":"https:\/\/infoecos.com.ar\/index.php\/permaneceran-con-prision-preventiva-el-padrastro-y-la-madre-del-nino-que-pidio-auxilio\/#primaryimage"},"thumbnailUrl":"https:\/\/infoecos.com.ar\/wp-content\/uploads\/2023\/08\/patrullero_policia_SantaRosa_17abril2022.webp","keywords":["SANTA ROSA - LA PAMPA"],"articleSection":["C2 N2"],"inLanguage":"es"},{"@type":"WebPage","@id":"https:\/\/infoecos.com.ar\/index.php\/permaneceran-con-prision-preventiva-el-padrastro-y-la-madre-del-nino-que-pidio-auxilio\/","url":"https:\/\/infoecos.com.ar\/index.php\/permaneceran-con-prision-preventiva-el-padrastro-y-la-madre-del-nino-que-pidio-auxilio\/","name":"Permanecer\u00e1n con prisi\u00f3n preventiva, el padrastro y la madre del ni\u00f1o que pidi\u00f3 auxilio - Infoecos","isPartOf":{"@id":"https:\/\/infoecos.com.ar\/#website"},"primaryImageOfPage":{"@id":"https:\/\/infoecos.com.ar\/index.php\/permaneceran-con-prision-preventiva-el-padrastro-y-la-madre-del-nino-que-pidio-auxilio\/#primaryimage"},"image":{"@id":"https:\/\/infoecos.com.ar\/index.php\/permaneceran-con-prision-preventiva-el-padrastro-y-la-madre-del-nino-que-pidio-auxilio\/#primaryimage"},"thumbnailUrl":"https:\/\/infoecos.com.ar\/wp-content\/uploads\/2023\/08\/patrullero_policia_SantaRosa_17abril2022.webp","datePublished":"2023-08-02T15:41:26+00:00","dateModified":"2023-08-03T06:56:58+00:00","breadcrumb":{"@id":"https:\/\/infoecos.com.ar\/index.php\/permaneceran-con-prision-preventiva-el-padrastro-y-la-madre-del-nino-que-pidio-auxilio\/#breadcrumb"},"inLanguage":"es","potentialAction":[{"@type":"ReadAction","target":["https:\/\/infoecos.com.ar\/index.php\/permaneceran-con-prision-preventiva-el-padrastro-y-la-madre-del-nino-que-pidio-auxilio\/"]}]},{"@type":"ImageObject","inLanguage":"es","@id":"https:\/\/infoecos.com.ar\/index.php\/permaneceran-con-prision-preventiva-el-padrastro-y-la-madre-del-nino-que-pidio-auxilio\/#primaryimage","url":"https:\/\/infoecos.com.ar\/wp-content\/uploads\/2023\/08\/patrullero_policia_SantaRosa_17abril2022.webp","contentUrl":"https:\/\/infoecos.com.ar\/wp-content\/uploads\/2023\/08\/patrullero_policia_SantaRosa_17abril2022.webp","width":800,"height":448},{"@type":"BreadcrumbList","@id":"https:\/\/infoecos.com.ar\/index.php\/permaneceran-con-prision-preventiva-el-padrastro-y-la-madre-del-nino-que-pidio-auxilio\/#breadcrumb","itemListElement":[{"@type":"ListItem","position":1,"name":"Portada","item":"https:\/\/infoecos.com.ar\/"},{"@type":"ListItem","position":2,"name":"Permanecer\u00e1n con prisi\u00f3n preventiva, el padrastro y la madre del ni\u00f1o que pidi\u00f3 auxilio"}]},{"@type":"WebSite","@id":"https:\/\/infoecos.com.ar\/#website","url":"https:\/\/infoecos.com.ar\/","name":"Infoecos","description":"Noticias de trenque lauquen y la zona","publisher":{"@id":"https:\/\/infoecos.com.ar\/#organization"},"alternateName":"Noticias","potentialAction":[{"@type":"SearchAction","target":{"@type":"EntryPoint","urlTemplate":"https:\/\/infoecos.com.ar\/?s={search_term_string}"},"query-input":{"@type":"PropertyValueSpecification","valueRequired":true,"valueName":"search_term_string"}}],"inLanguage":"es"},{"@type":"Organization","@id":"https:\/\/infoecos.com.ar\/#organization","name":"Infoecos","alternateName":"Noticias","url":"https:\/\/infoecos.com.ar\/","logo":{"@type":"ImageObject","inLanguage":"es","@id":"https:\/\/infoecos.com.ar\/#\/schema\/logo\/image\/","url":"https:\/\/infoecos.com.ar\/wp-content\/uploads\/2024\/03\/cropped-logo.png","contentUrl":"https:\/\/infoecos.com.ar\/wp-content\/uploads\/2024\/03\/cropped-logo.png","width":374,"height":90,"caption":"Infoecos"},"image":{"@id":"https:\/\/infoecos.com.ar\/#\/schema\/logo\/image\/"},"sameAs":["https:\/\/www.facebook.com\/profile.php?id=100063200290284","https:\/\/x.com\/infoecos"]},{"@type":"Person","@id":"https:\/\/infoecos.com.ar\/#\/schema\/person\/8f5ace5ce73b4b4aac4b7245aee6f191","name":"Jorge Matheus","url":"https:\/\/infoecos.com.ar\/index.php\/author\/jomatheus\/"}]}},"featured_image_urls":{"full":["https:\/\/infoecos.com.ar\/wp-content\/uploads\/2023\/08\/patrullero_policia_SantaRosa_17abril2022.webp",800,448,false],"thumbnail":["https:\/\/infoecos.com.ar\/wp-content\/uploads\/2023\/08\/patrullero_policia_SantaRosa_17abril2022-300x150.webp",300,150,true],"medium":["https:\/\/infoecos.com.ar\/wp-content\/uploads\/2023\/08\/patrullero_policia_SantaRosa_17abril2022.webp",800,448,false],"medium_large":["https:\/\/infoecos.com.ar\/wp-content\/uploads\/2023\/08\/patrullero_policia_SantaRosa_17abril2022-768x430.webp",640,358,true],"large":["https:\/\/infoecos.com.ar\/wp-content\/uploads\/2023\/08\/patrullero_policia_SantaRosa_17abril2022.webp",640,358,false],"1536x1536":["https:\/\/infoecos.com.ar\/wp-content\/uploads\/2023\/08\/patrullero_policia_SantaRosa_17abril2022.webp",800,448,false],"2048x2048":["https:\/\/infoecos.com.ar\/wp-content\/uploads\/2023\/08\/patrullero_policia_SantaRosa_17abril2022.webp",800,448,false],"covernews-slider-full":["https:\/\/infoecos.com.ar\/wp-content\/uploads\/2023\/08\/patrullero_policia_SantaRosa_17abril2022.webp",800,448,false],"covernews-slider-center":["https:\/\/infoecos.com.ar\/wp-content\/uploads\/2023\/08\/patrullero_policia_SantaRosa_17abril2022.webp",800,448,false],"covernews-featured":["https:\/\/infoecos.com.ar\/wp-content\/uploads\/2023\/08\/patrullero_policia_SantaRosa_17abril2022.webp",800,448,false],"covernews-medium":["https:\/\/infoecos.com.ar\/wp-content\/uploads\/2023\/08\/patrullero_policia_SantaRosa_17abril2022-720x380.webp",540,285,true],"covernews-medium-square":["https:\/\/infoecos.com.ar\/wp-content\/uploads\/2023\/08\/patrullero_policia_SantaRosa_17abril2022-675x448.webp",377,250,true]},"author_info":{"info":["Jorge Matheus"]},"category_info":"<a href=\"https:\/\/infoecos.com.ar\/index.php\/category\/c2nota2\/\" rel=\"category tag\">C2 N2<\/a>","tag_info":"C2 N2","comment_count":"0","_links":{"self":[{"href":"https:\/\/infoecos.com.ar\/index.php\/wp-json\/wp\/v2\/posts\/108880"}],"collection":[{"href":"https:\/\/infoecos.com.ar\/index.php\/wp-json\/wp\/v2\/posts"}],"about":[{"href":"https:\/\/infoecos.com.ar\/index.php\/wp-json\/wp\/v2\/types\/post"}],"author":[{"embeddable":true,"href":"https:\/\/infoecos.com.ar\/index.php\/wp-json\/wp\/v2\/users\/2"}],"replies":[{"embeddable":true,"href":"https:\/\/infoecos.com.ar\/index.php\/wp-json\/wp\/v2\/comments?post=108880"}],"version-history":[{"count":2,"href":"https:\/\/infoecos.com.ar\/index.php\/wp-json\/wp\/v2\/posts\/108880\/revisions"}],"predecessor-version":[{"id":108949,"href":"https:\/\/infoecos.com.ar\/index.php\/wp-json\/wp\/v2\/posts\/108880\/revisions\/108949"}],"wp:featuredmedia":[{"embeddable":true,"href":"https:\/\/infoecos.com.ar\/index.php\/wp-json\/wp\/v2\/media\/108881"}],"wp:attachment":[{"href":"https:\/\/infoecos.com.ar\/index.php\/wp-json\/wp\/v2\/media?parent=108880"}],"wp:term":[{"taxonomy":"category","embeddable":true,"href":"https:\/\/infoecos.com.ar\/index.php\/wp-json\/wp\/v2\/categories?post=108880"},{"taxonomy":"post_tag","embeddable":true,"href":"https:\/\/infoecos.com.ar\/index.php\/wp-json\/wp\/v2\/tags?post=108880"}],"curies":[{"name":"wp","href":"https:\/\/api.w.org\/{rel}","templated":true}]}}