{"id":109007,"date":"2023-08-03T21:13:28","date_gmt":"2023-08-04T00:13:28","guid":{"rendered":"https:\/\/infoecos.com.ar\/?p=109007"},"modified":"2023-08-08T23:48:30","modified_gmt":"2023-08-09T02:48:30","slug":"dos-grandes-de-la-musica-nacional-y-sus-hijos-en-trenque-lauquen-baglieto-y-vitale","status":"publish","type":"post","link":"https:\/\/infoecos.com.ar\/index.php\/dos-grandes-de-la-musica-nacional-y-sus-hijos-en-trenque-lauquen-baglieto-y-vitale\/","title":{"rendered":"Dos grandes de la m\u00fasica nacional y sus hijos en Trenque Lauquen: Baglieto y Vitale"},"content":{"rendered":"\n<p>El prestigioso d\u00fao integrado por los m\u00fasicos Juan Carlos Baglietto y Lito Vitale llega a Trenque Lauquen en el marco de una gira presentando su \u201cNuevo Show\u201d.<\/p>\n\n\n\n<figure class=\"wp-block-image aligncenter size-full is-resized\"><img loading=\"lazy\" decoding=\"async\" src=\"https:\/\/infoecos.com.ar\/wp-content\/uploads\/2023\/08\/baglietovitale-1.jpg\" alt=\"\" class=\"wp-image-109011\" width=\"409\" height=\"324\" srcset=\"https:\/\/infoecos.com.ar\/wp-content\/uploads\/2023\/08\/baglietovitale-1.jpg 810w, https:\/\/infoecos.com.ar\/wp-content\/uploads\/2023\/08\/baglietovitale-1-800x633.jpg 800w, https:\/\/infoecos.com.ar\/wp-content\/uploads\/2023\/08\/baglietovitale-1-768x608.jpg 768w\" sizes=\"(max-width: 409px) 100vw, 409px\" \/><figcaption class=\"wp-element-caption\">Baglietto &#8211; Vitale<\/figcaption><\/figure>\n\n\n\n<p>Tras m\u00e1s de 30 a\u00f1os de \u00e9xitos siguen revisitando sus cl\u00e1sicas versiones e \u201cinterviniendo\u201d canciones nuevas que enriquecen el repertorio.<\/p>\n\n\n\n<p>Sobre el escenario compartir\u00e1n con sus hijos, Juli\u00e1n Baglietto, en bater\u00eda y Jano Vitale en bajo, en lo que denominan \u201cBaglietto Vitale Cuarteto\u201d.<\/p>\n\n\n\n<figure class=\"wp-block-image aligncenter size-full is-resized\"><img loading=\"lazy\" decoding=\"async\" src=\"https:\/\/infoecos.com.ar\/wp-content\/uploads\/descarga-46.jpg\" alt=\"\" class=\"wp-image-54792\" width=\"382\" height=\"286\"\/><figcaption class=\"wp-element-caption\">Barrio Alegre &#8211; Cine<\/figcaption><\/figure>\n\n\n\n<p>En Trenque Lauquen se presentar\u00e1n en el Cine Club Barrio Alegre, el 18 de Agosto, a las 21 hs, y las entradas pueden adquirirse a trav\u00e9s de planetaentrada.com o en Boleter\u00eda del Cine.<\/p>\n","protected":false},"excerpt":{"rendered":"<p>Sobre el escenario compartir\u00e1n con sus hijos, Juli\u00e1n Baglietto, en bater\u00eda y Jano Vitale en bajo, en lo que denominan \u201cBaglietto Vitale Cuarteto\u201d<\/p>\n","protected":false},"author":2,"featured_media":109011,"comment_status":"closed","ping_status":"open","sticky":false,"template":"","format":"standard","meta":{"footnotes":""},"categories":[43],"tags":[8619],"class_list":["post-109007","post","type-post","status-publish","format-standard","has-post-thumbnail","hentry","category-inferior4","tag-el-18-de-agosto"],"yoast_head":"<!-- This site is optimized with the Yoast SEO plugin v23.4 - https:\/\/yoast.com\/wordpress\/plugins\/seo\/ -->\n<title>Dos grandes de la m\u00fasica nacional y sus hijos en Trenque Lauquen: Baglieto y Vitale - Infoecos<\/title>\n<meta name=\"robots\" content=\"index, follow, max-snippet:-1, max-image-preview:large, max-video-preview:-1\" \/>\n<link rel=\"canonical\" href=\"https:\/\/infoecos.com.ar\/index.php\/dos-grandes-de-la-musica-nacional-y-sus-hijos-en-trenque-lauquen-baglieto-y-vitale\/\" \/>\n<meta property=\"og:locale\" content=\"es_ES\" \/>\n<meta property=\"og:type\" content=\"article\" \/>\n<meta property=\"og:title\" content=\"Dos grandes de la m\u00fasica nacional y sus hijos en Trenque Lauquen: Baglieto y Vitale - Infoecos\" \/>\n<meta property=\"og:description\" content=\"Sobre el escenario compartir\u00e1n con sus hijos, Juli\u00e1n Baglietto, en bater\u00eda y Jano Vitale en bajo, en lo que denominan \u201cBaglietto Vitale Cuarteto\u201d\" \/>\n<meta property=\"og:url\" content=\"https:\/\/infoecos.com.ar\/index.php\/dos-grandes-de-la-musica-nacional-y-sus-hijos-en-trenque-lauquen-baglieto-y-vitale\/\" \/>\n<meta property=\"og:site_name\" content=\"Infoecos\" \/>\n<meta property=\"article:publisher\" content=\"https:\/\/www.facebook.com\/profile.php?id=100063200290284\" \/>\n<meta property=\"article:published_time\" content=\"2023-08-04T00:13:28+00:00\" \/>\n<meta property=\"article:modified_time\" content=\"2023-08-09T02:48:30+00:00\" \/>\n<meta property=\"og:image\" content=\"https:\/\/infoecos.com.ar\/wp-content\/uploads\/2023\/08\/baglietovitale-1.jpg\" \/>\n\t<meta property=\"og:image:width\" content=\"810\" \/>\n\t<meta property=\"og:image:height\" content=\"641\" \/>\n\t<meta property=\"og:image:type\" content=\"image\/jpeg\" \/>\n<meta name=\"author\" content=\"Jorge Matheus\" \/>\n<meta name=\"twitter:card\" content=\"summary_large_image\" \/>\n<meta name=\"twitter:creator\" content=\"@infoecos\" \/>\n<meta name=\"twitter:site\" content=\"@infoecos\" \/>\n<meta name=\"twitter:label1\" content=\"Escrito por\" \/>\n\t<meta name=\"twitter:data1\" content=\"Jorge Matheus\" \/>\n\t<meta name=\"twitter:label2\" content=\"Tiempo de lectura\" \/>\n\t<meta name=\"twitter:data2\" content=\"1 minuto\" \/>\n<script type=\"application\/ld+json\" class=\"yoast-schema-graph\">{\"@context\":\"https:\/\/schema.org\",\"@graph\":[{\"@type\":\"Article\",\"@id\":\"https:\/\/infoecos.com.ar\/index.php\/dos-grandes-de-la-musica-nacional-y-sus-hijos-en-trenque-lauquen-baglieto-y-vitale\/#article\",\"isPartOf\":{\"@id\":\"https:\/\/infoecos.com.ar\/index.php\/dos-grandes-de-la-musica-nacional-y-sus-hijos-en-trenque-lauquen-baglieto-y-vitale\/\"},\"author\":{\"name\":\"Jorge Matheus\",\"@id\":\"https:\/\/infoecos.com.ar\/#\/schema\/person\/8f5ace5ce73b4b4aac4b7245aee6f191\"},\"headline\":\"Dos grandes de la m\u00fasica nacional y sus hijos en Trenque Lauquen: Baglieto y Vitale\",\"datePublished\":\"2023-08-04T00:13:28+00:00\",\"dateModified\":\"2023-08-09T02:48:30+00:00\",\"mainEntityOfPage\":{\"@id\":\"https:\/\/infoecos.com.ar\/index.php\/dos-grandes-de-la-musica-nacional-y-sus-hijos-en-trenque-lauquen-baglieto-y-vitale\/\"},\"wordCount\":135,\"publisher\":{\"@id\":\"https:\/\/infoecos.com.ar\/#organization\"},\"image\":{\"@id\":\"https:\/\/infoecos.com.ar\/index.php\/dos-grandes-de-la-musica-nacional-y-sus-hijos-en-trenque-lauquen-baglieto-y-vitale\/#primaryimage\"},\"thumbnailUrl\":\"https:\/\/infoecos.com.ar\/wp-content\/uploads\/2023\/08\/baglietovitale-1.jpg\",\"keywords\":[\"EL 18 DE AGOSTO\"],\"articleSection\":[\"Bloque inferior - 4\"],\"inLanguage\":\"es\"},{\"@type\":\"WebPage\",\"@id\":\"https:\/\/infoecos.com.ar\/index.php\/dos-grandes-de-la-musica-nacional-y-sus-hijos-en-trenque-lauquen-baglieto-y-vitale\/\",\"url\":\"https:\/\/infoecos.com.ar\/index.php\/dos-grandes-de-la-musica-nacional-y-sus-hijos-en-trenque-lauquen-baglieto-y-vitale\/\",\"name\":\"Dos grandes de la m\u00fasica nacional y sus hijos en Trenque Lauquen: Baglieto y Vitale - Infoecos\",\"isPartOf\":{\"@id\":\"https:\/\/infoecos.com.ar\/#website\"},\"primaryImageOfPage\":{\"@id\":\"https:\/\/infoecos.com.ar\/index.php\/dos-grandes-de-la-musica-nacional-y-sus-hijos-en-trenque-lauquen-baglieto-y-vitale\/#primaryimage\"},\"image\":{\"@id\":\"https:\/\/infoecos.com.ar\/index.php\/dos-grandes-de-la-musica-nacional-y-sus-hijos-en-trenque-lauquen-baglieto-y-vitale\/#primaryimage\"},\"thumbnailUrl\":\"https:\/\/infoecos.com.ar\/wp-content\/uploads\/2023\/08\/baglietovitale-1.jpg\",\"datePublished\":\"2023-08-04T00:13:28+00:00\",\"dateModified\":\"2023-08-09T02:48:30+00:00\",\"breadcrumb\":{\"@id\":\"https:\/\/infoecos.com.ar\/index.php\/dos-grandes-de-la-musica-nacional-y-sus-hijos-en-trenque-lauquen-baglieto-y-vitale\/#breadcrumb\"},\"inLanguage\":\"es\",\"potentialAction\":[{\"@type\":\"ReadAction\",\"target\":[\"https:\/\/infoecos.com.ar\/index.php\/dos-grandes-de-la-musica-nacional-y-sus-hijos-en-trenque-lauquen-baglieto-y-vitale\/\"]}]},{\"@type\":\"ImageObject\",\"inLanguage\":\"es\",\"@id\":\"https:\/\/infoecos.com.ar\/index.php\/dos-grandes-de-la-musica-nacional-y-sus-hijos-en-trenque-lauquen-baglieto-y-vitale\/#primaryimage\",\"url\":\"https:\/\/infoecos.com.ar\/wp-content\/uploads\/2023\/08\/baglietovitale-1.jpg\",\"contentUrl\":\"https:\/\/infoecos.com.ar\/wp-content\/uploads\/2023\/08\/baglietovitale-1.jpg\",\"width\":810,\"height\":641},{\"@type\":\"BreadcrumbList\",\"@id\":\"https:\/\/infoecos.com.ar\/index.php\/dos-grandes-de-la-musica-nacional-y-sus-hijos-en-trenque-lauquen-baglieto-y-vitale\/#breadcrumb\",\"itemListElement\":[{\"@type\":\"ListItem\",\"position\":1,\"name\":\"Portada\",\"item\":\"https:\/\/infoecos.com.ar\/\"},{\"@type\":\"ListItem\",\"position\":2,\"name\":\"Dos grandes de la m\u00fasica nacional y sus hijos en Trenque Lauquen: Baglieto y Vitale\"}]},{\"@type\":\"WebSite\",\"@id\":\"https:\/\/infoecos.com.ar\/#website\",\"url\":\"https:\/\/infoecos.com.ar\/\",\"name\":\"Infoecos\",\"description\":\"Noticias de trenque lauquen y la zona\",\"publisher\":{\"@id\":\"https:\/\/infoecos.com.ar\/#organization\"},\"alternateName\":\"Noticias\",\"potentialAction\":[{\"@type\":\"SearchAction\",\"target\":{\"@type\":\"EntryPoint\",\"urlTemplate\":\"https:\/\/infoecos.com.ar\/?s={search_term_string}\"},\"query-input\":{\"@type\":\"PropertyValueSpecification\",\"valueRequired\":true,\"valueName\":\"search_term_string\"}}],\"inLanguage\":\"es\"},{\"@type\":\"Organization\",\"@id\":\"https:\/\/infoecos.com.ar\/#organization\",\"name\":\"Infoecos\",\"alternateName\":\"Noticias\",\"url\":\"https:\/\/infoecos.com.ar\/\",\"logo\":{\"@type\":\"ImageObject\",\"inLanguage\":\"es\",\"@id\":\"https:\/\/infoecos.com.ar\/#\/schema\/logo\/image\/\",\"url\":\"https:\/\/infoecos.com.ar\/wp-content\/uploads\/2024\/03\/cropped-logo.png\",\"contentUrl\":\"https:\/\/infoecos.com.ar\/wp-content\/uploads\/2024\/03\/cropped-logo.png\",\"width\":374,\"height\":90,\"caption\":\"Infoecos\"},\"image\":{\"@id\":\"https:\/\/infoecos.com.ar\/#\/schema\/logo\/image\/\"},\"sameAs\":[\"https:\/\/www.facebook.com\/profile.php?id=100063200290284\",\"https:\/\/x.com\/infoecos\"]},{\"@type\":\"Person\",\"@id\":\"https:\/\/infoecos.com.ar\/#\/schema\/person\/8f5ace5ce73b4b4aac4b7245aee6f191\",\"name\":\"Jorge Matheus\",\"url\":\"https:\/\/infoecos.com.ar\/index.php\/author\/jomatheus\/\"}]}<\/script>\n<!-- \/ Yoast SEO plugin. -->","yoast_head_json":{"title":"Dos grandes de la m\u00fasica nacional y sus hijos en Trenque Lauquen: Baglieto y Vitale - Infoecos","robots":{"index":"index","follow":"follow","max-snippet":"max-snippet:-1","max-image-preview":"max-image-preview:large","max-video-preview":"max-video-preview:-1"},"canonical":"https:\/\/infoecos.com.ar\/index.php\/dos-grandes-de-la-musica-nacional-y-sus-hijos-en-trenque-lauquen-baglieto-y-vitale\/","og_locale":"es_ES","og_type":"article","og_title":"Dos grandes de la m\u00fasica nacional y sus hijos en Trenque Lauquen: Baglieto y Vitale - Infoecos","og_description":"Sobre el escenario compartir\u00e1n con sus hijos, Juli\u00e1n Baglietto, en bater\u00eda y Jano Vitale en bajo, en lo que denominan \u201cBaglietto Vitale Cuarteto\u201d","og_url":"https:\/\/infoecos.com.ar\/index.php\/dos-grandes-de-la-musica-nacional-y-sus-hijos-en-trenque-lauquen-baglieto-y-vitale\/","og_site_name":"Infoecos","article_publisher":"https:\/\/www.facebook.com\/profile.php?id=100063200290284","article_published_time":"2023-08-04T00:13:28+00:00","article_modified_time":"2023-08-09T02:48:30+00:00","og_image":[{"width":810,"height":641,"url":"https:\/\/infoecos.com.ar\/wp-content\/uploads\/2023\/08\/baglietovitale-1.jpg","type":"image\/jpeg"}],"author":"Jorge Matheus","twitter_card":"summary_large_image","twitter_creator":"@infoecos","twitter_site":"@infoecos","twitter_misc":{"Escrito por":"Jorge Matheus","Tiempo de lectura":"1 minuto"},"schema":{"@context":"https:\/\/schema.org","@graph":[{"@type":"Article","@id":"https:\/\/infoecos.com.ar\/index.php\/dos-grandes-de-la-musica-nacional-y-sus-hijos-en-trenque-lauquen-baglieto-y-vitale\/#article","isPartOf":{"@id":"https:\/\/infoecos.com.ar\/index.php\/dos-grandes-de-la-musica-nacional-y-sus-hijos-en-trenque-lauquen-baglieto-y-vitale\/"},"author":{"name":"Jorge Matheus","@id":"https:\/\/infoecos.com.ar\/#\/schema\/person\/8f5ace5ce73b4b4aac4b7245aee6f191"},"headline":"Dos grandes de la m\u00fasica nacional y sus hijos en Trenque Lauquen: Baglieto y Vitale","datePublished":"2023-08-04T00:13:28+00:00","dateModified":"2023-08-09T02:48:30+00:00","mainEntityOfPage":{"@id":"https:\/\/infoecos.com.ar\/index.php\/dos-grandes-de-la-musica-nacional-y-sus-hijos-en-trenque-lauquen-baglieto-y-vitale\/"},"wordCount":135,"publisher":{"@id":"https:\/\/infoecos.com.ar\/#organization"},"image":{"@id":"https:\/\/infoecos.com.ar\/index.php\/dos-grandes-de-la-musica-nacional-y-sus-hijos-en-trenque-lauquen-baglieto-y-vitale\/#primaryimage"},"thumbnailUrl":"https:\/\/infoecos.com.ar\/wp-content\/uploads\/2023\/08\/baglietovitale-1.jpg","keywords":["EL 18 DE AGOSTO"],"articleSection":["Bloque inferior - 4"],"inLanguage":"es"},{"@type":"WebPage","@id":"https:\/\/infoecos.com.ar\/index.php\/dos-grandes-de-la-musica-nacional-y-sus-hijos-en-trenque-lauquen-baglieto-y-vitale\/","url":"https:\/\/infoecos.com.ar\/index.php\/dos-grandes-de-la-musica-nacional-y-sus-hijos-en-trenque-lauquen-baglieto-y-vitale\/","name":"Dos grandes de la m\u00fasica nacional y sus hijos en Trenque Lauquen: Baglieto y Vitale - Infoecos","isPartOf":{"@id":"https:\/\/infoecos.com.ar\/#website"},"primaryImageOfPage":{"@id":"https:\/\/infoecos.com.ar\/index.php\/dos-grandes-de-la-musica-nacional-y-sus-hijos-en-trenque-lauquen-baglieto-y-vitale\/#primaryimage"},"image":{"@id":"https:\/\/infoecos.com.ar\/index.php\/dos-grandes-de-la-musica-nacional-y-sus-hijos-en-trenque-lauquen-baglieto-y-vitale\/#primaryimage"},"thumbnailUrl":"https:\/\/infoecos.com.ar\/wp-content\/uploads\/2023\/08\/baglietovitale-1.jpg","datePublished":"2023-08-04T00:13:28+00:00","dateModified":"2023-08-09T02:48:30+00:00","breadcrumb":{"@id":"https:\/\/infoecos.com.ar\/index.php\/dos-grandes-de-la-musica-nacional-y-sus-hijos-en-trenque-lauquen-baglieto-y-vitale\/#breadcrumb"},"inLanguage":"es","potentialAction":[{"@type":"ReadAction","target":["https:\/\/infoecos.com.ar\/index.php\/dos-grandes-de-la-musica-nacional-y-sus-hijos-en-trenque-lauquen-baglieto-y-vitale\/"]}]},{"@type":"ImageObject","inLanguage":"es","@id":"https:\/\/infoecos.com.ar\/index.php\/dos-grandes-de-la-musica-nacional-y-sus-hijos-en-trenque-lauquen-baglieto-y-vitale\/#primaryimage","url":"https:\/\/infoecos.com.ar\/wp-content\/uploads\/2023\/08\/baglietovitale-1.jpg","contentUrl":"https:\/\/infoecos.com.ar\/wp-content\/uploads\/2023\/08\/baglietovitale-1.jpg","width":810,"height":641},{"@type":"BreadcrumbList","@id":"https:\/\/infoecos.com.ar\/index.php\/dos-grandes-de-la-musica-nacional-y-sus-hijos-en-trenque-lauquen-baglieto-y-vitale\/#breadcrumb","itemListElement":[{"@type":"ListItem","position":1,"name":"Portada","item":"https:\/\/infoecos.com.ar\/"},{"@type":"ListItem","position":2,"name":"Dos grandes de la m\u00fasica nacional y sus hijos en Trenque Lauquen: Baglieto y Vitale"}]},{"@type":"WebSite","@id":"https:\/\/infoecos.com.ar\/#website","url":"https:\/\/infoecos.com.ar\/","name":"Infoecos","description":"Noticias de trenque lauquen y la zona","publisher":{"@id":"https:\/\/infoecos.com.ar\/#organization"},"alternateName":"Noticias","potentialAction":[{"@type":"SearchAction","target":{"@type":"EntryPoint","urlTemplate":"https:\/\/infoecos.com.ar\/?s={search_term_string}"},"query-input":{"@type":"PropertyValueSpecification","valueRequired":true,"valueName":"search_term_string"}}],"inLanguage":"es"},{"@type":"Organization","@id":"https:\/\/infoecos.com.ar\/#organization","name":"Infoecos","alternateName":"Noticias","url":"https:\/\/infoecos.com.ar\/","logo":{"@type":"ImageObject","inLanguage":"es","@id":"https:\/\/infoecos.com.ar\/#\/schema\/logo\/image\/","url":"https:\/\/infoecos.com.ar\/wp-content\/uploads\/2024\/03\/cropped-logo.png","contentUrl":"https:\/\/infoecos.com.ar\/wp-content\/uploads\/2024\/03\/cropped-logo.png","width":374,"height":90,"caption":"Infoecos"},"image":{"@id":"https:\/\/infoecos.com.ar\/#\/schema\/logo\/image\/"},"sameAs":["https:\/\/www.facebook.com\/profile.php?id=100063200290284","https:\/\/x.com\/infoecos"]},{"@type":"Person","@id":"https:\/\/infoecos.com.ar\/#\/schema\/person\/8f5ace5ce73b4b4aac4b7245aee6f191","name":"Jorge Matheus","url":"https:\/\/infoecos.com.ar\/index.php\/author\/jomatheus\/"}]}},"featured_image_urls":{"full":["https:\/\/infoecos.com.ar\/wp-content\/uploads\/2023\/08\/baglietovitale-1.jpg",810,641,false],"thumbnail":["https:\/\/infoecos.com.ar\/wp-content\/uploads\/2023\/08\/baglietovitale-1-300x150.jpg",300,150,true],"medium":["https:\/\/infoecos.com.ar\/wp-content\/uploads\/2023\/08\/baglietovitale-1-800x633.jpg",800,633,true],"medium_large":["https:\/\/infoecos.com.ar\/wp-content\/uploads\/2023\/08\/baglietovitale-1-768x608.jpg",640,507,true],"large":["https:\/\/infoecos.com.ar\/wp-content\/uploads\/2023\/08\/baglietovitale-1.jpg",640,506,false],"1536x1536":["https:\/\/infoecos.com.ar\/wp-content\/uploads\/2023\/08\/baglietovitale-1.jpg",810,641,false],"2048x2048":["https:\/\/infoecos.com.ar\/wp-content\/uploads\/2023\/08\/baglietovitale-1.jpg",810,641,false],"covernews-slider-full":["https:\/\/infoecos.com.ar\/wp-content\/uploads\/2023\/08\/baglietovitale-1.jpg",810,641,false],"covernews-slider-center":["https:\/\/infoecos.com.ar\/wp-content\/uploads\/2023\/08\/baglietovitale-1.jpg",632,500,false],"covernews-featured":["https:\/\/infoecos.com.ar\/wp-content\/uploads\/2023\/08\/baglietovitale-1.jpg",810,641,false],"covernews-medium":["https:\/\/infoecos.com.ar\/wp-content\/uploads\/2023\/08\/baglietovitale-1-720x380.jpg",540,285,true],"covernews-medium-square":["https:\/\/infoecos.com.ar\/wp-content\/uploads\/2023\/08\/baglietovitale-1-675x450.jpg",375,250,true]},"author_info":{"info":["Jorge Matheus"]},"category_info":"<a href=\"https:\/\/infoecos.com.ar\/index.php\/category\/inferior4\/\" rel=\"category tag\">Bloque inferior - 4<\/a>","tag_info":"Bloque inferior - 4","comment_count":"0","_links":{"self":[{"href":"https:\/\/infoecos.com.ar\/index.php\/wp-json\/wp\/v2\/posts\/109007"}],"collection":[{"href":"https:\/\/infoecos.com.ar\/index.php\/wp-json\/wp\/v2\/posts"}],"about":[{"href":"https:\/\/infoecos.com.ar\/index.php\/wp-json\/wp\/v2\/types\/post"}],"author":[{"embeddable":true,"href":"https:\/\/infoecos.com.ar\/index.php\/wp-json\/wp\/v2\/users\/2"}],"replies":[{"embeddable":true,"href":"https:\/\/infoecos.com.ar\/index.php\/wp-json\/wp\/v2\/comments?post=109007"}],"version-history":[{"count":2,"href":"https:\/\/infoecos.com.ar\/index.php\/wp-json\/wp\/v2\/posts\/109007\/revisions"}],"predecessor-version":[{"id":109013,"href":"https:\/\/infoecos.com.ar\/index.php\/wp-json\/wp\/v2\/posts\/109007\/revisions\/109013"}],"wp:featuredmedia":[{"embeddable":true,"href":"https:\/\/infoecos.com.ar\/index.php\/wp-json\/wp\/v2\/media\/109011"}],"wp:attachment":[{"href":"https:\/\/infoecos.com.ar\/index.php\/wp-json\/wp\/v2\/media?parent=109007"}],"wp:term":[{"taxonomy":"category","embeddable":true,"href":"https:\/\/infoecos.com.ar\/index.php\/wp-json\/wp\/v2\/categories?post=109007"},{"taxonomy":"post_tag","embeddable":true,"href":"https:\/\/infoecos.com.ar\/index.php\/wp-json\/wp\/v2\/tags?post=109007"}],"curies":[{"name":"wp","href":"https:\/\/api.w.org\/{rel}","templated":true}]}}