{"id":109121,"date":"2023-08-04T18:02:09","date_gmt":"2023-08-04T21:02:09","guid":{"rendered":"https:\/\/infoecos.com.ar\/?p=109121"},"modified":"2023-08-06T22:09:06","modified_gmt":"2023-08-07T01:09:06","slug":"zurro-luego-de-lo-de-mones-cazon-publico-un-tuits-donde-se-refiere-a-su-cumple-67","status":"publish","type":"post","link":"https:\/\/infoecos.com.ar\/index.php\/zurro-luego-de-lo-de-mones-cazon-publico-un-tuits-donde-se-refiere-a-su-cumple-67\/","title":{"rendered":"Zurro, luego de Mones Caz\u00f3n, public\u00f3 un \u00abtuits\u00bb donde se refiere a su cumple 67"},"content":{"rendered":"\n<p>El intendente municipal de Pehuaj\u00f3, Pablo Zurro, luego de lo sucedido en Mones Caz\u00f3n subi\u00f3 a la red Twitter un mensaje donde hace saber que es la fecha de su cumplea\u00f1os, el que evidentemente no pudo festejar sus 67 en la comunidad que deb\u00eda celebrar un alegre aniversario de la fundaci\u00f3n. <\/p>\n\n\n\n<p>En la red donde se concentra un gran porcentaje de la informaci\u00f3n dirigencial, el mandatario comunal se\u00f1ala que \u00abAs\u00ed me recibieron hoy en la Muni\u00bb, con una torta que &#8211; adem\u00e1s &#8211; tiene un escudo del Club Defensores del Este del que fue Director T\u00e9cnico, y donde se distingui\u00f3 por  enojos, con protestas airadas contra los \u00e1rbitros, como los adversarios.<\/p>\n\n\n\n<figure class=\"wp-block-embed is-type-rich is-provider-twitter wp-block-embed-twitter\"><div class=\"wp-block-embed__wrapper\">\nhttps:\/\/twitter.com\/PJZurro\/status\/1687517598844407808\n<\/div><\/figure>\n","protected":false},"excerpt":{"rendered":"<p> \u00abAs\u00ed me recibieron hoy en la Muni\u00bb, con una torta que &#8211; adem\u00e1s &#8211; tiene un escudo del Club Defensores del Este del que fue Director T\u00e9cnico<\/p>\n","protected":false},"author":2,"featured_media":109122,"comment_status":"closed","ping_status":"open","sticky":false,"template":"","format":"standard","meta":{"footnotes":""},"categories":[41],"tags":[],"class_list":["post-109121","post","type-post","status-publish","format-standard","has-post-thumbnail","hentry","category-inferior2"],"yoast_head":"<!-- This site is optimized with the Yoast SEO plugin v23.4 - https:\/\/yoast.com\/wordpress\/plugins\/seo\/ -->\n<title>Zurro, luego de Mones Caz\u00f3n, public\u00f3 un &quot;tuits&quot; donde se refiere a su cumple 67 - Infoecos<\/title>\n<meta name=\"robots\" content=\"index, follow, max-snippet:-1, max-image-preview:large, max-video-preview:-1\" \/>\n<link rel=\"canonical\" href=\"https:\/\/infoecos.com.ar\/index.php\/zurro-luego-de-lo-de-mones-cazon-publico-un-tuits-donde-se-refiere-a-su-cumple-67\/\" \/>\n<meta property=\"og:locale\" content=\"es_ES\" \/>\n<meta property=\"og:type\" content=\"article\" \/>\n<meta property=\"og:title\" content=\"Zurro, luego de Mones Caz\u00f3n, public\u00f3 un &quot;tuits&quot; donde se refiere a su cumple 67 - Infoecos\" \/>\n<meta property=\"og:description\" content=\"&quot;As\u00ed me recibieron hoy en la Muni&quot;, con una torta que - adem\u00e1s - tiene un escudo del Club Defensores del Este del que fue Director T\u00e9cnico\" \/>\n<meta property=\"og:url\" content=\"https:\/\/infoecos.com.ar\/index.php\/zurro-luego-de-lo-de-mones-cazon-publico-un-tuits-donde-se-refiere-a-su-cumple-67\/\" \/>\n<meta property=\"og:site_name\" content=\"Infoecos\" \/>\n<meta property=\"article:publisher\" content=\"https:\/\/www.facebook.com\/profile.php?id=100063200290284\" \/>\n<meta property=\"article:published_time\" content=\"2023-08-04T21:02:09+00:00\" \/>\n<meta property=\"article:modified_time\" content=\"2023-08-07T01:09:06+00:00\" \/>\n<meta property=\"og:image\" content=\"https:\/\/infoecos.com.ar\/wp-content\/uploads\/2023\/08\/F2tET9LXUAMliFY.jpg\" \/>\n\t<meta property=\"og:image:width\" content=\"792\" \/>\n\t<meta property=\"og:image:height\" content=\"1199\" \/>\n\t<meta property=\"og:image:type\" content=\"image\/jpeg\" \/>\n<meta name=\"author\" content=\"Jorge Matheus\" \/>\n<meta name=\"twitter:card\" content=\"summary_large_image\" \/>\n<meta name=\"twitter:creator\" content=\"@infoecos\" \/>\n<meta name=\"twitter:site\" content=\"@infoecos\" \/>\n<meta name=\"twitter:label1\" content=\"Escrito por\" \/>\n\t<meta name=\"twitter:data1\" content=\"Jorge Matheus\" \/>\n\t<meta name=\"twitter:label2\" content=\"Tiempo de lectura\" \/>\n\t<meta name=\"twitter:data2\" content=\"1 minuto\" \/>\n<script type=\"application\/ld+json\" class=\"yoast-schema-graph\">{\"@context\":\"https:\/\/schema.org\",\"@graph\":[{\"@type\":\"Article\",\"@id\":\"https:\/\/infoecos.com.ar\/index.php\/zurro-luego-de-lo-de-mones-cazon-publico-un-tuits-donde-se-refiere-a-su-cumple-67\/#article\",\"isPartOf\":{\"@id\":\"https:\/\/infoecos.com.ar\/index.php\/zurro-luego-de-lo-de-mones-cazon-publico-un-tuits-donde-se-refiere-a-su-cumple-67\/\"},\"author\":{\"name\":\"Jorge Matheus\",\"@id\":\"https:\/\/infoecos.com.ar\/#\/schema\/person\/8f5ace5ce73b4b4aac4b7245aee6f191\"},\"headline\":\"Zurro, luego de Mones Caz\u00f3n, public\u00f3 un \u00abtuits\u00bb donde se refiere a su cumple 67\",\"datePublished\":\"2023-08-04T21:02:09+00:00\",\"dateModified\":\"2023-08-07T01:09:06+00:00\",\"mainEntityOfPage\":{\"@id\":\"https:\/\/infoecos.com.ar\/index.php\/zurro-luego-de-lo-de-mones-cazon-publico-un-tuits-donde-se-refiere-a-su-cumple-67\/\"},\"wordCount\":138,\"publisher\":{\"@id\":\"https:\/\/infoecos.com.ar\/#organization\"},\"image\":{\"@id\":\"https:\/\/infoecos.com.ar\/index.php\/zurro-luego-de-lo-de-mones-cazon-publico-un-tuits-donde-se-refiere-a-su-cumple-67\/#primaryimage\"},\"thumbnailUrl\":\"https:\/\/infoecos.com.ar\/wp-content\/uploads\/2023\/08\/F2tET9LXUAMliFY.jpg\",\"articleSection\":[\"Bloque inferior - 2\"],\"inLanguage\":\"es\"},{\"@type\":\"WebPage\",\"@id\":\"https:\/\/infoecos.com.ar\/index.php\/zurro-luego-de-lo-de-mones-cazon-publico-un-tuits-donde-se-refiere-a-su-cumple-67\/\",\"url\":\"https:\/\/infoecos.com.ar\/index.php\/zurro-luego-de-lo-de-mones-cazon-publico-un-tuits-donde-se-refiere-a-su-cumple-67\/\",\"name\":\"Zurro, luego de Mones Caz\u00f3n, public\u00f3 un \\\"tuits\\\" donde se refiere a su cumple 67 - Infoecos\",\"isPartOf\":{\"@id\":\"https:\/\/infoecos.com.ar\/#website\"},\"primaryImageOfPage\":{\"@id\":\"https:\/\/infoecos.com.ar\/index.php\/zurro-luego-de-lo-de-mones-cazon-publico-un-tuits-donde-se-refiere-a-su-cumple-67\/#primaryimage\"},\"image\":{\"@id\":\"https:\/\/infoecos.com.ar\/index.php\/zurro-luego-de-lo-de-mones-cazon-publico-un-tuits-donde-se-refiere-a-su-cumple-67\/#primaryimage\"},\"thumbnailUrl\":\"https:\/\/infoecos.com.ar\/wp-content\/uploads\/2023\/08\/F2tET9LXUAMliFY.jpg\",\"datePublished\":\"2023-08-04T21:02:09+00:00\",\"dateModified\":\"2023-08-07T01:09:06+00:00\",\"breadcrumb\":{\"@id\":\"https:\/\/infoecos.com.ar\/index.php\/zurro-luego-de-lo-de-mones-cazon-publico-un-tuits-donde-se-refiere-a-su-cumple-67\/#breadcrumb\"},\"inLanguage\":\"es\",\"potentialAction\":[{\"@type\":\"ReadAction\",\"target\":[\"https:\/\/infoecos.com.ar\/index.php\/zurro-luego-de-lo-de-mones-cazon-publico-un-tuits-donde-se-refiere-a-su-cumple-67\/\"]}]},{\"@type\":\"ImageObject\",\"inLanguage\":\"es\",\"@id\":\"https:\/\/infoecos.com.ar\/index.php\/zurro-luego-de-lo-de-mones-cazon-publico-un-tuits-donde-se-refiere-a-su-cumple-67\/#primaryimage\",\"url\":\"https:\/\/infoecos.com.ar\/wp-content\/uploads\/2023\/08\/F2tET9LXUAMliFY.jpg\",\"contentUrl\":\"https:\/\/infoecos.com.ar\/wp-content\/uploads\/2023\/08\/F2tET9LXUAMliFY.jpg\",\"width\":792,\"height\":1199},{\"@type\":\"BreadcrumbList\",\"@id\":\"https:\/\/infoecos.com.ar\/index.php\/zurro-luego-de-lo-de-mones-cazon-publico-un-tuits-donde-se-refiere-a-su-cumple-67\/#breadcrumb\",\"itemListElement\":[{\"@type\":\"ListItem\",\"position\":1,\"name\":\"Portada\",\"item\":\"https:\/\/infoecos.com.ar\/\"},{\"@type\":\"ListItem\",\"position\":2,\"name\":\"Zurro, luego de Mones Caz\u00f3n, public\u00f3 un \u00abtuits\u00bb donde se refiere a su cumple 67\"}]},{\"@type\":\"WebSite\",\"@id\":\"https:\/\/infoecos.com.ar\/#website\",\"url\":\"https:\/\/infoecos.com.ar\/\",\"name\":\"Infoecos\",\"description\":\"Noticias de trenque lauquen y la zona\",\"publisher\":{\"@id\":\"https:\/\/infoecos.com.ar\/#organization\"},\"alternateName\":\"Noticias\",\"potentialAction\":[{\"@type\":\"SearchAction\",\"target\":{\"@type\":\"EntryPoint\",\"urlTemplate\":\"https:\/\/infoecos.com.ar\/?s={search_term_string}\"},\"query-input\":{\"@type\":\"PropertyValueSpecification\",\"valueRequired\":true,\"valueName\":\"search_term_string\"}}],\"inLanguage\":\"es\"},{\"@type\":\"Organization\",\"@id\":\"https:\/\/infoecos.com.ar\/#organization\",\"name\":\"Infoecos\",\"alternateName\":\"Noticias\",\"url\":\"https:\/\/infoecos.com.ar\/\",\"logo\":{\"@type\":\"ImageObject\",\"inLanguage\":\"es\",\"@id\":\"https:\/\/infoecos.com.ar\/#\/schema\/logo\/image\/\",\"url\":\"https:\/\/infoecos.com.ar\/wp-content\/uploads\/2024\/03\/cropped-logo.png\",\"contentUrl\":\"https:\/\/infoecos.com.ar\/wp-content\/uploads\/2024\/03\/cropped-logo.png\",\"width\":374,\"height\":90,\"caption\":\"Infoecos\"},\"image\":{\"@id\":\"https:\/\/infoecos.com.ar\/#\/schema\/logo\/image\/\"},\"sameAs\":[\"https:\/\/www.facebook.com\/profile.php?id=100063200290284\",\"https:\/\/x.com\/infoecos\"]},{\"@type\":\"Person\",\"@id\":\"https:\/\/infoecos.com.ar\/#\/schema\/person\/8f5ace5ce73b4b4aac4b7245aee6f191\",\"name\":\"Jorge Matheus\",\"url\":\"https:\/\/infoecos.com.ar\/index.php\/author\/jomatheus\/\"}]}<\/script>\n<!-- \/ Yoast SEO plugin. -->","yoast_head_json":{"title":"Zurro, luego de Mones Caz\u00f3n, public\u00f3 un \"tuits\" donde se refiere a su cumple 67 - Infoecos","robots":{"index":"index","follow":"follow","max-snippet":"max-snippet:-1","max-image-preview":"max-image-preview:large","max-video-preview":"max-video-preview:-1"},"canonical":"https:\/\/infoecos.com.ar\/index.php\/zurro-luego-de-lo-de-mones-cazon-publico-un-tuits-donde-se-refiere-a-su-cumple-67\/","og_locale":"es_ES","og_type":"article","og_title":"Zurro, luego de Mones Caz\u00f3n, public\u00f3 un \"tuits\" donde se refiere a su cumple 67 - Infoecos","og_description":"\"As\u00ed me recibieron hoy en la Muni\", con una torta que - adem\u00e1s - tiene un escudo del Club Defensores del Este del que fue Director T\u00e9cnico","og_url":"https:\/\/infoecos.com.ar\/index.php\/zurro-luego-de-lo-de-mones-cazon-publico-un-tuits-donde-se-refiere-a-su-cumple-67\/","og_site_name":"Infoecos","article_publisher":"https:\/\/www.facebook.com\/profile.php?id=100063200290284","article_published_time":"2023-08-04T21:02:09+00:00","article_modified_time":"2023-08-07T01:09:06+00:00","og_image":[{"width":792,"height":1199,"url":"https:\/\/infoecos.com.ar\/wp-content\/uploads\/2023\/08\/F2tET9LXUAMliFY.jpg","type":"image\/jpeg"}],"author":"Jorge Matheus","twitter_card":"summary_large_image","twitter_creator":"@infoecos","twitter_site":"@infoecos","twitter_misc":{"Escrito por":"Jorge Matheus","Tiempo de lectura":"1 minuto"},"schema":{"@context":"https:\/\/schema.org","@graph":[{"@type":"Article","@id":"https:\/\/infoecos.com.ar\/index.php\/zurro-luego-de-lo-de-mones-cazon-publico-un-tuits-donde-se-refiere-a-su-cumple-67\/#article","isPartOf":{"@id":"https:\/\/infoecos.com.ar\/index.php\/zurro-luego-de-lo-de-mones-cazon-publico-un-tuits-donde-se-refiere-a-su-cumple-67\/"},"author":{"name":"Jorge Matheus","@id":"https:\/\/infoecos.com.ar\/#\/schema\/person\/8f5ace5ce73b4b4aac4b7245aee6f191"},"headline":"Zurro, luego de Mones Caz\u00f3n, public\u00f3 un \u00abtuits\u00bb donde se refiere a su cumple 67","datePublished":"2023-08-04T21:02:09+00:00","dateModified":"2023-08-07T01:09:06+00:00","mainEntityOfPage":{"@id":"https:\/\/infoecos.com.ar\/index.php\/zurro-luego-de-lo-de-mones-cazon-publico-un-tuits-donde-se-refiere-a-su-cumple-67\/"},"wordCount":138,"publisher":{"@id":"https:\/\/infoecos.com.ar\/#organization"},"image":{"@id":"https:\/\/infoecos.com.ar\/index.php\/zurro-luego-de-lo-de-mones-cazon-publico-un-tuits-donde-se-refiere-a-su-cumple-67\/#primaryimage"},"thumbnailUrl":"https:\/\/infoecos.com.ar\/wp-content\/uploads\/2023\/08\/F2tET9LXUAMliFY.jpg","articleSection":["Bloque inferior - 2"],"inLanguage":"es"},{"@type":"WebPage","@id":"https:\/\/infoecos.com.ar\/index.php\/zurro-luego-de-lo-de-mones-cazon-publico-un-tuits-donde-se-refiere-a-su-cumple-67\/","url":"https:\/\/infoecos.com.ar\/index.php\/zurro-luego-de-lo-de-mones-cazon-publico-un-tuits-donde-se-refiere-a-su-cumple-67\/","name":"Zurro, luego de Mones Caz\u00f3n, public\u00f3 un \"tuits\" donde se refiere a su cumple 67 - Infoecos","isPartOf":{"@id":"https:\/\/infoecos.com.ar\/#website"},"primaryImageOfPage":{"@id":"https:\/\/infoecos.com.ar\/index.php\/zurro-luego-de-lo-de-mones-cazon-publico-un-tuits-donde-se-refiere-a-su-cumple-67\/#primaryimage"},"image":{"@id":"https:\/\/infoecos.com.ar\/index.php\/zurro-luego-de-lo-de-mones-cazon-publico-un-tuits-donde-se-refiere-a-su-cumple-67\/#primaryimage"},"thumbnailUrl":"https:\/\/infoecos.com.ar\/wp-content\/uploads\/2023\/08\/F2tET9LXUAMliFY.jpg","datePublished":"2023-08-04T21:02:09+00:00","dateModified":"2023-08-07T01:09:06+00:00","breadcrumb":{"@id":"https:\/\/infoecos.com.ar\/index.php\/zurro-luego-de-lo-de-mones-cazon-publico-un-tuits-donde-se-refiere-a-su-cumple-67\/#breadcrumb"},"inLanguage":"es","potentialAction":[{"@type":"ReadAction","target":["https:\/\/infoecos.com.ar\/index.php\/zurro-luego-de-lo-de-mones-cazon-publico-un-tuits-donde-se-refiere-a-su-cumple-67\/"]}]},{"@type":"ImageObject","inLanguage":"es","@id":"https:\/\/infoecos.com.ar\/index.php\/zurro-luego-de-lo-de-mones-cazon-publico-un-tuits-donde-se-refiere-a-su-cumple-67\/#primaryimage","url":"https:\/\/infoecos.com.ar\/wp-content\/uploads\/2023\/08\/F2tET9LXUAMliFY.jpg","contentUrl":"https:\/\/infoecos.com.ar\/wp-content\/uploads\/2023\/08\/F2tET9LXUAMliFY.jpg","width":792,"height":1199},{"@type":"BreadcrumbList","@id":"https:\/\/infoecos.com.ar\/index.php\/zurro-luego-de-lo-de-mones-cazon-publico-un-tuits-donde-se-refiere-a-su-cumple-67\/#breadcrumb","itemListElement":[{"@type":"ListItem","position":1,"name":"Portada","item":"https:\/\/infoecos.com.ar\/"},{"@type":"ListItem","position":2,"name":"Zurro, luego de Mones Caz\u00f3n, public\u00f3 un \u00abtuits\u00bb donde se refiere a su cumple 67"}]},{"@type":"WebSite","@id":"https:\/\/infoecos.com.ar\/#website","url":"https:\/\/infoecos.com.ar\/","name":"Infoecos","description":"Noticias de trenque lauquen y la zona","publisher":{"@id":"https:\/\/infoecos.com.ar\/#organization"},"alternateName":"Noticias","potentialAction":[{"@type":"SearchAction","target":{"@type":"EntryPoint","urlTemplate":"https:\/\/infoecos.com.ar\/?s={search_term_string}"},"query-input":{"@type":"PropertyValueSpecification","valueRequired":true,"valueName":"search_term_string"}}],"inLanguage":"es"},{"@type":"Organization","@id":"https:\/\/infoecos.com.ar\/#organization","name":"Infoecos","alternateName":"Noticias","url":"https:\/\/infoecos.com.ar\/","logo":{"@type":"ImageObject","inLanguage":"es","@id":"https:\/\/infoecos.com.ar\/#\/schema\/logo\/image\/","url":"https:\/\/infoecos.com.ar\/wp-content\/uploads\/2024\/03\/cropped-logo.png","contentUrl":"https:\/\/infoecos.com.ar\/wp-content\/uploads\/2024\/03\/cropped-logo.png","width":374,"height":90,"caption":"Infoecos"},"image":{"@id":"https:\/\/infoecos.com.ar\/#\/schema\/logo\/image\/"},"sameAs":["https:\/\/www.facebook.com\/profile.php?id=100063200290284","https:\/\/x.com\/infoecos"]},{"@type":"Person","@id":"https:\/\/infoecos.com.ar\/#\/schema\/person\/8f5ace5ce73b4b4aac4b7245aee6f191","name":"Jorge Matheus","url":"https:\/\/infoecos.com.ar\/index.php\/author\/jomatheus\/"}]}},"featured_image_urls":{"full":["https:\/\/infoecos.com.ar\/wp-content\/uploads\/2023\/08\/F2tET9LXUAMliFY.jpg",792,1199,false],"thumbnail":["https:\/\/infoecos.com.ar\/wp-content\/uploads\/2023\/08\/F2tET9LXUAMliFY-300x150.jpg",300,150,true],"medium":["https:\/\/infoecos.com.ar\/wp-content\/uploads\/2023\/08\/F2tET9LXUAMliFY-528x800.jpg",528,800,true],"medium_large":["https:\/\/infoecos.com.ar\/wp-content\/uploads\/2023\/08\/F2tET9LXUAMliFY-768x1163.jpg",640,969,true],"large":["https:\/\/infoecos.com.ar\/wp-content\/uploads\/2023\/08\/F2tET9LXUAMliFY.jpg",640,969,false],"1536x1536":["https:\/\/infoecos.com.ar\/wp-content\/uploads\/2023\/08\/F2tET9LXUAMliFY.jpg",792,1199,false],"2048x2048":["https:\/\/infoecos.com.ar\/wp-content\/uploads\/2023\/08\/F2tET9LXUAMliFY.jpg",792,1199,false],"covernews-slider-full":["https:\/\/infoecos.com.ar\/wp-content\/uploads\/2023\/08\/F2tET9LXUAMliFY-792x1020.jpg",555,715,true],"covernews-slider-center":["https:\/\/infoecos.com.ar\/wp-content\/uploads\/2023\/08\/F2tET9LXUAMliFY-792x897.jpg",441,500,true],"covernews-featured":["https:\/\/infoecos.com.ar\/wp-content\/uploads\/2023\/08\/F2tET9LXUAMliFY.jpg",792,1199,false],"covernews-medium":["https:\/\/infoecos.com.ar\/wp-content\/uploads\/2023\/08\/F2tET9LXUAMliFY-720x380.jpg",540,285,true],"covernews-medium-square":["https:\/\/infoecos.com.ar\/wp-content\/uploads\/2023\/08\/F2tET9LXUAMliFY-675x450.jpg",375,250,true]},"author_info":{"info":["Jorge Matheus"]},"category_info":"<a href=\"https:\/\/infoecos.com.ar\/index.php\/category\/inferior2\/\" rel=\"category tag\">Bloque inferior - 2<\/a>","tag_info":"Bloque inferior - 2","comment_count":"0","_links":{"self":[{"href":"https:\/\/infoecos.com.ar\/index.php\/wp-json\/wp\/v2\/posts\/109121"}],"collection":[{"href":"https:\/\/infoecos.com.ar\/index.php\/wp-json\/wp\/v2\/posts"}],"about":[{"href":"https:\/\/infoecos.com.ar\/index.php\/wp-json\/wp\/v2\/types\/post"}],"author":[{"embeddable":true,"href":"https:\/\/infoecos.com.ar\/index.php\/wp-json\/wp\/v2\/users\/2"}],"replies":[{"embeddable":true,"href":"https:\/\/infoecos.com.ar\/index.php\/wp-json\/wp\/v2\/comments?post=109121"}],"version-history":[{"count":2,"href":"https:\/\/infoecos.com.ar\/index.php\/wp-json\/wp\/v2\/posts\/109121\/revisions"}],"predecessor-version":[{"id":109125,"href":"https:\/\/infoecos.com.ar\/index.php\/wp-json\/wp\/v2\/posts\/109121\/revisions\/109125"}],"wp:featuredmedia":[{"embeddable":true,"href":"https:\/\/infoecos.com.ar\/index.php\/wp-json\/wp\/v2\/media\/109122"}],"wp:attachment":[{"href":"https:\/\/infoecos.com.ar\/index.php\/wp-json\/wp\/v2\/media?parent=109121"}],"wp:term":[{"taxonomy":"category","embeddable":true,"href":"https:\/\/infoecos.com.ar\/index.php\/wp-json\/wp\/v2\/categories?post=109121"},{"taxonomy":"post_tag","embeddable":true,"href":"https:\/\/infoecos.com.ar\/index.php\/wp-json\/wp\/v2\/tags?post=109121"}],"curies":[{"name":"wp","href":"https:\/\/api.w.org\/{rel}","templated":true}]}}