{"id":109141,"date":"2023-08-05T01:34:44","date_gmt":"2023-08-05T04:34:44","guid":{"rendered":"https:\/\/infoecos.com.ar\/?p=109141"},"modified":"2023-08-08T02:44:24","modified_gmt":"2023-08-08T05:44:24","slug":"prorroga-en-la-emergencia-agropecuaria-para-carlos-tejedor-y-bolivar","status":"publish","type":"post","link":"https:\/\/infoecos.com.ar\/index.php\/prorroga-en-la-emergencia-agropecuaria-para-carlos-tejedor-y-bolivar\/","title":{"rendered":"Pr\u00f3rroga en la emergencia agropecuaria para Carlos Tejedor y Bol\u00edvar"},"content":{"rendered":"\n<p>El gobierno bonaerense prorrog\u00f3 la emergencia agropecuaria en Bol\u00edvar, Benito Ju\u00e1rez, Carlos Tejedor y General Belgrano.<\/p>\n\n\n\n<figure class=\"wp-block-image alignright size-full is-resized\"><img loading=\"lazy\" decoding=\"async\" src=\"https:\/\/infoecos.com.ar\/wp-content\/uploads\/2022\/10\/sequiatrigo.jpg\" alt=\"\" class=\"wp-image-98895\" width=\"442\" height=\"293\" srcset=\"https:\/\/infoecos.com.ar\/wp-content\/uploads\/2022\/10\/sequiatrigo.jpg 767w, https:\/\/infoecos.com.ar\/wp-content\/uploads\/2022\/10\/sequiatrigo-460x305.jpg 460w\" sizes=\"(max-width: 442px) 100vw, 442px\" \/><\/figure>\n\n\n\n<p>\u201cLa medida propiciada se fundamenta en la situaci\u00f3n por la que atraviesan las explotaciones rurales motivo de fen\u00f3menos naturales adversos de car\u00e1cter extraordinario, las que se encuentran en circunscripciones y sectores que si bien no presentan una afectaci\u00f3n lo suficientemente densificada que justifique su inclusi\u00f3n en la figura de Emergencia y\/o Desastre Agropecuario, la magnitud de los perjuicios sufridos a nivel predio determinan su aprobaci\u00f3n bajo el r\u00e9gimen de Emergencia y\/o Desastre Agropecuario con car\u00e1cter individual\u201d, se se\u00f1ala en el texto.<\/p>\n\n\n\n<p>\u201cDicha situaci\u00f3n ha sido evaluada por las Comisiones Locales de Emergencia y por el \u00e1rea t\u00e9cnica espec\u00edfica del Ministerio de Desarrollo Agrario mediante el an\u00e1lisis de informaci\u00f3n ed\u00e1fica, meteorol\u00f3gica y satelital, y en tal sentido se deja sentado que, en base a la evaluaci\u00f3n de datos climatol\u00f3gicos y de precipitaciones presentados en la reuni\u00f3n ordinaria N\u00b0 262, tal situaci\u00f3n no present\u00f3 mejoras respecto de los estudios previos considerados para las declaraciones del estado de emergencia y\/o desastre agropecuario dispuestas mediante la Resoluci\u00f3n N\u00b0 RESO-2023-190-GDEBA-MDAGP, por lo que tales circunstancias determinaron la necesidad de la intervenci\u00f3n directa de la Comisi\u00f3n de Emergencia y Desastre Agropecuario de la Provincia de Buenos Aires\u201d, se agreg\u00f3.<\/p>\n\n\n\n<p>En este marco, desde la cartera que comanda Javier Rodr\u00edguez resolvieron \u201cpromover el beneficio en favor de los sujetos detallados respecto del Impuesto Inmobiliario Rural correspondiente al inmueble destinado al desarrollo de la actividad principal citada y en proporci\u00f3n al porcentaje de la afectaci\u00f3n de las explotaciones agropecuarias alcanzadas por la declaraci\u00f3n de Desastre Agropecuario\u201d.<\/p>\n\n\n\n<p>Asimismo, tambi\u00e9n se dispuso \u201cdar intervenci\u00f3n al Banco de la Provincia de Buenos Aires a fin de que dicha entidad adopte las medidas necesarias para la efectivizaci\u00f3n de los beneficios crediticios previstos en el art\u00edculo 10 apartado 1 de la Ley N\u00ba 10.390\u201d.<\/p>\n","protected":false},"excerpt":{"rendered":"<p>Desde la cartera que comanda Javier Rodr\u00edguez resolvieron \u201cpromover el beneficio en favor de los sujetos detallados respecto del Impuesto Inmobiliario Rural<\/p>\n","protected":false},"author":2,"featured_media":98895,"comment_status":"closed","ping_status":"open","sticky":false,"template":"","format":"standard","meta":{"footnotes":""},"categories":[41],"tags":[8639],"class_list":["post-109141","post","type-post","status-publish","format-standard","has-post-thumbnail","hentry","category-inferior2","tag-tambien-para-bolivar-y-benito-juarez"],"yoast_head":"<!-- This site is optimized with the Yoast SEO plugin v23.4 - https:\/\/yoast.com\/wordpress\/plugins\/seo\/ -->\n<title>Pr\u00f3rroga en la emergencia agropecuaria para Carlos Tejedor y Bol\u00edvar - Infoecos<\/title>\n<meta name=\"robots\" content=\"index, follow, max-snippet:-1, max-image-preview:large, max-video-preview:-1\" \/>\n<link rel=\"canonical\" href=\"https:\/\/infoecos.com.ar\/index.php\/prorroga-en-la-emergencia-agropecuaria-para-carlos-tejedor-y-bolivar\/\" \/>\n<meta property=\"og:locale\" content=\"es_ES\" \/>\n<meta property=\"og:type\" content=\"article\" \/>\n<meta property=\"og:title\" content=\"Pr\u00f3rroga en la emergencia agropecuaria para Carlos Tejedor y Bol\u00edvar - Infoecos\" \/>\n<meta property=\"og:description\" content=\"Desde la cartera que comanda Javier Rodr\u00edguez resolvieron \u201cpromover el beneficio en favor de los sujetos detallados respecto del Impuesto Inmobiliario Rural\" \/>\n<meta property=\"og:url\" content=\"https:\/\/infoecos.com.ar\/index.php\/prorroga-en-la-emergencia-agropecuaria-para-carlos-tejedor-y-bolivar\/\" \/>\n<meta property=\"og:site_name\" content=\"Infoecos\" \/>\n<meta property=\"article:publisher\" content=\"https:\/\/www.facebook.com\/profile.php?id=100063200290284\" \/>\n<meta property=\"article:published_time\" content=\"2023-08-05T04:34:44+00:00\" \/>\n<meta property=\"article:modified_time\" content=\"2023-08-08T05:44:24+00:00\" \/>\n<meta property=\"og:image\" content=\"https:\/\/infoecos.com.ar\/wp-content\/uploads\/2022\/10\/sequiatrigo.jpg\" \/>\n\t<meta property=\"og:image:width\" content=\"767\" \/>\n\t<meta property=\"og:image:height\" content=\"508\" \/>\n\t<meta property=\"og:image:type\" content=\"image\/jpeg\" \/>\n<meta name=\"author\" content=\"Jorge Matheus\" \/>\n<meta name=\"twitter:card\" content=\"summary_large_image\" \/>\n<meta name=\"twitter:creator\" content=\"@infoecos\" \/>\n<meta name=\"twitter:site\" content=\"@infoecos\" \/>\n<meta name=\"twitter:label1\" content=\"Escrito por\" \/>\n\t<meta name=\"twitter:data1\" content=\"Jorge Matheus\" \/>\n\t<meta name=\"twitter:label2\" content=\"Tiempo de lectura\" \/>\n\t<meta name=\"twitter:data2\" content=\"2 minutos\" \/>\n<script type=\"application\/ld+json\" class=\"yoast-schema-graph\">{\"@context\":\"https:\/\/schema.org\",\"@graph\":[{\"@type\":\"Article\",\"@id\":\"https:\/\/infoecos.com.ar\/index.php\/prorroga-en-la-emergencia-agropecuaria-para-carlos-tejedor-y-bolivar\/#article\",\"isPartOf\":{\"@id\":\"https:\/\/infoecos.com.ar\/index.php\/prorroga-en-la-emergencia-agropecuaria-para-carlos-tejedor-y-bolivar\/\"},\"author\":{\"name\":\"Jorge Matheus\",\"@id\":\"https:\/\/infoecos.com.ar\/#\/schema\/person\/8f5ace5ce73b4b4aac4b7245aee6f191\"},\"headline\":\"Pr\u00f3rroga en la emergencia agropecuaria para Carlos Tejedor y Bol\u00edvar\",\"datePublished\":\"2023-08-05T04:34:44+00:00\",\"dateModified\":\"2023-08-08T05:44:24+00:00\",\"mainEntityOfPage\":{\"@id\":\"https:\/\/infoecos.com.ar\/index.php\/prorroga-en-la-emergencia-agropecuaria-para-carlos-tejedor-y-bolivar\/\"},\"wordCount\":353,\"publisher\":{\"@id\":\"https:\/\/infoecos.com.ar\/#organization\"},\"image\":{\"@id\":\"https:\/\/infoecos.com.ar\/index.php\/prorroga-en-la-emergencia-agropecuaria-para-carlos-tejedor-y-bolivar\/#primaryimage\"},\"thumbnailUrl\":\"https:\/\/infoecos.com.ar\/wp-content\/uploads\/2022\/10\/sequiatrigo.jpg\",\"keywords\":[\"TAMBI\u00c9N PARA BOL\u00cdVAR Y BENITO JU\u00c1REZ\"],\"articleSection\":[\"Bloque inferior - 2\"],\"inLanguage\":\"es\"},{\"@type\":\"WebPage\",\"@id\":\"https:\/\/infoecos.com.ar\/index.php\/prorroga-en-la-emergencia-agropecuaria-para-carlos-tejedor-y-bolivar\/\",\"url\":\"https:\/\/infoecos.com.ar\/index.php\/prorroga-en-la-emergencia-agropecuaria-para-carlos-tejedor-y-bolivar\/\",\"name\":\"Pr\u00f3rroga en la emergencia agropecuaria para Carlos Tejedor y Bol\u00edvar - Infoecos\",\"isPartOf\":{\"@id\":\"https:\/\/infoecos.com.ar\/#website\"},\"primaryImageOfPage\":{\"@id\":\"https:\/\/infoecos.com.ar\/index.php\/prorroga-en-la-emergencia-agropecuaria-para-carlos-tejedor-y-bolivar\/#primaryimage\"},\"image\":{\"@id\":\"https:\/\/infoecos.com.ar\/index.php\/prorroga-en-la-emergencia-agropecuaria-para-carlos-tejedor-y-bolivar\/#primaryimage\"},\"thumbnailUrl\":\"https:\/\/infoecos.com.ar\/wp-content\/uploads\/2022\/10\/sequiatrigo.jpg\",\"datePublished\":\"2023-08-05T04:34:44+00:00\",\"dateModified\":\"2023-08-08T05:44:24+00:00\",\"breadcrumb\":{\"@id\":\"https:\/\/infoecos.com.ar\/index.php\/prorroga-en-la-emergencia-agropecuaria-para-carlos-tejedor-y-bolivar\/#breadcrumb\"},\"inLanguage\":\"es\",\"potentialAction\":[{\"@type\":\"ReadAction\",\"target\":[\"https:\/\/infoecos.com.ar\/index.php\/prorroga-en-la-emergencia-agropecuaria-para-carlos-tejedor-y-bolivar\/\"]}]},{\"@type\":\"ImageObject\",\"inLanguage\":\"es\",\"@id\":\"https:\/\/infoecos.com.ar\/index.php\/prorroga-en-la-emergencia-agropecuaria-para-carlos-tejedor-y-bolivar\/#primaryimage\",\"url\":\"https:\/\/infoecos.com.ar\/wp-content\/uploads\/2022\/10\/sequiatrigo.jpg\",\"contentUrl\":\"https:\/\/infoecos.com.ar\/wp-content\/uploads\/2022\/10\/sequiatrigo.jpg\",\"width\":767,\"height\":508},{\"@type\":\"BreadcrumbList\",\"@id\":\"https:\/\/infoecos.com.ar\/index.php\/prorroga-en-la-emergencia-agropecuaria-para-carlos-tejedor-y-bolivar\/#breadcrumb\",\"itemListElement\":[{\"@type\":\"ListItem\",\"position\":1,\"name\":\"Portada\",\"item\":\"https:\/\/infoecos.com.ar\/\"},{\"@type\":\"ListItem\",\"position\":2,\"name\":\"Pr\u00f3rroga en la emergencia agropecuaria para Carlos Tejedor y Bol\u00edvar\"}]},{\"@type\":\"WebSite\",\"@id\":\"https:\/\/infoecos.com.ar\/#website\",\"url\":\"https:\/\/infoecos.com.ar\/\",\"name\":\"Infoecos\",\"description\":\"Noticias de trenque lauquen y la zona\",\"publisher\":{\"@id\":\"https:\/\/infoecos.com.ar\/#organization\"},\"alternateName\":\"Noticias\",\"potentialAction\":[{\"@type\":\"SearchAction\",\"target\":{\"@type\":\"EntryPoint\",\"urlTemplate\":\"https:\/\/infoecos.com.ar\/?s={search_term_string}\"},\"query-input\":{\"@type\":\"PropertyValueSpecification\",\"valueRequired\":true,\"valueName\":\"search_term_string\"}}],\"inLanguage\":\"es\"},{\"@type\":\"Organization\",\"@id\":\"https:\/\/infoecos.com.ar\/#organization\",\"name\":\"Infoecos\",\"alternateName\":\"Noticias\",\"url\":\"https:\/\/infoecos.com.ar\/\",\"logo\":{\"@type\":\"ImageObject\",\"inLanguage\":\"es\",\"@id\":\"https:\/\/infoecos.com.ar\/#\/schema\/logo\/image\/\",\"url\":\"https:\/\/infoecos.com.ar\/wp-content\/uploads\/2024\/03\/cropped-logo.png\",\"contentUrl\":\"https:\/\/infoecos.com.ar\/wp-content\/uploads\/2024\/03\/cropped-logo.png\",\"width\":374,\"height\":90,\"caption\":\"Infoecos\"},\"image\":{\"@id\":\"https:\/\/infoecos.com.ar\/#\/schema\/logo\/image\/\"},\"sameAs\":[\"https:\/\/www.facebook.com\/profile.php?id=100063200290284\",\"https:\/\/x.com\/infoecos\"]},{\"@type\":\"Person\",\"@id\":\"https:\/\/infoecos.com.ar\/#\/schema\/person\/8f5ace5ce73b4b4aac4b7245aee6f191\",\"name\":\"Jorge Matheus\",\"url\":\"https:\/\/infoecos.com.ar\/index.php\/author\/jomatheus\/\"}]}<\/script>\n<!-- \/ Yoast SEO plugin. -->","yoast_head_json":{"title":"Pr\u00f3rroga en la emergencia agropecuaria para Carlos Tejedor y Bol\u00edvar - Infoecos","robots":{"index":"index","follow":"follow","max-snippet":"max-snippet:-1","max-image-preview":"max-image-preview:large","max-video-preview":"max-video-preview:-1"},"canonical":"https:\/\/infoecos.com.ar\/index.php\/prorroga-en-la-emergencia-agropecuaria-para-carlos-tejedor-y-bolivar\/","og_locale":"es_ES","og_type":"article","og_title":"Pr\u00f3rroga en la emergencia agropecuaria para Carlos Tejedor y Bol\u00edvar - Infoecos","og_description":"Desde la cartera que comanda Javier Rodr\u00edguez resolvieron \u201cpromover el beneficio en favor de los sujetos detallados respecto del Impuesto Inmobiliario Rural","og_url":"https:\/\/infoecos.com.ar\/index.php\/prorroga-en-la-emergencia-agropecuaria-para-carlos-tejedor-y-bolivar\/","og_site_name":"Infoecos","article_publisher":"https:\/\/www.facebook.com\/profile.php?id=100063200290284","article_published_time":"2023-08-05T04:34:44+00:00","article_modified_time":"2023-08-08T05:44:24+00:00","og_image":[{"width":767,"height":508,"url":"https:\/\/infoecos.com.ar\/wp-content\/uploads\/2022\/10\/sequiatrigo.jpg","type":"image\/jpeg"}],"author":"Jorge Matheus","twitter_card":"summary_large_image","twitter_creator":"@infoecos","twitter_site":"@infoecos","twitter_misc":{"Escrito por":"Jorge Matheus","Tiempo de lectura":"2 minutos"},"schema":{"@context":"https:\/\/schema.org","@graph":[{"@type":"Article","@id":"https:\/\/infoecos.com.ar\/index.php\/prorroga-en-la-emergencia-agropecuaria-para-carlos-tejedor-y-bolivar\/#article","isPartOf":{"@id":"https:\/\/infoecos.com.ar\/index.php\/prorroga-en-la-emergencia-agropecuaria-para-carlos-tejedor-y-bolivar\/"},"author":{"name":"Jorge Matheus","@id":"https:\/\/infoecos.com.ar\/#\/schema\/person\/8f5ace5ce73b4b4aac4b7245aee6f191"},"headline":"Pr\u00f3rroga en la emergencia agropecuaria para Carlos Tejedor y Bol\u00edvar","datePublished":"2023-08-05T04:34:44+00:00","dateModified":"2023-08-08T05:44:24+00:00","mainEntityOfPage":{"@id":"https:\/\/infoecos.com.ar\/index.php\/prorroga-en-la-emergencia-agropecuaria-para-carlos-tejedor-y-bolivar\/"},"wordCount":353,"publisher":{"@id":"https:\/\/infoecos.com.ar\/#organization"},"image":{"@id":"https:\/\/infoecos.com.ar\/index.php\/prorroga-en-la-emergencia-agropecuaria-para-carlos-tejedor-y-bolivar\/#primaryimage"},"thumbnailUrl":"https:\/\/infoecos.com.ar\/wp-content\/uploads\/2022\/10\/sequiatrigo.jpg","keywords":["TAMBI\u00c9N PARA BOL\u00cdVAR Y BENITO JU\u00c1REZ"],"articleSection":["Bloque inferior - 2"],"inLanguage":"es"},{"@type":"WebPage","@id":"https:\/\/infoecos.com.ar\/index.php\/prorroga-en-la-emergencia-agropecuaria-para-carlos-tejedor-y-bolivar\/","url":"https:\/\/infoecos.com.ar\/index.php\/prorroga-en-la-emergencia-agropecuaria-para-carlos-tejedor-y-bolivar\/","name":"Pr\u00f3rroga en la emergencia agropecuaria para Carlos Tejedor y Bol\u00edvar - Infoecos","isPartOf":{"@id":"https:\/\/infoecos.com.ar\/#website"},"primaryImageOfPage":{"@id":"https:\/\/infoecos.com.ar\/index.php\/prorroga-en-la-emergencia-agropecuaria-para-carlos-tejedor-y-bolivar\/#primaryimage"},"image":{"@id":"https:\/\/infoecos.com.ar\/index.php\/prorroga-en-la-emergencia-agropecuaria-para-carlos-tejedor-y-bolivar\/#primaryimage"},"thumbnailUrl":"https:\/\/infoecos.com.ar\/wp-content\/uploads\/2022\/10\/sequiatrigo.jpg","datePublished":"2023-08-05T04:34:44+00:00","dateModified":"2023-08-08T05:44:24+00:00","breadcrumb":{"@id":"https:\/\/infoecos.com.ar\/index.php\/prorroga-en-la-emergencia-agropecuaria-para-carlos-tejedor-y-bolivar\/#breadcrumb"},"inLanguage":"es","potentialAction":[{"@type":"ReadAction","target":["https:\/\/infoecos.com.ar\/index.php\/prorroga-en-la-emergencia-agropecuaria-para-carlos-tejedor-y-bolivar\/"]}]},{"@type":"ImageObject","inLanguage":"es","@id":"https:\/\/infoecos.com.ar\/index.php\/prorroga-en-la-emergencia-agropecuaria-para-carlos-tejedor-y-bolivar\/#primaryimage","url":"https:\/\/infoecos.com.ar\/wp-content\/uploads\/2022\/10\/sequiatrigo.jpg","contentUrl":"https:\/\/infoecos.com.ar\/wp-content\/uploads\/2022\/10\/sequiatrigo.jpg","width":767,"height":508},{"@type":"BreadcrumbList","@id":"https:\/\/infoecos.com.ar\/index.php\/prorroga-en-la-emergencia-agropecuaria-para-carlos-tejedor-y-bolivar\/#breadcrumb","itemListElement":[{"@type":"ListItem","position":1,"name":"Portada","item":"https:\/\/infoecos.com.ar\/"},{"@type":"ListItem","position":2,"name":"Pr\u00f3rroga en la emergencia agropecuaria para Carlos Tejedor y Bol\u00edvar"}]},{"@type":"WebSite","@id":"https:\/\/infoecos.com.ar\/#website","url":"https:\/\/infoecos.com.ar\/","name":"Infoecos","description":"Noticias de trenque lauquen y la zona","publisher":{"@id":"https:\/\/infoecos.com.ar\/#organization"},"alternateName":"Noticias","potentialAction":[{"@type":"SearchAction","target":{"@type":"EntryPoint","urlTemplate":"https:\/\/infoecos.com.ar\/?s={search_term_string}"},"query-input":{"@type":"PropertyValueSpecification","valueRequired":true,"valueName":"search_term_string"}}],"inLanguage":"es"},{"@type":"Organization","@id":"https:\/\/infoecos.com.ar\/#organization","name":"Infoecos","alternateName":"Noticias","url":"https:\/\/infoecos.com.ar\/","logo":{"@type":"ImageObject","inLanguage":"es","@id":"https:\/\/infoecos.com.ar\/#\/schema\/logo\/image\/","url":"https:\/\/infoecos.com.ar\/wp-content\/uploads\/2024\/03\/cropped-logo.png","contentUrl":"https:\/\/infoecos.com.ar\/wp-content\/uploads\/2024\/03\/cropped-logo.png","width":374,"height":90,"caption":"Infoecos"},"image":{"@id":"https:\/\/infoecos.com.ar\/#\/schema\/logo\/image\/"},"sameAs":["https:\/\/www.facebook.com\/profile.php?id=100063200290284","https:\/\/x.com\/infoecos"]},{"@type":"Person","@id":"https:\/\/infoecos.com.ar\/#\/schema\/person\/8f5ace5ce73b4b4aac4b7245aee6f191","name":"Jorge Matheus","url":"https:\/\/infoecos.com.ar\/index.php\/author\/jomatheus\/"}]}},"featured_image_urls":{"full":["https:\/\/infoecos.com.ar\/wp-content\/uploads\/2022\/10\/sequiatrigo.jpg",767,508,false],"thumbnail":["https:\/\/infoecos.com.ar\/wp-content\/uploads\/2022\/10\/sequiatrigo-150x150.jpg",150,150,true],"medium":["https:\/\/infoecos.com.ar\/wp-content\/uploads\/2022\/10\/sequiatrigo-460x305.jpg",460,305,true],"medium_large":["https:\/\/infoecos.com.ar\/wp-content\/uploads\/2022\/10\/sequiatrigo.jpg",640,424,false],"large":["https:\/\/infoecos.com.ar\/wp-content\/uploads\/2022\/10\/sequiatrigo.jpg",640,424,false],"1536x1536":["https:\/\/infoecos.com.ar\/wp-content\/uploads\/2022\/10\/sequiatrigo.jpg",767,508,false],"2048x2048":["https:\/\/infoecos.com.ar\/wp-content\/uploads\/2022\/10\/sequiatrigo.jpg",767,508,false],"covernews-slider-full":["https:\/\/infoecos.com.ar\/wp-content\/uploads\/2022\/10\/sequiatrigo.jpg",767,508,false],"covernews-slider-center":["https:\/\/infoecos.com.ar\/wp-content\/uploads\/2022\/10\/sequiatrigo.jpg",755,500,false],"covernews-featured":["https:\/\/infoecos.com.ar\/wp-content\/uploads\/2022\/10\/sequiatrigo.jpg",767,508,false],"covernews-medium":["https:\/\/infoecos.com.ar\/wp-content\/uploads\/2022\/10\/sequiatrigo-720x380.jpg",540,285,true],"covernews-medium-square":["https:\/\/infoecos.com.ar\/wp-content\/uploads\/2022\/10\/sequiatrigo-675x450.jpg",375,250,true]},"author_info":{"info":["Jorge Matheus"]},"category_info":"<a href=\"https:\/\/infoecos.com.ar\/index.php\/category\/inferior2\/\" rel=\"category tag\">Bloque inferior - 2<\/a>","tag_info":"Bloque inferior - 2","comment_count":"0","_links":{"self":[{"href":"https:\/\/infoecos.com.ar\/index.php\/wp-json\/wp\/v2\/posts\/109141"}],"collection":[{"href":"https:\/\/infoecos.com.ar\/index.php\/wp-json\/wp\/v2\/posts"}],"about":[{"href":"https:\/\/infoecos.com.ar\/index.php\/wp-json\/wp\/v2\/types\/post"}],"author":[{"embeddable":true,"href":"https:\/\/infoecos.com.ar\/index.php\/wp-json\/wp\/v2\/users\/2"}],"replies":[{"embeddable":true,"href":"https:\/\/infoecos.com.ar\/index.php\/wp-json\/wp\/v2\/comments?post=109141"}],"version-history":[{"count":1,"href":"https:\/\/infoecos.com.ar\/index.php\/wp-json\/wp\/v2\/posts\/109141\/revisions"}],"predecessor-version":[{"id":109142,"href":"https:\/\/infoecos.com.ar\/index.php\/wp-json\/wp\/v2\/posts\/109141\/revisions\/109142"}],"wp:featuredmedia":[{"embeddable":true,"href":"https:\/\/infoecos.com.ar\/index.php\/wp-json\/wp\/v2\/media\/98895"}],"wp:attachment":[{"href":"https:\/\/infoecos.com.ar\/index.php\/wp-json\/wp\/v2\/media?parent=109141"}],"wp:term":[{"taxonomy":"category","embeddable":true,"href":"https:\/\/infoecos.com.ar\/index.php\/wp-json\/wp\/v2\/categories?post=109141"},{"taxonomy":"post_tag","embeddable":true,"href":"https:\/\/infoecos.com.ar\/index.php\/wp-json\/wp\/v2\/tags?post=109141"}],"curies":[{"name":"wp","href":"https:\/\/api.w.org\/{rel}","templated":true}]}}