{"id":109471,"date":"2023-08-09T01:51:08","date_gmt":"2023-08-09T04:51:08","guid":{"rendered":"https:\/\/infoecos.com.ar\/?p=109471"},"modified":"2023-08-12T22:59:39","modified_gmt":"2023-08-13T01:59:39","slug":"los-argentinos-debemos-abrazarnos-mas","status":"publish","type":"post","link":"https:\/\/infoecos.com.ar\/index.php\/los-argentinos-debemos-abrazarnos-mas\/","title":{"rendered":"Los Argentinos debemos abrazarnos m\u00e1s&#8230;"},"content":{"rendered":"\n<figure class=\"wp-block-image aligncenter size-full\"><img loading=\"lazy\" decoding=\"async\" width=\"286\" height=\"450\" src=\"https:\/\/infoecos.com.ar\/wp-content\/uploads\/2023\/08\/banderaargentina.jpg\" alt=\"\" class=\"wp-image-109473\"\/><\/figure>\n\n\n\n<p>Gane qui\u00e9n gane esta primera prueba electoral, y los que pasen a la final, tienen que tener un discurso m\u00e1s nacionalista, no desde el punto de vista ideol\u00f3gico. Desde lo hist\u00f3rico, social, geogr\u00e1fico. Lo del f\u00fatbol, es insuficiente. Es sabido que siempre estamos para llegar a las finales, que se logran y otras ara\u00f1amos. El Pueblo tiene bien claro a Maradona en su tiempo, y que significa Messi, en la actualidad. <\/p>\n\n\n\n<p>Recordaba para evitar filosofar &#8211; aunque la cantidad de grandes pensadores le\u00eddos, soci\u00f3logos, encuestadores, psicoterapeutas &#8211; a uno de los m\u00e1s reconocidos conductores de la televis\u00ed\u00f3n del pa\u00eds, Roberto Gal\u00e1n. Se paraba frente a las c\u00e1maras y dec\u00eda: \u00abhay que besarse m\u00e1s\u00bb, para agregar lo que suele predicarse en la vida familiar, de amigos y parejas: \u00abhay que abrazarse m\u00e1s\u00bb.<\/p>\n\n\n\n<p>Y los Argentinos, tenemos que desterrar apariencias, como la pedanter\u00eda que nos identifica en el mundo entero \u00f3 la expresi\u00f3n bien porte\u00f1a \u00abChe\u00bb, que est\u00e1n lejos de aut\u00e9nticas se\u00f1ales del querer y plantar lo logrado y que m\u00e1s nos identifica con la profundidad del trascender. Creo que &#8211; en gran medida &#8211; somos autodestructivos, y andamos repartiendo cuestionamientos hacia nosotros mismos, careciendo de toda raz\u00f3n. <\/p>\n\n\n\n<p>Si Belgrano, San Mart\u00edn, Roca, Rosas, Sarmiento, Per\u00f3n, Leandro N. Alem, Hip\u00f3lito Yrigoyen; si Dar\u00edn, Echarri, Brandoni, Alc\u00f3n o Luppi; Evita, Juan Azurduy, Florentina G\u00f3mez Miranda; si Bilardo, Basile, Sabella, Scaloni; si un m\u00e9dico formose\u00f1o o Favaloro; si las Cataratas del Iguaz\u00fa o las del \u00d1\u00e1gara; si Madrid o Buenos Aires, y as\u00ed podr\u00eda seguir para ocupar todos los espacios de la p\u00e1gina.<\/p>\n\n\n\n<p>Algui\u00e9n que quiere este pa\u00eds, quiz\u00e1 mucho m\u00e1s del firmante de esta nota, porque ha trabajado con la tierra, m\u00e1quinas, amigos que progresaron con honestidad, sacrificio y trabajo, que ha subido y bajado escaleras, padecido fr\u00edo y calor, enfermado y recuperado, sac\u00f3 a relucir su celular y sugiri\u00f3 prestara atenci\u00f3n al video que acompa\u00f1a. Previo a ello miramos en el procesador la despedida que los franceses, inclu\u00eddos todos los presidentes que est\u00e1n vivos, los actores y deportistas m\u00e1s famosos le tributaron hace poco tiempo a Jean Paul Belmondo. Actor comprometido, pero por sobre todas las cosas amante de su Patria. Es conmovedor el material que puede verse en Youtube. Y el que va a continuaci\u00f3n, realizado en la red Tik Tok, tambi\u00e9n. Los minutos que dura, realizado fuera del pa\u00eds, es todo Ganancia. Lo aseguro.<\/p>\n\n\n\n<p><strong>Jorge Matheus<\/strong><\/p>\n\n\n\n<p>infoecosnoticias@gmail.com   <\/p>\n\n\n\n<figure class=\"wp-block-video\"><video controls src=\"https:\/\/infoecos.com.ar\/wp-content\/uploads\/2023\/08\/WhatsApp-Video-2023-08-08-at-19.52.58.mp4\"><\/video><\/figure>\n","protected":false},"excerpt":{"rendered":"<p>Gane qui\u00e9n gane esta primera prueba electoral, y los que pasen a la final, tienen que tener un discurso m\u00e1s nacionalista, no desde el punto de vista ideol\u00f3gico. Desde lo hist\u00f3rico, social, geogr\u00e1fico<\/p>\n","protected":false},"author":2,"featured_media":56538,"comment_status":"closed","ping_status":"open","sticky":false,"template":"","format":"standard","meta":{"footnotes":""},"categories":[1327,1643,1328],"tags":[8694],"class_list":["post-109471","post","type-post","status-publish","format-standard","has-post-thumbnail","hentry","category-audio","category-inferior16","category-video","tag-opinion-2"],"yoast_head":"<!-- This site is optimized with the Yoast SEO plugin v23.4 - https:\/\/yoast.com\/wordpress\/plugins\/seo\/ -->\n<title>Los Argentinos debemos abrazarnos m\u00e1s... - Infoecos<\/title>\n<meta name=\"robots\" content=\"index, follow, max-snippet:-1, max-image-preview:large, max-video-preview:-1\" \/>\n<link rel=\"canonical\" href=\"https:\/\/infoecos.com.ar\/index.php\/los-argentinos-debemos-abrazarnos-mas\/\" \/>\n<meta property=\"og:locale\" content=\"es_ES\" \/>\n<meta property=\"og:type\" content=\"article\" \/>\n<meta property=\"og:title\" content=\"Los Argentinos debemos abrazarnos m\u00e1s... - Infoecos\" \/>\n<meta property=\"og:description\" content=\"Gane qui\u00e9n gane esta primera prueba electoral, y los que pasen a la final, tienen que tener un discurso m\u00e1s nacionalista, no desde el punto de vista ideol\u00f3gico. Desde lo hist\u00f3rico, social, geogr\u00e1fico\" \/>\n<meta property=\"og:url\" content=\"https:\/\/infoecos.com.ar\/index.php\/los-argentinos-debemos-abrazarnos-mas\/\" \/>\n<meta property=\"og:site_name\" content=\"Infoecos\" \/>\n<meta property=\"article:publisher\" content=\"https:\/\/www.facebook.com\/profile.php?id=100063200290284\" \/>\n<meta property=\"article:published_time\" content=\"2023-08-09T04:51:08+00:00\" \/>\n<meta property=\"article:modified_time\" content=\"2023-08-13T01:59:39+00:00\" \/>\n<meta property=\"og:image\" content=\"https:\/\/infoecos.com.ar\/wp-content\/uploads\/banderaargentina-1-640x445-3.jpg\" \/>\n\t<meta property=\"og:image:width\" content=\"640\" \/>\n\t<meta property=\"og:image:height\" content=\"445\" \/>\n\t<meta property=\"og:image:type\" content=\"image\/jpeg\" \/>\n<meta name=\"author\" content=\"Jorge Matheus\" \/>\n<meta name=\"twitter:card\" content=\"summary_large_image\" \/>\n<meta name=\"twitter:creator\" content=\"@infoecos\" \/>\n<meta name=\"twitter:site\" content=\"@infoecos\" \/>\n<meta name=\"twitter:label1\" content=\"Escrito por\" \/>\n\t<meta name=\"twitter:data1\" content=\"Jorge Matheus\" \/>\n\t<meta name=\"twitter:label2\" content=\"Tiempo de lectura\" \/>\n\t<meta name=\"twitter:data2\" content=\"3 minutos\" \/>\n<script type=\"application\/ld+json\" class=\"yoast-schema-graph\">{\"@context\":\"https:\/\/schema.org\",\"@graph\":[{\"@type\":\"Article\",\"@id\":\"https:\/\/infoecos.com.ar\/index.php\/los-argentinos-debemos-abrazarnos-mas\/#article\",\"isPartOf\":{\"@id\":\"https:\/\/infoecos.com.ar\/index.php\/los-argentinos-debemos-abrazarnos-mas\/\"},\"author\":{\"name\":\"Jorge Matheus\",\"@id\":\"https:\/\/infoecos.com.ar\/#\/schema\/person\/8f5ace5ce73b4b4aac4b7245aee6f191\"},\"headline\":\"Los Argentinos debemos abrazarnos m\u00e1s&#8230;\",\"datePublished\":\"2023-08-09T04:51:08+00:00\",\"dateModified\":\"2023-08-13T01:59:39+00:00\",\"mainEntityOfPage\":{\"@id\":\"https:\/\/infoecos.com.ar\/index.php\/los-argentinos-debemos-abrazarnos-mas\/\"},\"wordCount\":452,\"publisher\":{\"@id\":\"https:\/\/infoecos.com.ar\/#organization\"},\"image\":{\"@id\":\"https:\/\/infoecos.com.ar\/index.php\/los-argentinos-debemos-abrazarnos-mas\/#primaryimage\"},\"thumbnailUrl\":\"\",\"keywords\":[\"Opini\u00f3n\"],\"articleSection\":[\"Audio\",\"Bloque inferior - 16\",\"Video\"],\"inLanguage\":\"es\"},{\"@type\":\"WebPage\",\"@id\":\"https:\/\/infoecos.com.ar\/index.php\/los-argentinos-debemos-abrazarnos-mas\/\",\"url\":\"https:\/\/infoecos.com.ar\/index.php\/los-argentinos-debemos-abrazarnos-mas\/\",\"name\":\"Los Argentinos debemos abrazarnos m\u00e1s... - Infoecos\",\"isPartOf\":{\"@id\":\"https:\/\/infoecos.com.ar\/#website\"},\"primaryImageOfPage\":{\"@id\":\"https:\/\/infoecos.com.ar\/index.php\/los-argentinos-debemos-abrazarnos-mas\/#primaryimage\"},\"image\":{\"@id\":\"https:\/\/infoecos.com.ar\/index.php\/los-argentinos-debemos-abrazarnos-mas\/#primaryimage\"},\"thumbnailUrl\":\"\",\"datePublished\":\"2023-08-09T04:51:08+00:00\",\"dateModified\":\"2023-08-13T01:59:39+00:00\",\"breadcrumb\":{\"@id\":\"https:\/\/infoecos.com.ar\/index.php\/los-argentinos-debemos-abrazarnos-mas\/#breadcrumb\"},\"inLanguage\":\"es\",\"potentialAction\":[{\"@type\":\"ReadAction\",\"target\":[\"https:\/\/infoecos.com.ar\/index.php\/los-argentinos-debemos-abrazarnos-mas\/\"]}]},{\"@type\":\"ImageObject\",\"inLanguage\":\"es\",\"@id\":\"https:\/\/infoecos.com.ar\/index.php\/los-argentinos-debemos-abrazarnos-mas\/#primaryimage\",\"url\":\"\",\"contentUrl\":\"\"},{\"@type\":\"BreadcrumbList\",\"@id\":\"https:\/\/infoecos.com.ar\/index.php\/los-argentinos-debemos-abrazarnos-mas\/#breadcrumb\",\"itemListElement\":[{\"@type\":\"ListItem\",\"position\":1,\"name\":\"Portada\",\"item\":\"https:\/\/infoecos.com.ar\/\"},{\"@type\":\"ListItem\",\"position\":2,\"name\":\"Los Argentinos debemos abrazarnos m\u00e1s&#8230;\"}]},{\"@type\":\"WebSite\",\"@id\":\"https:\/\/infoecos.com.ar\/#website\",\"url\":\"https:\/\/infoecos.com.ar\/\",\"name\":\"Infoecos\",\"description\":\"Noticias de trenque lauquen y la zona\",\"publisher\":{\"@id\":\"https:\/\/infoecos.com.ar\/#organization\"},\"alternateName\":\"Noticias\",\"potentialAction\":[{\"@type\":\"SearchAction\",\"target\":{\"@type\":\"EntryPoint\",\"urlTemplate\":\"https:\/\/infoecos.com.ar\/?s={search_term_string}\"},\"query-input\":{\"@type\":\"PropertyValueSpecification\",\"valueRequired\":true,\"valueName\":\"search_term_string\"}}],\"inLanguage\":\"es\"},{\"@type\":\"Organization\",\"@id\":\"https:\/\/infoecos.com.ar\/#organization\",\"name\":\"Infoecos\",\"alternateName\":\"Noticias\",\"url\":\"https:\/\/infoecos.com.ar\/\",\"logo\":{\"@type\":\"ImageObject\",\"inLanguage\":\"es\",\"@id\":\"https:\/\/infoecos.com.ar\/#\/schema\/logo\/image\/\",\"url\":\"https:\/\/infoecos.com.ar\/wp-content\/uploads\/2024\/03\/cropped-logo.png\",\"contentUrl\":\"https:\/\/infoecos.com.ar\/wp-content\/uploads\/2024\/03\/cropped-logo.png\",\"width\":374,\"height\":90,\"caption\":\"Infoecos\"},\"image\":{\"@id\":\"https:\/\/infoecos.com.ar\/#\/schema\/logo\/image\/\"},\"sameAs\":[\"https:\/\/www.facebook.com\/profile.php?id=100063200290284\",\"https:\/\/x.com\/infoecos\"]},{\"@type\":\"Person\",\"@id\":\"https:\/\/infoecos.com.ar\/#\/schema\/person\/8f5ace5ce73b4b4aac4b7245aee6f191\",\"name\":\"Jorge Matheus\",\"url\":\"https:\/\/infoecos.com.ar\/index.php\/author\/jomatheus\/\"}]}<\/script>\n<!-- \/ Yoast SEO plugin. -->","yoast_head_json":{"title":"Los Argentinos debemos abrazarnos m\u00e1s... - Infoecos","robots":{"index":"index","follow":"follow","max-snippet":"max-snippet:-1","max-image-preview":"max-image-preview:large","max-video-preview":"max-video-preview:-1"},"canonical":"https:\/\/infoecos.com.ar\/index.php\/los-argentinos-debemos-abrazarnos-mas\/","og_locale":"es_ES","og_type":"article","og_title":"Los Argentinos debemos abrazarnos m\u00e1s... - Infoecos","og_description":"Gane qui\u00e9n gane esta primera prueba electoral, y los que pasen a la final, tienen que tener un discurso m\u00e1s nacionalista, no desde el punto de vista ideol\u00f3gico. Desde lo hist\u00f3rico, social, geogr\u00e1fico","og_url":"https:\/\/infoecos.com.ar\/index.php\/los-argentinos-debemos-abrazarnos-mas\/","og_site_name":"Infoecos","article_publisher":"https:\/\/www.facebook.com\/profile.php?id=100063200290284","article_published_time":"2023-08-09T04:51:08+00:00","article_modified_time":"2023-08-13T01:59:39+00:00","og_image":[{"width":640,"height":445,"url":"https:\/\/infoecos.com.ar\/wp-content\/uploads\/banderaargentina-1-640x445-3.jpg","type":"image\/jpeg"}],"author":"Jorge Matheus","twitter_card":"summary_large_image","twitter_creator":"@infoecos","twitter_site":"@infoecos","twitter_misc":{"Escrito por":"Jorge Matheus","Tiempo de lectura":"3 minutos"},"schema":{"@context":"https:\/\/schema.org","@graph":[{"@type":"Article","@id":"https:\/\/infoecos.com.ar\/index.php\/los-argentinos-debemos-abrazarnos-mas\/#article","isPartOf":{"@id":"https:\/\/infoecos.com.ar\/index.php\/los-argentinos-debemos-abrazarnos-mas\/"},"author":{"name":"Jorge Matheus","@id":"https:\/\/infoecos.com.ar\/#\/schema\/person\/8f5ace5ce73b4b4aac4b7245aee6f191"},"headline":"Los Argentinos debemos abrazarnos m\u00e1s&#8230;","datePublished":"2023-08-09T04:51:08+00:00","dateModified":"2023-08-13T01:59:39+00:00","mainEntityOfPage":{"@id":"https:\/\/infoecos.com.ar\/index.php\/los-argentinos-debemos-abrazarnos-mas\/"},"wordCount":452,"publisher":{"@id":"https:\/\/infoecos.com.ar\/#organization"},"image":{"@id":"https:\/\/infoecos.com.ar\/index.php\/los-argentinos-debemos-abrazarnos-mas\/#primaryimage"},"thumbnailUrl":"","keywords":["Opini\u00f3n"],"articleSection":["Audio","Bloque inferior - 16","Video"],"inLanguage":"es"},{"@type":"WebPage","@id":"https:\/\/infoecos.com.ar\/index.php\/los-argentinos-debemos-abrazarnos-mas\/","url":"https:\/\/infoecos.com.ar\/index.php\/los-argentinos-debemos-abrazarnos-mas\/","name":"Los Argentinos debemos abrazarnos m\u00e1s... - Infoecos","isPartOf":{"@id":"https:\/\/infoecos.com.ar\/#website"},"primaryImageOfPage":{"@id":"https:\/\/infoecos.com.ar\/index.php\/los-argentinos-debemos-abrazarnos-mas\/#primaryimage"},"image":{"@id":"https:\/\/infoecos.com.ar\/index.php\/los-argentinos-debemos-abrazarnos-mas\/#primaryimage"},"thumbnailUrl":"","datePublished":"2023-08-09T04:51:08+00:00","dateModified":"2023-08-13T01:59:39+00:00","breadcrumb":{"@id":"https:\/\/infoecos.com.ar\/index.php\/los-argentinos-debemos-abrazarnos-mas\/#breadcrumb"},"inLanguage":"es","potentialAction":[{"@type":"ReadAction","target":["https:\/\/infoecos.com.ar\/index.php\/los-argentinos-debemos-abrazarnos-mas\/"]}]},{"@type":"ImageObject","inLanguage":"es","@id":"https:\/\/infoecos.com.ar\/index.php\/los-argentinos-debemos-abrazarnos-mas\/#primaryimage","url":"","contentUrl":""},{"@type":"BreadcrumbList","@id":"https:\/\/infoecos.com.ar\/index.php\/los-argentinos-debemos-abrazarnos-mas\/#breadcrumb","itemListElement":[{"@type":"ListItem","position":1,"name":"Portada","item":"https:\/\/infoecos.com.ar\/"},{"@type":"ListItem","position":2,"name":"Los Argentinos debemos abrazarnos m\u00e1s&#8230;"}]},{"@type":"WebSite","@id":"https:\/\/infoecos.com.ar\/#website","url":"https:\/\/infoecos.com.ar\/","name":"Infoecos","description":"Noticias de trenque lauquen y la zona","publisher":{"@id":"https:\/\/infoecos.com.ar\/#organization"},"alternateName":"Noticias","potentialAction":[{"@type":"SearchAction","target":{"@type":"EntryPoint","urlTemplate":"https:\/\/infoecos.com.ar\/?s={search_term_string}"},"query-input":{"@type":"PropertyValueSpecification","valueRequired":true,"valueName":"search_term_string"}}],"inLanguage":"es"},{"@type":"Organization","@id":"https:\/\/infoecos.com.ar\/#organization","name":"Infoecos","alternateName":"Noticias","url":"https:\/\/infoecos.com.ar\/","logo":{"@type":"ImageObject","inLanguage":"es","@id":"https:\/\/infoecos.com.ar\/#\/schema\/logo\/image\/","url":"https:\/\/infoecos.com.ar\/wp-content\/uploads\/2024\/03\/cropped-logo.png","contentUrl":"https:\/\/infoecos.com.ar\/wp-content\/uploads\/2024\/03\/cropped-logo.png","width":374,"height":90,"caption":"Infoecos"},"image":{"@id":"https:\/\/infoecos.com.ar\/#\/schema\/logo\/image\/"},"sameAs":["https:\/\/www.facebook.com\/profile.php?id=100063200290284","https:\/\/x.com\/infoecos"]},{"@type":"Person","@id":"https:\/\/infoecos.com.ar\/#\/schema\/person\/8f5ace5ce73b4b4aac4b7245aee6f191","name":"Jorge Matheus","url":"https:\/\/infoecos.com.ar\/index.php\/author\/jomatheus\/"}]}},"featured_image_urls":{"full":"","thumbnail":"","medium":"","medium_large":"","large":"","1536x1536":"","2048x2048":"","covernews-slider-full":"","covernews-slider-center":"","covernews-featured":"","covernews-medium":"","covernews-medium-square":""},"author_info":{"info":["Jorge Matheus"]},"category_info":"<a href=\"https:\/\/infoecos.com.ar\/index.php\/category\/audio\/\" rel=\"category tag\">Audio<\/a> <a href=\"https:\/\/infoecos.com.ar\/index.php\/category\/inferior16\/\" rel=\"category tag\">Bloque inferior - 16<\/a> <a href=\"https:\/\/infoecos.com.ar\/index.php\/category\/video\/\" rel=\"category tag\">Video<\/a>","tag_info":"Video","comment_count":"0","_links":{"self":[{"href":"https:\/\/infoecos.com.ar\/index.php\/wp-json\/wp\/v2\/posts\/109471"}],"collection":[{"href":"https:\/\/infoecos.com.ar\/index.php\/wp-json\/wp\/v2\/posts"}],"about":[{"href":"https:\/\/infoecos.com.ar\/index.php\/wp-json\/wp\/v2\/types\/post"}],"author":[{"embeddable":true,"href":"https:\/\/infoecos.com.ar\/index.php\/wp-json\/wp\/v2\/users\/2"}],"replies":[{"embeddable":true,"href":"https:\/\/infoecos.com.ar\/index.php\/wp-json\/wp\/v2\/comments?post=109471"}],"version-history":[{"count":3,"href":"https:\/\/infoecos.com.ar\/index.php\/wp-json\/wp\/v2\/posts\/109471\/revisions"}],"predecessor-version":[{"id":109478,"href":"https:\/\/infoecos.com.ar\/index.php\/wp-json\/wp\/v2\/posts\/109471\/revisions\/109478"}],"wp:featuredmedia":[{"embeddable":true,"href":"https:\/\/infoecos.com.ar\/index.php\/wp-json\/"}],"wp:attachment":[{"href":"https:\/\/infoecos.com.ar\/index.php\/wp-json\/wp\/v2\/media?parent=109471"}],"wp:term":[{"taxonomy":"category","embeddable":true,"href":"https:\/\/infoecos.com.ar\/index.php\/wp-json\/wp\/v2\/categories?post=109471"},{"taxonomy":"post_tag","embeddable":true,"href":"https:\/\/infoecos.com.ar\/index.php\/wp-json\/wp\/v2\/tags?post=109471"}],"curies":[{"name":"wp","href":"https:\/\/api.w.org\/{rel}","templated":true}]}}