{"id":109506,"date":"2023-08-09T13:39:26","date_gmt":"2023-08-09T16:39:26","guid":{"rendered":"https:\/\/infoecos.com.ar\/?p=109506"},"modified":"2023-08-11T02:05:23","modified_gmt":"2023-08-11T05:05:23","slug":"carbap-en-un-comunicado-con-mas-criticas-al-manejo-economico-que-incrementa-la-pobreza","status":"publish","type":"post","link":"https:\/\/infoecos.com.ar\/index.php\/carbap-en-un-comunicado-con-mas-criticas-al-manejo-economico-que-incrementa-la-pobreza\/","title":{"rendered":"CARBAP con m\u00e1s cr\u00edticas al manejo econ\u00f3mico que \u00abincrementa la pobreza\u00bb"},"content":{"rendered":"\n<p>El Consejo Directivo de Confederaciones Rurales de Buenos Aires y La Pampa dio a conocer un comunicado donde hace referencia al proceso electoral que se est\u00e1 desarrollando, para plantear una serie de inquietudes y transmitir reclamos del sector agropecuario.<\/p>\n\n\n\n<figure class=\"wp-block-image aligncenter size-large is-resized\"><img loading=\"lazy\" decoding=\"async\" src=\"https:\/\/infoecos.com.ar\/wp-content\/uploads\/2023\/08\/carbaplapatriaempobrecida-1-1600x1200.jpg\" alt=\"\" class=\"wp-image-109508\" width=\"487\" height=\"365\" srcset=\"https:\/\/infoecos.com.ar\/wp-content\/uploads\/2023\/08\/carbaplapatriaempobrecida-1-1600x1200.jpg 1600w, https:\/\/infoecos.com.ar\/wp-content\/uploads\/2023\/08\/carbaplapatriaempobrecida-1-800x600.jpg 800w, https:\/\/infoecos.com.ar\/wp-content\/uploads\/2023\/08\/carbaplapatriaempobrecida-1-768x576.jpg 768w, https:\/\/infoecos.com.ar\/wp-content\/uploads\/2023\/08\/carbaplapatriaempobrecida-1-1536x1152.jpg 1536w, https:\/\/infoecos.com.ar\/wp-content\/uploads\/2023\/08\/carbaplapatriaempobrecida-1-2048x1536.jpg 2048w, https:\/\/infoecos.com.ar\/wp-content\/uploads\/2023\/08\/carbaplapatriaempobrecida-1-1024x768.jpg 1024w\" sizes=\"(max-width: 487px) 100vw, 487px\" \/><\/figure>\n\n\n\n<p>Bajo el t\u00edtulo, La Patria Empobrecida se expone lo siguiente:<\/p>\n\n\n\n<p><em>Vivimos tiempos tormentosos en nuestro pa\u00eds. Estamos a pocos d\u00edas de un nuevo proceso eleccionario en donde se empezara a decidir qui\u00e9n suceder\u00e1 al gobierno actual encabezado por Alberto Fern\u00e1ndez y Cristina Fern\u00e1ndez de Kirchner.<\/em><\/p>\n\n\n\n<p><em>Un Gobierno que continua viviendo una gran fiesta fiscal sin bajar ni un peso del gasto p\u00fablico, forzando al FMI a alargar las negociaciones endeudando a los argentinos a\u00fan m\u00e1s, hipotecando el futuro de nuestro pa\u00eds y empeorando la calidad de vida de todos los ciudadanos.<\/em><\/p>\n\n\n\n<p><em>Y desde hace un a\u00f1o, viviendo con las nefastas medidas del ministerio de Econom\u00eda a cargo de Sergio Massa, con un acelerado &nbsp;contexto de alt\u00edsima inflaci\u00f3n, un cepo cambiario feroz, un&nbsp; tipo de cambio distorsionado, agravado por una profunda sequ\u00eda que golpe\u00f3 brutalmente a la producci\u00f3n y a los productores. En este contexto el Gobierno sigue adoptando medidas de neto corte fiscalista y oportunistas, para poder seguir&nbsp; ganando tiempo en el marco de los tiempos electorales.<\/em><\/p>\n\n\n\n<p><em>Se trata de medidas que afectan&nbsp; a todos los argentinos. Medidas que acent\u00faan la pobreza. Medidas que encarecen el acceso al p\u00fablico del d\u00f3lar solidario, encarece las importaciones (salvo de empresarios amigos) subiendo selectivamente el tipo de cambio y extendiendo el impuesto PAIS, impidiendo el acceso a insumos fundamentales para la producci\u00f3n (caso fertilizantes, repuestos, etc) , sube el tipo de cambio (de manera artificial) para exportaciones agropecuarias ( caso ma\u00edz, cebada, etc) , agroindustriales y de econom\u00edas regionales hasta el 31 de agosto,&nbsp; provocando una gran distorsi\u00f3n en mercados y producciones atadas a esos productos, como la lecher\u00eda, avicultura, feedlots, porcinos, etc<\/em>.<\/p>\n\n\n\n<p><em>En las intervenciones en los mercados siempre se vislumbra alguna connivencia entre partes. Tras la \u00faltima medida con impacto en el ma\u00edz, el precio del disponible cay\u00f3 fuertemente siendo sin duda el mayor perjudicado el productor y diluy\u00e9ndose los \u201cpseudos beneficios\u201d de un mejor tipo de cambio. Negocios entre amigos de espalda al productor, que es el que trabaja y arriesga.<\/em><\/p>\n\n\n\n<p><em>En la cadena agropecuaria, no somos todos iguales. Algunos siempre obtienen beneficios de las distorsiones. Miran para otro lado cuando se publican resoluciones del Ministerio de Econom\u00eda que las favorecen.<\/em><\/p>\n\n\n\n<p><em>El Gobierno ha impuesto una devaluaci\u00f3n encubierta, que pagan todos los argentinos. Aumenta el sistema de tipos de cambio m\u00faltiple que hoy tiene la econom\u00eda en busca de 2.000 millones de d\u00f3lares que liquidar\u00edan los exportadores que solo alcanzar\u00eda para achicar un 30 % aprox. las reservas negativas del BCRA. Esos d\u00f3lares que el Gobierno paga por exportaciones a $340 , luego se los vende a los importadores al d\u00f3lar oficial de $ 285, perdiendo $55 por d\u00f3lar, sumando emisi\u00f3n, sumando inflaci\u00f3n que pagamos todos los argentinos. Medidas a las que se suma el nuevo adelanto del Impuesto a las Ganancias compulsivo decretado recientemente por el Gobierno, generando una mayor presi\u00f3n tributaria aun sobre los privados<\/em>.<\/p>\n\n\n\n<p><em>Es por eso que hay que poner punto final a este desmanejo. En las pr\u00f3ximas elecciones hay una nueva oportunidad. Porque la patria es de todos, y no solo de los que se unen tan solo para ganar una elecci\u00f3n.<\/em><\/p>\n","protected":false},"excerpt":{"rendered":"<p>\u00abDesde hace un a\u00f1o, viviendo con las nefastas medidas del ministerio de Econom\u00eda a cargo de Sergio Massa, con un acelerado \u00a0contexto de alt\u00edsima inflaci\u00f3n, un cepo cambiario feroz, un\u00a0 tipo de cambio distorsionado, agravado por una profunda sequ\u00eda que golpe\u00f3 brutalmente a la producci\u00f3n y a los productores\u00bb, expone entre otras cosas<\/p>\n","protected":false},"author":2,"featured_media":78314,"comment_status":"closed","ping_status":"open","sticky":false,"template":"","format":"standard","meta":{"footnotes":""},"categories":[1325],"tags":[8700],"class_list":["post-109506","post","type-post","status-publish","format-standard","has-post-thumbnail","hentry","category-c1nota6","tag-agudiza-cuestionamientos"],"yoast_head":"<!-- This site is optimized with the Yoast SEO plugin v23.4 - https:\/\/yoast.com\/wordpress\/plugins\/seo\/ -->\n<title>CARBAP con m\u00e1s cr\u00edticas al manejo econ\u00f3mico que &quot;incrementa la pobreza&quot; - Infoecos<\/title>\n<meta name=\"robots\" content=\"index, follow, max-snippet:-1, max-image-preview:large, max-video-preview:-1\" \/>\n<link rel=\"canonical\" href=\"https:\/\/infoecos.com.ar\/index.php\/carbap-en-un-comunicado-con-mas-criticas-al-manejo-economico-que-incrementa-la-pobreza\/\" \/>\n<meta property=\"og:locale\" content=\"es_ES\" \/>\n<meta property=\"og:type\" content=\"article\" \/>\n<meta property=\"og:title\" content=\"CARBAP con m\u00e1s cr\u00edticas al manejo econ\u00f3mico que &quot;incrementa la pobreza&quot; - Infoecos\" \/>\n<meta property=\"og:description\" content=\"&quot;Desde hace un a\u00f1o, viviendo con las nefastas medidas del ministerio de Econom\u00eda a cargo de Sergio Massa, con un acelerado \u00a0contexto de alt\u00edsima inflaci\u00f3n, un cepo cambiario feroz, un\u00a0 tipo de cambio distorsionado, agravado por una profunda sequ\u00eda que golpe\u00f3 brutalmente a la producci\u00f3n y a los productores&quot;, expone entre otras cosas\" \/>\n<meta property=\"og:url\" content=\"https:\/\/infoecos.com.ar\/index.php\/carbap-en-un-comunicado-con-mas-criticas-al-manejo-economico-que-incrementa-la-pobreza\/\" \/>\n<meta property=\"og:site_name\" content=\"Infoecos\" \/>\n<meta property=\"article:publisher\" content=\"https:\/\/www.facebook.com\/profile.php?id=100063200290284\" \/>\n<meta property=\"article:published_time\" content=\"2023-08-09T16:39:26+00:00\" \/>\n<meta property=\"article:modified_time\" content=\"2023-08-11T05:05:23+00:00\" \/>\n<meta property=\"og:image\" content=\"https:\/\/infoecos.com.ar\/wp-content\/uploads\/2021\/05\/carbap.jpg\" \/>\n\t<meta property=\"og:image:width\" content=\"640\" \/>\n\t<meta property=\"og:image:height\" content=\"359\" \/>\n\t<meta property=\"og:image:type\" content=\"image\/jpeg\" \/>\n<meta name=\"author\" content=\"Jorge Matheus\" \/>\n<meta name=\"twitter:card\" content=\"summary_large_image\" \/>\n<meta name=\"twitter:creator\" content=\"@infoecos\" \/>\n<meta name=\"twitter:site\" content=\"@infoecos\" \/>\n<meta name=\"twitter:label1\" content=\"Escrito por\" \/>\n\t<meta name=\"twitter:data1\" content=\"Jorge Matheus\" \/>\n\t<meta name=\"twitter:label2\" content=\"Tiempo de lectura\" \/>\n\t<meta name=\"twitter:data2\" content=\"3 minutos\" \/>\n<script type=\"application\/ld+json\" class=\"yoast-schema-graph\">{\"@context\":\"https:\/\/schema.org\",\"@graph\":[{\"@type\":\"Article\",\"@id\":\"https:\/\/infoecos.com.ar\/index.php\/carbap-en-un-comunicado-con-mas-criticas-al-manejo-economico-que-incrementa-la-pobreza\/#article\",\"isPartOf\":{\"@id\":\"https:\/\/infoecos.com.ar\/index.php\/carbap-en-un-comunicado-con-mas-criticas-al-manejo-economico-que-incrementa-la-pobreza\/\"},\"author\":{\"name\":\"Jorge Matheus\",\"@id\":\"https:\/\/infoecos.com.ar\/#\/schema\/person\/8f5ace5ce73b4b4aac4b7245aee6f191\"},\"headline\":\"CARBAP con m\u00e1s cr\u00edticas al manejo econ\u00f3mico que \u00abincrementa la pobreza\u00bb\",\"datePublished\":\"2023-08-09T16:39:26+00:00\",\"dateModified\":\"2023-08-11T05:05:23+00:00\",\"mainEntityOfPage\":{\"@id\":\"https:\/\/infoecos.com.ar\/index.php\/carbap-en-un-comunicado-con-mas-criticas-al-manejo-economico-que-incrementa-la-pobreza\/\"},\"wordCount\":604,\"publisher\":{\"@id\":\"https:\/\/infoecos.com.ar\/#organization\"},\"image\":{\"@id\":\"https:\/\/infoecos.com.ar\/index.php\/carbap-en-un-comunicado-con-mas-criticas-al-manejo-economico-que-incrementa-la-pobreza\/#primaryimage\"},\"thumbnailUrl\":\"https:\/\/infoecos.com.ar\/wp-content\/uploads\/2021\/05\/carbap.jpg\",\"keywords\":[\"AGUDIZA CUESTIONAMIENTOS\"],\"articleSection\":[\"C1 nota 6\"],\"inLanguage\":\"es\"},{\"@type\":\"WebPage\",\"@id\":\"https:\/\/infoecos.com.ar\/index.php\/carbap-en-un-comunicado-con-mas-criticas-al-manejo-economico-que-incrementa-la-pobreza\/\",\"url\":\"https:\/\/infoecos.com.ar\/index.php\/carbap-en-un-comunicado-con-mas-criticas-al-manejo-economico-que-incrementa-la-pobreza\/\",\"name\":\"CARBAP con m\u00e1s cr\u00edticas al manejo econ\u00f3mico que \\\"incrementa la pobreza\\\" - Infoecos\",\"isPartOf\":{\"@id\":\"https:\/\/infoecos.com.ar\/#website\"},\"primaryImageOfPage\":{\"@id\":\"https:\/\/infoecos.com.ar\/index.php\/carbap-en-un-comunicado-con-mas-criticas-al-manejo-economico-que-incrementa-la-pobreza\/#primaryimage\"},\"image\":{\"@id\":\"https:\/\/infoecos.com.ar\/index.php\/carbap-en-un-comunicado-con-mas-criticas-al-manejo-economico-que-incrementa-la-pobreza\/#primaryimage\"},\"thumbnailUrl\":\"https:\/\/infoecos.com.ar\/wp-content\/uploads\/2021\/05\/carbap.jpg\",\"datePublished\":\"2023-08-09T16:39:26+00:00\",\"dateModified\":\"2023-08-11T05:05:23+00:00\",\"breadcrumb\":{\"@id\":\"https:\/\/infoecos.com.ar\/index.php\/carbap-en-un-comunicado-con-mas-criticas-al-manejo-economico-que-incrementa-la-pobreza\/#breadcrumb\"},\"inLanguage\":\"es\",\"potentialAction\":[{\"@type\":\"ReadAction\",\"target\":[\"https:\/\/infoecos.com.ar\/index.php\/carbap-en-un-comunicado-con-mas-criticas-al-manejo-economico-que-incrementa-la-pobreza\/\"]}]},{\"@type\":\"ImageObject\",\"inLanguage\":\"es\",\"@id\":\"https:\/\/infoecos.com.ar\/index.php\/carbap-en-un-comunicado-con-mas-criticas-al-manejo-economico-que-incrementa-la-pobreza\/#primaryimage\",\"url\":\"https:\/\/infoecos.com.ar\/wp-content\/uploads\/2021\/05\/carbap.jpg\",\"contentUrl\":\"https:\/\/infoecos.com.ar\/wp-content\/uploads\/2021\/05\/carbap.jpg\",\"width\":640,\"height\":359},{\"@type\":\"BreadcrumbList\",\"@id\":\"https:\/\/infoecos.com.ar\/index.php\/carbap-en-un-comunicado-con-mas-criticas-al-manejo-economico-que-incrementa-la-pobreza\/#breadcrumb\",\"itemListElement\":[{\"@type\":\"ListItem\",\"position\":1,\"name\":\"Portada\",\"item\":\"https:\/\/infoecos.com.ar\/\"},{\"@type\":\"ListItem\",\"position\":2,\"name\":\"CARBAP con m\u00e1s cr\u00edticas al manejo econ\u00f3mico que \u00abincrementa la pobreza\u00bb\"}]},{\"@type\":\"WebSite\",\"@id\":\"https:\/\/infoecos.com.ar\/#website\",\"url\":\"https:\/\/infoecos.com.ar\/\",\"name\":\"Infoecos\",\"description\":\"Noticias de trenque lauquen y la zona\",\"publisher\":{\"@id\":\"https:\/\/infoecos.com.ar\/#organization\"},\"alternateName\":\"Noticias\",\"potentialAction\":[{\"@type\":\"SearchAction\",\"target\":{\"@type\":\"EntryPoint\",\"urlTemplate\":\"https:\/\/infoecos.com.ar\/?s={search_term_string}\"},\"query-input\":{\"@type\":\"PropertyValueSpecification\",\"valueRequired\":true,\"valueName\":\"search_term_string\"}}],\"inLanguage\":\"es\"},{\"@type\":\"Organization\",\"@id\":\"https:\/\/infoecos.com.ar\/#organization\",\"name\":\"Infoecos\",\"alternateName\":\"Noticias\",\"url\":\"https:\/\/infoecos.com.ar\/\",\"logo\":{\"@type\":\"ImageObject\",\"inLanguage\":\"es\",\"@id\":\"https:\/\/infoecos.com.ar\/#\/schema\/logo\/image\/\",\"url\":\"https:\/\/infoecos.com.ar\/wp-content\/uploads\/2024\/03\/cropped-logo.png\",\"contentUrl\":\"https:\/\/infoecos.com.ar\/wp-content\/uploads\/2024\/03\/cropped-logo.png\",\"width\":374,\"height\":90,\"caption\":\"Infoecos\"},\"image\":{\"@id\":\"https:\/\/infoecos.com.ar\/#\/schema\/logo\/image\/\"},\"sameAs\":[\"https:\/\/www.facebook.com\/profile.php?id=100063200290284\",\"https:\/\/x.com\/infoecos\"]},{\"@type\":\"Person\",\"@id\":\"https:\/\/infoecos.com.ar\/#\/schema\/person\/8f5ace5ce73b4b4aac4b7245aee6f191\",\"name\":\"Jorge Matheus\",\"url\":\"https:\/\/infoecos.com.ar\/index.php\/author\/jomatheus\/\"}]}<\/script>\n<!-- \/ Yoast SEO plugin. -->","yoast_head_json":{"title":"CARBAP con m\u00e1s cr\u00edticas al manejo econ\u00f3mico que \"incrementa la pobreza\" - Infoecos","robots":{"index":"index","follow":"follow","max-snippet":"max-snippet:-1","max-image-preview":"max-image-preview:large","max-video-preview":"max-video-preview:-1"},"canonical":"https:\/\/infoecos.com.ar\/index.php\/carbap-en-un-comunicado-con-mas-criticas-al-manejo-economico-que-incrementa-la-pobreza\/","og_locale":"es_ES","og_type":"article","og_title":"CARBAP con m\u00e1s cr\u00edticas al manejo econ\u00f3mico que \"incrementa la pobreza\" - Infoecos","og_description":"\"Desde hace un a\u00f1o, viviendo con las nefastas medidas del ministerio de Econom\u00eda a cargo de Sergio Massa, con un acelerado \u00a0contexto de alt\u00edsima inflaci\u00f3n, un cepo cambiario feroz, un\u00a0 tipo de cambio distorsionado, agravado por una profunda sequ\u00eda que golpe\u00f3 brutalmente a la producci\u00f3n y a los productores\", expone entre otras cosas","og_url":"https:\/\/infoecos.com.ar\/index.php\/carbap-en-un-comunicado-con-mas-criticas-al-manejo-economico-que-incrementa-la-pobreza\/","og_site_name":"Infoecos","article_publisher":"https:\/\/www.facebook.com\/profile.php?id=100063200290284","article_published_time":"2023-08-09T16:39:26+00:00","article_modified_time":"2023-08-11T05:05:23+00:00","og_image":[{"width":640,"height":359,"url":"https:\/\/infoecos.com.ar\/wp-content\/uploads\/2021\/05\/carbap.jpg","type":"image\/jpeg"}],"author":"Jorge Matheus","twitter_card":"summary_large_image","twitter_creator":"@infoecos","twitter_site":"@infoecos","twitter_misc":{"Escrito por":"Jorge Matheus","Tiempo de lectura":"3 minutos"},"schema":{"@context":"https:\/\/schema.org","@graph":[{"@type":"Article","@id":"https:\/\/infoecos.com.ar\/index.php\/carbap-en-un-comunicado-con-mas-criticas-al-manejo-economico-que-incrementa-la-pobreza\/#article","isPartOf":{"@id":"https:\/\/infoecos.com.ar\/index.php\/carbap-en-un-comunicado-con-mas-criticas-al-manejo-economico-que-incrementa-la-pobreza\/"},"author":{"name":"Jorge Matheus","@id":"https:\/\/infoecos.com.ar\/#\/schema\/person\/8f5ace5ce73b4b4aac4b7245aee6f191"},"headline":"CARBAP con m\u00e1s cr\u00edticas al manejo econ\u00f3mico que \u00abincrementa la pobreza\u00bb","datePublished":"2023-08-09T16:39:26+00:00","dateModified":"2023-08-11T05:05:23+00:00","mainEntityOfPage":{"@id":"https:\/\/infoecos.com.ar\/index.php\/carbap-en-un-comunicado-con-mas-criticas-al-manejo-economico-que-incrementa-la-pobreza\/"},"wordCount":604,"publisher":{"@id":"https:\/\/infoecos.com.ar\/#organization"},"image":{"@id":"https:\/\/infoecos.com.ar\/index.php\/carbap-en-un-comunicado-con-mas-criticas-al-manejo-economico-que-incrementa-la-pobreza\/#primaryimage"},"thumbnailUrl":"https:\/\/infoecos.com.ar\/wp-content\/uploads\/2021\/05\/carbap.jpg","keywords":["AGUDIZA CUESTIONAMIENTOS"],"articleSection":["C1 nota 6"],"inLanguage":"es"},{"@type":"WebPage","@id":"https:\/\/infoecos.com.ar\/index.php\/carbap-en-un-comunicado-con-mas-criticas-al-manejo-economico-que-incrementa-la-pobreza\/","url":"https:\/\/infoecos.com.ar\/index.php\/carbap-en-un-comunicado-con-mas-criticas-al-manejo-economico-que-incrementa-la-pobreza\/","name":"CARBAP con m\u00e1s cr\u00edticas al manejo econ\u00f3mico que \"incrementa la pobreza\" - Infoecos","isPartOf":{"@id":"https:\/\/infoecos.com.ar\/#website"},"primaryImageOfPage":{"@id":"https:\/\/infoecos.com.ar\/index.php\/carbap-en-un-comunicado-con-mas-criticas-al-manejo-economico-que-incrementa-la-pobreza\/#primaryimage"},"image":{"@id":"https:\/\/infoecos.com.ar\/index.php\/carbap-en-un-comunicado-con-mas-criticas-al-manejo-economico-que-incrementa-la-pobreza\/#primaryimage"},"thumbnailUrl":"https:\/\/infoecos.com.ar\/wp-content\/uploads\/2021\/05\/carbap.jpg","datePublished":"2023-08-09T16:39:26+00:00","dateModified":"2023-08-11T05:05:23+00:00","breadcrumb":{"@id":"https:\/\/infoecos.com.ar\/index.php\/carbap-en-un-comunicado-con-mas-criticas-al-manejo-economico-que-incrementa-la-pobreza\/#breadcrumb"},"inLanguage":"es","potentialAction":[{"@type":"ReadAction","target":["https:\/\/infoecos.com.ar\/index.php\/carbap-en-un-comunicado-con-mas-criticas-al-manejo-economico-que-incrementa-la-pobreza\/"]}]},{"@type":"ImageObject","inLanguage":"es","@id":"https:\/\/infoecos.com.ar\/index.php\/carbap-en-un-comunicado-con-mas-criticas-al-manejo-economico-que-incrementa-la-pobreza\/#primaryimage","url":"https:\/\/infoecos.com.ar\/wp-content\/uploads\/2021\/05\/carbap.jpg","contentUrl":"https:\/\/infoecos.com.ar\/wp-content\/uploads\/2021\/05\/carbap.jpg","width":640,"height":359},{"@type":"BreadcrumbList","@id":"https:\/\/infoecos.com.ar\/index.php\/carbap-en-un-comunicado-con-mas-criticas-al-manejo-economico-que-incrementa-la-pobreza\/#breadcrumb","itemListElement":[{"@type":"ListItem","position":1,"name":"Portada","item":"https:\/\/infoecos.com.ar\/"},{"@type":"ListItem","position":2,"name":"CARBAP con m\u00e1s cr\u00edticas al manejo econ\u00f3mico que \u00abincrementa la pobreza\u00bb"}]},{"@type":"WebSite","@id":"https:\/\/infoecos.com.ar\/#website","url":"https:\/\/infoecos.com.ar\/","name":"Infoecos","description":"Noticias de trenque lauquen y la zona","publisher":{"@id":"https:\/\/infoecos.com.ar\/#organization"},"alternateName":"Noticias","potentialAction":[{"@type":"SearchAction","target":{"@type":"EntryPoint","urlTemplate":"https:\/\/infoecos.com.ar\/?s={search_term_string}"},"query-input":{"@type":"PropertyValueSpecification","valueRequired":true,"valueName":"search_term_string"}}],"inLanguage":"es"},{"@type":"Organization","@id":"https:\/\/infoecos.com.ar\/#organization","name":"Infoecos","alternateName":"Noticias","url":"https:\/\/infoecos.com.ar\/","logo":{"@type":"ImageObject","inLanguage":"es","@id":"https:\/\/infoecos.com.ar\/#\/schema\/logo\/image\/","url":"https:\/\/infoecos.com.ar\/wp-content\/uploads\/2024\/03\/cropped-logo.png","contentUrl":"https:\/\/infoecos.com.ar\/wp-content\/uploads\/2024\/03\/cropped-logo.png","width":374,"height":90,"caption":"Infoecos"},"image":{"@id":"https:\/\/infoecos.com.ar\/#\/schema\/logo\/image\/"},"sameAs":["https:\/\/www.facebook.com\/profile.php?id=100063200290284","https:\/\/x.com\/infoecos"]},{"@type":"Person","@id":"https:\/\/infoecos.com.ar\/#\/schema\/person\/8f5ace5ce73b4b4aac4b7245aee6f191","name":"Jorge Matheus","url":"https:\/\/infoecos.com.ar\/index.php\/author\/jomatheus\/"}]}},"featured_image_urls":{"full":["https:\/\/infoecos.com.ar\/wp-content\/uploads\/2021\/05\/carbap.jpg",640,359,false],"thumbnail":["https:\/\/infoecos.com.ar\/wp-content\/uploads\/2021\/05\/carbap-150x150.jpg",150,150,true],"medium":["https:\/\/infoecos.com.ar\/wp-content\/uploads\/2021\/05\/carbap-460x258.jpg",460,258,true],"medium_large":["https:\/\/infoecos.com.ar\/wp-content\/uploads\/2021\/05\/carbap.jpg",640,359,false],"large":["https:\/\/infoecos.com.ar\/wp-content\/uploads\/2021\/05\/carbap.jpg",640,359,false],"1536x1536":["https:\/\/infoecos.com.ar\/wp-content\/uploads\/2021\/05\/carbap.jpg",640,359,false],"2048x2048":["https:\/\/infoecos.com.ar\/wp-content\/uploads\/2021\/05\/carbap.jpg",640,359,false],"covernews-slider-full":["https:\/\/infoecos.com.ar\/wp-content\/uploads\/2021\/05\/carbap.jpg",640,359,false],"covernews-slider-center":["https:\/\/infoecos.com.ar\/wp-content\/uploads\/2021\/05\/carbap.jpg",640,359,false],"covernews-featured":["https:\/\/infoecos.com.ar\/wp-content\/uploads\/2021\/05\/carbap.jpg",640,359,false],"covernews-medium":["https:\/\/infoecos.com.ar\/wp-content\/uploads\/2021\/05\/carbap.jpg",540,303,false],"covernews-medium-square":["https:\/\/infoecos.com.ar\/wp-content\/uploads\/2021\/05\/carbap.jpg",400,224,false]},"author_info":{"info":["Jorge Matheus"]},"category_info":"<a href=\"https:\/\/infoecos.com.ar\/index.php\/category\/c1nota6\/\" rel=\"category tag\">C1 nota 6<\/a>","tag_info":"C1 nota 6","comment_count":"0","_links":{"self":[{"href":"https:\/\/infoecos.com.ar\/index.php\/wp-json\/wp\/v2\/posts\/109506"}],"collection":[{"href":"https:\/\/infoecos.com.ar\/index.php\/wp-json\/wp\/v2\/posts"}],"about":[{"href":"https:\/\/infoecos.com.ar\/index.php\/wp-json\/wp\/v2\/types\/post"}],"author":[{"embeddable":true,"href":"https:\/\/infoecos.com.ar\/index.php\/wp-json\/wp\/v2\/users\/2"}],"replies":[{"embeddable":true,"href":"https:\/\/infoecos.com.ar\/index.php\/wp-json\/wp\/v2\/comments?post=109506"}],"version-history":[{"count":3,"href":"https:\/\/infoecos.com.ar\/index.php\/wp-json\/wp\/v2\/posts\/109506\/revisions"}],"predecessor-version":[{"id":109563,"href":"https:\/\/infoecos.com.ar\/index.php\/wp-json\/wp\/v2\/posts\/109506\/revisions\/109563"}],"wp:featuredmedia":[{"embeddable":true,"href":"https:\/\/infoecos.com.ar\/index.php\/wp-json\/wp\/v2\/media\/78314"}],"wp:attachment":[{"href":"https:\/\/infoecos.com.ar\/index.php\/wp-json\/wp\/v2\/media?parent=109506"}],"wp:term":[{"taxonomy":"category","embeddable":true,"href":"https:\/\/infoecos.com.ar\/index.php\/wp-json\/wp\/v2\/categories?post=109506"},{"taxonomy":"post_tag","embeddable":true,"href":"https:\/\/infoecos.com.ar\/index.php\/wp-json\/wp\/v2\/tags?post=109506"}],"curies":[{"name":"wp","href":"https:\/\/api.w.org\/{rel}","templated":true}]}}