{"id":109580,"date":"2023-08-10T02:18:28","date_gmt":"2023-08-10T05:18:28","guid":{"rendered":"https:\/\/infoecos.com.ar\/?p=109580"},"modified":"2023-08-12T22:10:46","modified_gmt":"2023-08-13T01:10:46","slug":"cuento-del-tio-dos-personas-de-rosario-fueron-detenidas-en-banderalo","status":"publish","type":"post","link":"https:\/\/infoecos.com.ar\/index.php\/cuento-del-tio-dos-personas-de-rosario-fueron-detenidas-en-banderalo\/","title":{"rendered":"Cuento del T\u00edo: Dos personas de Rosario fueron detenidas en Banderal\u00f3"},"content":{"rendered":"\n<p>Personal del Destacamento Policial de Banderal\u00f3, del GTO General Villegas y DDI Trenque Lauquen, detuvieron este martes a dos sujetos de 31 y 36 a\u00f1os de edad, luego de llamados telef\u00f3nicos en la localidad bajo la modalidad Cuento del T\u00edo.<\/p>\n\n\n\n<figure class=\"wp-block-image aligncenter size-full is-resized\"><img loading=\"lazy\" decoding=\"async\" src=\"https:\/\/infoecos.com.ar\/wp-content\/uploads\/2023\/08\/cuentodeltio.jpg\" alt=\"\" class=\"wp-image-109581\" width=\"579\" height=\"327\"\/><figcaption class=\"wp-element-caption\">Rosarino arrestados en Banderal\u00f3 <\/figcaption><\/figure>\n\n\n\n<p>Ambos son oriundos de Rosario y, seg\u00fan inform\u00f3 el comisario inspector Carlos Ortellado, Jefe de la Polic\u00eda Comunal, podr\u00edan ser autores del mismo tipo de delito en Carlos Tejedor.<\/p>\n\n\n\n<p>Alexis Sebasti\u00e1n Vieyra (31) y Julio C\u00e9sar Vieyra (36) fueron interceptados por la polic\u00eda luego de que Cristina Galotti, vecina de Banderal\u00f3, alertara sobre llamados telef\u00f3nicos bajo la modalidad Cuento del T\u00edo en el pueblo.<\/p>\n\n\n\n<p>En este marco, se hicieron relevamientos en hoteles, estaciones de servicio y accesos a la localidad, logrando interceptar en calle Pio Masrram\u00f3n y Conrado Villegas el veh\u00edculo VW Gol Trend, patente AE951LA, en el que los sujetos se movilizaban.<\/p>\n\n\n\n<p>Llevaban 10 mil d\u00f3lares y 1 mill\u00f3n de pesos. <\/p>\n\n\n\n<p><strong>Fuente: diarioactualidad.com.ar<\/strong><\/p>\n","protected":false},"excerpt":{"rendered":"<p>Personal del Destacamento Policial de Banderal\u00f3, del GTO General Villegas y DDI Trenque Lauquen, detuvieron&#8230;<\/p>\n","protected":false},"author":2,"featured_media":109581,"comment_status":"closed","ping_status":"open","sticky":false,"template":"","format":"standard","meta":{"footnotes":""},"categories":[1333],"tags":[8714],"class_list":["post-109580","post","type-post","status-publish","format-standard","has-post-thumbnail","hentry","category-inferior13","tag-con-10-mil-dolares-y-1-millon-de-pesos"],"yoast_head":"<!-- This site is optimized with the Yoast SEO plugin v23.4 - https:\/\/yoast.com\/wordpress\/plugins\/seo\/ -->\n<title>Cuento del T\u00edo: Dos personas de Rosario fueron detenidas en Banderal\u00f3 - Infoecos<\/title>\n<meta name=\"robots\" content=\"index, follow, max-snippet:-1, max-image-preview:large, max-video-preview:-1\" \/>\n<link rel=\"canonical\" href=\"https:\/\/infoecos.com.ar\/index.php\/cuento-del-tio-dos-personas-de-rosario-fueron-detenidas-en-banderalo\/\" \/>\n<meta property=\"og:locale\" content=\"es_ES\" \/>\n<meta property=\"og:type\" content=\"article\" \/>\n<meta property=\"og:title\" content=\"Cuento del T\u00edo: Dos personas de Rosario fueron detenidas en Banderal\u00f3 - Infoecos\" \/>\n<meta property=\"og:description\" content=\"Personal del Destacamento Policial de Banderal\u00f3, del GTO General Villegas y DDI Trenque Lauquen, detuvieron...\" \/>\n<meta property=\"og:url\" content=\"https:\/\/infoecos.com.ar\/index.php\/cuento-del-tio-dos-personas-de-rosario-fueron-detenidas-en-banderalo\/\" \/>\n<meta property=\"og:site_name\" content=\"Infoecos\" \/>\n<meta property=\"article:publisher\" content=\"https:\/\/www.facebook.com\/profile.php?id=100063200290284\" \/>\n<meta property=\"article:published_time\" content=\"2023-08-10T05:18:28+00:00\" \/>\n<meta property=\"article:modified_time\" content=\"2023-08-13T01:10:46+00:00\" \/>\n<meta property=\"og:image\" content=\"https:\/\/infoecos.com.ar\/wp-content\/uploads\/2023\/08\/cuentodeltio.jpg\" \/>\n\t<meta property=\"og:image:width\" content=\"696\" \/>\n\t<meta property=\"og:image:height\" content=\"393\" \/>\n\t<meta property=\"og:image:type\" content=\"image\/jpeg\" \/>\n<meta name=\"author\" content=\"Jorge Matheus\" \/>\n<meta name=\"twitter:card\" content=\"summary_large_image\" \/>\n<meta name=\"twitter:creator\" content=\"@infoecos\" \/>\n<meta name=\"twitter:site\" content=\"@infoecos\" \/>\n<meta name=\"twitter:label1\" content=\"Escrito por\" \/>\n\t<meta name=\"twitter:data1\" content=\"Jorge Matheus\" \/>\n\t<meta name=\"twitter:label2\" content=\"Tiempo de lectura\" \/>\n\t<meta name=\"twitter:data2\" content=\"1 minuto\" \/>\n<script type=\"application\/ld+json\" class=\"yoast-schema-graph\">{\"@context\":\"https:\/\/schema.org\",\"@graph\":[{\"@type\":\"Article\",\"@id\":\"https:\/\/infoecos.com.ar\/index.php\/cuento-del-tio-dos-personas-de-rosario-fueron-detenidas-en-banderalo\/#article\",\"isPartOf\":{\"@id\":\"https:\/\/infoecos.com.ar\/index.php\/cuento-del-tio-dos-personas-de-rosario-fueron-detenidas-en-banderalo\/\"},\"author\":{\"name\":\"Jorge Matheus\",\"@id\":\"https:\/\/infoecos.com.ar\/#\/schema\/person\/8f5ace5ce73b4b4aac4b7245aee6f191\"},\"headline\":\"Cuento del T\u00edo: Dos personas de Rosario fueron detenidas en Banderal\u00f3\",\"datePublished\":\"2023-08-10T05:18:28+00:00\",\"dateModified\":\"2023-08-13T01:10:46+00:00\",\"mainEntityOfPage\":{\"@id\":\"https:\/\/infoecos.com.ar\/index.php\/cuento-del-tio-dos-personas-de-rosario-fueron-detenidas-en-banderalo\/\"},\"wordCount\":182,\"publisher\":{\"@id\":\"https:\/\/infoecos.com.ar\/#organization\"},\"image\":{\"@id\":\"https:\/\/infoecos.com.ar\/index.php\/cuento-del-tio-dos-personas-de-rosario-fueron-detenidas-en-banderalo\/#primaryimage\"},\"thumbnailUrl\":\"https:\/\/infoecos.com.ar\/wp-content\/uploads\/2023\/08\/cuentodeltio.jpg\",\"keywords\":[\"CON 10 MIL D\u00d3LARES Y 1 MILL\u00d3N DE PESOS\"],\"articleSection\":[\"Bloque inferior - 13\"],\"inLanguage\":\"es\"},{\"@type\":\"WebPage\",\"@id\":\"https:\/\/infoecos.com.ar\/index.php\/cuento-del-tio-dos-personas-de-rosario-fueron-detenidas-en-banderalo\/\",\"url\":\"https:\/\/infoecos.com.ar\/index.php\/cuento-del-tio-dos-personas-de-rosario-fueron-detenidas-en-banderalo\/\",\"name\":\"Cuento del T\u00edo: Dos personas de Rosario fueron detenidas en Banderal\u00f3 - Infoecos\",\"isPartOf\":{\"@id\":\"https:\/\/infoecos.com.ar\/#website\"},\"primaryImageOfPage\":{\"@id\":\"https:\/\/infoecos.com.ar\/index.php\/cuento-del-tio-dos-personas-de-rosario-fueron-detenidas-en-banderalo\/#primaryimage\"},\"image\":{\"@id\":\"https:\/\/infoecos.com.ar\/index.php\/cuento-del-tio-dos-personas-de-rosario-fueron-detenidas-en-banderalo\/#primaryimage\"},\"thumbnailUrl\":\"https:\/\/infoecos.com.ar\/wp-content\/uploads\/2023\/08\/cuentodeltio.jpg\",\"datePublished\":\"2023-08-10T05:18:28+00:00\",\"dateModified\":\"2023-08-13T01:10:46+00:00\",\"breadcrumb\":{\"@id\":\"https:\/\/infoecos.com.ar\/index.php\/cuento-del-tio-dos-personas-de-rosario-fueron-detenidas-en-banderalo\/#breadcrumb\"},\"inLanguage\":\"es\",\"potentialAction\":[{\"@type\":\"ReadAction\",\"target\":[\"https:\/\/infoecos.com.ar\/index.php\/cuento-del-tio-dos-personas-de-rosario-fueron-detenidas-en-banderalo\/\"]}]},{\"@type\":\"ImageObject\",\"inLanguage\":\"es\",\"@id\":\"https:\/\/infoecos.com.ar\/index.php\/cuento-del-tio-dos-personas-de-rosario-fueron-detenidas-en-banderalo\/#primaryimage\",\"url\":\"https:\/\/infoecos.com.ar\/wp-content\/uploads\/2023\/08\/cuentodeltio.jpg\",\"contentUrl\":\"https:\/\/infoecos.com.ar\/wp-content\/uploads\/2023\/08\/cuentodeltio.jpg\",\"width\":696,\"height\":393},{\"@type\":\"BreadcrumbList\",\"@id\":\"https:\/\/infoecos.com.ar\/index.php\/cuento-del-tio-dos-personas-de-rosario-fueron-detenidas-en-banderalo\/#breadcrumb\",\"itemListElement\":[{\"@type\":\"ListItem\",\"position\":1,\"name\":\"Portada\",\"item\":\"https:\/\/infoecos.com.ar\/\"},{\"@type\":\"ListItem\",\"position\":2,\"name\":\"Cuento del T\u00edo: Dos personas de Rosario fueron detenidas en Banderal\u00f3\"}]},{\"@type\":\"WebSite\",\"@id\":\"https:\/\/infoecos.com.ar\/#website\",\"url\":\"https:\/\/infoecos.com.ar\/\",\"name\":\"Infoecos\",\"description\":\"Noticias de trenque lauquen y la zona\",\"publisher\":{\"@id\":\"https:\/\/infoecos.com.ar\/#organization\"},\"alternateName\":\"Noticias\",\"potentialAction\":[{\"@type\":\"SearchAction\",\"target\":{\"@type\":\"EntryPoint\",\"urlTemplate\":\"https:\/\/infoecos.com.ar\/?s={search_term_string}\"},\"query-input\":{\"@type\":\"PropertyValueSpecification\",\"valueRequired\":true,\"valueName\":\"search_term_string\"}}],\"inLanguage\":\"es\"},{\"@type\":\"Organization\",\"@id\":\"https:\/\/infoecos.com.ar\/#organization\",\"name\":\"Infoecos\",\"alternateName\":\"Noticias\",\"url\":\"https:\/\/infoecos.com.ar\/\",\"logo\":{\"@type\":\"ImageObject\",\"inLanguage\":\"es\",\"@id\":\"https:\/\/infoecos.com.ar\/#\/schema\/logo\/image\/\",\"url\":\"https:\/\/infoecos.com.ar\/wp-content\/uploads\/2024\/03\/cropped-logo.png\",\"contentUrl\":\"https:\/\/infoecos.com.ar\/wp-content\/uploads\/2024\/03\/cropped-logo.png\",\"width\":374,\"height\":90,\"caption\":\"Infoecos\"},\"image\":{\"@id\":\"https:\/\/infoecos.com.ar\/#\/schema\/logo\/image\/\"},\"sameAs\":[\"https:\/\/www.facebook.com\/profile.php?id=100063200290284\",\"https:\/\/x.com\/infoecos\"]},{\"@type\":\"Person\",\"@id\":\"https:\/\/infoecos.com.ar\/#\/schema\/person\/8f5ace5ce73b4b4aac4b7245aee6f191\",\"name\":\"Jorge Matheus\",\"url\":\"https:\/\/infoecos.com.ar\/index.php\/author\/jomatheus\/\"}]}<\/script>\n<!-- \/ Yoast SEO plugin. -->","yoast_head_json":{"title":"Cuento del T\u00edo: Dos personas de Rosario fueron detenidas en Banderal\u00f3 - Infoecos","robots":{"index":"index","follow":"follow","max-snippet":"max-snippet:-1","max-image-preview":"max-image-preview:large","max-video-preview":"max-video-preview:-1"},"canonical":"https:\/\/infoecos.com.ar\/index.php\/cuento-del-tio-dos-personas-de-rosario-fueron-detenidas-en-banderalo\/","og_locale":"es_ES","og_type":"article","og_title":"Cuento del T\u00edo: Dos personas de Rosario fueron detenidas en Banderal\u00f3 - Infoecos","og_description":"Personal del Destacamento Policial de Banderal\u00f3, del GTO General Villegas y DDI Trenque Lauquen, detuvieron...","og_url":"https:\/\/infoecos.com.ar\/index.php\/cuento-del-tio-dos-personas-de-rosario-fueron-detenidas-en-banderalo\/","og_site_name":"Infoecos","article_publisher":"https:\/\/www.facebook.com\/profile.php?id=100063200290284","article_published_time":"2023-08-10T05:18:28+00:00","article_modified_time":"2023-08-13T01:10:46+00:00","og_image":[{"width":696,"height":393,"url":"https:\/\/infoecos.com.ar\/wp-content\/uploads\/2023\/08\/cuentodeltio.jpg","type":"image\/jpeg"}],"author":"Jorge Matheus","twitter_card":"summary_large_image","twitter_creator":"@infoecos","twitter_site":"@infoecos","twitter_misc":{"Escrito por":"Jorge Matheus","Tiempo de lectura":"1 minuto"},"schema":{"@context":"https:\/\/schema.org","@graph":[{"@type":"Article","@id":"https:\/\/infoecos.com.ar\/index.php\/cuento-del-tio-dos-personas-de-rosario-fueron-detenidas-en-banderalo\/#article","isPartOf":{"@id":"https:\/\/infoecos.com.ar\/index.php\/cuento-del-tio-dos-personas-de-rosario-fueron-detenidas-en-banderalo\/"},"author":{"name":"Jorge Matheus","@id":"https:\/\/infoecos.com.ar\/#\/schema\/person\/8f5ace5ce73b4b4aac4b7245aee6f191"},"headline":"Cuento del T\u00edo: Dos personas de Rosario fueron detenidas en Banderal\u00f3","datePublished":"2023-08-10T05:18:28+00:00","dateModified":"2023-08-13T01:10:46+00:00","mainEntityOfPage":{"@id":"https:\/\/infoecos.com.ar\/index.php\/cuento-del-tio-dos-personas-de-rosario-fueron-detenidas-en-banderalo\/"},"wordCount":182,"publisher":{"@id":"https:\/\/infoecos.com.ar\/#organization"},"image":{"@id":"https:\/\/infoecos.com.ar\/index.php\/cuento-del-tio-dos-personas-de-rosario-fueron-detenidas-en-banderalo\/#primaryimage"},"thumbnailUrl":"https:\/\/infoecos.com.ar\/wp-content\/uploads\/2023\/08\/cuentodeltio.jpg","keywords":["CON 10 MIL D\u00d3LARES Y 1 MILL\u00d3N DE PESOS"],"articleSection":["Bloque inferior - 13"],"inLanguage":"es"},{"@type":"WebPage","@id":"https:\/\/infoecos.com.ar\/index.php\/cuento-del-tio-dos-personas-de-rosario-fueron-detenidas-en-banderalo\/","url":"https:\/\/infoecos.com.ar\/index.php\/cuento-del-tio-dos-personas-de-rosario-fueron-detenidas-en-banderalo\/","name":"Cuento del T\u00edo: Dos personas de Rosario fueron detenidas en Banderal\u00f3 - Infoecos","isPartOf":{"@id":"https:\/\/infoecos.com.ar\/#website"},"primaryImageOfPage":{"@id":"https:\/\/infoecos.com.ar\/index.php\/cuento-del-tio-dos-personas-de-rosario-fueron-detenidas-en-banderalo\/#primaryimage"},"image":{"@id":"https:\/\/infoecos.com.ar\/index.php\/cuento-del-tio-dos-personas-de-rosario-fueron-detenidas-en-banderalo\/#primaryimage"},"thumbnailUrl":"https:\/\/infoecos.com.ar\/wp-content\/uploads\/2023\/08\/cuentodeltio.jpg","datePublished":"2023-08-10T05:18:28+00:00","dateModified":"2023-08-13T01:10:46+00:00","breadcrumb":{"@id":"https:\/\/infoecos.com.ar\/index.php\/cuento-del-tio-dos-personas-de-rosario-fueron-detenidas-en-banderalo\/#breadcrumb"},"inLanguage":"es","potentialAction":[{"@type":"ReadAction","target":["https:\/\/infoecos.com.ar\/index.php\/cuento-del-tio-dos-personas-de-rosario-fueron-detenidas-en-banderalo\/"]}]},{"@type":"ImageObject","inLanguage":"es","@id":"https:\/\/infoecos.com.ar\/index.php\/cuento-del-tio-dos-personas-de-rosario-fueron-detenidas-en-banderalo\/#primaryimage","url":"https:\/\/infoecos.com.ar\/wp-content\/uploads\/2023\/08\/cuentodeltio.jpg","contentUrl":"https:\/\/infoecos.com.ar\/wp-content\/uploads\/2023\/08\/cuentodeltio.jpg","width":696,"height":393},{"@type":"BreadcrumbList","@id":"https:\/\/infoecos.com.ar\/index.php\/cuento-del-tio-dos-personas-de-rosario-fueron-detenidas-en-banderalo\/#breadcrumb","itemListElement":[{"@type":"ListItem","position":1,"name":"Portada","item":"https:\/\/infoecos.com.ar\/"},{"@type":"ListItem","position":2,"name":"Cuento del T\u00edo: Dos personas de Rosario fueron detenidas en Banderal\u00f3"}]},{"@type":"WebSite","@id":"https:\/\/infoecos.com.ar\/#website","url":"https:\/\/infoecos.com.ar\/","name":"Infoecos","description":"Noticias de trenque lauquen y la zona","publisher":{"@id":"https:\/\/infoecos.com.ar\/#organization"},"alternateName":"Noticias","potentialAction":[{"@type":"SearchAction","target":{"@type":"EntryPoint","urlTemplate":"https:\/\/infoecos.com.ar\/?s={search_term_string}"},"query-input":{"@type":"PropertyValueSpecification","valueRequired":true,"valueName":"search_term_string"}}],"inLanguage":"es"},{"@type":"Organization","@id":"https:\/\/infoecos.com.ar\/#organization","name":"Infoecos","alternateName":"Noticias","url":"https:\/\/infoecos.com.ar\/","logo":{"@type":"ImageObject","inLanguage":"es","@id":"https:\/\/infoecos.com.ar\/#\/schema\/logo\/image\/","url":"https:\/\/infoecos.com.ar\/wp-content\/uploads\/2024\/03\/cropped-logo.png","contentUrl":"https:\/\/infoecos.com.ar\/wp-content\/uploads\/2024\/03\/cropped-logo.png","width":374,"height":90,"caption":"Infoecos"},"image":{"@id":"https:\/\/infoecos.com.ar\/#\/schema\/logo\/image\/"},"sameAs":["https:\/\/www.facebook.com\/profile.php?id=100063200290284","https:\/\/x.com\/infoecos"]},{"@type":"Person","@id":"https:\/\/infoecos.com.ar\/#\/schema\/person\/8f5ace5ce73b4b4aac4b7245aee6f191","name":"Jorge Matheus","url":"https:\/\/infoecos.com.ar\/index.php\/author\/jomatheus\/"}]}},"featured_image_urls":{"full":["https:\/\/infoecos.com.ar\/wp-content\/uploads\/2023\/08\/cuentodeltio.jpg",696,393,false],"thumbnail":["https:\/\/infoecos.com.ar\/wp-content\/uploads\/2023\/08\/cuentodeltio-300x150.jpg",300,150,true],"medium":["https:\/\/infoecos.com.ar\/wp-content\/uploads\/2023\/08\/cuentodeltio.jpg",696,393,false],"medium_large":["https:\/\/infoecos.com.ar\/wp-content\/uploads\/2023\/08\/cuentodeltio.jpg",640,361,false],"large":["https:\/\/infoecos.com.ar\/wp-content\/uploads\/2023\/08\/cuentodeltio.jpg",640,361,false],"1536x1536":["https:\/\/infoecos.com.ar\/wp-content\/uploads\/2023\/08\/cuentodeltio.jpg",696,393,false],"2048x2048":["https:\/\/infoecos.com.ar\/wp-content\/uploads\/2023\/08\/cuentodeltio.jpg",696,393,false],"covernews-slider-full":["https:\/\/infoecos.com.ar\/wp-content\/uploads\/2023\/08\/cuentodeltio.jpg",696,393,false],"covernews-slider-center":["https:\/\/infoecos.com.ar\/wp-content\/uploads\/2023\/08\/cuentodeltio.jpg",696,393,false],"covernews-featured":["https:\/\/infoecos.com.ar\/wp-content\/uploads\/2023\/08\/cuentodeltio.jpg",696,393,false],"covernews-medium":["https:\/\/infoecos.com.ar\/wp-content\/uploads\/2023\/08\/cuentodeltio-696x380.jpg",540,295,true],"covernews-medium-square":["https:\/\/infoecos.com.ar\/wp-content\/uploads\/2023\/08\/cuentodeltio-675x393.jpg",400,233,true]},"author_info":{"info":["Jorge Matheus"]},"category_info":"<a href=\"https:\/\/infoecos.com.ar\/index.php\/category\/inferior13\/\" rel=\"category tag\">Bloque inferior - 13<\/a>","tag_info":"Bloque inferior - 13","comment_count":"0","_links":{"self":[{"href":"https:\/\/infoecos.com.ar\/index.php\/wp-json\/wp\/v2\/posts\/109580"}],"collection":[{"href":"https:\/\/infoecos.com.ar\/index.php\/wp-json\/wp\/v2\/posts"}],"about":[{"href":"https:\/\/infoecos.com.ar\/index.php\/wp-json\/wp\/v2\/types\/post"}],"author":[{"embeddable":true,"href":"https:\/\/infoecos.com.ar\/index.php\/wp-json\/wp\/v2\/users\/2"}],"replies":[{"embeddable":true,"href":"https:\/\/infoecos.com.ar\/index.php\/wp-json\/wp\/v2\/comments?post=109580"}],"version-history":[{"count":2,"href":"https:\/\/infoecos.com.ar\/index.php\/wp-json\/wp\/v2\/posts\/109580\/revisions"}],"predecessor-version":[{"id":109591,"href":"https:\/\/infoecos.com.ar\/index.php\/wp-json\/wp\/v2\/posts\/109580\/revisions\/109591"}],"wp:featuredmedia":[{"embeddable":true,"href":"https:\/\/infoecos.com.ar\/index.php\/wp-json\/wp\/v2\/media\/109581"}],"wp:attachment":[{"href":"https:\/\/infoecos.com.ar\/index.php\/wp-json\/wp\/v2\/media?parent=109580"}],"wp:term":[{"taxonomy":"category","embeddable":true,"href":"https:\/\/infoecos.com.ar\/index.php\/wp-json\/wp\/v2\/categories?post=109580"},{"taxonomy":"post_tag","embeddable":true,"href":"https:\/\/infoecos.com.ar\/index.php\/wp-json\/wp\/v2\/tags?post=109580"}],"curies":[{"name":"wp","href":"https:\/\/api.w.org\/{rel}","templated":true}]}}