{"id":109784,"date":"2023-08-14T02:57:54","date_gmt":"2023-08-14T05:57:54","guid":{"rendered":"https:\/\/infoecos.com.ar\/?p=109784"},"modified":"2023-08-16T04:49:53","modified_gmt":"2023-08-16T07:49:53","slug":"una-eleccion-provincial-y-trenquelauquense-a-pedir-de-miguel-fernandez","status":"publish","type":"post","link":"https:\/\/infoecos.com.ar\/index.php\/una-eleccion-provincial-y-trenquelauquense-a-pedir-de-miguel-fernandez\/","title":{"rendered":"Una elecci\u00f3n provincial y trenquelauquense a pedir de Miguel Fern\u00e1ndez"},"content":{"rendered":"\n<p>El intendente electo de Lan\u00fas e integrante de las filas de Patricia Bullrich, N\u00e9stor Grindetti, ocup\u00f3 el primer lugar con 530.429 votos, dejando por debajo a Diego Santilli (514.748 votos). Miguel Fern\u00e1ndez que este lunes deber\u00e1 retomar sus funciones como intendente municipal, lo acompa\u00f1a como aspirante a la vicegobernaci\u00f3n.<\/p>\n\n\n\n<figure class=\"wp-block-image aligncenter size-full is-resized\"><img loading=\"lazy\" decoding=\"async\" src=\"https:\/\/infoecos.com.ar\/wp-content\/uploads\/2023\/08\/miguel.jpg\" alt=\"\" class=\"wp-image-109785\" width=\"464\" height=\"309\" srcset=\"https:\/\/infoecos.com.ar\/wp-content\/uploads\/2023\/08\/miguel.jpg 900w, https:\/\/infoecos.com.ar\/wp-content\/uploads\/2023\/08\/miguel-800x532.jpg 800w, https:\/\/infoecos.com.ar\/wp-content\/uploads\/2023\/08\/miguel-768x511.jpg 768w, https:\/\/infoecos.com.ar\/wp-content\/uploads\/2023\/08\/miguel-675x450.jpg 675w\" sizes=\"(max-width: 464px) 100vw, 464px\" \/><\/figure>\n\n\n\n<p>Sin demasiado ruido medi\u00e1tico, lo que no hicieron Santilli y Posse los candidatos del larretismo desde que se inici\u00f3 la campa\u00f1a, la f\u00f3rmula que se impuso en Juntos por el Cambio se convierte en la adversaria de Axel Kicillof en octubre pr\u00f3ximo.<\/p>\n\n\n\n<p>La presencia de Fern\u00e1ndez, otra vez en el escenario local hasta cuando decida tomar una licencia o renunciar al cargo, le pone un condimento especial a la contienda que se habr\u00e1 de concretar en poco tiempo m\u00e1s. Es evidente que su candidatura fortaleci\u00f3 a Recoulat, la que ahora se fortalece con una victoria a nivel provincial dentro de la coalici\u00f3n, la que tampoco sale de su asombro por la perfomance de Milei. <\/p>\n\n\n\n<p>Se ha dicho quiz\u00e1 en un tono bajo, pero es la primera vez que un ciudadano de Trenque Lauquen metido de lleno en la politica llega a una instancia tan importante en la provincia. Solo aparece el nombre de Jorge Barracchia cuando se postul\u00f3 como candidato a Senador Nacional por el ARI de Elisa Carri\u00f3. Jorge Simini fue diputado bonaerense y alcanz\u00f3 la titularidad de la c\u00e1mara baja bonaerense, la que no es dispensada por el voto popular, sino de las fuerzas pol\u00edticas representadas en ese organismo legislativo de la Democracia.<\/p>\n\n\n\n<p>Fern\u00e1ndez vot\u00f3 este domingo en Trenque Lauquen y emprendi\u00f3 viaje a Buenos Aires. Tranquilo, sin pedanter\u00eda alguna convers\u00f3 con Las Radios de Trenque Lauquen cuando ya se avizoraba el triunfo de la l\u00ednea que integra, y al referirse a lo sucedido en este distrito expres\u00f3 que \u00aben las generales de octubre del 2019, no recuerdo bien el resultado de las PASO, saqu\u00e9 el 48% de los votos.<\/p>\n\n\n\n<p>La victoria de Recoulat, define que el radicalismo hizo una apuesta a los j\u00f3venes que dio resultado, y tambi\u00e9n en primer momento a que el discurso opositor sobre una gesti\u00f3n de Fern\u00e1ndez y su equipo hab\u00eda alejado al distrito de cuestiones relevantes para el crecimiento.<\/p>\n\n\n\n<p><\/p>\n","protected":false},"excerpt":{"rendered":"<p>Se ha dicho quiz\u00e1 en un tono bajo, pero es la primera vez que un ciudadano de Trenque Lauquen metido de lleno en la politica llega a una instancia tan importante en la provincia. Solo aparece el nombre de Jorge Barracchia cuando se postul\u00f3 como candidato a Senador Nacional por el ARI de Elisa Carri\u00f3. Jorge Simini fue diputado bonaerense y alcanz\u00f3 la titularidad de la c\u00e1mara baja bonaerense, la que no es dispensada por el voto popular, sino de las fuerzas pol\u00edticas representadas en ese organismo legislativo de la Democracia.<\/p>\n","protected":false},"author":2,"featured_media":109785,"comment_status":"closed","ping_status":"open","sticky":false,"template":"","format":"standard","meta":{"footnotes":""},"categories":[1331],"tags":[8317],"class_list":["post-109784","post","type-post","status-publish","format-standard","has-post-thumbnail","hentry","category-inferior11","tag-elecciones-paso-2023"],"yoast_head":"<!-- This site is optimized with the Yoast SEO plugin v23.4 - https:\/\/yoast.com\/wordpress\/plugins\/seo\/ -->\n<title>Una elecci\u00f3n provincial y trenquelauquense a pedir de Miguel Fern\u00e1ndez - Infoecos<\/title>\n<meta name=\"robots\" content=\"index, follow, max-snippet:-1, max-image-preview:large, max-video-preview:-1\" \/>\n<link rel=\"canonical\" href=\"https:\/\/infoecos.com.ar\/index.php\/una-eleccion-provincial-y-trenquelauquense-a-pedir-de-miguel-fernandez\/\" \/>\n<meta property=\"og:locale\" content=\"es_ES\" \/>\n<meta property=\"og:type\" content=\"article\" \/>\n<meta property=\"og:title\" content=\"Una elecci\u00f3n provincial y trenquelauquense a pedir de Miguel Fern\u00e1ndez - Infoecos\" \/>\n<meta property=\"og:description\" content=\"Se ha dicho quiz\u00e1 en un tono bajo, pero es la primera vez que un ciudadano de Trenque Lauquen metido de lleno en la politica llega a una instancia tan importante en la provincia. Solo aparece el nombre de Jorge Barracchia cuando se postul\u00f3 como candidato a Senador Nacional por el ARI de Elisa Carri\u00f3. Jorge Simini fue diputado bonaerense y alcanz\u00f3 la titularidad de la c\u00e1mara baja bonaerense, la que no es dispensada por el voto popular, sino de las fuerzas pol\u00edticas representadas en ese organismo legislativo de la Democracia.\" \/>\n<meta property=\"og:url\" content=\"https:\/\/infoecos.com.ar\/index.php\/una-eleccion-provincial-y-trenquelauquense-a-pedir-de-miguel-fernandez\/\" \/>\n<meta property=\"og:site_name\" content=\"Infoecos\" \/>\n<meta property=\"article:publisher\" content=\"https:\/\/www.facebook.com\/profile.php?id=100063200290284\" \/>\n<meta property=\"article:published_time\" content=\"2023-08-14T05:57:54+00:00\" \/>\n<meta property=\"article:modified_time\" content=\"2023-08-16T07:49:53+00:00\" \/>\n<meta property=\"og:image\" content=\"https:\/\/infoecos.com.ar\/wp-content\/uploads\/2023\/08\/miguel.jpg\" \/>\n\t<meta property=\"og:image:width\" content=\"900\" \/>\n\t<meta property=\"og:image:height\" content=\"599\" \/>\n\t<meta property=\"og:image:type\" content=\"image\/jpeg\" \/>\n<meta name=\"author\" content=\"Jorge Matheus\" \/>\n<meta name=\"twitter:card\" content=\"summary_large_image\" \/>\n<meta name=\"twitter:creator\" content=\"@infoecos\" \/>\n<meta name=\"twitter:site\" content=\"@infoecos\" \/>\n<meta name=\"twitter:label1\" content=\"Escrito por\" \/>\n\t<meta name=\"twitter:data1\" content=\"Jorge Matheus\" \/>\n\t<meta name=\"twitter:label2\" content=\"Tiempo de lectura\" \/>\n\t<meta name=\"twitter:data2\" content=\"2 minutos\" \/>\n<script type=\"application\/ld+json\" class=\"yoast-schema-graph\">{\"@context\":\"https:\/\/schema.org\",\"@graph\":[{\"@type\":\"Article\",\"@id\":\"https:\/\/infoecos.com.ar\/index.php\/una-eleccion-provincial-y-trenquelauquense-a-pedir-de-miguel-fernandez\/#article\",\"isPartOf\":{\"@id\":\"https:\/\/infoecos.com.ar\/index.php\/una-eleccion-provincial-y-trenquelauquense-a-pedir-de-miguel-fernandez\/\"},\"author\":{\"name\":\"Jorge Matheus\",\"@id\":\"https:\/\/infoecos.com.ar\/#\/schema\/person\/8f5ace5ce73b4b4aac4b7245aee6f191\"},\"headline\":\"Una elecci\u00f3n provincial y trenquelauquense a pedir de Miguel Fern\u00e1ndez\",\"datePublished\":\"2023-08-14T05:57:54+00:00\",\"dateModified\":\"2023-08-16T07:49:53+00:00\",\"mainEntityOfPage\":{\"@id\":\"https:\/\/infoecos.com.ar\/index.php\/una-eleccion-provincial-y-trenquelauquense-a-pedir-de-miguel-fernandez\/\"},\"wordCount\":396,\"publisher\":{\"@id\":\"https:\/\/infoecos.com.ar\/#organization\"},\"image\":{\"@id\":\"https:\/\/infoecos.com.ar\/index.php\/una-eleccion-provincial-y-trenquelauquense-a-pedir-de-miguel-fernandez\/#primaryimage\"},\"thumbnailUrl\":\"https:\/\/infoecos.com.ar\/wp-content\/uploads\/2023\/08\/miguel.jpg\",\"keywords\":[\"ELECCIONES PASO 2023\"],\"articleSection\":[\"Bloque inferior - 11\"],\"inLanguage\":\"es\"},{\"@type\":\"WebPage\",\"@id\":\"https:\/\/infoecos.com.ar\/index.php\/una-eleccion-provincial-y-trenquelauquense-a-pedir-de-miguel-fernandez\/\",\"url\":\"https:\/\/infoecos.com.ar\/index.php\/una-eleccion-provincial-y-trenquelauquense-a-pedir-de-miguel-fernandez\/\",\"name\":\"Una elecci\u00f3n provincial y trenquelauquense a pedir de Miguel Fern\u00e1ndez - Infoecos\",\"isPartOf\":{\"@id\":\"https:\/\/infoecos.com.ar\/#website\"},\"primaryImageOfPage\":{\"@id\":\"https:\/\/infoecos.com.ar\/index.php\/una-eleccion-provincial-y-trenquelauquense-a-pedir-de-miguel-fernandez\/#primaryimage\"},\"image\":{\"@id\":\"https:\/\/infoecos.com.ar\/index.php\/una-eleccion-provincial-y-trenquelauquense-a-pedir-de-miguel-fernandez\/#primaryimage\"},\"thumbnailUrl\":\"https:\/\/infoecos.com.ar\/wp-content\/uploads\/2023\/08\/miguel.jpg\",\"datePublished\":\"2023-08-14T05:57:54+00:00\",\"dateModified\":\"2023-08-16T07:49:53+00:00\",\"breadcrumb\":{\"@id\":\"https:\/\/infoecos.com.ar\/index.php\/una-eleccion-provincial-y-trenquelauquense-a-pedir-de-miguel-fernandez\/#breadcrumb\"},\"inLanguage\":\"es\",\"potentialAction\":[{\"@type\":\"ReadAction\",\"target\":[\"https:\/\/infoecos.com.ar\/index.php\/una-eleccion-provincial-y-trenquelauquense-a-pedir-de-miguel-fernandez\/\"]}]},{\"@type\":\"ImageObject\",\"inLanguage\":\"es\",\"@id\":\"https:\/\/infoecos.com.ar\/index.php\/una-eleccion-provincial-y-trenquelauquense-a-pedir-de-miguel-fernandez\/#primaryimage\",\"url\":\"https:\/\/infoecos.com.ar\/wp-content\/uploads\/2023\/08\/miguel.jpg\",\"contentUrl\":\"https:\/\/infoecos.com.ar\/wp-content\/uploads\/2023\/08\/miguel.jpg\",\"width\":900,\"height\":599},{\"@type\":\"BreadcrumbList\",\"@id\":\"https:\/\/infoecos.com.ar\/index.php\/una-eleccion-provincial-y-trenquelauquense-a-pedir-de-miguel-fernandez\/#breadcrumb\",\"itemListElement\":[{\"@type\":\"ListItem\",\"position\":1,\"name\":\"Portada\",\"item\":\"https:\/\/infoecos.com.ar\/\"},{\"@type\":\"ListItem\",\"position\":2,\"name\":\"Una elecci\u00f3n provincial y trenquelauquense a pedir de Miguel Fern\u00e1ndez\"}]},{\"@type\":\"WebSite\",\"@id\":\"https:\/\/infoecos.com.ar\/#website\",\"url\":\"https:\/\/infoecos.com.ar\/\",\"name\":\"Infoecos\",\"description\":\"Noticias de trenque lauquen y la zona\",\"publisher\":{\"@id\":\"https:\/\/infoecos.com.ar\/#organization\"},\"alternateName\":\"Noticias\",\"potentialAction\":[{\"@type\":\"SearchAction\",\"target\":{\"@type\":\"EntryPoint\",\"urlTemplate\":\"https:\/\/infoecos.com.ar\/?s={search_term_string}\"},\"query-input\":{\"@type\":\"PropertyValueSpecification\",\"valueRequired\":true,\"valueName\":\"search_term_string\"}}],\"inLanguage\":\"es\"},{\"@type\":\"Organization\",\"@id\":\"https:\/\/infoecos.com.ar\/#organization\",\"name\":\"Infoecos\",\"alternateName\":\"Noticias\",\"url\":\"https:\/\/infoecos.com.ar\/\",\"logo\":{\"@type\":\"ImageObject\",\"inLanguage\":\"es\",\"@id\":\"https:\/\/infoecos.com.ar\/#\/schema\/logo\/image\/\",\"url\":\"https:\/\/infoecos.com.ar\/wp-content\/uploads\/2024\/03\/cropped-logo.png\",\"contentUrl\":\"https:\/\/infoecos.com.ar\/wp-content\/uploads\/2024\/03\/cropped-logo.png\",\"width\":374,\"height\":90,\"caption\":\"Infoecos\"},\"image\":{\"@id\":\"https:\/\/infoecos.com.ar\/#\/schema\/logo\/image\/\"},\"sameAs\":[\"https:\/\/www.facebook.com\/profile.php?id=100063200290284\",\"https:\/\/x.com\/infoecos\"]},{\"@type\":\"Person\",\"@id\":\"https:\/\/infoecos.com.ar\/#\/schema\/person\/8f5ace5ce73b4b4aac4b7245aee6f191\",\"name\":\"Jorge Matheus\",\"url\":\"https:\/\/infoecos.com.ar\/index.php\/author\/jomatheus\/\"}]}<\/script>\n<!-- \/ Yoast SEO plugin. -->","yoast_head_json":{"title":"Una elecci\u00f3n provincial y trenquelauquense a pedir de Miguel Fern\u00e1ndez - Infoecos","robots":{"index":"index","follow":"follow","max-snippet":"max-snippet:-1","max-image-preview":"max-image-preview:large","max-video-preview":"max-video-preview:-1"},"canonical":"https:\/\/infoecos.com.ar\/index.php\/una-eleccion-provincial-y-trenquelauquense-a-pedir-de-miguel-fernandez\/","og_locale":"es_ES","og_type":"article","og_title":"Una elecci\u00f3n provincial y trenquelauquense a pedir de Miguel Fern\u00e1ndez - Infoecos","og_description":"Se ha dicho quiz\u00e1 en un tono bajo, pero es la primera vez que un ciudadano de Trenque Lauquen metido de lleno en la politica llega a una instancia tan importante en la provincia. Solo aparece el nombre de Jorge Barracchia cuando se postul\u00f3 como candidato a Senador Nacional por el ARI de Elisa Carri\u00f3. Jorge Simini fue diputado bonaerense y alcanz\u00f3 la titularidad de la c\u00e1mara baja bonaerense, la que no es dispensada por el voto popular, sino de las fuerzas pol\u00edticas representadas en ese organismo legislativo de la Democracia.","og_url":"https:\/\/infoecos.com.ar\/index.php\/una-eleccion-provincial-y-trenquelauquense-a-pedir-de-miguel-fernandez\/","og_site_name":"Infoecos","article_publisher":"https:\/\/www.facebook.com\/profile.php?id=100063200290284","article_published_time":"2023-08-14T05:57:54+00:00","article_modified_time":"2023-08-16T07:49:53+00:00","og_image":[{"width":900,"height":599,"url":"https:\/\/infoecos.com.ar\/wp-content\/uploads\/2023\/08\/miguel.jpg","type":"image\/jpeg"}],"author":"Jorge Matheus","twitter_card":"summary_large_image","twitter_creator":"@infoecos","twitter_site":"@infoecos","twitter_misc":{"Escrito por":"Jorge Matheus","Tiempo de lectura":"2 minutos"},"schema":{"@context":"https:\/\/schema.org","@graph":[{"@type":"Article","@id":"https:\/\/infoecos.com.ar\/index.php\/una-eleccion-provincial-y-trenquelauquense-a-pedir-de-miguel-fernandez\/#article","isPartOf":{"@id":"https:\/\/infoecos.com.ar\/index.php\/una-eleccion-provincial-y-trenquelauquense-a-pedir-de-miguel-fernandez\/"},"author":{"name":"Jorge Matheus","@id":"https:\/\/infoecos.com.ar\/#\/schema\/person\/8f5ace5ce73b4b4aac4b7245aee6f191"},"headline":"Una elecci\u00f3n provincial y trenquelauquense a pedir de Miguel Fern\u00e1ndez","datePublished":"2023-08-14T05:57:54+00:00","dateModified":"2023-08-16T07:49:53+00:00","mainEntityOfPage":{"@id":"https:\/\/infoecos.com.ar\/index.php\/una-eleccion-provincial-y-trenquelauquense-a-pedir-de-miguel-fernandez\/"},"wordCount":396,"publisher":{"@id":"https:\/\/infoecos.com.ar\/#organization"},"image":{"@id":"https:\/\/infoecos.com.ar\/index.php\/una-eleccion-provincial-y-trenquelauquense-a-pedir-de-miguel-fernandez\/#primaryimage"},"thumbnailUrl":"https:\/\/infoecos.com.ar\/wp-content\/uploads\/2023\/08\/miguel.jpg","keywords":["ELECCIONES PASO 2023"],"articleSection":["Bloque inferior - 11"],"inLanguage":"es"},{"@type":"WebPage","@id":"https:\/\/infoecos.com.ar\/index.php\/una-eleccion-provincial-y-trenquelauquense-a-pedir-de-miguel-fernandez\/","url":"https:\/\/infoecos.com.ar\/index.php\/una-eleccion-provincial-y-trenquelauquense-a-pedir-de-miguel-fernandez\/","name":"Una elecci\u00f3n provincial y trenquelauquense a pedir de Miguel Fern\u00e1ndez - Infoecos","isPartOf":{"@id":"https:\/\/infoecos.com.ar\/#website"},"primaryImageOfPage":{"@id":"https:\/\/infoecos.com.ar\/index.php\/una-eleccion-provincial-y-trenquelauquense-a-pedir-de-miguel-fernandez\/#primaryimage"},"image":{"@id":"https:\/\/infoecos.com.ar\/index.php\/una-eleccion-provincial-y-trenquelauquense-a-pedir-de-miguel-fernandez\/#primaryimage"},"thumbnailUrl":"https:\/\/infoecos.com.ar\/wp-content\/uploads\/2023\/08\/miguel.jpg","datePublished":"2023-08-14T05:57:54+00:00","dateModified":"2023-08-16T07:49:53+00:00","breadcrumb":{"@id":"https:\/\/infoecos.com.ar\/index.php\/una-eleccion-provincial-y-trenquelauquense-a-pedir-de-miguel-fernandez\/#breadcrumb"},"inLanguage":"es","potentialAction":[{"@type":"ReadAction","target":["https:\/\/infoecos.com.ar\/index.php\/una-eleccion-provincial-y-trenquelauquense-a-pedir-de-miguel-fernandez\/"]}]},{"@type":"ImageObject","inLanguage":"es","@id":"https:\/\/infoecos.com.ar\/index.php\/una-eleccion-provincial-y-trenquelauquense-a-pedir-de-miguel-fernandez\/#primaryimage","url":"https:\/\/infoecos.com.ar\/wp-content\/uploads\/2023\/08\/miguel.jpg","contentUrl":"https:\/\/infoecos.com.ar\/wp-content\/uploads\/2023\/08\/miguel.jpg","width":900,"height":599},{"@type":"BreadcrumbList","@id":"https:\/\/infoecos.com.ar\/index.php\/una-eleccion-provincial-y-trenquelauquense-a-pedir-de-miguel-fernandez\/#breadcrumb","itemListElement":[{"@type":"ListItem","position":1,"name":"Portada","item":"https:\/\/infoecos.com.ar\/"},{"@type":"ListItem","position":2,"name":"Una elecci\u00f3n provincial y trenquelauquense a pedir de Miguel Fern\u00e1ndez"}]},{"@type":"WebSite","@id":"https:\/\/infoecos.com.ar\/#website","url":"https:\/\/infoecos.com.ar\/","name":"Infoecos","description":"Noticias de trenque lauquen y la zona","publisher":{"@id":"https:\/\/infoecos.com.ar\/#organization"},"alternateName":"Noticias","potentialAction":[{"@type":"SearchAction","target":{"@type":"EntryPoint","urlTemplate":"https:\/\/infoecos.com.ar\/?s={search_term_string}"},"query-input":{"@type":"PropertyValueSpecification","valueRequired":true,"valueName":"search_term_string"}}],"inLanguage":"es"},{"@type":"Organization","@id":"https:\/\/infoecos.com.ar\/#organization","name":"Infoecos","alternateName":"Noticias","url":"https:\/\/infoecos.com.ar\/","logo":{"@type":"ImageObject","inLanguage":"es","@id":"https:\/\/infoecos.com.ar\/#\/schema\/logo\/image\/","url":"https:\/\/infoecos.com.ar\/wp-content\/uploads\/2024\/03\/cropped-logo.png","contentUrl":"https:\/\/infoecos.com.ar\/wp-content\/uploads\/2024\/03\/cropped-logo.png","width":374,"height":90,"caption":"Infoecos"},"image":{"@id":"https:\/\/infoecos.com.ar\/#\/schema\/logo\/image\/"},"sameAs":["https:\/\/www.facebook.com\/profile.php?id=100063200290284","https:\/\/x.com\/infoecos"]},{"@type":"Person","@id":"https:\/\/infoecos.com.ar\/#\/schema\/person\/8f5ace5ce73b4b4aac4b7245aee6f191","name":"Jorge Matheus","url":"https:\/\/infoecos.com.ar\/index.php\/author\/jomatheus\/"}]}},"featured_image_urls":{"full":["https:\/\/infoecos.com.ar\/wp-content\/uploads\/2023\/08\/miguel.jpg",900,599,false],"thumbnail":["https:\/\/infoecos.com.ar\/wp-content\/uploads\/2023\/08\/miguel-300x150.jpg",300,150,true],"medium":["https:\/\/infoecos.com.ar\/wp-content\/uploads\/2023\/08\/miguel-800x532.jpg",800,532,true],"medium_large":["https:\/\/infoecos.com.ar\/wp-content\/uploads\/2023\/08\/miguel-768x511.jpg",640,426,true],"large":["https:\/\/infoecos.com.ar\/wp-content\/uploads\/2023\/08\/miguel.jpg",640,426,false],"1536x1536":["https:\/\/infoecos.com.ar\/wp-content\/uploads\/2023\/08\/miguel.jpg",900,599,false],"2048x2048":["https:\/\/infoecos.com.ar\/wp-content\/uploads\/2023\/08\/miguel.jpg",900,599,false],"covernews-slider-full":["https:\/\/infoecos.com.ar\/wp-content\/uploads\/2023\/08\/miguel.jpg",900,599,false],"covernews-slider-center":["https:\/\/infoecos.com.ar\/wp-content\/uploads\/2023\/08\/miguel.jpg",751,500,false],"covernews-featured":["https:\/\/infoecos.com.ar\/wp-content\/uploads\/2023\/08\/miguel.jpg",900,599,false],"covernews-medium":["https:\/\/infoecos.com.ar\/wp-content\/uploads\/2023\/08\/miguel-720x380.jpg",540,285,true],"covernews-medium-square":["https:\/\/infoecos.com.ar\/wp-content\/uploads\/2023\/08\/miguel-675x450.jpg",375,250,true]},"author_info":{"info":["Jorge Matheus"]},"category_info":"<a href=\"https:\/\/infoecos.com.ar\/index.php\/category\/inferior11\/\" rel=\"category tag\">Bloque inferior - 11<\/a>","tag_info":"Bloque inferior - 11","comment_count":"0","_links":{"self":[{"href":"https:\/\/infoecos.com.ar\/index.php\/wp-json\/wp\/v2\/posts\/109784"}],"collection":[{"href":"https:\/\/infoecos.com.ar\/index.php\/wp-json\/wp\/v2\/posts"}],"about":[{"href":"https:\/\/infoecos.com.ar\/index.php\/wp-json\/wp\/v2\/types\/post"}],"author":[{"embeddable":true,"href":"https:\/\/infoecos.com.ar\/index.php\/wp-json\/wp\/v2\/users\/2"}],"replies":[{"embeddable":true,"href":"https:\/\/infoecos.com.ar\/index.php\/wp-json\/wp\/v2\/comments?post=109784"}],"version-history":[{"count":1,"href":"https:\/\/infoecos.com.ar\/index.php\/wp-json\/wp\/v2\/posts\/109784\/revisions"}],"predecessor-version":[{"id":109786,"href":"https:\/\/infoecos.com.ar\/index.php\/wp-json\/wp\/v2\/posts\/109784\/revisions\/109786"}],"wp:featuredmedia":[{"embeddable":true,"href":"https:\/\/infoecos.com.ar\/index.php\/wp-json\/wp\/v2\/media\/109785"}],"wp:attachment":[{"href":"https:\/\/infoecos.com.ar\/index.php\/wp-json\/wp\/v2\/media?parent=109784"}],"wp:term":[{"taxonomy":"category","embeddable":true,"href":"https:\/\/infoecos.com.ar\/index.php\/wp-json\/wp\/v2\/categories?post=109784"},{"taxonomy":"post_tag","embeddable":true,"href":"https:\/\/infoecos.com.ar\/index.php\/wp-json\/wp\/v2\/tags?post=109784"}],"curies":[{"name":"wp","href":"https:\/\/api.w.org\/{rel}","templated":true}]}}