{"id":109804,"date":"2023-08-14T04:35:45","date_gmt":"2023-08-14T07:35:45","guid":{"rendered":"https:\/\/infoecos.com.ar\/?p=109804"},"modified":"2023-08-14T04:35:47","modified_gmt":"2023-08-14T07:35:47","slug":"el-pronostico-del-tiempo-anticipa-temperaturas-altas-para-esta-epoca-del-ano","status":"publish","type":"post","link":"https:\/\/infoecos.com.ar\/index.php\/el-pronostico-del-tiempo-anticipa-temperaturas-altas-para-esta-epoca-del-ano\/","title":{"rendered":"El pron\u00f3stico del tiempo anticipa temperaturas altas para esta \u00e9poca del a\u00f1o"},"content":{"rendered":"\n<figure class=\"wp-block-image aligncenter size-full\"><img loading=\"lazy\" decoding=\"async\" width=\"531\" height=\"241\" src=\"https:\/\/infoecos.com.ar\/wp-content\/uploads\/2023\/08\/367488643_623188973131107_3212943145578672087_n.jpg\" alt=\"\" class=\"wp-image-109805\"\/><\/figure>\n\n\n\n<figure class=\"wp-block-image size-full\"><img loading=\"lazy\" decoding=\"async\" width=\"937\" height=\"314\" src=\"https:\/\/infoecos.com.ar\/wp-content\/uploads\/2023\/08\/367391214_623191769797494_7770173687362850942_n.jpg\" alt=\"\" class=\"wp-image-109806\" srcset=\"https:\/\/infoecos.com.ar\/wp-content\/uploads\/2023\/08\/367391214_623191769797494_7770173687362850942_n.jpg 937w, https:\/\/infoecos.com.ar\/wp-content\/uploads\/2023\/08\/367391214_623191769797494_7770173687362850942_n-800x268.jpg 800w, https:\/\/infoecos.com.ar\/wp-content\/uploads\/2023\/08\/367391214_623191769797494_7770173687362850942_n-768x257.jpg 768w\" sizes=\"(max-width: 937px) 100vw, 937px\" \/><\/figure>\n","protected":false},"excerpt":{"rendered":"<p>La temperatura m\u00e1xima llegar\u00eda a los 23\u00b0. En tanto el domingo se registr\u00f3 una m\u00e1xima de 22.1\u00b0 y una m\u00ednima de -0.6\u00b0<\/p>\n","protected":false},"author":2,"featured_media":65629,"comment_status":"closed","ping_status":"open","sticky":false,"template":"","format":"standard","meta":{"footnotes":""},"categories":[24],"tags":[8702],"class_list":["post-109804","post","type-post","status-publish","format-standard","has-post-thumbnail","hentry","category-c1nota3","tag-clima-trenque-lauquen-y-zona-2"],"yoast_head":"<!-- This site is optimized with the Yoast SEO plugin v23.4 - https:\/\/yoast.com\/wordpress\/plugins\/seo\/ -->\n<title>El pron\u00f3stico del tiempo anticipa temperaturas altas para esta \u00e9poca del a\u00f1o - Infoecos<\/title>\n<meta name=\"robots\" content=\"index, follow, max-snippet:-1, max-image-preview:large, max-video-preview:-1\" \/>\n<link rel=\"canonical\" href=\"https:\/\/infoecos.com.ar\/index.php\/el-pronostico-del-tiempo-anticipa-temperaturas-altas-para-esta-epoca-del-ano\/\" \/>\n<meta property=\"og:locale\" content=\"es_ES\" \/>\n<meta property=\"og:type\" content=\"article\" \/>\n<meta property=\"og:title\" content=\"El pron\u00f3stico del tiempo anticipa temperaturas altas para esta \u00e9poca del a\u00f1o - Infoecos\" \/>\n<meta property=\"og:description\" content=\"La temperatura m\u00e1xima llegar\u00eda a los 23\u00b0. En tanto el domingo se registr\u00f3 una m\u00e1xima de 22.1\u00b0 y una m\u00ednima de -0.6\u00b0\" \/>\n<meta property=\"og:url\" content=\"https:\/\/infoecos.com.ar\/index.php\/el-pronostico-del-tiempo-anticipa-temperaturas-altas-para-esta-epoca-del-ano\/\" \/>\n<meta property=\"og:site_name\" content=\"Infoecos\" \/>\n<meta property=\"article:publisher\" content=\"https:\/\/www.facebook.com\/profile.php?id=100063200290284\" \/>\n<meta property=\"article:published_time\" content=\"2023-08-14T07:35:45+00:00\" \/>\n<meta property=\"article:modified_time\" content=\"2023-08-14T07:35:47+00:00\" \/>\n<meta property=\"og:image\" content=\"https:\/\/infoecos.com.ar\/wp-content\/uploads\/calor.jpg\" \/>\n\t<meta property=\"og:image:width\" content=\"728\" \/>\n\t<meta property=\"og:image:height\" content=\"400\" \/>\n\t<meta property=\"og:image:type\" content=\"image\/jpeg\" \/>\n<meta name=\"author\" content=\"Jorge Matheus\" \/>\n<meta name=\"twitter:card\" content=\"summary_large_image\" \/>\n<meta name=\"twitter:creator\" content=\"@infoecos\" \/>\n<meta name=\"twitter:site\" content=\"@infoecos\" \/>\n<meta name=\"twitter:label1\" content=\"Escrito por\" \/>\n\t<meta name=\"twitter:data1\" content=\"Jorge Matheus\" \/>\n\t<meta name=\"twitter:label2\" content=\"Tiempo de lectura\" \/>\n\t<meta name=\"twitter:data2\" content=\"1 minuto\" \/>\n<script type=\"application\/ld+json\" class=\"yoast-schema-graph\">{\"@context\":\"https:\/\/schema.org\",\"@graph\":[{\"@type\":\"Article\",\"@id\":\"https:\/\/infoecos.com.ar\/index.php\/el-pronostico-del-tiempo-anticipa-temperaturas-altas-para-esta-epoca-del-ano\/#article\",\"isPartOf\":{\"@id\":\"https:\/\/infoecos.com.ar\/index.php\/el-pronostico-del-tiempo-anticipa-temperaturas-altas-para-esta-epoca-del-ano\/\"},\"author\":{\"name\":\"Jorge Matheus\",\"@id\":\"https:\/\/infoecos.com.ar\/#\/schema\/person\/8f5ace5ce73b4b4aac4b7245aee6f191\"},\"headline\":\"El pron\u00f3stico del tiempo anticipa temperaturas altas para esta \u00e9poca del a\u00f1o\",\"datePublished\":\"2023-08-14T07:35:45+00:00\",\"dateModified\":\"2023-08-14T07:35:47+00:00\",\"mainEntityOfPage\":{\"@id\":\"https:\/\/infoecos.com.ar\/index.php\/el-pronostico-del-tiempo-anticipa-temperaturas-altas-para-esta-epoca-del-ano\/\"},\"wordCount\":14,\"publisher\":{\"@id\":\"https:\/\/infoecos.com.ar\/#organization\"},\"image\":{\"@id\":\"https:\/\/infoecos.com.ar\/index.php\/el-pronostico-del-tiempo-anticipa-temperaturas-altas-para-esta-epoca-del-ano\/#primaryimage\"},\"thumbnailUrl\":\"https:\/\/infoecos.com.ar\/wp-content\/uploads\/calor.jpg\",\"keywords\":[\"CLIMA TRENQUE LAUQUEN Y ZONA\"],\"articleSection\":[\"C1 N3\"],\"inLanguage\":\"es\"},{\"@type\":\"WebPage\",\"@id\":\"https:\/\/infoecos.com.ar\/index.php\/el-pronostico-del-tiempo-anticipa-temperaturas-altas-para-esta-epoca-del-ano\/\",\"url\":\"https:\/\/infoecos.com.ar\/index.php\/el-pronostico-del-tiempo-anticipa-temperaturas-altas-para-esta-epoca-del-ano\/\",\"name\":\"El pron\u00f3stico del tiempo anticipa temperaturas altas para esta \u00e9poca del a\u00f1o - Infoecos\",\"isPartOf\":{\"@id\":\"https:\/\/infoecos.com.ar\/#website\"},\"primaryImageOfPage\":{\"@id\":\"https:\/\/infoecos.com.ar\/index.php\/el-pronostico-del-tiempo-anticipa-temperaturas-altas-para-esta-epoca-del-ano\/#primaryimage\"},\"image\":{\"@id\":\"https:\/\/infoecos.com.ar\/index.php\/el-pronostico-del-tiempo-anticipa-temperaturas-altas-para-esta-epoca-del-ano\/#primaryimage\"},\"thumbnailUrl\":\"https:\/\/infoecos.com.ar\/wp-content\/uploads\/calor.jpg\",\"datePublished\":\"2023-08-14T07:35:45+00:00\",\"dateModified\":\"2023-08-14T07:35:47+00:00\",\"breadcrumb\":{\"@id\":\"https:\/\/infoecos.com.ar\/index.php\/el-pronostico-del-tiempo-anticipa-temperaturas-altas-para-esta-epoca-del-ano\/#breadcrumb\"},\"inLanguage\":\"es\",\"potentialAction\":[{\"@type\":\"ReadAction\",\"target\":[\"https:\/\/infoecos.com.ar\/index.php\/el-pronostico-del-tiempo-anticipa-temperaturas-altas-para-esta-epoca-del-ano\/\"]}]},{\"@type\":\"ImageObject\",\"inLanguage\":\"es\",\"@id\":\"https:\/\/infoecos.com.ar\/index.php\/el-pronostico-del-tiempo-anticipa-temperaturas-altas-para-esta-epoca-del-ano\/#primaryimage\",\"url\":\"https:\/\/infoecos.com.ar\/wp-content\/uploads\/calor.jpg\",\"contentUrl\":\"https:\/\/infoecos.com.ar\/wp-content\/uploads\/calor.jpg\",\"width\":728,\"height\":400},{\"@type\":\"BreadcrumbList\",\"@id\":\"https:\/\/infoecos.com.ar\/index.php\/el-pronostico-del-tiempo-anticipa-temperaturas-altas-para-esta-epoca-del-ano\/#breadcrumb\",\"itemListElement\":[{\"@type\":\"ListItem\",\"position\":1,\"name\":\"Portada\",\"item\":\"https:\/\/infoecos.com.ar\/\"},{\"@type\":\"ListItem\",\"position\":2,\"name\":\"El pron\u00f3stico del tiempo anticipa temperaturas altas para esta \u00e9poca del a\u00f1o\"}]},{\"@type\":\"WebSite\",\"@id\":\"https:\/\/infoecos.com.ar\/#website\",\"url\":\"https:\/\/infoecos.com.ar\/\",\"name\":\"Infoecos\",\"description\":\"Noticias de trenque lauquen y la zona\",\"publisher\":{\"@id\":\"https:\/\/infoecos.com.ar\/#organization\"},\"alternateName\":\"Noticias\",\"potentialAction\":[{\"@type\":\"SearchAction\",\"target\":{\"@type\":\"EntryPoint\",\"urlTemplate\":\"https:\/\/infoecos.com.ar\/?s={search_term_string}\"},\"query-input\":{\"@type\":\"PropertyValueSpecification\",\"valueRequired\":true,\"valueName\":\"search_term_string\"}}],\"inLanguage\":\"es\"},{\"@type\":\"Organization\",\"@id\":\"https:\/\/infoecos.com.ar\/#organization\",\"name\":\"Infoecos\",\"alternateName\":\"Noticias\",\"url\":\"https:\/\/infoecos.com.ar\/\",\"logo\":{\"@type\":\"ImageObject\",\"inLanguage\":\"es\",\"@id\":\"https:\/\/infoecos.com.ar\/#\/schema\/logo\/image\/\",\"url\":\"https:\/\/infoecos.com.ar\/wp-content\/uploads\/2024\/03\/cropped-logo.png\",\"contentUrl\":\"https:\/\/infoecos.com.ar\/wp-content\/uploads\/2024\/03\/cropped-logo.png\",\"width\":374,\"height\":90,\"caption\":\"Infoecos\"},\"image\":{\"@id\":\"https:\/\/infoecos.com.ar\/#\/schema\/logo\/image\/\"},\"sameAs\":[\"https:\/\/www.facebook.com\/profile.php?id=100063200290284\",\"https:\/\/x.com\/infoecos\"]},{\"@type\":\"Person\",\"@id\":\"https:\/\/infoecos.com.ar\/#\/schema\/person\/8f5ace5ce73b4b4aac4b7245aee6f191\",\"name\":\"Jorge Matheus\",\"url\":\"https:\/\/infoecos.com.ar\/index.php\/author\/jomatheus\/\"}]}<\/script>\n<!-- \/ Yoast SEO plugin. -->","yoast_head_json":{"title":"El pron\u00f3stico del tiempo anticipa temperaturas altas para esta \u00e9poca del a\u00f1o - Infoecos","robots":{"index":"index","follow":"follow","max-snippet":"max-snippet:-1","max-image-preview":"max-image-preview:large","max-video-preview":"max-video-preview:-1"},"canonical":"https:\/\/infoecos.com.ar\/index.php\/el-pronostico-del-tiempo-anticipa-temperaturas-altas-para-esta-epoca-del-ano\/","og_locale":"es_ES","og_type":"article","og_title":"El pron\u00f3stico del tiempo anticipa temperaturas altas para esta \u00e9poca del a\u00f1o - Infoecos","og_description":"La temperatura m\u00e1xima llegar\u00eda a los 23\u00b0. En tanto el domingo se registr\u00f3 una m\u00e1xima de 22.1\u00b0 y una m\u00ednima de -0.6\u00b0","og_url":"https:\/\/infoecos.com.ar\/index.php\/el-pronostico-del-tiempo-anticipa-temperaturas-altas-para-esta-epoca-del-ano\/","og_site_name":"Infoecos","article_publisher":"https:\/\/www.facebook.com\/profile.php?id=100063200290284","article_published_time":"2023-08-14T07:35:45+00:00","article_modified_time":"2023-08-14T07:35:47+00:00","og_image":[{"width":728,"height":400,"url":"https:\/\/infoecos.com.ar\/wp-content\/uploads\/calor.jpg","type":"image\/jpeg"}],"author":"Jorge Matheus","twitter_card":"summary_large_image","twitter_creator":"@infoecos","twitter_site":"@infoecos","twitter_misc":{"Escrito por":"Jorge Matheus","Tiempo de lectura":"1 minuto"},"schema":{"@context":"https:\/\/schema.org","@graph":[{"@type":"Article","@id":"https:\/\/infoecos.com.ar\/index.php\/el-pronostico-del-tiempo-anticipa-temperaturas-altas-para-esta-epoca-del-ano\/#article","isPartOf":{"@id":"https:\/\/infoecos.com.ar\/index.php\/el-pronostico-del-tiempo-anticipa-temperaturas-altas-para-esta-epoca-del-ano\/"},"author":{"name":"Jorge Matheus","@id":"https:\/\/infoecos.com.ar\/#\/schema\/person\/8f5ace5ce73b4b4aac4b7245aee6f191"},"headline":"El pron\u00f3stico del tiempo anticipa temperaturas altas para esta \u00e9poca del a\u00f1o","datePublished":"2023-08-14T07:35:45+00:00","dateModified":"2023-08-14T07:35:47+00:00","mainEntityOfPage":{"@id":"https:\/\/infoecos.com.ar\/index.php\/el-pronostico-del-tiempo-anticipa-temperaturas-altas-para-esta-epoca-del-ano\/"},"wordCount":14,"publisher":{"@id":"https:\/\/infoecos.com.ar\/#organization"},"image":{"@id":"https:\/\/infoecos.com.ar\/index.php\/el-pronostico-del-tiempo-anticipa-temperaturas-altas-para-esta-epoca-del-ano\/#primaryimage"},"thumbnailUrl":"https:\/\/infoecos.com.ar\/wp-content\/uploads\/calor.jpg","keywords":["CLIMA TRENQUE LAUQUEN Y ZONA"],"articleSection":["C1 N3"],"inLanguage":"es"},{"@type":"WebPage","@id":"https:\/\/infoecos.com.ar\/index.php\/el-pronostico-del-tiempo-anticipa-temperaturas-altas-para-esta-epoca-del-ano\/","url":"https:\/\/infoecos.com.ar\/index.php\/el-pronostico-del-tiempo-anticipa-temperaturas-altas-para-esta-epoca-del-ano\/","name":"El pron\u00f3stico del tiempo anticipa temperaturas altas para esta \u00e9poca del a\u00f1o - Infoecos","isPartOf":{"@id":"https:\/\/infoecos.com.ar\/#website"},"primaryImageOfPage":{"@id":"https:\/\/infoecos.com.ar\/index.php\/el-pronostico-del-tiempo-anticipa-temperaturas-altas-para-esta-epoca-del-ano\/#primaryimage"},"image":{"@id":"https:\/\/infoecos.com.ar\/index.php\/el-pronostico-del-tiempo-anticipa-temperaturas-altas-para-esta-epoca-del-ano\/#primaryimage"},"thumbnailUrl":"https:\/\/infoecos.com.ar\/wp-content\/uploads\/calor.jpg","datePublished":"2023-08-14T07:35:45+00:00","dateModified":"2023-08-14T07:35:47+00:00","breadcrumb":{"@id":"https:\/\/infoecos.com.ar\/index.php\/el-pronostico-del-tiempo-anticipa-temperaturas-altas-para-esta-epoca-del-ano\/#breadcrumb"},"inLanguage":"es","potentialAction":[{"@type":"ReadAction","target":["https:\/\/infoecos.com.ar\/index.php\/el-pronostico-del-tiempo-anticipa-temperaturas-altas-para-esta-epoca-del-ano\/"]}]},{"@type":"ImageObject","inLanguage":"es","@id":"https:\/\/infoecos.com.ar\/index.php\/el-pronostico-del-tiempo-anticipa-temperaturas-altas-para-esta-epoca-del-ano\/#primaryimage","url":"https:\/\/infoecos.com.ar\/wp-content\/uploads\/calor.jpg","contentUrl":"https:\/\/infoecos.com.ar\/wp-content\/uploads\/calor.jpg","width":728,"height":400},{"@type":"BreadcrumbList","@id":"https:\/\/infoecos.com.ar\/index.php\/el-pronostico-del-tiempo-anticipa-temperaturas-altas-para-esta-epoca-del-ano\/#breadcrumb","itemListElement":[{"@type":"ListItem","position":1,"name":"Portada","item":"https:\/\/infoecos.com.ar\/"},{"@type":"ListItem","position":2,"name":"El pron\u00f3stico del tiempo anticipa temperaturas altas para esta \u00e9poca del a\u00f1o"}]},{"@type":"WebSite","@id":"https:\/\/infoecos.com.ar\/#website","url":"https:\/\/infoecos.com.ar\/","name":"Infoecos","description":"Noticias de trenque lauquen y la zona","publisher":{"@id":"https:\/\/infoecos.com.ar\/#organization"},"alternateName":"Noticias","potentialAction":[{"@type":"SearchAction","target":{"@type":"EntryPoint","urlTemplate":"https:\/\/infoecos.com.ar\/?s={search_term_string}"},"query-input":{"@type":"PropertyValueSpecification","valueRequired":true,"valueName":"search_term_string"}}],"inLanguage":"es"},{"@type":"Organization","@id":"https:\/\/infoecos.com.ar\/#organization","name":"Infoecos","alternateName":"Noticias","url":"https:\/\/infoecos.com.ar\/","logo":{"@type":"ImageObject","inLanguage":"es","@id":"https:\/\/infoecos.com.ar\/#\/schema\/logo\/image\/","url":"https:\/\/infoecos.com.ar\/wp-content\/uploads\/2024\/03\/cropped-logo.png","contentUrl":"https:\/\/infoecos.com.ar\/wp-content\/uploads\/2024\/03\/cropped-logo.png","width":374,"height":90,"caption":"Infoecos"},"image":{"@id":"https:\/\/infoecos.com.ar\/#\/schema\/logo\/image\/"},"sameAs":["https:\/\/www.facebook.com\/profile.php?id=100063200290284","https:\/\/x.com\/infoecos"]},{"@type":"Person","@id":"https:\/\/infoecos.com.ar\/#\/schema\/person\/8f5ace5ce73b4b4aac4b7245aee6f191","name":"Jorge Matheus","url":"https:\/\/infoecos.com.ar\/index.php\/author\/jomatheus\/"}]}},"featured_image_urls":{"full":["https:\/\/infoecos.com.ar\/wp-content\/uploads\/calor.jpg",728,400,false],"thumbnail":["https:\/\/infoecos.com.ar\/wp-content\/uploads\/calor-150x150.jpg",150,150,true],"medium":["https:\/\/infoecos.com.ar\/wp-content\/uploads\/calor-460x253.jpg",460,253,true],"medium_large":["https:\/\/infoecos.com.ar\/wp-content\/uploads\/calor.jpg",640,352,false],"large":["https:\/\/infoecos.com.ar\/wp-content\/uploads\/calor.jpg",640,352,false],"1536x1536":["https:\/\/infoecos.com.ar\/wp-content\/uploads\/calor.jpg",728,400,false],"2048x2048":["https:\/\/infoecos.com.ar\/wp-content\/uploads\/calor.jpg",728,400,false],"covernews-slider-full":["https:\/\/infoecos.com.ar\/wp-content\/uploads\/calor.jpg",728,400,false],"covernews-slider-center":["https:\/\/infoecos.com.ar\/wp-content\/uploads\/calor.jpg",728,400,false],"covernews-featured":["https:\/\/infoecos.com.ar\/wp-content\/uploads\/calor.jpg",728,400,false],"covernews-medium":["https:\/\/infoecos.com.ar\/wp-content\/uploads\/calor-720x380.jpg",540,285,true],"covernews-medium-square":["https:\/\/infoecos.com.ar\/wp-content\/uploads\/calor-675x400.jpg",400,237,true]},"author_info":{"info":["Jorge Matheus"]},"category_info":"<a href=\"https:\/\/infoecos.com.ar\/index.php\/category\/c1nota3\/\" rel=\"category tag\">C1 N3<\/a>","tag_info":"C1 N3","comment_count":"0","_links":{"self":[{"href":"https:\/\/infoecos.com.ar\/index.php\/wp-json\/wp\/v2\/posts\/109804"}],"collection":[{"href":"https:\/\/infoecos.com.ar\/index.php\/wp-json\/wp\/v2\/posts"}],"about":[{"href":"https:\/\/infoecos.com.ar\/index.php\/wp-json\/wp\/v2\/types\/post"}],"author":[{"embeddable":true,"href":"https:\/\/infoecos.com.ar\/index.php\/wp-json\/wp\/v2\/users\/2"}],"replies":[{"embeddable":true,"href":"https:\/\/infoecos.com.ar\/index.php\/wp-json\/wp\/v2\/comments?post=109804"}],"version-history":[{"count":1,"href":"https:\/\/infoecos.com.ar\/index.php\/wp-json\/wp\/v2\/posts\/109804\/revisions"}],"predecessor-version":[{"id":109807,"href":"https:\/\/infoecos.com.ar\/index.php\/wp-json\/wp\/v2\/posts\/109804\/revisions\/109807"}],"wp:featuredmedia":[{"embeddable":true,"href":"https:\/\/infoecos.com.ar\/index.php\/wp-json\/wp\/v2\/media\/65629"}],"wp:attachment":[{"href":"https:\/\/infoecos.com.ar\/index.php\/wp-json\/wp\/v2\/media?parent=109804"}],"wp:term":[{"taxonomy":"category","embeddable":true,"href":"https:\/\/infoecos.com.ar\/index.php\/wp-json\/wp\/v2\/categories?post=109804"},{"taxonomy":"post_tag","embeddable":true,"href":"https:\/\/infoecos.com.ar\/index.php\/wp-json\/wp\/v2\/tags?post=109804"}],"curies":[{"name":"wp","href":"https:\/\/api.w.org\/{rel}","templated":true}]}}