{"id":109830,"date":"2023-08-14T20:20:13","date_gmt":"2023-08-14T23:20:13","guid":{"rendered":"https:\/\/infoecos.com.ar\/?p=109830"},"modified":"2023-08-14T20:20:14","modified_gmt":"2023-08-14T23:20:14","slug":"el-dolar-libre-para-la-venta-cotizaba-este-lunes-en-t-lauquen-a-685-y-habia-poca-oferta","status":"publish","type":"post","link":"https:\/\/infoecos.com.ar\/index.php\/el-dolar-libre-para-la-venta-cotizaba-este-lunes-en-t-lauquen-a-685-y-habia-poca-oferta\/","title":{"rendered":"El d\u00f3lar libre para la venta cotizaba este lunes en T.Lauquen a 685 y hab\u00eda poca oferta"},"content":{"rendered":"\n<p>La cotizaci\u00f3n del d\u00f3lar blue trep\u00f3 a $690 para la punta vendedora en un mercado condicionado por el impacto pol\u00edtico por el resultado de la elecci\u00f3n y la devaluaci\u00f3n oficial que dispuso el Banco Central.\u00a0<\/p>\n\n\n\n<figure class=\"wp-block-image aligncenter size-full is-resized\"><img loading=\"lazy\" decoding=\"async\" src=\"https:\/\/infoecos.com.ar\/wp-content\/uploads\/2022\/09\/depositphotos_3342798-stock-photo-many-bundle-of-us-100.webp\" alt=\"\" class=\"wp-image-98016\" width=\"294\" height=\"196\" srcset=\"https:\/\/infoecos.com.ar\/wp-content\/uploads\/2022\/09\/depositphotos_3342798-stock-photo-many-bundle-of-us-100.webp 600w, https:\/\/infoecos.com.ar\/wp-content\/uploads\/2022\/09\/depositphotos_3342798-stock-photo-many-bundle-of-us-100-460x307.webp 460w\" sizes=\"(max-width: 294px) 100vw, 294px\" \/><\/figure>\n\n\n\n<p>La incertidumbre domina el mercado que a\u00fan procesa lo sucedido en las PASO, a lo que se sum\u00f3 una devaluaci\u00f3n del d\u00f3lar oficial de 19% a $365,50.<\/p>\n\n\n\n<p>A su vez, en los primeros movimientos burs\u00e1tiles el MEP salt\u00f3 11% a $607,87 y el Contado con Liquidaci\u00f3n 7% a $646,55.<\/p>\n\n\n\n<p>El d\u00f3lar Ahorro subi\u00f3 a $ 638,5, mismo precio que el d\u00f3lar \u00abTarjeta\u00bb para gastos menores a US$ 300. El d\u00f3lar \u00abQatar\u00bb para consumos superiores a US$ 300 se elev\u00f3 a $ 729,20.<\/p>\n\n\n\n<p>El d\u00f3lar mayorista fue fijado en $ 350 y es el d\u00f3lar que se utiliza para el pago de importaciones.&nbsp;<\/p>\n\n\n\n<p>En tanto, desde fuentes oficiales conformaron que el d\u00f3lar agro se liquidar\u00e1 al valor oficial de $ 365,5.<\/p>\n\n\n\n<p><strong>En Trenque Lauquen en las distintas cuevas, algunas de las cuales parec\u00edan cerradas este lunes, la cotizaci\u00f3n alcanz\u00f3 para la venta a 685. Y no hab\u00eda mucha oferta de compra.<\/strong><\/p>\n","protected":false},"excerpt":{"rendered":"<p>La cotizaci\u00f3n del d\u00f3lar blue en CABA trep\u00f3 a $690 para la punta vendedora en un mercado condicionado por el impacto pol\u00edtico por el resultado de la elecci\u00f3n y la devaluaci\u00f3n oficial que dispuso el Banco Central<\/p>\n","protected":false},"author":2,"featured_media":98016,"comment_status":"closed","ping_status":"open","sticky":false,"template":"","format":"standard","meta":{"footnotes":""},"categories":[1613],"tags":[8732],"class_list":["post-109830","post","type-post","status-publish","format-standard","has-post-thumbnail","hentry","category-noticia-secundaria","tag-los-efectos-de-la-eleccion"],"yoast_head":"<!-- This site is optimized with the Yoast SEO plugin v23.4 - https:\/\/yoast.com\/wordpress\/plugins\/seo\/ -->\n<title>El d\u00f3lar libre para la venta cotizaba este lunes en T.Lauquen a 685 y hab\u00eda poca oferta - Infoecos<\/title>\n<meta name=\"robots\" content=\"index, follow, max-snippet:-1, max-image-preview:large, max-video-preview:-1\" \/>\n<link rel=\"canonical\" href=\"https:\/\/infoecos.com.ar\/index.php\/el-dolar-libre-para-la-venta-cotizaba-este-lunes-en-t-lauquen-a-685-y-habia-poca-oferta\/\" \/>\n<meta property=\"og:locale\" content=\"es_ES\" \/>\n<meta property=\"og:type\" content=\"article\" \/>\n<meta property=\"og:title\" content=\"El d\u00f3lar libre para la venta cotizaba este lunes en T.Lauquen a 685 y hab\u00eda poca oferta - Infoecos\" \/>\n<meta property=\"og:description\" content=\"La cotizaci\u00f3n del d\u00f3lar blue en CABA trep\u00f3 a $690 para la punta vendedora en un mercado condicionado por el impacto pol\u00edtico por el resultado de la elecci\u00f3n y la devaluaci\u00f3n oficial que dispuso el Banco Central\" \/>\n<meta property=\"og:url\" content=\"https:\/\/infoecos.com.ar\/index.php\/el-dolar-libre-para-la-venta-cotizaba-este-lunes-en-t-lauquen-a-685-y-habia-poca-oferta\/\" \/>\n<meta property=\"og:site_name\" content=\"Infoecos\" \/>\n<meta property=\"article:publisher\" content=\"https:\/\/www.facebook.com\/profile.php?id=100063200290284\" \/>\n<meta property=\"article:published_time\" content=\"2023-08-14T23:20:13+00:00\" \/>\n<meta property=\"article:modified_time\" content=\"2023-08-14T23:20:14+00:00\" \/>\n<meta property=\"og:image\" content=\"https:\/\/infoecos.com.ar\/wp-content\/uploads\/2022\/09\/depositphotos_3342798-stock-photo-many-bundle-of-us-100.webp\" \/>\n\t<meta property=\"og:image:width\" content=\"600\" \/>\n\t<meta property=\"og:image:height\" content=\"400\" \/>\n\t<meta property=\"og:image:type\" content=\"image\/webp\" \/>\n<meta name=\"author\" content=\"Jorge Matheus\" \/>\n<meta name=\"twitter:card\" content=\"summary_large_image\" \/>\n<meta name=\"twitter:creator\" content=\"@infoecos\" \/>\n<meta name=\"twitter:site\" content=\"@infoecos\" \/>\n<meta name=\"twitter:label1\" content=\"Escrito por\" \/>\n\t<meta name=\"twitter:data1\" content=\"Jorge Matheus\" \/>\n\t<meta name=\"twitter:label2\" content=\"Tiempo de lectura\" \/>\n\t<meta name=\"twitter:data2\" content=\"2 minutos\" \/>\n<script type=\"application\/ld+json\" class=\"yoast-schema-graph\">{\"@context\":\"https:\/\/schema.org\",\"@graph\":[{\"@type\":\"Article\",\"@id\":\"https:\/\/infoecos.com.ar\/index.php\/el-dolar-libre-para-la-venta-cotizaba-este-lunes-en-t-lauquen-a-685-y-habia-poca-oferta\/#article\",\"isPartOf\":{\"@id\":\"https:\/\/infoecos.com.ar\/index.php\/el-dolar-libre-para-la-venta-cotizaba-este-lunes-en-t-lauquen-a-685-y-habia-poca-oferta\/\"},\"author\":{\"name\":\"Jorge Matheus\",\"@id\":\"https:\/\/infoecos.com.ar\/#\/schema\/person\/8f5ace5ce73b4b4aac4b7245aee6f191\"},\"headline\":\"El d\u00f3lar libre para la venta cotizaba este lunes en T.Lauquen a 685 y hab\u00eda poca oferta\",\"datePublished\":\"2023-08-14T23:20:13+00:00\",\"dateModified\":\"2023-08-14T23:20:14+00:00\",\"mainEntityOfPage\":{\"@id\":\"https:\/\/infoecos.com.ar\/index.php\/el-dolar-libre-para-la-venta-cotizaba-este-lunes-en-t-lauquen-a-685-y-habia-poca-oferta\/\"},\"wordCount\":206,\"publisher\":{\"@id\":\"https:\/\/infoecos.com.ar\/#organization\"},\"image\":{\"@id\":\"https:\/\/infoecos.com.ar\/index.php\/el-dolar-libre-para-la-venta-cotizaba-este-lunes-en-t-lauquen-a-685-y-habia-poca-oferta\/#primaryimage\"},\"thumbnailUrl\":\"https:\/\/infoecos.com.ar\/wp-content\/uploads\/2022\/09\/depositphotos_3342798-stock-photo-many-bundle-of-us-100.webp\",\"keywords\":[\"LOS EFECTOS DE LA ELECCI\u00d3N\"],\"articleSection\":[\"Noticia Secundaria\"],\"inLanguage\":\"es\"},{\"@type\":\"WebPage\",\"@id\":\"https:\/\/infoecos.com.ar\/index.php\/el-dolar-libre-para-la-venta-cotizaba-este-lunes-en-t-lauquen-a-685-y-habia-poca-oferta\/\",\"url\":\"https:\/\/infoecos.com.ar\/index.php\/el-dolar-libre-para-la-venta-cotizaba-este-lunes-en-t-lauquen-a-685-y-habia-poca-oferta\/\",\"name\":\"El d\u00f3lar libre para la venta cotizaba este lunes en T.Lauquen a 685 y hab\u00eda poca oferta - Infoecos\",\"isPartOf\":{\"@id\":\"https:\/\/infoecos.com.ar\/#website\"},\"primaryImageOfPage\":{\"@id\":\"https:\/\/infoecos.com.ar\/index.php\/el-dolar-libre-para-la-venta-cotizaba-este-lunes-en-t-lauquen-a-685-y-habia-poca-oferta\/#primaryimage\"},\"image\":{\"@id\":\"https:\/\/infoecos.com.ar\/index.php\/el-dolar-libre-para-la-venta-cotizaba-este-lunes-en-t-lauquen-a-685-y-habia-poca-oferta\/#primaryimage\"},\"thumbnailUrl\":\"https:\/\/infoecos.com.ar\/wp-content\/uploads\/2022\/09\/depositphotos_3342798-stock-photo-many-bundle-of-us-100.webp\",\"datePublished\":\"2023-08-14T23:20:13+00:00\",\"dateModified\":\"2023-08-14T23:20:14+00:00\",\"breadcrumb\":{\"@id\":\"https:\/\/infoecos.com.ar\/index.php\/el-dolar-libre-para-la-venta-cotizaba-este-lunes-en-t-lauquen-a-685-y-habia-poca-oferta\/#breadcrumb\"},\"inLanguage\":\"es\",\"potentialAction\":[{\"@type\":\"ReadAction\",\"target\":[\"https:\/\/infoecos.com.ar\/index.php\/el-dolar-libre-para-la-venta-cotizaba-este-lunes-en-t-lauquen-a-685-y-habia-poca-oferta\/\"]}]},{\"@type\":\"ImageObject\",\"inLanguage\":\"es\",\"@id\":\"https:\/\/infoecos.com.ar\/index.php\/el-dolar-libre-para-la-venta-cotizaba-este-lunes-en-t-lauquen-a-685-y-habia-poca-oferta\/#primaryimage\",\"url\":\"https:\/\/infoecos.com.ar\/wp-content\/uploads\/2022\/09\/depositphotos_3342798-stock-photo-many-bundle-of-us-100.webp\",\"contentUrl\":\"https:\/\/infoecos.com.ar\/wp-content\/uploads\/2022\/09\/depositphotos_3342798-stock-photo-many-bundle-of-us-100.webp\",\"width\":600,\"height\":400},{\"@type\":\"BreadcrumbList\",\"@id\":\"https:\/\/infoecos.com.ar\/index.php\/el-dolar-libre-para-la-venta-cotizaba-este-lunes-en-t-lauquen-a-685-y-habia-poca-oferta\/#breadcrumb\",\"itemListElement\":[{\"@type\":\"ListItem\",\"position\":1,\"name\":\"Portada\",\"item\":\"https:\/\/infoecos.com.ar\/\"},{\"@type\":\"ListItem\",\"position\":2,\"name\":\"El d\u00f3lar libre para la venta cotizaba este lunes en T.Lauquen a 685 y hab\u00eda poca oferta\"}]},{\"@type\":\"WebSite\",\"@id\":\"https:\/\/infoecos.com.ar\/#website\",\"url\":\"https:\/\/infoecos.com.ar\/\",\"name\":\"Infoecos\",\"description\":\"Noticias de trenque lauquen y la zona\",\"publisher\":{\"@id\":\"https:\/\/infoecos.com.ar\/#organization\"},\"alternateName\":\"Noticias\",\"potentialAction\":[{\"@type\":\"SearchAction\",\"target\":{\"@type\":\"EntryPoint\",\"urlTemplate\":\"https:\/\/infoecos.com.ar\/?s={search_term_string}\"},\"query-input\":{\"@type\":\"PropertyValueSpecification\",\"valueRequired\":true,\"valueName\":\"search_term_string\"}}],\"inLanguage\":\"es\"},{\"@type\":\"Organization\",\"@id\":\"https:\/\/infoecos.com.ar\/#organization\",\"name\":\"Infoecos\",\"alternateName\":\"Noticias\",\"url\":\"https:\/\/infoecos.com.ar\/\",\"logo\":{\"@type\":\"ImageObject\",\"inLanguage\":\"es\",\"@id\":\"https:\/\/infoecos.com.ar\/#\/schema\/logo\/image\/\",\"url\":\"https:\/\/infoecos.com.ar\/wp-content\/uploads\/2024\/03\/cropped-logo.png\",\"contentUrl\":\"https:\/\/infoecos.com.ar\/wp-content\/uploads\/2024\/03\/cropped-logo.png\",\"width\":374,\"height\":90,\"caption\":\"Infoecos\"},\"image\":{\"@id\":\"https:\/\/infoecos.com.ar\/#\/schema\/logo\/image\/\"},\"sameAs\":[\"https:\/\/www.facebook.com\/profile.php?id=100063200290284\",\"https:\/\/x.com\/infoecos\"]},{\"@type\":\"Person\",\"@id\":\"https:\/\/infoecos.com.ar\/#\/schema\/person\/8f5ace5ce73b4b4aac4b7245aee6f191\",\"name\":\"Jorge Matheus\",\"url\":\"https:\/\/infoecos.com.ar\/index.php\/author\/jomatheus\/\"}]}<\/script>\n<!-- \/ Yoast SEO plugin. -->","yoast_head_json":{"title":"El d\u00f3lar libre para la venta cotizaba este lunes en T.Lauquen a 685 y hab\u00eda poca oferta - Infoecos","robots":{"index":"index","follow":"follow","max-snippet":"max-snippet:-1","max-image-preview":"max-image-preview:large","max-video-preview":"max-video-preview:-1"},"canonical":"https:\/\/infoecos.com.ar\/index.php\/el-dolar-libre-para-la-venta-cotizaba-este-lunes-en-t-lauquen-a-685-y-habia-poca-oferta\/","og_locale":"es_ES","og_type":"article","og_title":"El d\u00f3lar libre para la venta cotizaba este lunes en T.Lauquen a 685 y hab\u00eda poca oferta - Infoecos","og_description":"La cotizaci\u00f3n del d\u00f3lar blue en CABA trep\u00f3 a $690 para la punta vendedora en un mercado condicionado por el impacto pol\u00edtico por el resultado de la elecci\u00f3n y la devaluaci\u00f3n oficial que dispuso el Banco Central","og_url":"https:\/\/infoecos.com.ar\/index.php\/el-dolar-libre-para-la-venta-cotizaba-este-lunes-en-t-lauquen-a-685-y-habia-poca-oferta\/","og_site_name":"Infoecos","article_publisher":"https:\/\/www.facebook.com\/profile.php?id=100063200290284","article_published_time":"2023-08-14T23:20:13+00:00","article_modified_time":"2023-08-14T23:20:14+00:00","og_image":[{"width":600,"height":400,"url":"https:\/\/infoecos.com.ar\/wp-content\/uploads\/2022\/09\/depositphotos_3342798-stock-photo-many-bundle-of-us-100.webp","type":"image\/webp"}],"author":"Jorge Matheus","twitter_card":"summary_large_image","twitter_creator":"@infoecos","twitter_site":"@infoecos","twitter_misc":{"Escrito por":"Jorge Matheus","Tiempo de lectura":"2 minutos"},"schema":{"@context":"https:\/\/schema.org","@graph":[{"@type":"Article","@id":"https:\/\/infoecos.com.ar\/index.php\/el-dolar-libre-para-la-venta-cotizaba-este-lunes-en-t-lauquen-a-685-y-habia-poca-oferta\/#article","isPartOf":{"@id":"https:\/\/infoecos.com.ar\/index.php\/el-dolar-libre-para-la-venta-cotizaba-este-lunes-en-t-lauquen-a-685-y-habia-poca-oferta\/"},"author":{"name":"Jorge Matheus","@id":"https:\/\/infoecos.com.ar\/#\/schema\/person\/8f5ace5ce73b4b4aac4b7245aee6f191"},"headline":"El d\u00f3lar libre para la venta cotizaba este lunes en T.Lauquen a 685 y hab\u00eda poca oferta","datePublished":"2023-08-14T23:20:13+00:00","dateModified":"2023-08-14T23:20:14+00:00","mainEntityOfPage":{"@id":"https:\/\/infoecos.com.ar\/index.php\/el-dolar-libre-para-la-venta-cotizaba-este-lunes-en-t-lauquen-a-685-y-habia-poca-oferta\/"},"wordCount":206,"publisher":{"@id":"https:\/\/infoecos.com.ar\/#organization"},"image":{"@id":"https:\/\/infoecos.com.ar\/index.php\/el-dolar-libre-para-la-venta-cotizaba-este-lunes-en-t-lauquen-a-685-y-habia-poca-oferta\/#primaryimage"},"thumbnailUrl":"https:\/\/infoecos.com.ar\/wp-content\/uploads\/2022\/09\/depositphotos_3342798-stock-photo-many-bundle-of-us-100.webp","keywords":["LOS EFECTOS DE LA ELECCI\u00d3N"],"articleSection":["Noticia Secundaria"],"inLanguage":"es"},{"@type":"WebPage","@id":"https:\/\/infoecos.com.ar\/index.php\/el-dolar-libre-para-la-venta-cotizaba-este-lunes-en-t-lauquen-a-685-y-habia-poca-oferta\/","url":"https:\/\/infoecos.com.ar\/index.php\/el-dolar-libre-para-la-venta-cotizaba-este-lunes-en-t-lauquen-a-685-y-habia-poca-oferta\/","name":"El d\u00f3lar libre para la venta cotizaba este lunes en T.Lauquen a 685 y hab\u00eda poca oferta - Infoecos","isPartOf":{"@id":"https:\/\/infoecos.com.ar\/#website"},"primaryImageOfPage":{"@id":"https:\/\/infoecos.com.ar\/index.php\/el-dolar-libre-para-la-venta-cotizaba-este-lunes-en-t-lauquen-a-685-y-habia-poca-oferta\/#primaryimage"},"image":{"@id":"https:\/\/infoecos.com.ar\/index.php\/el-dolar-libre-para-la-venta-cotizaba-este-lunes-en-t-lauquen-a-685-y-habia-poca-oferta\/#primaryimage"},"thumbnailUrl":"https:\/\/infoecos.com.ar\/wp-content\/uploads\/2022\/09\/depositphotos_3342798-stock-photo-many-bundle-of-us-100.webp","datePublished":"2023-08-14T23:20:13+00:00","dateModified":"2023-08-14T23:20:14+00:00","breadcrumb":{"@id":"https:\/\/infoecos.com.ar\/index.php\/el-dolar-libre-para-la-venta-cotizaba-este-lunes-en-t-lauquen-a-685-y-habia-poca-oferta\/#breadcrumb"},"inLanguage":"es","potentialAction":[{"@type":"ReadAction","target":["https:\/\/infoecos.com.ar\/index.php\/el-dolar-libre-para-la-venta-cotizaba-este-lunes-en-t-lauquen-a-685-y-habia-poca-oferta\/"]}]},{"@type":"ImageObject","inLanguage":"es","@id":"https:\/\/infoecos.com.ar\/index.php\/el-dolar-libre-para-la-venta-cotizaba-este-lunes-en-t-lauquen-a-685-y-habia-poca-oferta\/#primaryimage","url":"https:\/\/infoecos.com.ar\/wp-content\/uploads\/2022\/09\/depositphotos_3342798-stock-photo-many-bundle-of-us-100.webp","contentUrl":"https:\/\/infoecos.com.ar\/wp-content\/uploads\/2022\/09\/depositphotos_3342798-stock-photo-many-bundle-of-us-100.webp","width":600,"height":400},{"@type":"BreadcrumbList","@id":"https:\/\/infoecos.com.ar\/index.php\/el-dolar-libre-para-la-venta-cotizaba-este-lunes-en-t-lauquen-a-685-y-habia-poca-oferta\/#breadcrumb","itemListElement":[{"@type":"ListItem","position":1,"name":"Portada","item":"https:\/\/infoecos.com.ar\/"},{"@type":"ListItem","position":2,"name":"El d\u00f3lar libre para la venta cotizaba este lunes en T.Lauquen a 685 y hab\u00eda poca oferta"}]},{"@type":"WebSite","@id":"https:\/\/infoecos.com.ar\/#website","url":"https:\/\/infoecos.com.ar\/","name":"Infoecos","description":"Noticias de trenque lauquen y la zona","publisher":{"@id":"https:\/\/infoecos.com.ar\/#organization"},"alternateName":"Noticias","potentialAction":[{"@type":"SearchAction","target":{"@type":"EntryPoint","urlTemplate":"https:\/\/infoecos.com.ar\/?s={search_term_string}"},"query-input":{"@type":"PropertyValueSpecification","valueRequired":true,"valueName":"search_term_string"}}],"inLanguage":"es"},{"@type":"Organization","@id":"https:\/\/infoecos.com.ar\/#organization","name":"Infoecos","alternateName":"Noticias","url":"https:\/\/infoecos.com.ar\/","logo":{"@type":"ImageObject","inLanguage":"es","@id":"https:\/\/infoecos.com.ar\/#\/schema\/logo\/image\/","url":"https:\/\/infoecos.com.ar\/wp-content\/uploads\/2024\/03\/cropped-logo.png","contentUrl":"https:\/\/infoecos.com.ar\/wp-content\/uploads\/2024\/03\/cropped-logo.png","width":374,"height":90,"caption":"Infoecos"},"image":{"@id":"https:\/\/infoecos.com.ar\/#\/schema\/logo\/image\/"},"sameAs":["https:\/\/www.facebook.com\/profile.php?id=100063200290284","https:\/\/x.com\/infoecos"]},{"@type":"Person","@id":"https:\/\/infoecos.com.ar\/#\/schema\/person\/8f5ace5ce73b4b4aac4b7245aee6f191","name":"Jorge Matheus","url":"https:\/\/infoecos.com.ar\/index.php\/author\/jomatheus\/"}]}},"featured_image_urls":{"full":["https:\/\/infoecos.com.ar\/wp-content\/uploads\/2022\/09\/depositphotos_3342798-stock-photo-many-bundle-of-us-100.webp",600,400,false],"thumbnail":["https:\/\/infoecos.com.ar\/wp-content\/uploads\/2022\/09\/depositphotos_3342798-stock-photo-many-bundle-of-us-100-150x150.webp",150,150,true],"medium":["https:\/\/infoecos.com.ar\/wp-content\/uploads\/2022\/09\/depositphotos_3342798-stock-photo-many-bundle-of-us-100-460x307.webp",460,307,true],"medium_large":["https:\/\/infoecos.com.ar\/wp-content\/uploads\/2022\/09\/depositphotos_3342798-stock-photo-many-bundle-of-us-100.webp",600,400,false],"large":["https:\/\/infoecos.com.ar\/wp-content\/uploads\/2022\/09\/depositphotos_3342798-stock-photo-many-bundle-of-us-100.webp",600,400,false],"1536x1536":["https:\/\/infoecos.com.ar\/wp-content\/uploads\/2022\/09\/depositphotos_3342798-stock-photo-many-bundle-of-us-100.webp",600,400,false],"2048x2048":["https:\/\/infoecos.com.ar\/wp-content\/uploads\/2022\/09\/depositphotos_3342798-stock-photo-many-bundle-of-us-100.webp",600,400,false],"covernews-slider-full":["https:\/\/infoecos.com.ar\/wp-content\/uploads\/2022\/09\/depositphotos_3342798-stock-photo-many-bundle-of-us-100.webp",600,400,false],"covernews-slider-center":["https:\/\/infoecos.com.ar\/wp-content\/uploads\/2022\/09\/depositphotos_3342798-stock-photo-many-bundle-of-us-100.webp",600,400,false],"covernews-featured":["https:\/\/infoecos.com.ar\/wp-content\/uploads\/2022\/09\/depositphotos_3342798-stock-photo-many-bundle-of-us-100.webp",600,400,false],"covernews-medium":["https:\/\/infoecos.com.ar\/wp-content\/uploads\/2022\/09\/depositphotos_3342798-stock-photo-many-bundle-of-us-100-600x380.webp",537,340,true],"covernews-medium-square":["https:\/\/infoecos.com.ar\/wp-content\/uploads\/2022\/09\/depositphotos_3342798-stock-photo-many-bundle-of-us-100.webp",375,250,false]},"author_info":{"info":["Jorge Matheus"]},"category_info":"<a href=\"https:\/\/infoecos.com.ar\/index.php\/category\/noticia-secundaria\/\" rel=\"category tag\">Noticia Secundaria<\/a>","tag_info":"Noticia Secundaria","comment_count":"0","_links":{"self":[{"href":"https:\/\/infoecos.com.ar\/index.php\/wp-json\/wp\/v2\/posts\/109830"}],"collection":[{"href":"https:\/\/infoecos.com.ar\/index.php\/wp-json\/wp\/v2\/posts"}],"about":[{"href":"https:\/\/infoecos.com.ar\/index.php\/wp-json\/wp\/v2\/types\/post"}],"author":[{"embeddable":true,"href":"https:\/\/infoecos.com.ar\/index.php\/wp-json\/wp\/v2\/users\/2"}],"replies":[{"embeddable":true,"href":"https:\/\/infoecos.com.ar\/index.php\/wp-json\/wp\/v2\/comments?post=109830"}],"version-history":[{"count":1,"href":"https:\/\/infoecos.com.ar\/index.php\/wp-json\/wp\/v2\/posts\/109830\/revisions"}],"predecessor-version":[{"id":109831,"href":"https:\/\/infoecos.com.ar\/index.php\/wp-json\/wp\/v2\/posts\/109830\/revisions\/109831"}],"wp:featuredmedia":[{"embeddable":true,"href":"https:\/\/infoecos.com.ar\/index.php\/wp-json\/wp\/v2\/media\/98016"}],"wp:attachment":[{"href":"https:\/\/infoecos.com.ar\/index.php\/wp-json\/wp\/v2\/media?parent=109830"}],"wp:term":[{"taxonomy":"category","embeddable":true,"href":"https:\/\/infoecos.com.ar\/index.php\/wp-json\/wp\/v2\/categories?post=109830"},{"taxonomy":"post_tag","embeddable":true,"href":"https:\/\/infoecos.com.ar\/index.php\/wp-json\/wp\/v2\/tags?post=109830"}],"curies":[{"name":"wp","href":"https:\/\/api.w.org\/{rel}","templated":true}]}}