{"id":109846,"date":"2023-08-14T23:01:35","date_gmt":"2023-08-15T02:01:35","guid":{"rendered":"https:\/\/infoecos.com.ar\/?p=109846"},"modified":"2023-08-16T04:46:05","modified_gmt":"2023-08-16T07:46:05","slug":"denuncio-el-robo-de-su-auto-y-hubo-un-gran-despliegue-policial","status":"publish","type":"post","link":"https:\/\/infoecos.com.ar\/index.php\/denuncio-el-robo-de-su-auto-y-hubo-un-gran-despliegue-policial\/","title":{"rendered":"Denunci\u00f3 el robo de su auto y hubo un gran despliegue policial"},"content":{"rendered":"\n<p>Le hab\u00eda prestado el auto a un amigo y denunci\u00f3 el robo del mismo, al ver que se lo hab\u00edan llevado de Marconi al 1242, donde resid\u00eda y estaba estacionado con llaves colocadas y tanque de combustible lleno.<\/p>\n\n\n\n<p> <\/p>\n\n\n\n<figure class=\"wp-block-image aligncenter size-full is-resized\"><img loading=\"lazy\" decoding=\"async\" src=\"https:\/\/infoecos.com.ar\/wp-content\/uploads\/2023\/08\/image-65.png\" alt=\"\" class=\"wp-image-109847\" width=\"197\" height=\"351\" srcset=\"https:\/\/infoecos.com.ar\/wp-content\/uploads\/2023\/08\/image-65.png 720w, https:\/\/infoecos.com.ar\/wp-content\/uploads\/2023\/08\/image-65-450x800.png 450w\" sizes=\"(max-width: 197px) 100vw, 197px\" \/><\/figure>\n\n\n\n<p>La denuncia fue realizada al 911 de la Polic\u00eda de la provincia de Buenos Aires por El\u00edas Sardi, de 25 a\u00f1os de edad. El veh\u00edculo un Volkswagen, modelo Gol Power, Dominio FKK724. <\/p>\n\n\n\n<p>En el informe policial se indica que \u00abante el delito denunciado se inicia operativo cerrojo y se abocan la totalidad de los m\u00f3viles policiales afectados a patrullar la planta urbana de este medio a los fines de localizar el rodado. Luego de ardua b\u00fasqueda lo ubicaron estacionado en una vivienda ubicada en calle Sargento Cabral 634 de medio, en poder de un amigo del denunciante, siendo este el ciudadano MARTINEZ JUAN CARLOS, a quien denunciante le hab\u00eda prestado el veh\u00edculo\u00bb.<\/p>\n\n\n\n<p>Se inicio causa penal caratulada HURTO AUTOMOTOR, con intervenci\u00f3n Fiscal\u00eda N\u00b0 05 Departamental.-<\/p>\n","protected":false},"excerpt":{"rendered":"<p>La denuncia fue realizada al 911 de la Polic\u00eda de la provincia de Buenos Aires por El\u00edas Sardi, de 25 a\u00f1os de edad. El veh\u00edculo un Volkswagen, modelo Gol Power, Dominio FKK724<\/p>\n","protected":false},"author":2,"featured_media":109847,"comment_status":"closed","ping_status":"open","sticky":false,"template":"","format":"standard","meta":{"footnotes":""},"categories":[43],"tags":[7507],"class_list":["post-109846","post","type-post","status-publish","format-standard","has-post-thumbnail","hentry","category-inferior4","tag-t-lauquen-policial"],"yoast_head":"<!-- This site is optimized with the Yoast SEO plugin v23.4 - https:\/\/yoast.com\/wordpress\/plugins\/seo\/ -->\n<title>Denunci\u00f3 el robo de su auto y hubo un gran despliegue policial - Infoecos<\/title>\n<meta name=\"robots\" content=\"index, follow, max-snippet:-1, max-image-preview:large, max-video-preview:-1\" \/>\n<link rel=\"canonical\" href=\"https:\/\/infoecos.com.ar\/index.php\/denuncio-el-robo-de-su-auto-y-hubo-un-gran-despliegue-policial\/\" \/>\n<meta property=\"og:locale\" content=\"es_ES\" \/>\n<meta property=\"og:type\" content=\"article\" \/>\n<meta property=\"og:title\" content=\"Denunci\u00f3 el robo de su auto y hubo un gran despliegue policial - Infoecos\" \/>\n<meta property=\"og:description\" content=\"La denuncia fue realizada al 911 de la Polic\u00eda de la provincia de Buenos Aires por El\u00edas Sardi, de 25 a\u00f1os de edad. El veh\u00edculo un Volkswagen, modelo Gol Power, Dominio FKK724\" \/>\n<meta property=\"og:url\" content=\"https:\/\/infoecos.com.ar\/index.php\/denuncio-el-robo-de-su-auto-y-hubo-un-gran-despliegue-policial\/\" \/>\n<meta property=\"og:site_name\" content=\"Infoecos\" \/>\n<meta property=\"article:publisher\" content=\"https:\/\/www.facebook.com\/profile.php?id=100063200290284\" \/>\n<meta property=\"article:published_time\" content=\"2023-08-15T02:01:35+00:00\" \/>\n<meta property=\"article:modified_time\" content=\"2023-08-16T07:46:05+00:00\" \/>\n<meta property=\"og:image\" content=\"https:\/\/infoecos.com.ar\/wp-content\/uploads\/2023\/08\/image-65.png\" \/>\n\t<meta property=\"og:image:width\" content=\"720\" \/>\n\t<meta property=\"og:image:height\" content=\"1280\" \/>\n\t<meta property=\"og:image:type\" content=\"image\/png\" \/>\n<meta name=\"author\" content=\"Jorge Matheus\" \/>\n<meta name=\"twitter:card\" content=\"summary_large_image\" \/>\n<meta name=\"twitter:creator\" content=\"@infoecos\" \/>\n<meta name=\"twitter:site\" content=\"@infoecos\" \/>\n<meta name=\"twitter:label1\" content=\"Escrito por\" \/>\n\t<meta name=\"twitter:data1\" content=\"Jorge Matheus\" \/>\n\t<meta name=\"twitter:label2\" content=\"Tiempo de lectura\" \/>\n\t<meta name=\"twitter:data2\" content=\"1 minuto\" \/>\n<script type=\"application\/ld+json\" class=\"yoast-schema-graph\">{\"@context\":\"https:\/\/schema.org\",\"@graph\":[{\"@type\":\"Article\",\"@id\":\"https:\/\/infoecos.com.ar\/index.php\/denuncio-el-robo-de-su-auto-y-hubo-un-gran-despliegue-policial\/#article\",\"isPartOf\":{\"@id\":\"https:\/\/infoecos.com.ar\/index.php\/denuncio-el-robo-de-su-auto-y-hubo-un-gran-despliegue-policial\/\"},\"author\":{\"name\":\"Jorge Matheus\",\"@id\":\"https:\/\/infoecos.com.ar\/#\/schema\/person\/8f5ace5ce73b4b4aac4b7245aee6f191\"},\"headline\":\"Denunci\u00f3 el robo de su auto y hubo un gran despliegue policial\",\"datePublished\":\"2023-08-15T02:01:35+00:00\",\"dateModified\":\"2023-08-16T07:46:05+00:00\",\"mainEntityOfPage\":{\"@id\":\"https:\/\/infoecos.com.ar\/index.php\/denuncio-el-robo-de-su-auto-y-hubo-un-gran-despliegue-policial\/\"},\"wordCount\":183,\"publisher\":{\"@id\":\"https:\/\/infoecos.com.ar\/#organization\"},\"image\":{\"@id\":\"https:\/\/infoecos.com.ar\/index.php\/denuncio-el-robo-de-su-auto-y-hubo-un-gran-despliegue-policial\/#primaryimage\"},\"thumbnailUrl\":\"https:\/\/infoecos.com.ar\/wp-content\/uploads\/2023\/08\/image-65.png\",\"keywords\":[\"t.lauquen - policial\"],\"articleSection\":[\"Bloque inferior - 4\"],\"inLanguage\":\"es\"},{\"@type\":\"WebPage\",\"@id\":\"https:\/\/infoecos.com.ar\/index.php\/denuncio-el-robo-de-su-auto-y-hubo-un-gran-despliegue-policial\/\",\"url\":\"https:\/\/infoecos.com.ar\/index.php\/denuncio-el-robo-de-su-auto-y-hubo-un-gran-despliegue-policial\/\",\"name\":\"Denunci\u00f3 el robo de su auto y hubo un gran despliegue policial - Infoecos\",\"isPartOf\":{\"@id\":\"https:\/\/infoecos.com.ar\/#website\"},\"primaryImageOfPage\":{\"@id\":\"https:\/\/infoecos.com.ar\/index.php\/denuncio-el-robo-de-su-auto-y-hubo-un-gran-despliegue-policial\/#primaryimage\"},\"image\":{\"@id\":\"https:\/\/infoecos.com.ar\/index.php\/denuncio-el-robo-de-su-auto-y-hubo-un-gran-despliegue-policial\/#primaryimage\"},\"thumbnailUrl\":\"https:\/\/infoecos.com.ar\/wp-content\/uploads\/2023\/08\/image-65.png\",\"datePublished\":\"2023-08-15T02:01:35+00:00\",\"dateModified\":\"2023-08-16T07:46:05+00:00\",\"breadcrumb\":{\"@id\":\"https:\/\/infoecos.com.ar\/index.php\/denuncio-el-robo-de-su-auto-y-hubo-un-gran-despliegue-policial\/#breadcrumb\"},\"inLanguage\":\"es\",\"potentialAction\":[{\"@type\":\"ReadAction\",\"target\":[\"https:\/\/infoecos.com.ar\/index.php\/denuncio-el-robo-de-su-auto-y-hubo-un-gran-despliegue-policial\/\"]}]},{\"@type\":\"ImageObject\",\"inLanguage\":\"es\",\"@id\":\"https:\/\/infoecos.com.ar\/index.php\/denuncio-el-robo-de-su-auto-y-hubo-un-gran-despliegue-policial\/#primaryimage\",\"url\":\"https:\/\/infoecos.com.ar\/wp-content\/uploads\/2023\/08\/image-65.png\",\"contentUrl\":\"https:\/\/infoecos.com.ar\/wp-content\/uploads\/2023\/08\/image-65.png\",\"width\":720,\"height\":1280},{\"@type\":\"BreadcrumbList\",\"@id\":\"https:\/\/infoecos.com.ar\/index.php\/denuncio-el-robo-de-su-auto-y-hubo-un-gran-despliegue-policial\/#breadcrumb\",\"itemListElement\":[{\"@type\":\"ListItem\",\"position\":1,\"name\":\"Portada\",\"item\":\"https:\/\/infoecos.com.ar\/\"},{\"@type\":\"ListItem\",\"position\":2,\"name\":\"Denunci\u00f3 el robo de su auto y hubo un gran despliegue policial\"}]},{\"@type\":\"WebSite\",\"@id\":\"https:\/\/infoecos.com.ar\/#website\",\"url\":\"https:\/\/infoecos.com.ar\/\",\"name\":\"Infoecos\",\"description\":\"Noticias de trenque lauquen y la zona\",\"publisher\":{\"@id\":\"https:\/\/infoecos.com.ar\/#organization\"},\"alternateName\":\"Noticias\",\"potentialAction\":[{\"@type\":\"SearchAction\",\"target\":{\"@type\":\"EntryPoint\",\"urlTemplate\":\"https:\/\/infoecos.com.ar\/?s={search_term_string}\"},\"query-input\":{\"@type\":\"PropertyValueSpecification\",\"valueRequired\":true,\"valueName\":\"search_term_string\"}}],\"inLanguage\":\"es\"},{\"@type\":\"Organization\",\"@id\":\"https:\/\/infoecos.com.ar\/#organization\",\"name\":\"Infoecos\",\"alternateName\":\"Noticias\",\"url\":\"https:\/\/infoecos.com.ar\/\",\"logo\":{\"@type\":\"ImageObject\",\"inLanguage\":\"es\",\"@id\":\"https:\/\/infoecos.com.ar\/#\/schema\/logo\/image\/\",\"url\":\"https:\/\/infoecos.com.ar\/wp-content\/uploads\/2024\/03\/cropped-logo.png\",\"contentUrl\":\"https:\/\/infoecos.com.ar\/wp-content\/uploads\/2024\/03\/cropped-logo.png\",\"width\":374,\"height\":90,\"caption\":\"Infoecos\"},\"image\":{\"@id\":\"https:\/\/infoecos.com.ar\/#\/schema\/logo\/image\/\"},\"sameAs\":[\"https:\/\/www.facebook.com\/profile.php?id=100063200290284\",\"https:\/\/x.com\/infoecos\"]},{\"@type\":\"Person\",\"@id\":\"https:\/\/infoecos.com.ar\/#\/schema\/person\/8f5ace5ce73b4b4aac4b7245aee6f191\",\"name\":\"Jorge Matheus\",\"url\":\"https:\/\/infoecos.com.ar\/index.php\/author\/jomatheus\/\"}]}<\/script>\n<!-- \/ Yoast SEO plugin. -->","yoast_head_json":{"title":"Denunci\u00f3 el robo de su auto y hubo un gran despliegue policial - Infoecos","robots":{"index":"index","follow":"follow","max-snippet":"max-snippet:-1","max-image-preview":"max-image-preview:large","max-video-preview":"max-video-preview:-1"},"canonical":"https:\/\/infoecos.com.ar\/index.php\/denuncio-el-robo-de-su-auto-y-hubo-un-gran-despliegue-policial\/","og_locale":"es_ES","og_type":"article","og_title":"Denunci\u00f3 el robo de su auto y hubo un gran despliegue policial - Infoecos","og_description":"La denuncia fue realizada al 911 de la Polic\u00eda de la provincia de Buenos Aires por El\u00edas Sardi, de 25 a\u00f1os de edad. El veh\u00edculo un Volkswagen, modelo Gol Power, Dominio FKK724","og_url":"https:\/\/infoecos.com.ar\/index.php\/denuncio-el-robo-de-su-auto-y-hubo-un-gran-despliegue-policial\/","og_site_name":"Infoecos","article_publisher":"https:\/\/www.facebook.com\/profile.php?id=100063200290284","article_published_time":"2023-08-15T02:01:35+00:00","article_modified_time":"2023-08-16T07:46:05+00:00","og_image":[{"width":720,"height":1280,"url":"https:\/\/infoecos.com.ar\/wp-content\/uploads\/2023\/08\/image-65.png","type":"image\/png"}],"author":"Jorge Matheus","twitter_card":"summary_large_image","twitter_creator":"@infoecos","twitter_site":"@infoecos","twitter_misc":{"Escrito por":"Jorge Matheus","Tiempo de lectura":"1 minuto"},"schema":{"@context":"https:\/\/schema.org","@graph":[{"@type":"Article","@id":"https:\/\/infoecos.com.ar\/index.php\/denuncio-el-robo-de-su-auto-y-hubo-un-gran-despliegue-policial\/#article","isPartOf":{"@id":"https:\/\/infoecos.com.ar\/index.php\/denuncio-el-robo-de-su-auto-y-hubo-un-gran-despliegue-policial\/"},"author":{"name":"Jorge Matheus","@id":"https:\/\/infoecos.com.ar\/#\/schema\/person\/8f5ace5ce73b4b4aac4b7245aee6f191"},"headline":"Denunci\u00f3 el robo de su auto y hubo un gran despliegue policial","datePublished":"2023-08-15T02:01:35+00:00","dateModified":"2023-08-16T07:46:05+00:00","mainEntityOfPage":{"@id":"https:\/\/infoecos.com.ar\/index.php\/denuncio-el-robo-de-su-auto-y-hubo-un-gran-despliegue-policial\/"},"wordCount":183,"publisher":{"@id":"https:\/\/infoecos.com.ar\/#organization"},"image":{"@id":"https:\/\/infoecos.com.ar\/index.php\/denuncio-el-robo-de-su-auto-y-hubo-un-gran-despliegue-policial\/#primaryimage"},"thumbnailUrl":"https:\/\/infoecos.com.ar\/wp-content\/uploads\/2023\/08\/image-65.png","keywords":["t.lauquen - policial"],"articleSection":["Bloque inferior - 4"],"inLanguage":"es"},{"@type":"WebPage","@id":"https:\/\/infoecos.com.ar\/index.php\/denuncio-el-robo-de-su-auto-y-hubo-un-gran-despliegue-policial\/","url":"https:\/\/infoecos.com.ar\/index.php\/denuncio-el-robo-de-su-auto-y-hubo-un-gran-despliegue-policial\/","name":"Denunci\u00f3 el robo de su auto y hubo un gran despliegue policial - Infoecos","isPartOf":{"@id":"https:\/\/infoecos.com.ar\/#website"},"primaryImageOfPage":{"@id":"https:\/\/infoecos.com.ar\/index.php\/denuncio-el-robo-de-su-auto-y-hubo-un-gran-despliegue-policial\/#primaryimage"},"image":{"@id":"https:\/\/infoecos.com.ar\/index.php\/denuncio-el-robo-de-su-auto-y-hubo-un-gran-despliegue-policial\/#primaryimage"},"thumbnailUrl":"https:\/\/infoecos.com.ar\/wp-content\/uploads\/2023\/08\/image-65.png","datePublished":"2023-08-15T02:01:35+00:00","dateModified":"2023-08-16T07:46:05+00:00","breadcrumb":{"@id":"https:\/\/infoecos.com.ar\/index.php\/denuncio-el-robo-de-su-auto-y-hubo-un-gran-despliegue-policial\/#breadcrumb"},"inLanguage":"es","potentialAction":[{"@type":"ReadAction","target":["https:\/\/infoecos.com.ar\/index.php\/denuncio-el-robo-de-su-auto-y-hubo-un-gran-despliegue-policial\/"]}]},{"@type":"ImageObject","inLanguage":"es","@id":"https:\/\/infoecos.com.ar\/index.php\/denuncio-el-robo-de-su-auto-y-hubo-un-gran-despliegue-policial\/#primaryimage","url":"https:\/\/infoecos.com.ar\/wp-content\/uploads\/2023\/08\/image-65.png","contentUrl":"https:\/\/infoecos.com.ar\/wp-content\/uploads\/2023\/08\/image-65.png","width":720,"height":1280},{"@type":"BreadcrumbList","@id":"https:\/\/infoecos.com.ar\/index.php\/denuncio-el-robo-de-su-auto-y-hubo-un-gran-despliegue-policial\/#breadcrumb","itemListElement":[{"@type":"ListItem","position":1,"name":"Portada","item":"https:\/\/infoecos.com.ar\/"},{"@type":"ListItem","position":2,"name":"Denunci\u00f3 el robo de su auto y hubo un gran despliegue policial"}]},{"@type":"WebSite","@id":"https:\/\/infoecos.com.ar\/#website","url":"https:\/\/infoecos.com.ar\/","name":"Infoecos","description":"Noticias de trenque lauquen y la zona","publisher":{"@id":"https:\/\/infoecos.com.ar\/#organization"},"alternateName":"Noticias","potentialAction":[{"@type":"SearchAction","target":{"@type":"EntryPoint","urlTemplate":"https:\/\/infoecos.com.ar\/?s={search_term_string}"},"query-input":{"@type":"PropertyValueSpecification","valueRequired":true,"valueName":"search_term_string"}}],"inLanguage":"es"},{"@type":"Organization","@id":"https:\/\/infoecos.com.ar\/#organization","name":"Infoecos","alternateName":"Noticias","url":"https:\/\/infoecos.com.ar\/","logo":{"@type":"ImageObject","inLanguage":"es","@id":"https:\/\/infoecos.com.ar\/#\/schema\/logo\/image\/","url":"https:\/\/infoecos.com.ar\/wp-content\/uploads\/2024\/03\/cropped-logo.png","contentUrl":"https:\/\/infoecos.com.ar\/wp-content\/uploads\/2024\/03\/cropped-logo.png","width":374,"height":90,"caption":"Infoecos"},"image":{"@id":"https:\/\/infoecos.com.ar\/#\/schema\/logo\/image\/"},"sameAs":["https:\/\/www.facebook.com\/profile.php?id=100063200290284","https:\/\/x.com\/infoecos"]},{"@type":"Person","@id":"https:\/\/infoecos.com.ar\/#\/schema\/person\/8f5ace5ce73b4b4aac4b7245aee6f191","name":"Jorge Matheus","url":"https:\/\/infoecos.com.ar\/index.php\/author\/jomatheus\/"}]}},"featured_image_urls":{"full":["https:\/\/infoecos.com.ar\/wp-content\/uploads\/2023\/08\/image-65.png",720,1280,false],"thumbnail":["https:\/\/infoecos.com.ar\/wp-content\/uploads\/2023\/08\/image-65-300x150.png",300,150,true],"medium":["https:\/\/infoecos.com.ar\/wp-content\/uploads\/2023\/08\/image-65-450x800.png",450,800,true],"medium_large":["https:\/\/infoecos.com.ar\/wp-content\/uploads\/2023\/08\/image-65.png",640,1138,false],"large":["https:\/\/infoecos.com.ar\/wp-content\/uploads\/2023\/08\/image-65.png",640,1138,false],"1536x1536":["https:\/\/infoecos.com.ar\/wp-content\/uploads\/2023\/08\/image-65.png",720,1280,false],"2048x2048":["https:\/\/infoecos.com.ar\/wp-content\/uploads\/2023\/08\/image-65.png",720,1280,false],"covernews-slider-full":["https:\/\/infoecos.com.ar\/wp-content\/uploads\/2023\/08\/image-65-720x1020.png",505,715,true],"covernews-slider-center":["https:\/\/infoecos.com.ar\/wp-content\/uploads\/2023\/08\/image-65-720x897.png",401,500,true],"covernews-featured":["https:\/\/infoecos.com.ar\/wp-content\/uploads\/2023\/08\/image-65.png",720,1280,false],"covernews-medium":["https:\/\/infoecos.com.ar\/wp-content\/uploads\/2023\/08\/image-65-720x380.png",540,285,true],"covernews-medium-square":["https:\/\/infoecos.com.ar\/wp-content\/uploads\/2023\/08\/image-65-675x450.png",375,250,true]},"author_info":{"info":["Jorge Matheus"]},"category_info":"<a href=\"https:\/\/infoecos.com.ar\/index.php\/category\/inferior4\/\" rel=\"category tag\">Bloque inferior - 4<\/a>","tag_info":"Bloque inferior - 4","comment_count":"0","_links":{"self":[{"href":"https:\/\/infoecos.com.ar\/index.php\/wp-json\/wp\/v2\/posts\/109846"}],"collection":[{"href":"https:\/\/infoecos.com.ar\/index.php\/wp-json\/wp\/v2\/posts"}],"about":[{"href":"https:\/\/infoecos.com.ar\/index.php\/wp-json\/wp\/v2\/types\/post"}],"author":[{"embeddable":true,"href":"https:\/\/infoecos.com.ar\/index.php\/wp-json\/wp\/v2\/users\/2"}],"replies":[{"embeddable":true,"href":"https:\/\/infoecos.com.ar\/index.php\/wp-json\/wp\/v2\/comments?post=109846"}],"version-history":[{"count":1,"href":"https:\/\/infoecos.com.ar\/index.php\/wp-json\/wp\/v2\/posts\/109846\/revisions"}],"predecessor-version":[{"id":109848,"href":"https:\/\/infoecos.com.ar\/index.php\/wp-json\/wp\/v2\/posts\/109846\/revisions\/109848"}],"wp:featuredmedia":[{"embeddable":true,"href":"https:\/\/infoecos.com.ar\/index.php\/wp-json\/wp\/v2\/media\/109847"}],"wp:attachment":[{"href":"https:\/\/infoecos.com.ar\/index.php\/wp-json\/wp\/v2\/media?parent=109846"}],"wp:term":[{"taxonomy":"category","embeddable":true,"href":"https:\/\/infoecos.com.ar\/index.php\/wp-json\/wp\/v2\/categories?post=109846"},{"taxonomy":"post_tag","embeddable":true,"href":"https:\/\/infoecos.com.ar\/index.php\/wp-json\/wp\/v2\/tags?post=109846"}],"curies":[{"name":"wp","href":"https:\/\/api.w.org\/{rel}","templated":true}]}}