{"id":109889,"date":"2023-08-15T02:39:10","date_gmt":"2023-08-15T05:39:10","guid":{"rendered":"https:\/\/infoecos.com.ar\/?p=109889"},"modified":"2023-08-15T02:39:11","modified_gmt":"2023-08-15T05:39:11","slug":"este-viernes-18-se-presentan-en-trenque-lauquen-baglietto-y-vitale-con-sus-hijos","status":"publish","type":"post","link":"https:\/\/infoecos.com.ar\/index.php\/este-viernes-18-se-presentan-en-trenque-lauquen-baglietto-y-vitale-con-sus-hijos\/","title":{"rendered":"Este viernes 18 se presentan en Trenque Lauquen Baglietto y Vitale con sus hijos"},"content":{"rendered":"\n<p>El viernes se presentan en Trenque Lauquen, Baglietto-Vitale y sus hijos en un espect\u00e1culo que viene mereciendo los m\u00e1s calificados comentarios y que pronto se ofrecer\u00e1 en Espa\u00f1a.<\/p>\n\n\n\n<p>El show se desarrollar\u00e1 en el Cine Teatro Barrio Alegre, a partir de las 21 horas.<\/p>\n\n\n\n<p>Sobre el escenario compartir\u00e1n con sus hijos, Juli\u00e1n Baglietto, en bater\u00eda y Jano Vitale en bajo, en lo que denominan \u201cBaglietto Vitale Cuarteto\u201d.<\/p>\n\n\n\n<p>Las entradas pueden adquirirse a trav\u00e9s de planetaentrada.com o en Boleter\u00eda del Cine<\/p>\n\n\n\n<figure class=\"wp-block-image size-full\"><img loading=\"lazy\" decoding=\"async\" width=\"1400\" height=\"400\" src=\"https:\/\/infoecos.com.ar\/wp-content\/uploads\/2023\/08\/Banner-TRENQUE-LAUQUEN.jpg\" alt=\"\" class=\"wp-image-109890\" srcset=\"https:\/\/infoecos.com.ar\/wp-content\/uploads\/2023\/08\/Banner-TRENQUE-LAUQUEN.jpg 1400w, https:\/\/infoecos.com.ar\/wp-content\/uploads\/2023\/08\/Banner-TRENQUE-LAUQUEN-800x229.jpg 800w, https:\/\/infoecos.com.ar\/wp-content\/uploads\/2023\/08\/Banner-TRENQUE-LAUQUEN-768x219.jpg 768w, https:\/\/infoecos.com.ar\/wp-content\/uploads\/2023\/08\/Banner-TRENQUE-LAUQUEN-1024x293.jpg 1024w\" sizes=\"(max-width: 1400px) 100vw, 1400px\" \/><\/figure>\n","protected":false},"excerpt":{"rendered":"<p>Sobre el escenario compartir\u00e1n con sus hijos, Juli\u00e1n Baglietto, en bater\u00eda y Jano Vitale en bajo, en lo que denominan \u201cBaglietto Vitale Cuarteto\u201d<\/p>\n","protected":false},"author":2,"featured_media":109891,"comment_status":"closed","ping_status":"open","sticky":false,"template":"","format":"standard","meta":{"footnotes":""},"categories":[51],"tags":[6340],"class_list":["post-109889","post","type-post","status-publish","format-standard","has-post-thumbnail","hentry","category-c2nota4","tag-en-el-cine-barrio-alegre"],"yoast_head":"<!-- This site is optimized with the Yoast SEO plugin v23.4 - https:\/\/yoast.com\/wordpress\/plugins\/seo\/ -->\n<title>Este viernes 18 se presentan en Trenque Lauquen Baglietto y Vitale con sus hijos - Infoecos<\/title>\n<meta name=\"robots\" content=\"index, follow, max-snippet:-1, max-image-preview:large, max-video-preview:-1\" \/>\n<link rel=\"canonical\" href=\"https:\/\/infoecos.com.ar\/index.php\/este-viernes-18-se-presentan-en-trenque-lauquen-baglietto-y-vitale-con-sus-hijos\/\" \/>\n<meta property=\"og:locale\" content=\"es_ES\" \/>\n<meta property=\"og:type\" content=\"article\" \/>\n<meta property=\"og:title\" content=\"Este viernes 18 se presentan en Trenque Lauquen Baglietto y Vitale con sus hijos - Infoecos\" \/>\n<meta property=\"og:description\" content=\"Sobre el escenario compartir\u00e1n con sus hijos, Juli\u00e1n Baglietto, en bater\u00eda y Jano Vitale en bajo, en lo que denominan \u201cBaglietto Vitale Cuarteto\u201d\" \/>\n<meta property=\"og:url\" content=\"https:\/\/infoecos.com.ar\/index.php\/este-viernes-18-se-presentan-en-trenque-lauquen-baglietto-y-vitale-con-sus-hijos\/\" \/>\n<meta property=\"og:site_name\" content=\"Infoecos\" \/>\n<meta property=\"article:publisher\" content=\"https:\/\/www.facebook.com\/profile.php?id=100063200290284\" \/>\n<meta property=\"article:published_time\" content=\"2023-08-15T05:39:10+00:00\" \/>\n<meta property=\"article:modified_time\" content=\"2023-08-15T05:39:11+00:00\" \/>\n<meta property=\"og:image\" content=\"https:\/\/infoecos.com.ar\/wp-content\/uploads\/2023\/08\/baglietovitale-2.jpg\" \/>\n\t<meta property=\"og:image:width\" content=\"810\" \/>\n\t<meta property=\"og:image:height\" content=\"641\" \/>\n\t<meta property=\"og:image:type\" content=\"image\/jpeg\" \/>\n<meta name=\"author\" content=\"Jorge Matheus\" \/>\n<meta name=\"twitter:card\" content=\"summary_large_image\" \/>\n<meta name=\"twitter:creator\" content=\"@infoecos\" \/>\n<meta name=\"twitter:site\" content=\"@infoecos\" \/>\n<meta name=\"twitter:label1\" content=\"Escrito por\" \/>\n\t<meta name=\"twitter:data1\" content=\"Jorge Matheus\" \/>\n\t<meta name=\"twitter:label2\" content=\"Tiempo de lectura\" \/>\n\t<meta name=\"twitter:data2\" content=\"1 minuto\" \/>\n<script type=\"application\/ld+json\" class=\"yoast-schema-graph\">{\"@context\":\"https:\/\/schema.org\",\"@graph\":[{\"@type\":\"Article\",\"@id\":\"https:\/\/infoecos.com.ar\/index.php\/este-viernes-18-se-presentan-en-trenque-lauquen-baglietto-y-vitale-con-sus-hijos\/#article\",\"isPartOf\":{\"@id\":\"https:\/\/infoecos.com.ar\/index.php\/este-viernes-18-se-presentan-en-trenque-lauquen-baglietto-y-vitale-con-sus-hijos\/\"},\"author\":{\"name\":\"Jorge Matheus\",\"@id\":\"https:\/\/infoecos.com.ar\/#\/schema\/person\/8f5ace5ce73b4b4aac4b7245aee6f191\"},\"headline\":\"Este viernes 18 se presentan en Trenque Lauquen Baglietto y Vitale con sus hijos\",\"datePublished\":\"2023-08-15T05:39:10+00:00\",\"dateModified\":\"2023-08-15T05:39:11+00:00\",\"mainEntityOfPage\":{\"@id\":\"https:\/\/infoecos.com.ar\/index.php\/este-viernes-18-se-presentan-en-trenque-lauquen-baglietto-y-vitale-con-sus-hijos\/\"},\"wordCount\":101,\"publisher\":{\"@id\":\"https:\/\/infoecos.com.ar\/#organization\"},\"image\":{\"@id\":\"https:\/\/infoecos.com.ar\/index.php\/este-viernes-18-se-presentan-en-trenque-lauquen-baglietto-y-vitale-con-sus-hijos\/#primaryimage\"},\"thumbnailUrl\":\"https:\/\/infoecos.com.ar\/wp-content\/uploads\/2023\/08\/baglietovitale-2.jpg\",\"keywords\":[\"en el cine barrio alegre\"],\"articleSection\":[\"C2 N4\"],\"inLanguage\":\"es\"},{\"@type\":\"WebPage\",\"@id\":\"https:\/\/infoecos.com.ar\/index.php\/este-viernes-18-se-presentan-en-trenque-lauquen-baglietto-y-vitale-con-sus-hijos\/\",\"url\":\"https:\/\/infoecos.com.ar\/index.php\/este-viernes-18-se-presentan-en-trenque-lauquen-baglietto-y-vitale-con-sus-hijos\/\",\"name\":\"Este viernes 18 se presentan en Trenque Lauquen Baglietto y Vitale con sus hijos - Infoecos\",\"isPartOf\":{\"@id\":\"https:\/\/infoecos.com.ar\/#website\"},\"primaryImageOfPage\":{\"@id\":\"https:\/\/infoecos.com.ar\/index.php\/este-viernes-18-se-presentan-en-trenque-lauquen-baglietto-y-vitale-con-sus-hijos\/#primaryimage\"},\"image\":{\"@id\":\"https:\/\/infoecos.com.ar\/index.php\/este-viernes-18-se-presentan-en-trenque-lauquen-baglietto-y-vitale-con-sus-hijos\/#primaryimage\"},\"thumbnailUrl\":\"https:\/\/infoecos.com.ar\/wp-content\/uploads\/2023\/08\/baglietovitale-2.jpg\",\"datePublished\":\"2023-08-15T05:39:10+00:00\",\"dateModified\":\"2023-08-15T05:39:11+00:00\",\"breadcrumb\":{\"@id\":\"https:\/\/infoecos.com.ar\/index.php\/este-viernes-18-se-presentan-en-trenque-lauquen-baglietto-y-vitale-con-sus-hijos\/#breadcrumb\"},\"inLanguage\":\"es\",\"potentialAction\":[{\"@type\":\"ReadAction\",\"target\":[\"https:\/\/infoecos.com.ar\/index.php\/este-viernes-18-se-presentan-en-trenque-lauquen-baglietto-y-vitale-con-sus-hijos\/\"]}]},{\"@type\":\"ImageObject\",\"inLanguage\":\"es\",\"@id\":\"https:\/\/infoecos.com.ar\/index.php\/este-viernes-18-se-presentan-en-trenque-lauquen-baglietto-y-vitale-con-sus-hijos\/#primaryimage\",\"url\":\"https:\/\/infoecos.com.ar\/wp-content\/uploads\/2023\/08\/baglietovitale-2.jpg\",\"contentUrl\":\"https:\/\/infoecos.com.ar\/wp-content\/uploads\/2023\/08\/baglietovitale-2.jpg\",\"width\":810,\"height\":641},{\"@type\":\"BreadcrumbList\",\"@id\":\"https:\/\/infoecos.com.ar\/index.php\/este-viernes-18-se-presentan-en-trenque-lauquen-baglietto-y-vitale-con-sus-hijos\/#breadcrumb\",\"itemListElement\":[{\"@type\":\"ListItem\",\"position\":1,\"name\":\"Portada\",\"item\":\"https:\/\/infoecos.com.ar\/\"},{\"@type\":\"ListItem\",\"position\":2,\"name\":\"Este viernes 18 se presentan en Trenque Lauquen Baglietto y Vitale con sus hijos\"}]},{\"@type\":\"WebSite\",\"@id\":\"https:\/\/infoecos.com.ar\/#website\",\"url\":\"https:\/\/infoecos.com.ar\/\",\"name\":\"Infoecos\",\"description\":\"Noticias de trenque lauquen y la zona\",\"publisher\":{\"@id\":\"https:\/\/infoecos.com.ar\/#organization\"},\"alternateName\":\"Noticias\",\"potentialAction\":[{\"@type\":\"SearchAction\",\"target\":{\"@type\":\"EntryPoint\",\"urlTemplate\":\"https:\/\/infoecos.com.ar\/?s={search_term_string}\"},\"query-input\":{\"@type\":\"PropertyValueSpecification\",\"valueRequired\":true,\"valueName\":\"search_term_string\"}}],\"inLanguage\":\"es\"},{\"@type\":\"Organization\",\"@id\":\"https:\/\/infoecos.com.ar\/#organization\",\"name\":\"Infoecos\",\"alternateName\":\"Noticias\",\"url\":\"https:\/\/infoecos.com.ar\/\",\"logo\":{\"@type\":\"ImageObject\",\"inLanguage\":\"es\",\"@id\":\"https:\/\/infoecos.com.ar\/#\/schema\/logo\/image\/\",\"url\":\"https:\/\/infoecos.com.ar\/wp-content\/uploads\/2024\/03\/cropped-logo.png\",\"contentUrl\":\"https:\/\/infoecos.com.ar\/wp-content\/uploads\/2024\/03\/cropped-logo.png\",\"width\":374,\"height\":90,\"caption\":\"Infoecos\"},\"image\":{\"@id\":\"https:\/\/infoecos.com.ar\/#\/schema\/logo\/image\/\"},\"sameAs\":[\"https:\/\/www.facebook.com\/profile.php?id=100063200290284\",\"https:\/\/x.com\/infoecos\"]},{\"@type\":\"Person\",\"@id\":\"https:\/\/infoecos.com.ar\/#\/schema\/person\/8f5ace5ce73b4b4aac4b7245aee6f191\",\"name\":\"Jorge Matheus\",\"url\":\"https:\/\/infoecos.com.ar\/index.php\/author\/jomatheus\/\"}]}<\/script>\n<!-- \/ Yoast SEO plugin. -->","yoast_head_json":{"title":"Este viernes 18 se presentan en Trenque Lauquen Baglietto y Vitale con sus hijos - Infoecos","robots":{"index":"index","follow":"follow","max-snippet":"max-snippet:-1","max-image-preview":"max-image-preview:large","max-video-preview":"max-video-preview:-1"},"canonical":"https:\/\/infoecos.com.ar\/index.php\/este-viernes-18-se-presentan-en-trenque-lauquen-baglietto-y-vitale-con-sus-hijos\/","og_locale":"es_ES","og_type":"article","og_title":"Este viernes 18 se presentan en Trenque Lauquen Baglietto y Vitale con sus hijos - Infoecos","og_description":"Sobre el escenario compartir\u00e1n con sus hijos, Juli\u00e1n Baglietto, en bater\u00eda y Jano Vitale en bajo, en lo que denominan \u201cBaglietto Vitale Cuarteto\u201d","og_url":"https:\/\/infoecos.com.ar\/index.php\/este-viernes-18-se-presentan-en-trenque-lauquen-baglietto-y-vitale-con-sus-hijos\/","og_site_name":"Infoecos","article_publisher":"https:\/\/www.facebook.com\/profile.php?id=100063200290284","article_published_time":"2023-08-15T05:39:10+00:00","article_modified_time":"2023-08-15T05:39:11+00:00","og_image":[{"width":810,"height":641,"url":"https:\/\/infoecos.com.ar\/wp-content\/uploads\/2023\/08\/baglietovitale-2.jpg","type":"image\/jpeg"}],"author":"Jorge Matheus","twitter_card":"summary_large_image","twitter_creator":"@infoecos","twitter_site":"@infoecos","twitter_misc":{"Escrito por":"Jorge Matheus","Tiempo de lectura":"1 minuto"},"schema":{"@context":"https:\/\/schema.org","@graph":[{"@type":"Article","@id":"https:\/\/infoecos.com.ar\/index.php\/este-viernes-18-se-presentan-en-trenque-lauquen-baglietto-y-vitale-con-sus-hijos\/#article","isPartOf":{"@id":"https:\/\/infoecos.com.ar\/index.php\/este-viernes-18-se-presentan-en-trenque-lauquen-baglietto-y-vitale-con-sus-hijos\/"},"author":{"name":"Jorge Matheus","@id":"https:\/\/infoecos.com.ar\/#\/schema\/person\/8f5ace5ce73b4b4aac4b7245aee6f191"},"headline":"Este viernes 18 se presentan en Trenque Lauquen Baglietto y Vitale con sus hijos","datePublished":"2023-08-15T05:39:10+00:00","dateModified":"2023-08-15T05:39:11+00:00","mainEntityOfPage":{"@id":"https:\/\/infoecos.com.ar\/index.php\/este-viernes-18-se-presentan-en-trenque-lauquen-baglietto-y-vitale-con-sus-hijos\/"},"wordCount":101,"publisher":{"@id":"https:\/\/infoecos.com.ar\/#organization"},"image":{"@id":"https:\/\/infoecos.com.ar\/index.php\/este-viernes-18-se-presentan-en-trenque-lauquen-baglietto-y-vitale-con-sus-hijos\/#primaryimage"},"thumbnailUrl":"https:\/\/infoecos.com.ar\/wp-content\/uploads\/2023\/08\/baglietovitale-2.jpg","keywords":["en el cine barrio alegre"],"articleSection":["C2 N4"],"inLanguage":"es"},{"@type":"WebPage","@id":"https:\/\/infoecos.com.ar\/index.php\/este-viernes-18-se-presentan-en-trenque-lauquen-baglietto-y-vitale-con-sus-hijos\/","url":"https:\/\/infoecos.com.ar\/index.php\/este-viernes-18-se-presentan-en-trenque-lauquen-baglietto-y-vitale-con-sus-hijos\/","name":"Este viernes 18 se presentan en Trenque Lauquen Baglietto y Vitale con sus hijos - Infoecos","isPartOf":{"@id":"https:\/\/infoecos.com.ar\/#website"},"primaryImageOfPage":{"@id":"https:\/\/infoecos.com.ar\/index.php\/este-viernes-18-se-presentan-en-trenque-lauquen-baglietto-y-vitale-con-sus-hijos\/#primaryimage"},"image":{"@id":"https:\/\/infoecos.com.ar\/index.php\/este-viernes-18-se-presentan-en-trenque-lauquen-baglietto-y-vitale-con-sus-hijos\/#primaryimage"},"thumbnailUrl":"https:\/\/infoecos.com.ar\/wp-content\/uploads\/2023\/08\/baglietovitale-2.jpg","datePublished":"2023-08-15T05:39:10+00:00","dateModified":"2023-08-15T05:39:11+00:00","breadcrumb":{"@id":"https:\/\/infoecos.com.ar\/index.php\/este-viernes-18-se-presentan-en-trenque-lauquen-baglietto-y-vitale-con-sus-hijos\/#breadcrumb"},"inLanguage":"es","potentialAction":[{"@type":"ReadAction","target":["https:\/\/infoecos.com.ar\/index.php\/este-viernes-18-se-presentan-en-trenque-lauquen-baglietto-y-vitale-con-sus-hijos\/"]}]},{"@type":"ImageObject","inLanguage":"es","@id":"https:\/\/infoecos.com.ar\/index.php\/este-viernes-18-se-presentan-en-trenque-lauquen-baglietto-y-vitale-con-sus-hijos\/#primaryimage","url":"https:\/\/infoecos.com.ar\/wp-content\/uploads\/2023\/08\/baglietovitale-2.jpg","contentUrl":"https:\/\/infoecos.com.ar\/wp-content\/uploads\/2023\/08\/baglietovitale-2.jpg","width":810,"height":641},{"@type":"BreadcrumbList","@id":"https:\/\/infoecos.com.ar\/index.php\/este-viernes-18-se-presentan-en-trenque-lauquen-baglietto-y-vitale-con-sus-hijos\/#breadcrumb","itemListElement":[{"@type":"ListItem","position":1,"name":"Portada","item":"https:\/\/infoecos.com.ar\/"},{"@type":"ListItem","position":2,"name":"Este viernes 18 se presentan en Trenque Lauquen Baglietto y Vitale con sus hijos"}]},{"@type":"WebSite","@id":"https:\/\/infoecos.com.ar\/#website","url":"https:\/\/infoecos.com.ar\/","name":"Infoecos","description":"Noticias de trenque lauquen y la zona","publisher":{"@id":"https:\/\/infoecos.com.ar\/#organization"},"alternateName":"Noticias","potentialAction":[{"@type":"SearchAction","target":{"@type":"EntryPoint","urlTemplate":"https:\/\/infoecos.com.ar\/?s={search_term_string}"},"query-input":{"@type":"PropertyValueSpecification","valueRequired":true,"valueName":"search_term_string"}}],"inLanguage":"es"},{"@type":"Organization","@id":"https:\/\/infoecos.com.ar\/#organization","name":"Infoecos","alternateName":"Noticias","url":"https:\/\/infoecos.com.ar\/","logo":{"@type":"ImageObject","inLanguage":"es","@id":"https:\/\/infoecos.com.ar\/#\/schema\/logo\/image\/","url":"https:\/\/infoecos.com.ar\/wp-content\/uploads\/2024\/03\/cropped-logo.png","contentUrl":"https:\/\/infoecos.com.ar\/wp-content\/uploads\/2024\/03\/cropped-logo.png","width":374,"height":90,"caption":"Infoecos"},"image":{"@id":"https:\/\/infoecos.com.ar\/#\/schema\/logo\/image\/"},"sameAs":["https:\/\/www.facebook.com\/profile.php?id=100063200290284","https:\/\/x.com\/infoecos"]},{"@type":"Person","@id":"https:\/\/infoecos.com.ar\/#\/schema\/person\/8f5ace5ce73b4b4aac4b7245aee6f191","name":"Jorge Matheus","url":"https:\/\/infoecos.com.ar\/index.php\/author\/jomatheus\/"}]}},"featured_image_urls":{"full":["https:\/\/infoecos.com.ar\/wp-content\/uploads\/2023\/08\/baglietovitale-2.jpg",810,641,false],"thumbnail":["https:\/\/infoecos.com.ar\/wp-content\/uploads\/2023\/08\/baglietovitale-2-300x150.jpg",300,150,true],"medium":["https:\/\/infoecos.com.ar\/wp-content\/uploads\/2023\/08\/baglietovitale-2-800x633.jpg",800,633,true],"medium_large":["https:\/\/infoecos.com.ar\/wp-content\/uploads\/2023\/08\/baglietovitale-2-768x608.jpg",640,507,true],"large":["https:\/\/infoecos.com.ar\/wp-content\/uploads\/2023\/08\/baglietovitale-2.jpg",640,506,false],"1536x1536":["https:\/\/infoecos.com.ar\/wp-content\/uploads\/2023\/08\/baglietovitale-2.jpg",810,641,false],"2048x2048":["https:\/\/infoecos.com.ar\/wp-content\/uploads\/2023\/08\/baglietovitale-2.jpg",810,641,false],"covernews-slider-full":["https:\/\/infoecos.com.ar\/wp-content\/uploads\/2023\/08\/baglietovitale-2.jpg",810,641,false],"covernews-slider-center":["https:\/\/infoecos.com.ar\/wp-content\/uploads\/2023\/08\/baglietovitale-2.jpg",632,500,false],"covernews-featured":["https:\/\/infoecos.com.ar\/wp-content\/uploads\/2023\/08\/baglietovitale-2.jpg",810,641,false],"covernews-medium":["https:\/\/infoecos.com.ar\/wp-content\/uploads\/2023\/08\/baglietovitale-2-720x380.jpg",540,285,true],"covernews-medium-square":["https:\/\/infoecos.com.ar\/wp-content\/uploads\/2023\/08\/baglietovitale-2-675x450.jpg",375,250,true]},"author_info":{"info":["Jorge Matheus"]},"category_info":"<a href=\"https:\/\/infoecos.com.ar\/index.php\/category\/c2nota4\/\" rel=\"category tag\">C2 N4<\/a>","tag_info":"C2 N4","comment_count":"0","_links":{"self":[{"href":"https:\/\/infoecos.com.ar\/index.php\/wp-json\/wp\/v2\/posts\/109889"}],"collection":[{"href":"https:\/\/infoecos.com.ar\/index.php\/wp-json\/wp\/v2\/posts"}],"about":[{"href":"https:\/\/infoecos.com.ar\/index.php\/wp-json\/wp\/v2\/types\/post"}],"author":[{"embeddable":true,"href":"https:\/\/infoecos.com.ar\/index.php\/wp-json\/wp\/v2\/users\/2"}],"replies":[{"embeddable":true,"href":"https:\/\/infoecos.com.ar\/index.php\/wp-json\/wp\/v2\/comments?post=109889"}],"version-history":[{"count":1,"href":"https:\/\/infoecos.com.ar\/index.php\/wp-json\/wp\/v2\/posts\/109889\/revisions"}],"predecessor-version":[{"id":109892,"href":"https:\/\/infoecos.com.ar\/index.php\/wp-json\/wp\/v2\/posts\/109889\/revisions\/109892"}],"wp:featuredmedia":[{"embeddable":true,"href":"https:\/\/infoecos.com.ar\/index.php\/wp-json\/wp\/v2\/media\/109891"}],"wp:attachment":[{"href":"https:\/\/infoecos.com.ar\/index.php\/wp-json\/wp\/v2\/media?parent=109889"}],"wp:term":[{"taxonomy":"category","embeddable":true,"href":"https:\/\/infoecos.com.ar\/index.php\/wp-json\/wp\/v2\/categories?post=109889"},{"taxonomy":"post_tag","embeddable":true,"href":"https:\/\/infoecos.com.ar\/index.php\/wp-json\/wp\/v2\/tags?post=109889"}],"curies":[{"name":"wp","href":"https:\/\/api.w.org\/{rel}","templated":true}]}}