{"id":109893,"date":"2023-08-15T03:07:34","date_gmt":"2023-08-15T06:07:34","guid":{"rendered":"https:\/\/infoecos.com.ar\/?p=109893"},"modified":"2023-08-16T04:44:34","modified_gmt":"2023-08-16T07:44:34","slug":"zurro-el-intendente-y-candidato-hizo-un-balance-de-la-eleccion-donde-que-no-salio-como-esperaba","status":"publish","type":"post","link":"https:\/\/infoecos.com.ar\/index.php\/zurro-el-intendente-y-candidato-hizo-un-balance-de-la-eleccion-donde-que-no-salio-como-esperaba\/","title":{"rendered":"Zurro, el intendente y candidato, hizo un balance de la elecci\u00f3n que no sali\u00f3 como esperaba"},"content":{"rendered":"\n<p>El Intendente Municipal de Pehuaj\u00f3, Pablo Zurro, hizo un primer balance de la elecci\u00f3n. <\/p>\n\n\n\n<figure class=\"wp-block-image aligncenter size-full is-resized\"><img loading=\"lazy\" decoding=\"async\" src=\"https:\/\/infoecos.com.ar\/wp-content\/uploads\/2023\/08\/Zurro-1-620x350-1.jpg\" alt=\"\" class=\"wp-image-109894\" width=\"368\" height=\"208\"\/><\/figure>\n\n\n\n<p>\u00abEn Naci\u00f3n hicieron una muy mala elecci\u00f3n, en Provincia les fue muy bien y en Pehuaj\u00f3 pas\u00f3 lo esperable, y se va a repetir la foto del triunfo\u00bb, se\u00f1al\u00f3, para agregar que \u00abtienen que corregir la comunicaci\u00f3n, para llegar mejor a la gente. Sobre el resultado en los pueblos, se\u00f1al\u00f3 que hay que trabajar mucho m\u00e1s y seguir yendo, aunque se\u00f1al\u00f3 que en Mones Caz\u00f3n era obvio el resultado porque creen que les estamos robando el agua\u201d. Destac\u00f3 la figura de Milei porque \u00abes una persona que celebr\u00f3 los 40 a\u00f1os de Democracia, y aunque no coincida con muchas de sus ideas, la Democracia es justamente esto\u00bb.<\/p>\n\n\n\n<p>Zurro dijo que \u00abno puedo ser hip\u00f3crita\u00bb reconociendo que \u00abesperaba ganarle por una diferencia importante incluso a la sumatoria de los votos de Juntos\u00bb. Insisti\u00f3 en que el triunfo para octubre \u00abest\u00e1 asegurado\u00bb. \u201cLlegu\u00e9 en una bicicleta vieja y ahora tenemos mucho m\u00e1s con lo que trabajar\u201d expres\u00f3.<\/p>\n\n\n\n<p>Fuente y Foto: radiomagicadigital.com<\/p>\n","protected":false},"excerpt":{"rendered":"<p>Esperaba ganar por m\u00e1s diferencia. Afirm\u00f3 que ganar\u00e1 en octubre. Que en Mones Caz\u00f3n el resultado era obvio. La elecci\u00f3n en Naci\u00f3n fue mala y en provincia bien.<\/p>\n","protected":false},"author":2,"featured_media":109894,"comment_status":"closed","ping_status":"open","sticky":false,"template":"","format":"standard","meta":{"footnotes":""},"categories":[41],"tags":[8741],"class_list":["post-109893","post","type-post","status-publish","format-standard","has-post-thumbnail","hentry","category-inferior2","tag-elecciones-paso-2023-en-pehuajo"],"yoast_head":"<!-- This site is optimized with the Yoast SEO plugin v23.4 - https:\/\/yoast.com\/wordpress\/plugins\/seo\/ -->\n<title>Zurro, el intendente y candidato, hizo un balance de la elecci\u00f3n que no sali\u00f3 como esperaba - Infoecos<\/title>\n<meta name=\"robots\" content=\"index, follow, max-snippet:-1, max-image-preview:large, max-video-preview:-1\" \/>\n<link rel=\"canonical\" href=\"https:\/\/infoecos.com.ar\/index.php\/zurro-el-intendente-y-candidato-hizo-un-balance-de-la-eleccion-donde-que-no-salio-como-esperaba\/\" \/>\n<meta property=\"og:locale\" content=\"es_ES\" \/>\n<meta property=\"og:type\" content=\"article\" \/>\n<meta property=\"og:title\" content=\"Zurro, el intendente y candidato, hizo un balance de la elecci\u00f3n que no sali\u00f3 como esperaba - Infoecos\" \/>\n<meta property=\"og:description\" content=\"Esperaba ganar por m\u00e1s diferencia. Afirm\u00f3 que ganar\u00e1 en octubre. Que en Mones Caz\u00f3n el resultado era obvio. La elecci\u00f3n en Naci\u00f3n fue mala y en provincia bien.\" \/>\n<meta property=\"og:url\" content=\"https:\/\/infoecos.com.ar\/index.php\/zurro-el-intendente-y-candidato-hizo-un-balance-de-la-eleccion-donde-que-no-salio-como-esperaba\/\" \/>\n<meta property=\"og:site_name\" content=\"Infoecos\" \/>\n<meta property=\"article:publisher\" content=\"https:\/\/www.facebook.com\/profile.php?id=100063200290284\" \/>\n<meta property=\"article:published_time\" content=\"2023-08-15T06:07:34+00:00\" \/>\n<meta property=\"article:modified_time\" content=\"2023-08-16T07:44:34+00:00\" \/>\n<meta property=\"og:image\" content=\"https:\/\/infoecos.com.ar\/wp-content\/uploads\/2023\/08\/Zurro-1-620x350-1.jpg\" \/>\n\t<meta property=\"og:image:width\" content=\"620\" \/>\n\t<meta property=\"og:image:height\" content=\"350\" \/>\n\t<meta property=\"og:image:type\" content=\"image\/jpeg\" \/>\n<meta name=\"author\" content=\"Jorge Matheus\" \/>\n<meta name=\"twitter:card\" content=\"summary_large_image\" \/>\n<meta name=\"twitter:creator\" content=\"@infoecos\" \/>\n<meta name=\"twitter:site\" content=\"@infoecos\" \/>\n<meta name=\"twitter:label1\" content=\"Escrito por\" \/>\n\t<meta name=\"twitter:data1\" content=\"Jorge Matheus\" \/>\n\t<meta name=\"twitter:label2\" content=\"Tiempo de lectura\" \/>\n\t<meta name=\"twitter:data2\" content=\"1 minuto\" \/>\n<script type=\"application\/ld+json\" class=\"yoast-schema-graph\">{\"@context\":\"https:\/\/schema.org\",\"@graph\":[{\"@type\":\"Article\",\"@id\":\"https:\/\/infoecos.com.ar\/index.php\/zurro-el-intendente-y-candidato-hizo-un-balance-de-la-eleccion-donde-que-no-salio-como-esperaba\/#article\",\"isPartOf\":{\"@id\":\"https:\/\/infoecos.com.ar\/index.php\/zurro-el-intendente-y-candidato-hizo-un-balance-de-la-eleccion-donde-que-no-salio-como-esperaba\/\"},\"author\":{\"name\":\"Jorge Matheus\",\"@id\":\"https:\/\/infoecos.com.ar\/#\/schema\/person\/8f5ace5ce73b4b4aac4b7245aee6f191\"},\"headline\":\"Zurro, el intendente y candidato, hizo un balance de la elecci\u00f3n que no sali\u00f3 como esperaba\",\"datePublished\":\"2023-08-15T06:07:34+00:00\",\"dateModified\":\"2023-08-16T07:44:34+00:00\",\"mainEntityOfPage\":{\"@id\":\"https:\/\/infoecos.com.ar\/index.php\/zurro-el-intendente-y-candidato-hizo-un-balance-de-la-eleccion-donde-que-no-salio-como-esperaba\/\"},\"wordCount\":202,\"publisher\":{\"@id\":\"https:\/\/infoecos.com.ar\/#organization\"},\"image\":{\"@id\":\"https:\/\/infoecos.com.ar\/index.php\/zurro-el-intendente-y-candidato-hizo-un-balance-de-la-eleccion-donde-que-no-salio-como-esperaba\/#primaryimage\"},\"thumbnailUrl\":\"https:\/\/infoecos.com.ar\/wp-content\/uploads\/2023\/08\/Zurro-1-620x350-1.jpg\",\"keywords\":[\"ELECCIONES PASO 2023 EN PEHUAJ\u00d3\"],\"articleSection\":[\"Bloque inferior - 2\"],\"inLanguage\":\"es\"},{\"@type\":\"WebPage\",\"@id\":\"https:\/\/infoecos.com.ar\/index.php\/zurro-el-intendente-y-candidato-hizo-un-balance-de-la-eleccion-donde-que-no-salio-como-esperaba\/\",\"url\":\"https:\/\/infoecos.com.ar\/index.php\/zurro-el-intendente-y-candidato-hizo-un-balance-de-la-eleccion-donde-que-no-salio-como-esperaba\/\",\"name\":\"Zurro, el intendente y candidato, hizo un balance de la elecci\u00f3n que no sali\u00f3 como esperaba - Infoecos\",\"isPartOf\":{\"@id\":\"https:\/\/infoecos.com.ar\/#website\"},\"primaryImageOfPage\":{\"@id\":\"https:\/\/infoecos.com.ar\/index.php\/zurro-el-intendente-y-candidato-hizo-un-balance-de-la-eleccion-donde-que-no-salio-como-esperaba\/#primaryimage\"},\"image\":{\"@id\":\"https:\/\/infoecos.com.ar\/index.php\/zurro-el-intendente-y-candidato-hizo-un-balance-de-la-eleccion-donde-que-no-salio-como-esperaba\/#primaryimage\"},\"thumbnailUrl\":\"https:\/\/infoecos.com.ar\/wp-content\/uploads\/2023\/08\/Zurro-1-620x350-1.jpg\",\"datePublished\":\"2023-08-15T06:07:34+00:00\",\"dateModified\":\"2023-08-16T07:44:34+00:00\",\"breadcrumb\":{\"@id\":\"https:\/\/infoecos.com.ar\/index.php\/zurro-el-intendente-y-candidato-hizo-un-balance-de-la-eleccion-donde-que-no-salio-como-esperaba\/#breadcrumb\"},\"inLanguage\":\"es\",\"potentialAction\":[{\"@type\":\"ReadAction\",\"target\":[\"https:\/\/infoecos.com.ar\/index.php\/zurro-el-intendente-y-candidato-hizo-un-balance-de-la-eleccion-donde-que-no-salio-como-esperaba\/\"]}]},{\"@type\":\"ImageObject\",\"inLanguage\":\"es\",\"@id\":\"https:\/\/infoecos.com.ar\/index.php\/zurro-el-intendente-y-candidato-hizo-un-balance-de-la-eleccion-donde-que-no-salio-como-esperaba\/#primaryimage\",\"url\":\"https:\/\/infoecos.com.ar\/wp-content\/uploads\/2023\/08\/Zurro-1-620x350-1.jpg\",\"contentUrl\":\"https:\/\/infoecos.com.ar\/wp-content\/uploads\/2023\/08\/Zurro-1-620x350-1.jpg\",\"width\":620,\"height\":350},{\"@type\":\"BreadcrumbList\",\"@id\":\"https:\/\/infoecos.com.ar\/index.php\/zurro-el-intendente-y-candidato-hizo-un-balance-de-la-eleccion-donde-que-no-salio-como-esperaba\/#breadcrumb\",\"itemListElement\":[{\"@type\":\"ListItem\",\"position\":1,\"name\":\"Portada\",\"item\":\"https:\/\/infoecos.com.ar\/\"},{\"@type\":\"ListItem\",\"position\":2,\"name\":\"Zurro, el intendente y candidato, hizo un balance de la elecci\u00f3n que no sali\u00f3 como esperaba\"}]},{\"@type\":\"WebSite\",\"@id\":\"https:\/\/infoecos.com.ar\/#website\",\"url\":\"https:\/\/infoecos.com.ar\/\",\"name\":\"Infoecos\",\"description\":\"Noticias de trenque lauquen y la zona\",\"publisher\":{\"@id\":\"https:\/\/infoecos.com.ar\/#organization\"},\"alternateName\":\"Noticias\",\"potentialAction\":[{\"@type\":\"SearchAction\",\"target\":{\"@type\":\"EntryPoint\",\"urlTemplate\":\"https:\/\/infoecos.com.ar\/?s={search_term_string}\"},\"query-input\":{\"@type\":\"PropertyValueSpecification\",\"valueRequired\":true,\"valueName\":\"search_term_string\"}}],\"inLanguage\":\"es\"},{\"@type\":\"Organization\",\"@id\":\"https:\/\/infoecos.com.ar\/#organization\",\"name\":\"Infoecos\",\"alternateName\":\"Noticias\",\"url\":\"https:\/\/infoecos.com.ar\/\",\"logo\":{\"@type\":\"ImageObject\",\"inLanguage\":\"es\",\"@id\":\"https:\/\/infoecos.com.ar\/#\/schema\/logo\/image\/\",\"url\":\"https:\/\/infoecos.com.ar\/wp-content\/uploads\/2024\/03\/cropped-logo.png\",\"contentUrl\":\"https:\/\/infoecos.com.ar\/wp-content\/uploads\/2024\/03\/cropped-logo.png\",\"width\":374,\"height\":90,\"caption\":\"Infoecos\"},\"image\":{\"@id\":\"https:\/\/infoecos.com.ar\/#\/schema\/logo\/image\/\"},\"sameAs\":[\"https:\/\/www.facebook.com\/profile.php?id=100063200290284\",\"https:\/\/x.com\/infoecos\"]},{\"@type\":\"Person\",\"@id\":\"https:\/\/infoecos.com.ar\/#\/schema\/person\/8f5ace5ce73b4b4aac4b7245aee6f191\",\"name\":\"Jorge Matheus\",\"url\":\"https:\/\/infoecos.com.ar\/index.php\/author\/jomatheus\/\"}]}<\/script>\n<!-- \/ Yoast SEO plugin. -->","yoast_head_json":{"title":"Zurro, el intendente y candidato, hizo un balance de la elecci\u00f3n que no sali\u00f3 como esperaba - Infoecos","robots":{"index":"index","follow":"follow","max-snippet":"max-snippet:-1","max-image-preview":"max-image-preview:large","max-video-preview":"max-video-preview:-1"},"canonical":"https:\/\/infoecos.com.ar\/index.php\/zurro-el-intendente-y-candidato-hizo-un-balance-de-la-eleccion-donde-que-no-salio-como-esperaba\/","og_locale":"es_ES","og_type":"article","og_title":"Zurro, el intendente y candidato, hizo un balance de la elecci\u00f3n que no sali\u00f3 como esperaba - Infoecos","og_description":"Esperaba ganar por m\u00e1s diferencia. Afirm\u00f3 que ganar\u00e1 en octubre. Que en Mones Caz\u00f3n el resultado era obvio. La elecci\u00f3n en Naci\u00f3n fue mala y en provincia bien.","og_url":"https:\/\/infoecos.com.ar\/index.php\/zurro-el-intendente-y-candidato-hizo-un-balance-de-la-eleccion-donde-que-no-salio-como-esperaba\/","og_site_name":"Infoecos","article_publisher":"https:\/\/www.facebook.com\/profile.php?id=100063200290284","article_published_time":"2023-08-15T06:07:34+00:00","article_modified_time":"2023-08-16T07:44:34+00:00","og_image":[{"width":620,"height":350,"url":"https:\/\/infoecos.com.ar\/wp-content\/uploads\/2023\/08\/Zurro-1-620x350-1.jpg","type":"image\/jpeg"}],"author":"Jorge Matheus","twitter_card":"summary_large_image","twitter_creator":"@infoecos","twitter_site":"@infoecos","twitter_misc":{"Escrito por":"Jorge Matheus","Tiempo de lectura":"1 minuto"},"schema":{"@context":"https:\/\/schema.org","@graph":[{"@type":"Article","@id":"https:\/\/infoecos.com.ar\/index.php\/zurro-el-intendente-y-candidato-hizo-un-balance-de-la-eleccion-donde-que-no-salio-como-esperaba\/#article","isPartOf":{"@id":"https:\/\/infoecos.com.ar\/index.php\/zurro-el-intendente-y-candidato-hizo-un-balance-de-la-eleccion-donde-que-no-salio-como-esperaba\/"},"author":{"name":"Jorge Matheus","@id":"https:\/\/infoecos.com.ar\/#\/schema\/person\/8f5ace5ce73b4b4aac4b7245aee6f191"},"headline":"Zurro, el intendente y candidato, hizo un balance de la elecci\u00f3n que no sali\u00f3 como esperaba","datePublished":"2023-08-15T06:07:34+00:00","dateModified":"2023-08-16T07:44:34+00:00","mainEntityOfPage":{"@id":"https:\/\/infoecos.com.ar\/index.php\/zurro-el-intendente-y-candidato-hizo-un-balance-de-la-eleccion-donde-que-no-salio-como-esperaba\/"},"wordCount":202,"publisher":{"@id":"https:\/\/infoecos.com.ar\/#organization"},"image":{"@id":"https:\/\/infoecos.com.ar\/index.php\/zurro-el-intendente-y-candidato-hizo-un-balance-de-la-eleccion-donde-que-no-salio-como-esperaba\/#primaryimage"},"thumbnailUrl":"https:\/\/infoecos.com.ar\/wp-content\/uploads\/2023\/08\/Zurro-1-620x350-1.jpg","keywords":["ELECCIONES PASO 2023 EN PEHUAJ\u00d3"],"articleSection":["Bloque inferior - 2"],"inLanguage":"es"},{"@type":"WebPage","@id":"https:\/\/infoecos.com.ar\/index.php\/zurro-el-intendente-y-candidato-hizo-un-balance-de-la-eleccion-donde-que-no-salio-como-esperaba\/","url":"https:\/\/infoecos.com.ar\/index.php\/zurro-el-intendente-y-candidato-hizo-un-balance-de-la-eleccion-donde-que-no-salio-como-esperaba\/","name":"Zurro, el intendente y candidato, hizo un balance de la elecci\u00f3n que no sali\u00f3 como esperaba - Infoecos","isPartOf":{"@id":"https:\/\/infoecos.com.ar\/#website"},"primaryImageOfPage":{"@id":"https:\/\/infoecos.com.ar\/index.php\/zurro-el-intendente-y-candidato-hizo-un-balance-de-la-eleccion-donde-que-no-salio-como-esperaba\/#primaryimage"},"image":{"@id":"https:\/\/infoecos.com.ar\/index.php\/zurro-el-intendente-y-candidato-hizo-un-balance-de-la-eleccion-donde-que-no-salio-como-esperaba\/#primaryimage"},"thumbnailUrl":"https:\/\/infoecos.com.ar\/wp-content\/uploads\/2023\/08\/Zurro-1-620x350-1.jpg","datePublished":"2023-08-15T06:07:34+00:00","dateModified":"2023-08-16T07:44:34+00:00","breadcrumb":{"@id":"https:\/\/infoecos.com.ar\/index.php\/zurro-el-intendente-y-candidato-hizo-un-balance-de-la-eleccion-donde-que-no-salio-como-esperaba\/#breadcrumb"},"inLanguage":"es","potentialAction":[{"@type":"ReadAction","target":["https:\/\/infoecos.com.ar\/index.php\/zurro-el-intendente-y-candidato-hizo-un-balance-de-la-eleccion-donde-que-no-salio-como-esperaba\/"]}]},{"@type":"ImageObject","inLanguage":"es","@id":"https:\/\/infoecos.com.ar\/index.php\/zurro-el-intendente-y-candidato-hizo-un-balance-de-la-eleccion-donde-que-no-salio-como-esperaba\/#primaryimage","url":"https:\/\/infoecos.com.ar\/wp-content\/uploads\/2023\/08\/Zurro-1-620x350-1.jpg","contentUrl":"https:\/\/infoecos.com.ar\/wp-content\/uploads\/2023\/08\/Zurro-1-620x350-1.jpg","width":620,"height":350},{"@type":"BreadcrumbList","@id":"https:\/\/infoecos.com.ar\/index.php\/zurro-el-intendente-y-candidato-hizo-un-balance-de-la-eleccion-donde-que-no-salio-como-esperaba\/#breadcrumb","itemListElement":[{"@type":"ListItem","position":1,"name":"Portada","item":"https:\/\/infoecos.com.ar\/"},{"@type":"ListItem","position":2,"name":"Zurro, el intendente y candidato, hizo un balance de la elecci\u00f3n que no sali\u00f3 como esperaba"}]},{"@type":"WebSite","@id":"https:\/\/infoecos.com.ar\/#website","url":"https:\/\/infoecos.com.ar\/","name":"Infoecos","description":"Noticias de trenque lauquen y la zona","publisher":{"@id":"https:\/\/infoecos.com.ar\/#organization"},"alternateName":"Noticias","potentialAction":[{"@type":"SearchAction","target":{"@type":"EntryPoint","urlTemplate":"https:\/\/infoecos.com.ar\/?s={search_term_string}"},"query-input":{"@type":"PropertyValueSpecification","valueRequired":true,"valueName":"search_term_string"}}],"inLanguage":"es"},{"@type":"Organization","@id":"https:\/\/infoecos.com.ar\/#organization","name":"Infoecos","alternateName":"Noticias","url":"https:\/\/infoecos.com.ar\/","logo":{"@type":"ImageObject","inLanguage":"es","@id":"https:\/\/infoecos.com.ar\/#\/schema\/logo\/image\/","url":"https:\/\/infoecos.com.ar\/wp-content\/uploads\/2024\/03\/cropped-logo.png","contentUrl":"https:\/\/infoecos.com.ar\/wp-content\/uploads\/2024\/03\/cropped-logo.png","width":374,"height":90,"caption":"Infoecos"},"image":{"@id":"https:\/\/infoecos.com.ar\/#\/schema\/logo\/image\/"},"sameAs":["https:\/\/www.facebook.com\/profile.php?id=100063200290284","https:\/\/x.com\/infoecos"]},{"@type":"Person","@id":"https:\/\/infoecos.com.ar\/#\/schema\/person\/8f5ace5ce73b4b4aac4b7245aee6f191","name":"Jorge Matheus","url":"https:\/\/infoecos.com.ar\/index.php\/author\/jomatheus\/"}]}},"featured_image_urls":{"full":["https:\/\/infoecos.com.ar\/wp-content\/uploads\/2023\/08\/Zurro-1-620x350-1.jpg",620,350,false],"thumbnail":["https:\/\/infoecos.com.ar\/wp-content\/uploads\/2023\/08\/Zurro-1-620x350-1-300x150.jpg",300,150,true],"medium":["https:\/\/infoecos.com.ar\/wp-content\/uploads\/2023\/08\/Zurro-1-620x350-1.jpg",620,350,false],"medium_large":["https:\/\/infoecos.com.ar\/wp-content\/uploads\/2023\/08\/Zurro-1-620x350-1.jpg",620,350,false],"large":["https:\/\/infoecos.com.ar\/wp-content\/uploads\/2023\/08\/Zurro-1-620x350-1.jpg",620,350,false],"1536x1536":["https:\/\/infoecos.com.ar\/wp-content\/uploads\/2023\/08\/Zurro-1-620x350-1.jpg",620,350,false],"2048x2048":["https:\/\/infoecos.com.ar\/wp-content\/uploads\/2023\/08\/Zurro-1-620x350-1.jpg",620,350,false],"covernews-slider-full":["https:\/\/infoecos.com.ar\/wp-content\/uploads\/2023\/08\/Zurro-1-620x350-1.jpg",620,350,false],"covernews-slider-center":["https:\/\/infoecos.com.ar\/wp-content\/uploads\/2023\/08\/Zurro-1-620x350-1.jpg",620,350,false],"covernews-featured":["https:\/\/infoecos.com.ar\/wp-content\/uploads\/2023\/08\/Zurro-1-620x350-1.jpg",620,350,false],"covernews-medium":["https:\/\/infoecos.com.ar\/wp-content\/uploads\/2023\/08\/Zurro-1-620x350-1.jpg",540,305,false],"covernews-medium-square":["https:\/\/infoecos.com.ar\/wp-content\/uploads\/2023\/08\/Zurro-1-620x350-1.jpg",400,226,false]},"author_info":{"info":["Jorge Matheus"]},"category_info":"<a href=\"https:\/\/infoecos.com.ar\/index.php\/category\/inferior2\/\" rel=\"category tag\">Bloque inferior - 2<\/a>","tag_info":"Bloque inferior - 2","comment_count":"0","_links":{"self":[{"href":"https:\/\/infoecos.com.ar\/index.php\/wp-json\/wp\/v2\/posts\/109893"}],"collection":[{"href":"https:\/\/infoecos.com.ar\/index.php\/wp-json\/wp\/v2\/posts"}],"about":[{"href":"https:\/\/infoecos.com.ar\/index.php\/wp-json\/wp\/v2\/types\/post"}],"author":[{"embeddable":true,"href":"https:\/\/infoecos.com.ar\/index.php\/wp-json\/wp\/v2\/users\/2"}],"replies":[{"embeddable":true,"href":"https:\/\/infoecos.com.ar\/index.php\/wp-json\/wp\/v2\/comments?post=109893"}],"version-history":[{"count":2,"href":"https:\/\/infoecos.com.ar\/index.php\/wp-json\/wp\/v2\/posts\/109893\/revisions"}],"predecessor-version":[{"id":109896,"href":"https:\/\/infoecos.com.ar\/index.php\/wp-json\/wp\/v2\/posts\/109893\/revisions\/109896"}],"wp:featuredmedia":[{"embeddable":true,"href":"https:\/\/infoecos.com.ar\/index.php\/wp-json\/wp\/v2\/media\/109894"}],"wp:attachment":[{"href":"https:\/\/infoecos.com.ar\/index.php\/wp-json\/wp\/v2\/media?parent=109893"}],"wp:term":[{"taxonomy":"category","embeddable":true,"href":"https:\/\/infoecos.com.ar\/index.php\/wp-json\/wp\/v2\/categories?post=109893"},{"taxonomy":"post_tag","embeddable":true,"href":"https:\/\/infoecos.com.ar\/index.php\/wp-json\/wp\/v2\/tags?post=109893"}],"curies":[{"name":"wp","href":"https:\/\/api.w.org\/{rel}","templated":true}]}}