{"id":109951,"date":"2023-08-16T02:41:50","date_gmt":"2023-08-16T05:41:50","guid":{"rendered":"https:\/\/infoecos.com.ar\/?p=109951"},"modified":"2023-08-18T12:22:25","modified_gmt":"2023-08-18T15:22:25","slug":"oscar-ustari-se-dio-el-lujo-que-muchos-quisieran-darse-fue-a-ver-el-inter-miami-invitado-por-messi","status":"publish","type":"post","link":"https:\/\/infoecos.com.ar\/index.php\/oscar-ustari-se-dio-el-lujo-que-muchos-quisieran-darse-fue-a-ver-el-inter-miami-invitado-por-messi\/","title":{"rendered":"Oscar Ustari se dio \u00abel lujo\u00bb que muchos quisieran darse: fue a ver el Inter Miami, invitado por Messi"},"content":{"rendered":"\n<p>Oscar Ustari el arquero rivadaviense consagrado en el f\u00fatbol nacional e internacional se di\u00f3 por estas horas el gusto que muchos quisieran darse.<\/p>\n\n\n\n<figure class=\"wp-block-image aligncenter size-full is-resized\"><img loading=\"lazy\" decoding=\"async\" src=\"https:\/\/infoecos.com.ar\/wp-content\/uploads\/2023\/08\/ustarienmiami.webp\" alt=\"\" class=\"wp-image-109952\" width=\"428\" height=\"321\"\/><\/figure>\n\n\n\n<p>Leo Messi que mantiene una relaci\u00f3n con amistad con el ahora guardameta del Pachuca de M\u00e9xico lo invit\u00f3 a concurrir al partido que disput\u00f3 el Inter Miami y Charlote FC. Lo hizo junto a Maxi Rodr\u00edguez y sigui\u00f3 las alternativas del partido desde el palco especialmente preparado para la familia del mejor jugador del mundo.<\/p>\n\n\n\n<p>Ustari en una cuenta que posee en Twitter no muestra la foto que se sac\u00f3 con el rosarino. Sube las tomadas con Scaloni, Beckman y Rodr\u00edguez. <\/p>\n\n\n\n<figure class=\"wp-block-image aligncenter size-full is-resized\"><img loading=\"lazy\" decoding=\"async\" src=\"https:\/\/infoecos.com.ar\/wp-content\/uploads\/2023\/08\/ustariconbeckamnymaxi.jpg\" alt=\"\" class=\"wp-image-109954\" width=\"422\" height=\"409\"\/><\/figure>\n\n\n\n<p>Cuando hace referencia al Director T\u00e9cnico del seleccionado argentino de F\u00fatbol le agradece su humildad. Si el redactor de esta peque\u00f1a nota no se equivoca, compartieron la actividad cuando Ustari pas\u00f3 por el Getafe en Espa\u00f1a.<\/p>\n\n\n\n<figure class=\"wp-block-image aligncenter size-full is-resized\"><img loading=\"lazy\" decoding=\"async\" src=\"https:\/\/infoecos.com.ar\/wp-content\/uploads\/2023\/08\/F3XxX9TXkAAl8E7-1.webp\" alt=\"\" class=\"wp-image-109955\" width=\"419\" height=\"559\"\/><\/figure>\n\n\n\n<p>Algunas versiones que circularon ayer indicaban que tambi\u00e9n hab\u00eda viajado a Philadelphia donde Messi dio otra clase se buen f\u00fatbol este martes. <\/p>\n\n\n\n<p><\/p>\n","protected":false},"excerpt":{"rendered":"<p>Lo hizo junto a Maxi Rodr\u00edguez y sigui\u00f3 las alternativas del partido desde el palco especialmente preparado para la familia del mejor jugador del mundo.<\/p>\n","protected":false},"author":2,"featured_media":109956,"comment_status":"closed","ping_status":"open","sticky":false,"template":"","format":"standard","meta":{"footnotes":""},"categories":[1341],"tags":[8750],"class_list":["post-109951","post","type-post","status-publish","format-standard","has-post-thumbnail","hentry","category-c1nota7","tag-amigos-son-los-amigos"],"yoast_head":"<!-- This site is optimized with the Yoast SEO plugin v23.4 - https:\/\/yoast.com\/wordpress\/plugins\/seo\/ -->\n<title>Oscar Ustari se dio &quot;el lujo&quot; que muchos quisieran darse: fue a ver el Inter Miami, invitado por Messi - Infoecos<\/title>\n<meta name=\"robots\" content=\"index, follow, max-snippet:-1, max-image-preview:large, max-video-preview:-1\" \/>\n<link rel=\"canonical\" href=\"https:\/\/infoecos.com.ar\/index.php\/oscar-ustari-se-dio-el-lujo-que-muchos-quisieran-darse-fue-a-ver-el-inter-miami-invitado-por-messi\/\" \/>\n<meta property=\"og:locale\" content=\"es_ES\" \/>\n<meta property=\"og:type\" content=\"article\" \/>\n<meta property=\"og:title\" content=\"Oscar Ustari se dio &quot;el lujo&quot; que muchos quisieran darse: fue a ver el Inter Miami, invitado por Messi - Infoecos\" \/>\n<meta property=\"og:description\" content=\"Lo hizo junto a Maxi Rodr\u00edguez y sigui\u00f3 las alternativas del partido desde el palco especialmente preparado para la familia del mejor jugador del mundo.\" \/>\n<meta property=\"og:url\" content=\"https:\/\/infoecos.com.ar\/index.php\/oscar-ustari-se-dio-el-lujo-que-muchos-quisieran-darse-fue-a-ver-el-inter-miami-invitado-por-messi\/\" \/>\n<meta property=\"og:site_name\" content=\"Infoecos\" \/>\n<meta property=\"article:publisher\" content=\"https:\/\/www.facebook.com\/profile.php?id=100063200290284\" \/>\n<meta property=\"article:published_time\" content=\"2023-08-16T05:41:50+00:00\" \/>\n<meta property=\"article:modified_time\" content=\"2023-08-18T15:22:25+00:00\" \/>\n<meta property=\"og:image\" content=\"https:\/\/infoecos.com.ar\/wp-content\/uploads\/2023\/08\/ustarienmiami.jpg\" \/>\n\t<meta property=\"og:image:width\" content=\"453\" \/>\n\t<meta property=\"og:image:height\" content=\"262\" \/>\n\t<meta property=\"og:image:type\" content=\"image\/jpeg\" \/>\n<meta name=\"author\" content=\"Jorge Matheus\" \/>\n<meta name=\"twitter:card\" content=\"summary_large_image\" \/>\n<meta name=\"twitter:creator\" content=\"@infoecos\" \/>\n<meta name=\"twitter:site\" content=\"@infoecos\" \/>\n<meta name=\"twitter:label1\" content=\"Escrito por\" \/>\n\t<meta name=\"twitter:data1\" content=\"Jorge Matheus\" \/>\n\t<meta name=\"twitter:label2\" content=\"Tiempo de lectura\" \/>\n\t<meta name=\"twitter:data2\" content=\"2 minutos\" \/>\n<script type=\"application\/ld+json\" class=\"yoast-schema-graph\">{\"@context\":\"https:\/\/schema.org\",\"@graph\":[{\"@type\":\"Article\",\"@id\":\"https:\/\/infoecos.com.ar\/index.php\/oscar-ustari-se-dio-el-lujo-que-muchos-quisieran-darse-fue-a-ver-el-inter-miami-invitado-por-messi\/#article\",\"isPartOf\":{\"@id\":\"https:\/\/infoecos.com.ar\/index.php\/oscar-ustari-se-dio-el-lujo-que-muchos-quisieran-darse-fue-a-ver-el-inter-miami-invitado-por-messi\/\"},\"author\":{\"name\":\"Jorge Matheus\",\"@id\":\"https:\/\/infoecos.com.ar\/#\/schema\/person\/8f5ace5ce73b4b4aac4b7245aee6f191\"},\"headline\":\"Oscar Ustari se dio \u00abel lujo\u00bb que muchos quisieran darse: fue a ver el Inter Miami, invitado por Messi\",\"datePublished\":\"2023-08-16T05:41:50+00:00\",\"dateModified\":\"2023-08-18T15:22:25+00:00\",\"mainEntityOfPage\":{\"@id\":\"https:\/\/infoecos.com.ar\/index.php\/oscar-ustari-se-dio-el-lujo-que-muchos-quisieran-darse-fue-a-ver-el-inter-miami-invitado-por-messi\/\"},\"wordCount\":193,\"publisher\":{\"@id\":\"https:\/\/infoecos.com.ar\/#organization\"},\"image\":{\"@id\":\"https:\/\/infoecos.com.ar\/index.php\/oscar-ustari-se-dio-el-lujo-que-muchos-quisieran-darse-fue-a-ver-el-inter-miami-invitado-por-messi\/#primaryimage\"},\"thumbnailUrl\":\"https:\/\/infoecos.com.ar\/wp-content\/uploads\/2023\/08\/ustarienmiami.jpg\",\"keywords\":[\"AMIGOS SON LOS AMIGOS\"],\"articleSection\":[\"C1 nota 7\"],\"inLanguage\":\"es\"},{\"@type\":\"WebPage\",\"@id\":\"https:\/\/infoecos.com.ar\/index.php\/oscar-ustari-se-dio-el-lujo-que-muchos-quisieran-darse-fue-a-ver-el-inter-miami-invitado-por-messi\/\",\"url\":\"https:\/\/infoecos.com.ar\/index.php\/oscar-ustari-se-dio-el-lujo-que-muchos-quisieran-darse-fue-a-ver-el-inter-miami-invitado-por-messi\/\",\"name\":\"Oscar Ustari se dio \\\"el lujo\\\" que muchos quisieran darse: fue a ver el Inter Miami, invitado por Messi - Infoecos\",\"isPartOf\":{\"@id\":\"https:\/\/infoecos.com.ar\/#website\"},\"primaryImageOfPage\":{\"@id\":\"https:\/\/infoecos.com.ar\/index.php\/oscar-ustari-se-dio-el-lujo-que-muchos-quisieran-darse-fue-a-ver-el-inter-miami-invitado-por-messi\/#primaryimage\"},\"image\":{\"@id\":\"https:\/\/infoecos.com.ar\/index.php\/oscar-ustari-se-dio-el-lujo-que-muchos-quisieran-darse-fue-a-ver-el-inter-miami-invitado-por-messi\/#primaryimage\"},\"thumbnailUrl\":\"https:\/\/infoecos.com.ar\/wp-content\/uploads\/2023\/08\/ustarienmiami.jpg\",\"datePublished\":\"2023-08-16T05:41:50+00:00\",\"dateModified\":\"2023-08-18T15:22:25+00:00\",\"breadcrumb\":{\"@id\":\"https:\/\/infoecos.com.ar\/index.php\/oscar-ustari-se-dio-el-lujo-que-muchos-quisieran-darse-fue-a-ver-el-inter-miami-invitado-por-messi\/#breadcrumb\"},\"inLanguage\":\"es\",\"potentialAction\":[{\"@type\":\"ReadAction\",\"target\":[\"https:\/\/infoecos.com.ar\/index.php\/oscar-ustari-se-dio-el-lujo-que-muchos-quisieran-darse-fue-a-ver-el-inter-miami-invitado-por-messi\/\"]}]},{\"@type\":\"ImageObject\",\"inLanguage\":\"es\",\"@id\":\"https:\/\/infoecos.com.ar\/index.php\/oscar-ustari-se-dio-el-lujo-que-muchos-quisieran-darse-fue-a-ver-el-inter-miami-invitado-por-messi\/#primaryimage\",\"url\":\"https:\/\/infoecos.com.ar\/wp-content\/uploads\/2023\/08\/ustarienmiami.jpg\",\"contentUrl\":\"https:\/\/infoecos.com.ar\/wp-content\/uploads\/2023\/08\/ustarienmiami.jpg\",\"width\":453,\"height\":262},{\"@type\":\"BreadcrumbList\",\"@id\":\"https:\/\/infoecos.com.ar\/index.php\/oscar-ustari-se-dio-el-lujo-que-muchos-quisieran-darse-fue-a-ver-el-inter-miami-invitado-por-messi\/#breadcrumb\",\"itemListElement\":[{\"@type\":\"ListItem\",\"position\":1,\"name\":\"Portada\",\"item\":\"https:\/\/infoecos.com.ar\/\"},{\"@type\":\"ListItem\",\"position\":2,\"name\":\"Oscar Ustari se dio \u00abel lujo\u00bb que muchos quisieran darse: fue a ver el Inter Miami, invitado por Messi\"}]},{\"@type\":\"WebSite\",\"@id\":\"https:\/\/infoecos.com.ar\/#website\",\"url\":\"https:\/\/infoecos.com.ar\/\",\"name\":\"Infoecos\",\"description\":\"Noticias de trenque lauquen y la zona\",\"publisher\":{\"@id\":\"https:\/\/infoecos.com.ar\/#organization\"},\"alternateName\":\"Noticias\",\"potentialAction\":[{\"@type\":\"SearchAction\",\"target\":{\"@type\":\"EntryPoint\",\"urlTemplate\":\"https:\/\/infoecos.com.ar\/?s={search_term_string}\"},\"query-input\":{\"@type\":\"PropertyValueSpecification\",\"valueRequired\":true,\"valueName\":\"search_term_string\"}}],\"inLanguage\":\"es\"},{\"@type\":\"Organization\",\"@id\":\"https:\/\/infoecos.com.ar\/#organization\",\"name\":\"Infoecos\",\"alternateName\":\"Noticias\",\"url\":\"https:\/\/infoecos.com.ar\/\",\"logo\":{\"@type\":\"ImageObject\",\"inLanguage\":\"es\",\"@id\":\"https:\/\/infoecos.com.ar\/#\/schema\/logo\/image\/\",\"url\":\"https:\/\/infoecos.com.ar\/wp-content\/uploads\/2024\/03\/cropped-logo.png\",\"contentUrl\":\"https:\/\/infoecos.com.ar\/wp-content\/uploads\/2024\/03\/cropped-logo.png\",\"width\":374,\"height\":90,\"caption\":\"Infoecos\"},\"image\":{\"@id\":\"https:\/\/infoecos.com.ar\/#\/schema\/logo\/image\/\"},\"sameAs\":[\"https:\/\/www.facebook.com\/profile.php?id=100063200290284\",\"https:\/\/x.com\/infoecos\"]},{\"@type\":\"Person\",\"@id\":\"https:\/\/infoecos.com.ar\/#\/schema\/person\/8f5ace5ce73b4b4aac4b7245aee6f191\",\"name\":\"Jorge Matheus\",\"url\":\"https:\/\/infoecos.com.ar\/index.php\/author\/jomatheus\/\"}]}<\/script>\n<!-- \/ Yoast SEO plugin. -->","yoast_head_json":{"title":"Oscar Ustari se dio \"el lujo\" que muchos quisieran darse: fue a ver el Inter Miami, invitado por Messi - Infoecos","robots":{"index":"index","follow":"follow","max-snippet":"max-snippet:-1","max-image-preview":"max-image-preview:large","max-video-preview":"max-video-preview:-1"},"canonical":"https:\/\/infoecos.com.ar\/index.php\/oscar-ustari-se-dio-el-lujo-que-muchos-quisieran-darse-fue-a-ver-el-inter-miami-invitado-por-messi\/","og_locale":"es_ES","og_type":"article","og_title":"Oscar Ustari se dio \"el lujo\" que muchos quisieran darse: fue a ver el Inter Miami, invitado por Messi - Infoecos","og_description":"Lo hizo junto a Maxi Rodr\u00edguez y sigui\u00f3 las alternativas del partido desde el palco especialmente preparado para la familia del mejor jugador del mundo.","og_url":"https:\/\/infoecos.com.ar\/index.php\/oscar-ustari-se-dio-el-lujo-que-muchos-quisieran-darse-fue-a-ver-el-inter-miami-invitado-por-messi\/","og_site_name":"Infoecos","article_publisher":"https:\/\/www.facebook.com\/profile.php?id=100063200290284","article_published_time":"2023-08-16T05:41:50+00:00","article_modified_time":"2023-08-18T15:22:25+00:00","og_image":[{"width":453,"height":262,"url":"https:\/\/infoecos.com.ar\/wp-content\/uploads\/2023\/08\/ustarienmiami.jpg","type":"image\/jpeg"}],"author":"Jorge Matheus","twitter_card":"summary_large_image","twitter_creator":"@infoecos","twitter_site":"@infoecos","twitter_misc":{"Escrito por":"Jorge Matheus","Tiempo de lectura":"2 minutos"},"schema":{"@context":"https:\/\/schema.org","@graph":[{"@type":"Article","@id":"https:\/\/infoecos.com.ar\/index.php\/oscar-ustari-se-dio-el-lujo-que-muchos-quisieran-darse-fue-a-ver-el-inter-miami-invitado-por-messi\/#article","isPartOf":{"@id":"https:\/\/infoecos.com.ar\/index.php\/oscar-ustari-se-dio-el-lujo-que-muchos-quisieran-darse-fue-a-ver-el-inter-miami-invitado-por-messi\/"},"author":{"name":"Jorge Matheus","@id":"https:\/\/infoecos.com.ar\/#\/schema\/person\/8f5ace5ce73b4b4aac4b7245aee6f191"},"headline":"Oscar Ustari se dio \u00abel lujo\u00bb que muchos quisieran darse: fue a ver el Inter Miami, invitado por Messi","datePublished":"2023-08-16T05:41:50+00:00","dateModified":"2023-08-18T15:22:25+00:00","mainEntityOfPage":{"@id":"https:\/\/infoecos.com.ar\/index.php\/oscar-ustari-se-dio-el-lujo-que-muchos-quisieran-darse-fue-a-ver-el-inter-miami-invitado-por-messi\/"},"wordCount":193,"publisher":{"@id":"https:\/\/infoecos.com.ar\/#organization"},"image":{"@id":"https:\/\/infoecos.com.ar\/index.php\/oscar-ustari-se-dio-el-lujo-que-muchos-quisieran-darse-fue-a-ver-el-inter-miami-invitado-por-messi\/#primaryimage"},"thumbnailUrl":"https:\/\/infoecos.com.ar\/wp-content\/uploads\/2023\/08\/ustarienmiami.jpg","keywords":["AMIGOS SON LOS AMIGOS"],"articleSection":["C1 nota 7"],"inLanguage":"es"},{"@type":"WebPage","@id":"https:\/\/infoecos.com.ar\/index.php\/oscar-ustari-se-dio-el-lujo-que-muchos-quisieran-darse-fue-a-ver-el-inter-miami-invitado-por-messi\/","url":"https:\/\/infoecos.com.ar\/index.php\/oscar-ustari-se-dio-el-lujo-que-muchos-quisieran-darse-fue-a-ver-el-inter-miami-invitado-por-messi\/","name":"Oscar Ustari se dio \"el lujo\" que muchos quisieran darse: fue a ver el Inter Miami, invitado por Messi - Infoecos","isPartOf":{"@id":"https:\/\/infoecos.com.ar\/#website"},"primaryImageOfPage":{"@id":"https:\/\/infoecos.com.ar\/index.php\/oscar-ustari-se-dio-el-lujo-que-muchos-quisieran-darse-fue-a-ver-el-inter-miami-invitado-por-messi\/#primaryimage"},"image":{"@id":"https:\/\/infoecos.com.ar\/index.php\/oscar-ustari-se-dio-el-lujo-que-muchos-quisieran-darse-fue-a-ver-el-inter-miami-invitado-por-messi\/#primaryimage"},"thumbnailUrl":"https:\/\/infoecos.com.ar\/wp-content\/uploads\/2023\/08\/ustarienmiami.jpg","datePublished":"2023-08-16T05:41:50+00:00","dateModified":"2023-08-18T15:22:25+00:00","breadcrumb":{"@id":"https:\/\/infoecos.com.ar\/index.php\/oscar-ustari-se-dio-el-lujo-que-muchos-quisieran-darse-fue-a-ver-el-inter-miami-invitado-por-messi\/#breadcrumb"},"inLanguage":"es","potentialAction":[{"@type":"ReadAction","target":["https:\/\/infoecos.com.ar\/index.php\/oscar-ustari-se-dio-el-lujo-que-muchos-quisieran-darse-fue-a-ver-el-inter-miami-invitado-por-messi\/"]}]},{"@type":"ImageObject","inLanguage":"es","@id":"https:\/\/infoecos.com.ar\/index.php\/oscar-ustari-se-dio-el-lujo-que-muchos-quisieran-darse-fue-a-ver-el-inter-miami-invitado-por-messi\/#primaryimage","url":"https:\/\/infoecos.com.ar\/wp-content\/uploads\/2023\/08\/ustarienmiami.jpg","contentUrl":"https:\/\/infoecos.com.ar\/wp-content\/uploads\/2023\/08\/ustarienmiami.jpg","width":453,"height":262},{"@type":"BreadcrumbList","@id":"https:\/\/infoecos.com.ar\/index.php\/oscar-ustari-se-dio-el-lujo-que-muchos-quisieran-darse-fue-a-ver-el-inter-miami-invitado-por-messi\/#breadcrumb","itemListElement":[{"@type":"ListItem","position":1,"name":"Portada","item":"https:\/\/infoecos.com.ar\/"},{"@type":"ListItem","position":2,"name":"Oscar Ustari se dio \u00abel lujo\u00bb que muchos quisieran darse: fue a ver el Inter Miami, invitado por Messi"}]},{"@type":"WebSite","@id":"https:\/\/infoecos.com.ar\/#website","url":"https:\/\/infoecos.com.ar\/","name":"Infoecos","description":"Noticias de trenque lauquen y la zona","publisher":{"@id":"https:\/\/infoecos.com.ar\/#organization"},"alternateName":"Noticias","potentialAction":[{"@type":"SearchAction","target":{"@type":"EntryPoint","urlTemplate":"https:\/\/infoecos.com.ar\/?s={search_term_string}"},"query-input":{"@type":"PropertyValueSpecification","valueRequired":true,"valueName":"search_term_string"}}],"inLanguage":"es"},{"@type":"Organization","@id":"https:\/\/infoecos.com.ar\/#organization","name":"Infoecos","alternateName":"Noticias","url":"https:\/\/infoecos.com.ar\/","logo":{"@type":"ImageObject","inLanguage":"es","@id":"https:\/\/infoecos.com.ar\/#\/schema\/logo\/image\/","url":"https:\/\/infoecos.com.ar\/wp-content\/uploads\/2024\/03\/cropped-logo.png","contentUrl":"https:\/\/infoecos.com.ar\/wp-content\/uploads\/2024\/03\/cropped-logo.png","width":374,"height":90,"caption":"Infoecos"},"image":{"@id":"https:\/\/infoecos.com.ar\/#\/schema\/logo\/image\/"},"sameAs":["https:\/\/www.facebook.com\/profile.php?id=100063200290284","https:\/\/x.com\/infoecos"]},{"@type":"Person","@id":"https:\/\/infoecos.com.ar\/#\/schema\/person\/8f5ace5ce73b4b4aac4b7245aee6f191","name":"Jorge Matheus","url":"https:\/\/infoecos.com.ar\/index.php\/author\/jomatheus\/"}]}},"featured_image_urls":{"full":["https:\/\/infoecos.com.ar\/wp-content\/uploads\/2023\/08\/ustarienmiami.jpg",453,262,false],"thumbnail":["https:\/\/infoecos.com.ar\/wp-content\/uploads\/2023\/08\/ustarienmiami-300x150.jpg",300,150,true],"medium":["https:\/\/infoecos.com.ar\/wp-content\/uploads\/2023\/08\/ustarienmiami.jpg",453,262,false],"medium_large":["https:\/\/infoecos.com.ar\/wp-content\/uploads\/2023\/08\/ustarienmiami.jpg",453,262,false],"large":["https:\/\/infoecos.com.ar\/wp-content\/uploads\/2023\/08\/ustarienmiami.jpg",453,262,false],"1536x1536":["https:\/\/infoecos.com.ar\/wp-content\/uploads\/2023\/08\/ustarienmiami.jpg",453,262,false],"2048x2048":["https:\/\/infoecos.com.ar\/wp-content\/uploads\/2023\/08\/ustarienmiami.jpg",453,262,false],"covernews-slider-full":["https:\/\/infoecos.com.ar\/wp-content\/uploads\/2023\/08\/ustarienmiami.jpg",453,262,false],"covernews-slider-center":["https:\/\/infoecos.com.ar\/wp-content\/uploads\/2023\/08\/ustarienmiami.jpg",453,262,false],"covernews-featured":["https:\/\/infoecos.com.ar\/wp-content\/uploads\/2023\/08\/ustarienmiami.jpg",453,262,false],"covernews-medium":["https:\/\/infoecos.com.ar\/wp-content\/uploads\/2023\/08\/ustarienmiami.jpg",453,262,false],"covernews-medium-square":["https:\/\/infoecos.com.ar\/wp-content\/uploads\/2023\/08\/ustarienmiami.jpg",400,231,false]},"author_info":{"info":["Jorge Matheus"]},"category_info":"<a href=\"https:\/\/infoecos.com.ar\/index.php\/category\/c1nota7\/\" rel=\"category tag\">C1 nota 7<\/a>","tag_info":"C1 nota 7","comment_count":"0","_links":{"self":[{"href":"https:\/\/infoecos.com.ar\/index.php\/wp-json\/wp\/v2\/posts\/109951"}],"collection":[{"href":"https:\/\/infoecos.com.ar\/index.php\/wp-json\/wp\/v2\/posts"}],"about":[{"href":"https:\/\/infoecos.com.ar\/index.php\/wp-json\/wp\/v2\/types\/post"}],"author":[{"embeddable":true,"href":"https:\/\/infoecos.com.ar\/index.php\/wp-json\/wp\/v2\/users\/2"}],"replies":[{"embeddable":true,"href":"https:\/\/infoecos.com.ar\/index.php\/wp-json\/wp\/v2\/comments?post=109951"}],"version-history":[{"count":1,"href":"https:\/\/infoecos.com.ar\/index.php\/wp-json\/wp\/v2\/posts\/109951\/revisions"}],"predecessor-version":[{"id":109957,"href":"https:\/\/infoecos.com.ar\/index.php\/wp-json\/wp\/v2\/posts\/109951\/revisions\/109957"}],"wp:featuredmedia":[{"embeddable":true,"href":"https:\/\/infoecos.com.ar\/index.php\/wp-json\/wp\/v2\/media\/109956"}],"wp:attachment":[{"href":"https:\/\/infoecos.com.ar\/index.php\/wp-json\/wp\/v2\/media?parent=109951"}],"wp:term":[{"taxonomy":"category","embeddable":true,"href":"https:\/\/infoecos.com.ar\/index.php\/wp-json\/wp\/v2\/categories?post=109951"},{"taxonomy":"post_tag","embeddable":true,"href":"https:\/\/infoecos.com.ar\/index.php\/wp-json\/wp\/v2\/tags?post=109951"}],"curies":[{"name":"wp","href":"https:\/\/api.w.org\/{rel}","templated":true}]}}