{"id":110054,"date":"2023-08-17T03:35:43","date_gmt":"2023-08-17T06:35:43","guid":{"rendered":"https:\/\/infoecos.com.ar\/?p=110054"},"modified":"2023-08-18T01:38:50","modified_gmt":"2023-08-18T04:38:50","slug":"camioneros-pide-reabrir-la-paritaria-y-arranco-reclamando-un-aumento-del-140","status":"publish","type":"post","link":"https:\/\/infoecos.com.ar\/index.php\/camioneros-pide-reabrir-la-paritaria-y-arranco-reclamando-un-aumento-del-140\/","title":{"rendered":"Camioneros pide reabrir la paritaria y arranc\u00f3 reclamando un aumento del 140 %"},"content":{"rendered":"\n<p>La Federaci\u00f3n Nacional de Camioneros se reuni\u00f3 ayer con el sector empresarial con el objetivo de reabrir la paritaria teniendo en cuenta la escalada de precios.&nbsp;En el encuentro reclamaron un aumento salarial del 140%.<\/p>\n\n\n\n<p>A la salida de la reuni\u00f3n en el Ministerio de Trabajo, el secretario Gremial, Marcelo Aparicio, dijo que en la reuni\u00f3n con representantes del sector empresarial -Federaci\u00f3n Argentina de Entidades Empresarias del Autotransporte de Cargas (FADEEAC)-, la Federaci\u00f3n Argentina de Transporte y Log\u00edstica (FAETYL) y la Confederaci\u00f3n Argentina del Transporte Automotor de Carga (CATAC)- se abord\u00f3 la \u00abpreocupante situaci\u00f3n que enfrentan los trabajadores\u00bb.<\/p>\n\n\n\n<p>\u00abEl salario ha experimentado una notable disminuci\u00f3n en relaci\u00f3n con el costo de vida actual\u00bb, explic\u00f3.<\/p>\n\n\n\n<p>Durante el encuentro, se plante\u00f3 la necesidad de adelantar la discusi\u00f3n de la paritaria, buscando acortar los plazos y comenzar a negociar de inmediato.<\/p>\n","protected":false},"excerpt":{"rendered":"<p>La Federaci\u00f3n Nacional de Camioneros se reuni\u00f3 ayer con el sector empresarial con el objetivo&#8230;<\/p>\n","protected":false},"author":2,"featured_media":87808,"comment_status":"closed","ping_status":"open","sticky":false,"template":"","format":"standard","meta":{"footnotes":""},"categories":[41],"tags":[8766],"class_list":["post-110054","post","type-post","status-publish","format-standard","has-post-thumbnail","hentry","category-inferior2","tag-reunion-en-el-ministerio-de-trabajo"],"yoast_head":"<!-- This site is optimized with the Yoast SEO plugin v23.4 - https:\/\/yoast.com\/wordpress\/plugins\/seo\/ -->\n<title>Camioneros pide reabrir la paritaria y arranc\u00f3 reclamando un aumento del 140 % - Infoecos<\/title>\n<meta name=\"robots\" content=\"index, follow, max-snippet:-1, max-image-preview:large, max-video-preview:-1\" \/>\n<link rel=\"canonical\" href=\"https:\/\/infoecos.com.ar\/index.php\/camioneros-pide-reabrir-la-paritaria-y-arranco-reclamando-un-aumento-del-140\/\" \/>\n<meta property=\"og:locale\" content=\"es_ES\" \/>\n<meta property=\"og:type\" content=\"article\" \/>\n<meta property=\"og:title\" content=\"Camioneros pide reabrir la paritaria y arranc\u00f3 reclamando un aumento del 140 % - Infoecos\" \/>\n<meta property=\"og:description\" content=\"La Federaci\u00f3n Nacional de Camioneros se reuni\u00f3 ayer con el sector empresarial con el objetivo...\" \/>\n<meta property=\"og:url\" content=\"https:\/\/infoecos.com.ar\/index.php\/camioneros-pide-reabrir-la-paritaria-y-arranco-reclamando-un-aumento-del-140\/\" \/>\n<meta property=\"og:site_name\" content=\"Infoecos\" \/>\n<meta property=\"article:publisher\" content=\"https:\/\/www.facebook.com\/profile.php?id=100063200290284\" \/>\n<meta property=\"article:published_time\" content=\"2023-08-17T06:35:43+00:00\" \/>\n<meta property=\"article:modified_time\" content=\"2023-08-18T04:38:50+00:00\" \/>\n<meta property=\"og:image\" content=\"https:\/\/infoecos.com.ar\/wp-content\/uploads\/2021\/10\/camiones-ruta.jpg\" \/>\n\t<meta property=\"og:image:width\" content=\"640\" \/>\n\t<meta property=\"og:image:height\" content=\"380\" \/>\n\t<meta property=\"og:image:type\" content=\"image\/jpeg\" \/>\n<meta name=\"author\" content=\"Jorge Matheus\" \/>\n<meta name=\"twitter:card\" content=\"summary_large_image\" \/>\n<meta name=\"twitter:creator\" content=\"@infoecos\" \/>\n<meta name=\"twitter:site\" content=\"@infoecos\" \/>\n<meta name=\"twitter:label1\" content=\"Escrito por\" \/>\n\t<meta name=\"twitter:data1\" content=\"Jorge Matheus\" \/>\n\t<meta name=\"twitter:label2\" content=\"Tiempo de lectura\" \/>\n\t<meta name=\"twitter:data2\" content=\"1 minuto\" \/>\n<script type=\"application\/ld+json\" class=\"yoast-schema-graph\">{\"@context\":\"https:\/\/schema.org\",\"@graph\":[{\"@type\":\"Article\",\"@id\":\"https:\/\/infoecos.com.ar\/index.php\/camioneros-pide-reabrir-la-paritaria-y-arranco-reclamando-un-aumento-del-140\/#article\",\"isPartOf\":{\"@id\":\"https:\/\/infoecos.com.ar\/index.php\/camioneros-pide-reabrir-la-paritaria-y-arranco-reclamando-un-aumento-del-140\/\"},\"author\":{\"name\":\"Jorge Matheus\",\"@id\":\"https:\/\/infoecos.com.ar\/#\/schema\/person\/8f5ace5ce73b4b4aac4b7245aee6f191\"},\"headline\":\"Camioneros pide reabrir la paritaria y arranc\u00f3 reclamando un aumento del 140 %\",\"datePublished\":\"2023-08-17T06:35:43+00:00\",\"dateModified\":\"2023-08-18T04:38:50+00:00\",\"mainEntityOfPage\":{\"@id\":\"https:\/\/infoecos.com.ar\/index.php\/camioneros-pide-reabrir-la-paritaria-y-arranco-reclamando-un-aumento-del-140\/\"},\"wordCount\":162,\"publisher\":{\"@id\":\"https:\/\/infoecos.com.ar\/#organization\"},\"image\":{\"@id\":\"https:\/\/infoecos.com.ar\/index.php\/camioneros-pide-reabrir-la-paritaria-y-arranco-reclamando-un-aumento-del-140\/#primaryimage\"},\"thumbnailUrl\":\"https:\/\/infoecos.com.ar\/wp-content\/uploads\/2021\/10\/camiones-ruta.jpg\",\"keywords\":[\"REUNI\u00d3N EN EL MINISTERIO DE TRABAJO\"],\"articleSection\":[\"Bloque inferior - 2\"],\"inLanguage\":\"es\"},{\"@type\":\"WebPage\",\"@id\":\"https:\/\/infoecos.com.ar\/index.php\/camioneros-pide-reabrir-la-paritaria-y-arranco-reclamando-un-aumento-del-140\/\",\"url\":\"https:\/\/infoecos.com.ar\/index.php\/camioneros-pide-reabrir-la-paritaria-y-arranco-reclamando-un-aumento-del-140\/\",\"name\":\"Camioneros pide reabrir la paritaria y arranc\u00f3 reclamando un aumento del 140 % - Infoecos\",\"isPartOf\":{\"@id\":\"https:\/\/infoecos.com.ar\/#website\"},\"primaryImageOfPage\":{\"@id\":\"https:\/\/infoecos.com.ar\/index.php\/camioneros-pide-reabrir-la-paritaria-y-arranco-reclamando-un-aumento-del-140\/#primaryimage\"},\"image\":{\"@id\":\"https:\/\/infoecos.com.ar\/index.php\/camioneros-pide-reabrir-la-paritaria-y-arranco-reclamando-un-aumento-del-140\/#primaryimage\"},\"thumbnailUrl\":\"https:\/\/infoecos.com.ar\/wp-content\/uploads\/2021\/10\/camiones-ruta.jpg\",\"datePublished\":\"2023-08-17T06:35:43+00:00\",\"dateModified\":\"2023-08-18T04:38:50+00:00\",\"breadcrumb\":{\"@id\":\"https:\/\/infoecos.com.ar\/index.php\/camioneros-pide-reabrir-la-paritaria-y-arranco-reclamando-un-aumento-del-140\/#breadcrumb\"},\"inLanguage\":\"es\",\"potentialAction\":[{\"@type\":\"ReadAction\",\"target\":[\"https:\/\/infoecos.com.ar\/index.php\/camioneros-pide-reabrir-la-paritaria-y-arranco-reclamando-un-aumento-del-140\/\"]}]},{\"@type\":\"ImageObject\",\"inLanguage\":\"es\",\"@id\":\"https:\/\/infoecos.com.ar\/index.php\/camioneros-pide-reabrir-la-paritaria-y-arranco-reclamando-un-aumento-del-140\/#primaryimage\",\"url\":\"https:\/\/infoecos.com.ar\/wp-content\/uploads\/2021\/10\/camiones-ruta.jpg\",\"contentUrl\":\"https:\/\/infoecos.com.ar\/wp-content\/uploads\/2021\/10\/camiones-ruta.jpg\",\"width\":640,\"height\":380},{\"@type\":\"BreadcrumbList\",\"@id\":\"https:\/\/infoecos.com.ar\/index.php\/camioneros-pide-reabrir-la-paritaria-y-arranco-reclamando-un-aumento-del-140\/#breadcrumb\",\"itemListElement\":[{\"@type\":\"ListItem\",\"position\":1,\"name\":\"Portada\",\"item\":\"https:\/\/infoecos.com.ar\/\"},{\"@type\":\"ListItem\",\"position\":2,\"name\":\"Camioneros pide reabrir la paritaria y arranc\u00f3 reclamando un aumento del 140 %\"}]},{\"@type\":\"WebSite\",\"@id\":\"https:\/\/infoecos.com.ar\/#website\",\"url\":\"https:\/\/infoecos.com.ar\/\",\"name\":\"Infoecos\",\"description\":\"Noticias de trenque lauquen y la zona\",\"publisher\":{\"@id\":\"https:\/\/infoecos.com.ar\/#organization\"},\"alternateName\":\"Noticias\",\"potentialAction\":[{\"@type\":\"SearchAction\",\"target\":{\"@type\":\"EntryPoint\",\"urlTemplate\":\"https:\/\/infoecos.com.ar\/?s={search_term_string}\"},\"query-input\":{\"@type\":\"PropertyValueSpecification\",\"valueRequired\":true,\"valueName\":\"search_term_string\"}}],\"inLanguage\":\"es\"},{\"@type\":\"Organization\",\"@id\":\"https:\/\/infoecos.com.ar\/#organization\",\"name\":\"Infoecos\",\"alternateName\":\"Noticias\",\"url\":\"https:\/\/infoecos.com.ar\/\",\"logo\":{\"@type\":\"ImageObject\",\"inLanguage\":\"es\",\"@id\":\"https:\/\/infoecos.com.ar\/#\/schema\/logo\/image\/\",\"url\":\"https:\/\/infoecos.com.ar\/wp-content\/uploads\/2024\/03\/cropped-logo.png\",\"contentUrl\":\"https:\/\/infoecos.com.ar\/wp-content\/uploads\/2024\/03\/cropped-logo.png\",\"width\":374,\"height\":90,\"caption\":\"Infoecos\"},\"image\":{\"@id\":\"https:\/\/infoecos.com.ar\/#\/schema\/logo\/image\/\"},\"sameAs\":[\"https:\/\/www.facebook.com\/profile.php?id=100063200290284\",\"https:\/\/x.com\/infoecos\"]},{\"@type\":\"Person\",\"@id\":\"https:\/\/infoecos.com.ar\/#\/schema\/person\/8f5ace5ce73b4b4aac4b7245aee6f191\",\"name\":\"Jorge Matheus\",\"url\":\"https:\/\/infoecos.com.ar\/index.php\/author\/jomatheus\/\"}]}<\/script>\n<!-- \/ Yoast SEO plugin. -->","yoast_head_json":{"title":"Camioneros pide reabrir la paritaria y arranc\u00f3 reclamando un aumento del 140 % - Infoecos","robots":{"index":"index","follow":"follow","max-snippet":"max-snippet:-1","max-image-preview":"max-image-preview:large","max-video-preview":"max-video-preview:-1"},"canonical":"https:\/\/infoecos.com.ar\/index.php\/camioneros-pide-reabrir-la-paritaria-y-arranco-reclamando-un-aumento-del-140\/","og_locale":"es_ES","og_type":"article","og_title":"Camioneros pide reabrir la paritaria y arranc\u00f3 reclamando un aumento del 140 % - Infoecos","og_description":"La Federaci\u00f3n Nacional de Camioneros se reuni\u00f3 ayer con el sector empresarial con el objetivo...","og_url":"https:\/\/infoecos.com.ar\/index.php\/camioneros-pide-reabrir-la-paritaria-y-arranco-reclamando-un-aumento-del-140\/","og_site_name":"Infoecos","article_publisher":"https:\/\/www.facebook.com\/profile.php?id=100063200290284","article_published_time":"2023-08-17T06:35:43+00:00","article_modified_time":"2023-08-18T04:38:50+00:00","og_image":[{"width":640,"height":380,"url":"https:\/\/infoecos.com.ar\/wp-content\/uploads\/2021\/10\/camiones-ruta.jpg","type":"image\/jpeg"}],"author":"Jorge Matheus","twitter_card":"summary_large_image","twitter_creator":"@infoecos","twitter_site":"@infoecos","twitter_misc":{"Escrito por":"Jorge Matheus","Tiempo de lectura":"1 minuto"},"schema":{"@context":"https:\/\/schema.org","@graph":[{"@type":"Article","@id":"https:\/\/infoecos.com.ar\/index.php\/camioneros-pide-reabrir-la-paritaria-y-arranco-reclamando-un-aumento-del-140\/#article","isPartOf":{"@id":"https:\/\/infoecos.com.ar\/index.php\/camioneros-pide-reabrir-la-paritaria-y-arranco-reclamando-un-aumento-del-140\/"},"author":{"name":"Jorge Matheus","@id":"https:\/\/infoecos.com.ar\/#\/schema\/person\/8f5ace5ce73b4b4aac4b7245aee6f191"},"headline":"Camioneros pide reabrir la paritaria y arranc\u00f3 reclamando un aumento del 140 %","datePublished":"2023-08-17T06:35:43+00:00","dateModified":"2023-08-18T04:38:50+00:00","mainEntityOfPage":{"@id":"https:\/\/infoecos.com.ar\/index.php\/camioneros-pide-reabrir-la-paritaria-y-arranco-reclamando-un-aumento-del-140\/"},"wordCount":162,"publisher":{"@id":"https:\/\/infoecos.com.ar\/#organization"},"image":{"@id":"https:\/\/infoecos.com.ar\/index.php\/camioneros-pide-reabrir-la-paritaria-y-arranco-reclamando-un-aumento-del-140\/#primaryimage"},"thumbnailUrl":"https:\/\/infoecos.com.ar\/wp-content\/uploads\/2021\/10\/camiones-ruta.jpg","keywords":["REUNI\u00d3N EN EL MINISTERIO DE TRABAJO"],"articleSection":["Bloque inferior - 2"],"inLanguage":"es"},{"@type":"WebPage","@id":"https:\/\/infoecos.com.ar\/index.php\/camioneros-pide-reabrir-la-paritaria-y-arranco-reclamando-un-aumento-del-140\/","url":"https:\/\/infoecos.com.ar\/index.php\/camioneros-pide-reabrir-la-paritaria-y-arranco-reclamando-un-aumento-del-140\/","name":"Camioneros pide reabrir la paritaria y arranc\u00f3 reclamando un aumento del 140 % - Infoecos","isPartOf":{"@id":"https:\/\/infoecos.com.ar\/#website"},"primaryImageOfPage":{"@id":"https:\/\/infoecos.com.ar\/index.php\/camioneros-pide-reabrir-la-paritaria-y-arranco-reclamando-un-aumento-del-140\/#primaryimage"},"image":{"@id":"https:\/\/infoecos.com.ar\/index.php\/camioneros-pide-reabrir-la-paritaria-y-arranco-reclamando-un-aumento-del-140\/#primaryimage"},"thumbnailUrl":"https:\/\/infoecos.com.ar\/wp-content\/uploads\/2021\/10\/camiones-ruta.jpg","datePublished":"2023-08-17T06:35:43+00:00","dateModified":"2023-08-18T04:38:50+00:00","breadcrumb":{"@id":"https:\/\/infoecos.com.ar\/index.php\/camioneros-pide-reabrir-la-paritaria-y-arranco-reclamando-un-aumento-del-140\/#breadcrumb"},"inLanguage":"es","potentialAction":[{"@type":"ReadAction","target":["https:\/\/infoecos.com.ar\/index.php\/camioneros-pide-reabrir-la-paritaria-y-arranco-reclamando-un-aumento-del-140\/"]}]},{"@type":"ImageObject","inLanguage":"es","@id":"https:\/\/infoecos.com.ar\/index.php\/camioneros-pide-reabrir-la-paritaria-y-arranco-reclamando-un-aumento-del-140\/#primaryimage","url":"https:\/\/infoecos.com.ar\/wp-content\/uploads\/2021\/10\/camiones-ruta.jpg","contentUrl":"https:\/\/infoecos.com.ar\/wp-content\/uploads\/2021\/10\/camiones-ruta.jpg","width":640,"height":380},{"@type":"BreadcrumbList","@id":"https:\/\/infoecos.com.ar\/index.php\/camioneros-pide-reabrir-la-paritaria-y-arranco-reclamando-un-aumento-del-140\/#breadcrumb","itemListElement":[{"@type":"ListItem","position":1,"name":"Portada","item":"https:\/\/infoecos.com.ar\/"},{"@type":"ListItem","position":2,"name":"Camioneros pide reabrir la paritaria y arranc\u00f3 reclamando un aumento del 140 %"}]},{"@type":"WebSite","@id":"https:\/\/infoecos.com.ar\/#website","url":"https:\/\/infoecos.com.ar\/","name":"Infoecos","description":"Noticias de trenque lauquen y la zona","publisher":{"@id":"https:\/\/infoecos.com.ar\/#organization"},"alternateName":"Noticias","potentialAction":[{"@type":"SearchAction","target":{"@type":"EntryPoint","urlTemplate":"https:\/\/infoecos.com.ar\/?s={search_term_string}"},"query-input":{"@type":"PropertyValueSpecification","valueRequired":true,"valueName":"search_term_string"}}],"inLanguage":"es"},{"@type":"Organization","@id":"https:\/\/infoecos.com.ar\/#organization","name":"Infoecos","alternateName":"Noticias","url":"https:\/\/infoecos.com.ar\/","logo":{"@type":"ImageObject","inLanguage":"es","@id":"https:\/\/infoecos.com.ar\/#\/schema\/logo\/image\/","url":"https:\/\/infoecos.com.ar\/wp-content\/uploads\/2024\/03\/cropped-logo.png","contentUrl":"https:\/\/infoecos.com.ar\/wp-content\/uploads\/2024\/03\/cropped-logo.png","width":374,"height":90,"caption":"Infoecos"},"image":{"@id":"https:\/\/infoecos.com.ar\/#\/schema\/logo\/image\/"},"sameAs":["https:\/\/www.facebook.com\/profile.php?id=100063200290284","https:\/\/x.com\/infoecos"]},{"@type":"Person","@id":"https:\/\/infoecos.com.ar\/#\/schema\/person\/8f5ace5ce73b4b4aac4b7245aee6f191","name":"Jorge Matheus","url":"https:\/\/infoecos.com.ar\/index.php\/author\/jomatheus\/"}]}},"featured_image_urls":{"full":["https:\/\/infoecos.com.ar\/wp-content\/uploads\/2021\/10\/camiones-ruta.jpg",640,380,false],"thumbnail":["https:\/\/infoecos.com.ar\/wp-content\/uploads\/2021\/10\/camiones-ruta-150x150.jpg",150,150,true],"medium":["https:\/\/infoecos.com.ar\/wp-content\/uploads\/2021\/10\/camiones-ruta-460x273.jpg",460,273,true],"medium_large":["https:\/\/infoecos.com.ar\/wp-content\/uploads\/2021\/10\/camiones-ruta.jpg",640,380,false],"large":["https:\/\/infoecos.com.ar\/wp-content\/uploads\/2021\/10\/camiones-ruta.jpg",640,380,false],"1536x1536":["https:\/\/infoecos.com.ar\/wp-content\/uploads\/2021\/10\/camiones-ruta.jpg",640,380,false],"2048x2048":["https:\/\/infoecos.com.ar\/wp-content\/uploads\/2021\/10\/camiones-ruta.jpg",640,380,false],"covernews-slider-full":["https:\/\/infoecos.com.ar\/wp-content\/uploads\/2021\/10\/camiones-ruta.jpg",640,380,false],"covernews-slider-center":["https:\/\/infoecos.com.ar\/wp-content\/uploads\/2021\/10\/camiones-ruta.jpg",640,380,false],"covernews-featured":["https:\/\/infoecos.com.ar\/wp-content\/uploads\/2021\/10\/camiones-ruta.jpg",640,380,false],"covernews-medium":["https:\/\/infoecos.com.ar\/wp-content\/uploads\/2021\/10\/camiones-ruta.jpg",540,321,false],"covernews-medium-square":["https:\/\/infoecos.com.ar\/wp-content\/uploads\/2021\/10\/camiones-ruta.jpg",400,238,false]},"author_info":{"info":["Jorge Matheus"]},"category_info":"<a href=\"https:\/\/infoecos.com.ar\/index.php\/category\/inferior2\/\" rel=\"category tag\">Bloque inferior - 2<\/a>","tag_info":"Bloque inferior - 2","comment_count":"0","_links":{"self":[{"href":"https:\/\/infoecos.com.ar\/index.php\/wp-json\/wp\/v2\/posts\/110054"}],"collection":[{"href":"https:\/\/infoecos.com.ar\/index.php\/wp-json\/wp\/v2\/posts"}],"about":[{"href":"https:\/\/infoecos.com.ar\/index.php\/wp-json\/wp\/v2\/types\/post"}],"author":[{"embeddable":true,"href":"https:\/\/infoecos.com.ar\/index.php\/wp-json\/wp\/v2\/users\/2"}],"replies":[{"embeddable":true,"href":"https:\/\/infoecos.com.ar\/index.php\/wp-json\/wp\/v2\/comments?post=110054"}],"version-history":[{"count":2,"href":"https:\/\/infoecos.com.ar\/index.php\/wp-json\/wp\/v2\/posts\/110054\/revisions"}],"predecessor-version":[{"id":110188,"href":"https:\/\/infoecos.com.ar\/index.php\/wp-json\/wp\/v2\/posts\/110054\/revisions\/110188"}],"wp:featuredmedia":[{"embeddable":true,"href":"https:\/\/infoecos.com.ar\/index.php\/wp-json\/wp\/v2\/media\/87808"}],"wp:attachment":[{"href":"https:\/\/infoecos.com.ar\/index.php\/wp-json\/wp\/v2\/media?parent=110054"}],"wp:term":[{"taxonomy":"category","embeddable":true,"href":"https:\/\/infoecos.com.ar\/index.php\/wp-json\/wp\/v2\/categories?post=110054"},{"taxonomy":"post_tag","embeddable":true,"href":"https:\/\/infoecos.com.ar\/index.php\/wp-json\/wp\/v2\/tags?post=110054"}],"curies":[{"name":"wp","href":"https:\/\/api.w.org\/{rel}","templated":true}]}}