{"id":110128,"date":"2023-08-17T19:41:54","date_gmt":"2023-08-17T22:41:54","guid":{"rendered":"https:\/\/infoecos.com.ar\/?p=110128"},"modified":"2023-08-19T04:46:17","modified_gmt":"2023-08-19T07:46:17","slug":"hoy-celeste-muriega-una-de-las-bailarinas-y-modelos-mas-bonita-del-pais","status":"publish","type":"post","link":"https:\/\/infoecos.com.ar\/index.php\/hoy-celeste-muriega-una-de-las-bailarinas-y-modelos-mas-bonita-del-pais\/","title":{"rendered":"Hoy Celeste Muriega, una de las bailarinas y modelo m\u00e1s bonita del pa\u00eds"},"content":{"rendered":"\n<p>Las se\u00f1oras y se\u00f1oritas que elegimos este Jueves. La redacci\u00f3n ha resuelto darle un descanso a Pampita. Sus apariciones son tan cont\u00ednuas que no la queremos agobiar y tampoco a ustedes, los lectores. <\/p>\n\n\n\n<figure class=\"wp-block-image aligncenter size-full is-resized\"><img loading=\"lazy\" decoding=\"async\" src=\"https:\/\/infoecos.com.ar\/wp-content\/uploads\/2023\/08\/muriegaceleste.jpg\" alt=\"\" class=\"wp-image-110129\" width=\"239\" height=\"373\"\/><figcaption class=\"wp-element-caption\">Celeste Muriega <\/figcaption><\/figure>\n\n\n\n<p>Elegimos a la Argentina, Celeste Muriega que tiene 34 a\u00f1os.<\/p>\n\n\n\n<p>Es una modelo y bailarina argentina que se hizo conocida en el 2015 cuando estuvo en Bailando por un Sue\u00f1o. Estudi\u00f3 en la Escuela de Danza de Reina Reech.<\/p>\n\n\n\n<p>Es de las&nbsp;<strong>bailarinas&nbsp;<\/strong>m\u00e1s conocidas del \u00e1mbito del espect\u00e1culo, y adem\u00e1s, en los \u00faltimos a\u00f1os se ha convertido en una&nbsp;<strong>influencer&nbsp;<\/strong>de redes sociales.<\/p>\n\n\n\n<p>Estuvo en Trenque Lauquen integrando el elenco de <strong>\u201cSEX: viv\u00ed tu propia experiencia\u201d<\/strong>, la obra l\u00edder de&nbsp;<strong>Jose Mar\u00eda Muscari<\/strong>.<\/p>\n\n\n\n<figure class=\"wp-block-image aligncenter size-full is-resized\"><img loading=\"lazy\" decoding=\"async\" src=\"https:\/\/infoecos.com.ar\/wp-content\/uploads\/2023\/08\/muriegaceleste1.jpg\" alt=\"\" class=\"wp-image-110130\" width=\"224\" height=\"323\"\/><figcaption class=\"wp-element-caption\">Celeste Muriega <\/figcaption><\/figure>\n\n\n\n<p>Este jueves subi\u00f3 la temperatura de sus seguidores al aparecer en un video, de donde capturamos dos fotograf\u00edas a pocas horas de lanzar el tercer cap\u00edtulo de Playboy Celebrities a trav\u00e9s de la cuenta de Instagram <a href=\"https:\/\/www.instagram.com\/celestemuriega\/\">celestemuriega<\/a>y<a href=\"https:\/\/www.instagram.com\/prz.producciones\/\">prz.producciones<\/a>.<\/p>\n\n\n\n<figure class=\"wp-block-gallery has-nested-images columns-default is-cropped wp-block-gallery-1 is-layout-flex wp-block-gallery-is-layout-flex\">\n<figure class=\"wp-block-image size-large\"><img loading=\"lazy\" decoding=\"async\" width=\"457\" height=\"491\" data-id=\"110134\" src=\"https:\/\/infoecos.com.ar\/wp-content\/uploads\/2023\/08\/muriega1.jpg\" alt=\"\" class=\"wp-image-110134\"\/><\/figure>\n\n\n\n<figure class=\"wp-block-image size-large\"><img loading=\"lazy\" decoding=\"async\" width=\"420\" height=\"366\" data-id=\"110137\" src=\"https:\/\/infoecos.com.ar\/wp-content\/uploads\/2023\/08\/muriega2.jpg\" alt=\"\" class=\"wp-image-110137\"\/><\/figure>\n\n\n\n<figure class=\"wp-block-image size-large\"><img loading=\"lazy\" decoding=\"async\" width=\"409\" height=\"342\" data-id=\"110135\" src=\"https:\/\/infoecos.com.ar\/wp-content\/uploads\/2023\/08\/muriega3.jpg\" alt=\"\" class=\"wp-image-110135\"\/><\/figure>\n\n\n\n<figure class=\"wp-block-image size-large\"><img loading=\"lazy\" decoding=\"async\" width=\"419\" height=\"437\" data-id=\"110136\" src=\"https:\/\/infoecos.com.ar\/wp-content\/uploads\/2023\/08\/muriega4.jpg\" alt=\"\" class=\"wp-image-110136\"\/><\/figure>\n\n\n\n<figure class=\"wp-block-image size-large\"><img loading=\"lazy\" decoding=\"async\" width=\"412\" height=\"376\" data-id=\"110140\" src=\"https:\/\/infoecos.com.ar\/wp-content\/uploads\/2023\/08\/muriega5.jpg\" alt=\"\" class=\"wp-image-110140\"\/><\/figure>\n\n\n\n<figure class=\"wp-block-image size-large\"><img loading=\"lazy\" decoding=\"async\" width=\"415\" height=\"545\" data-id=\"110138\" src=\"https:\/\/infoecos.com.ar\/wp-content\/uploads\/2023\/08\/muriega6.jpg\" alt=\"\" class=\"wp-image-110138\"\/><\/figure>\n\n\n\n<figure class=\"wp-block-image size-large\"><img loading=\"lazy\" decoding=\"async\" width=\"405\" height=\"478\" data-id=\"110139\" src=\"https:\/\/infoecos.com.ar\/wp-content\/uploads\/2023\/08\/muriega7.jpg\" alt=\"\" class=\"wp-image-110139\"\/><\/figure>\n\n\n\n<figure class=\"wp-block-image size-large\"><img loading=\"lazy\" decoding=\"async\" width=\"266\" height=\"366\" data-id=\"110141\" src=\"https:\/\/infoecos.com.ar\/wp-content\/uploads\/2023\/08\/muriega8.jpg\" alt=\"\" class=\"wp-image-110141\"\/><\/figure>\n<\/figure>\n","protected":false},"excerpt":{"rendered":"<p>Galer\u00eda de fotos. Este jueves subi\u00f3 la temperatura de sus seguidores al aparecer en un video, de donde capturamos dos fotograf\u00edas a pocas horas de lanzar el tercer cap\u00edtulo de Playboy Celebrities<\/p>\n","protected":false},"author":2,"featured_media":110131,"comment_status":"closed","ping_status":"open","sticky":false,"template":"","format":"standard","meta":{"footnotes":""},"categories":[43],"tags":[8776],"class_list":["post-110128","post","type-post","status-publish","format-standard","has-post-thumbnail","hentry","category-inferior4","tag-descanso-para-pampita"],"yoast_head":"<!-- This site is optimized with the Yoast SEO plugin v23.4 - https:\/\/yoast.com\/wordpress\/plugins\/seo\/ -->\n<title>Hoy Celeste Muriega, una de las bailarinas y modelo m\u00e1s bonita del pa\u00eds - Infoecos<\/title>\n<meta name=\"robots\" content=\"index, follow, max-snippet:-1, max-image-preview:large, max-video-preview:-1\" \/>\n<link rel=\"canonical\" href=\"https:\/\/infoecos.com.ar\/index.php\/hoy-celeste-muriega-una-de-las-bailarinas-y-modelos-mas-bonita-del-pais\/\" \/>\n<meta property=\"og:locale\" content=\"es_ES\" \/>\n<meta property=\"og:type\" content=\"article\" \/>\n<meta property=\"og:title\" content=\"Hoy Celeste Muriega, una de las bailarinas y modelo m\u00e1s bonita del pa\u00eds - Infoecos\" \/>\n<meta property=\"og:description\" content=\"Galer\u00eda de fotos. Este jueves subi\u00f3 la temperatura de sus seguidores al aparecer en un video, de donde capturamos dos fotograf\u00edas a pocas horas de lanzar el tercer cap\u00edtulo de Playboy Celebrities\" \/>\n<meta property=\"og:url\" content=\"https:\/\/infoecos.com.ar\/index.php\/hoy-celeste-muriega-una-de-las-bailarinas-y-modelos-mas-bonita-del-pais\/\" \/>\n<meta property=\"og:site_name\" content=\"Infoecos\" \/>\n<meta property=\"article:publisher\" content=\"https:\/\/www.facebook.com\/profile.php?id=100063200290284\" \/>\n<meta property=\"article:published_time\" content=\"2023-08-17T22:41:54+00:00\" \/>\n<meta property=\"article:modified_time\" content=\"2023-08-19T07:46:17+00:00\" \/>\n<meta property=\"og:image\" content=\"https:\/\/infoecos.com.ar\/wp-content\/uploads\/2023\/08\/fotomuriega.jpg\" \/>\n\t<meta property=\"og:image:width\" content=\"381\" \/>\n\t<meta property=\"og:image:height\" content=\"312\" \/>\n\t<meta property=\"og:image:type\" content=\"image\/jpeg\" \/>\n<meta name=\"author\" content=\"Jorge Matheus\" \/>\n<meta name=\"twitter:card\" content=\"summary_large_image\" \/>\n<meta name=\"twitter:creator\" content=\"@infoecos\" \/>\n<meta name=\"twitter:site\" content=\"@infoecos\" \/>\n<meta name=\"twitter:label1\" content=\"Escrito por\" \/>\n\t<meta name=\"twitter:data1\" content=\"Jorge Matheus\" \/>\n\t<meta name=\"twitter:label2\" content=\"Tiempo de lectura\" \/>\n\t<meta name=\"twitter:data2\" content=\"3 minutos\" \/>\n<script type=\"application\/ld+json\" class=\"yoast-schema-graph\">{\"@context\":\"https:\/\/schema.org\",\"@graph\":[{\"@type\":\"Article\",\"@id\":\"https:\/\/infoecos.com.ar\/index.php\/hoy-celeste-muriega-una-de-las-bailarinas-y-modelos-mas-bonita-del-pais\/#article\",\"isPartOf\":{\"@id\":\"https:\/\/infoecos.com.ar\/index.php\/hoy-celeste-muriega-una-de-las-bailarinas-y-modelos-mas-bonita-del-pais\/\"},\"author\":{\"name\":\"Jorge Matheus\",\"@id\":\"https:\/\/infoecos.com.ar\/#\/schema\/person\/8f5ace5ce73b4b4aac4b7245aee6f191\"},\"headline\":\"Hoy Celeste Muriega, una de las bailarinas y modelo m\u00e1s bonita del pa\u00eds\",\"datePublished\":\"2023-08-17T22:41:54+00:00\",\"dateModified\":\"2023-08-19T07:46:17+00:00\",\"mainEntityOfPage\":{\"@id\":\"https:\/\/infoecos.com.ar\/index.php\/hoy-celeste-muriega-una-de-las-bailarinas-y-modelos-mas-bonita-del-pais\/\"},\"wordCount\":192,\"publisher\":{\"@id\":\"https:\/\/infoecos.com.ar\/#organization\"},\"image\":{\"@id\":\"https:\/\/infoecos.com.ar\/index.php\/hoy-celeste-muriega-una-de-las-bailarinas-y-modelos-mas-bonita-del-pais\/#primaryimage\"},\"thumbnailUrl\":\"https:\/\/infoecos.com.ar\/wp-content\/uploads\/2023\/08\/fotomuriega.jpg\",\"keywords\":[\"Descanso para Pampita\"],\"articleSection\":[\"Bloque inferior - 4\"],\"inLanguage\":\"es\"},{\"@type\":\"WebPage\",\"@id\":\"https:\/\/infoecos.com.ar\/index.php\/hoy-celeste-muriega-una-de-las-bailarinas-y-modelos-mas-bonita-del-pais\/\",\"url\":\"https:\/\/infoecos.com.ar\/index.php\/hoy-celeste-muriega-una-de-las-bailarinas-y-modelos-mas-bonita-del-pais\/\",\"name\":\"Hoy Celeste Muriega, una de las bailarinas y modelo m\u00e1s bonita del pa\u00eds - Infoecos\",\"isPartOf\":{\"@id\":\"https:\/\/infoecos.com.ar\/#website\"},\"primaryImageOfPage\":{\"@id\":\"https:\/\/infoecos.com.ar\/index.php\/hoy-celeste-muriega-una-de-las-bailarinas-y-modelos-mas-bonita-del-pais\/#primaryimage\"},\"image\":{\"@id\":\"https:\/\/infoecos.com.ar\/index.php\/hoy-celeste-muriega-una-de-las-bailarinas-y-modelos-mas-bonita-del-pais\/#primaryimage\"},\"thumbnailUrl\":\"https:\/\/infoecos.com.ar\/wp-content\/uploads\/2023\/08\/fotomuriega.jpg\",\"datePublished\":\"2023-08-17T22:41:54+00:00\",\"dateModified\":\"2023-08-19T07:46:17+00:00\",\"breadcrumb\":{\"@id\":\"https:\/\/infoecos.com.ar\/index.php\/hoy-celeste-muriega-una-de-las-bailarinas-y-modelos-mas-bonita-del-pais\/#breadcrumb\"},\"inLanguage\":\"es\",\"potentialAction\":[{\"@type\":\"ReadAction\",\"target\":[\"https:\/\/infoecos.com.ar\/index.php\/hoy-celeste-muriega-una-de-las-bailarinas-y-modelos-mas-bonita-del-pais\/\"]}]},{\"@type\":\"ImageObject\",\"inLanguage\":\"es\",\"@id\":\"https:\/\/infoecos.com.ar\/index.php\/hoy-celeste-muriega-una-de-las-bailarinas-y-modelos-mas-bonita-del-pais\/#primaryimage\",\"url\":\"https:\/\/infoecos.com.ar\/wp-content\/uploads\/2023\/08\/fotomuriega.jpg\",\"contentUrl\":\"https:\/\/infoecos.com.ar\/wp-content\/uploads\/2023\/08\/fotomuriega.jpg\",\"width\":381,\"height\":312},{\"@type\":\"BreadcrumbList\",\"@id\":\"https:\/\/infoecos.com.ar\/index.php\/hoy-celeste-muriega-una-de-las-bailarinas-y-modelos-mas-bonita-del-pais\/#breadcrumb\",\"itemListElement\":[{\"@type\":\"ListItem\",\"position\":1,\"name\":\"Portada\",\"item\":\"https:\/\/infoecos.com.ar\/\"},{\"@type\":\"ListItem\",\"position\":2,\"name\":\"Hoy Celeste Muriega, una de las bailarinas y modelo m\u00e1s bonita del pa\u00eds\"}]},{\"@type\":\"WebSite\",\"@id\":\"https:\/\/infoecos.com.ar\/#website\",\"url\":\"https:\/\/infoecos.com.ar\/\",\"name\":\"Infoecos\",\"description\":\"Noticias de trenque lauquen y la zona\",\"publisher\":{\"@id\":\"https:\/\/infoecos.com.ar\/#organization\"},\"alternateName\":\"Noticias\",\"potentialAction\":[{\"@type\":\"SearchAction\",\"target\":{\"@type\":\"EntryPoint\",\"urlTemplate\":\"https:\/\/infoecos.com.ar\/?s={search_term_string}\"},\"query-input\":{\"@type\":\"PropertyValueSpecification\",\"valueRequired\":true,\"valueName\":\"search_term_string\"}}],\"inLanguage\":\"es\"},{\"@type\":\"Organization\",\"@id\":\"https:\/\/infoecos.com.ar\/#organization\",\"name\":\"Infoecos\",\"alternateName\":\"Noticias\",\"url\":\"https:\/\/infoecos.com.ar\/\",\"logo\":{\"@type\":\"ImageObject\",\"inLanguage\":\"es\",\"@id\":\"https:\/\/infoecos.com.ar\/#\/schema\/logo\/image\/\",\"url\":\"https:\/\/infoecos.com.ar\/wp-content\/uploads\/2024\/03\/cropped-logo.png\",\"contentUrl\":\"https:\/\/infoecos.com.ar\/wp-content\/uploads\/2024\/03\/cropped-logo.png\",\"width\":374,\"height\":90,\"caption\":\"Infoecos\"},\"image\":{\"@id\":\"https:\/\/infoecos.com.ar\/#\/schema\/logo\/image\/\"},\"sameAs\":[\"https:\/\/www.facebook.com\/profile.php?id=100063200290284\",\"https:\/\/x.com\/infoecos\"]},{\"@type\":\"Person\",\"@id\":\"https:\/\/infoecos.com.ar\/#\/schema\/person\/8f5ace5ce73b4b4aac4b7245aee6f191\",\"name\":\"Jorge Matheus\",\"url\":\"https:\/\/infoecos.com.ar\/index.php\/author\/jomatheus\/\"}]}<\/script>\n<!-- \/ Yoast SEO plugin. -->","yoast_head_json":{"title":"Hoy Celeste Muriega, una de las bailarinas y modelo m\u00e1s bonita del pa\u00eds - Infoecos","robots":{"index":"index","follow":"follow","max-snippet":"max-snippet:-1","max-image-preview":"max-image-preview:large","max-video-preview":"max-video-preview:-1"},"canonical":"https:\/\/infoecos.com.ar\/index.php\/hoy-celeste-muriega-una-de-las-bailarinas-y-modelos-mas-bonita-del-pais\/","og_locale":"es_ES","og_type":"article","og_title":"Hoy Celeste Muriega, una de las bailarinas y modelo m\u00e1s bonita del pa\u00eds - Infoecos","og_description":"Galer\u00eda de fotos. Este jueves subi\u00f3 la temperatura de sus seguidores al aparecer en un video, de donde capturamos dos fotograf\u00edas a pocas horas de lanzar el tercer cap\u00edtulo de Playboy Celebrities","og_url":"https:\/\/infoecos.com.ar\/index.php\/hoy-celeste-muriega-una-de-las-bailarinas-y-modelos-mas-bonita-del-pais\/","og_site_name":"Infoecos","article_publisher":"https:\/\/www.facebook.com\/profile.php?id=100063200290284","article_published_time":"2023-08-17T22:41:54+00:00","article_modified_time":"2023-08-19T07:46:17+00:00","og_image":[{"width":381,"height":312,"url":"https:\/\/infoecos.com.ar\/wp-content\/uploads\/2023\/08\/fotomuriega.jpg","type":"image\/jpeg"}],"author":"Jorge Matheus","twitter_card":"summary_large_image","twitter_creator":"@infoecos","twitter_site":"@infoecos","twitter_misc":{"Escrito por":"Jorge Matheus","Tiempo de lectura":"3 minutos"},"schema":{"@context":"https:\/\/schema.org","@graph":[{"@type":"Article","@id":"https:\/\/infoecos.com.ar\/index.php\/hoy-celeste-muriega-una-de-las-bailarinas-y-modelos-mas-bonita-del-pais\/#article","isPartOf":{"@id":"https:\/\/infoecos.com.ar\/index.php\/hoy-celeste-muriega-una-de-las-bailarinas-y-modelos-mas-bonita-del-pais\/"},"author":{"name":"Jorge Matheus","@id":"https:\/\/infoecos.com.ar\/#\/schema\/person\/8f5ace5ce73b4b4aac4b7245aee6f191"},"headline":"Hoy Celeste Muriega, una de las bailarinas y modelo m\u00e1s bonita del pa\u00eds","datePublished":"2023-08-17T22:41:54+00:00","dateModified":"2023-08-19T07:46:17+00:00","mainEntityOfPage":{"@id":"https:\/\/infoecos.com.ar\/index.php\/hoy-celeste-muriega-una-de-las-bailarinas-y-modelos-mas-bonita-del-pais\/"},"wordCount":192,"publisher":{"@id":"https:\/\/infoecos.com.ar\/#organization"},"image":{"@id":"https:\/\/infoecos.com.ar\/index.php\/hoy-celeste-muriega-una-de-las-bailarinas-y-modelos-mas-bonita-del-pais\/#primaryimage"},"thumbnailUrl":"https:\/\/infoecos.com.ar\/wp-content\/uploads\/2023\/08\/fotomuriega.jpg","keywords":["Descanso para Pampita"],"articleSection":["Bloque inferior - 4"],"inLanguage":"es"},{"@type":"WebPage","@id":"https:\/\/infoecos.com.ar\/index.php\/hoy-celeste-muriega-una-de-las-bailarinas-y-modelos-mas-bonita-del-pais\/","url":"https:\/\/infoecos.com.ar\/index.php\/hoy-celeste-muriega-una-de-las-bailarinas-y-modelos-mas-bonita-del-pais\/","name":"Hoy Celeste Muriega, una de las bailarinas y modelo m\u00e1s bonita del pa\u00eds - Infoecos","isPartOf":{"@id":"https:\/\/infoecos.com.ar\/#website"},"primaryImageOfPage":{"@id":"https:\/\/infoecos.com.ar\/index.php\/hoy-celeste-muriega-una-de-las-bailarinas-y-modelos-mas-bonita-del-pais\/#primaryimage"},"image":{"@id":"https:\/\/infoecos.com.ar\/index.php\/hoy-celeste-muriega-una-de-las-bailarinas-y-modelos-mas-bonita-del-pais\/#primaryimage"},"thumbnailUrl":"https:\/\/infoecos.com.ar\/wp-content\/uploads\/2023\/08\/fotomuriega.jpg","datePublished":"2023-08-17T22:41:54+00:00","dateModified":"2023-08-19T07:46:17+00:00","breadcrumb":{"@id":"https:\/\/infoecos.com.ar\/index.php\/hoy-celeste-muriega-una-de-las-bailarinas-y-modelos-mas-bonita-del-pais\/#breadcrumb"},"inLanguage":"es","potentialAction":[{"@type":"ReadAction","target":["https:\/\/infoecos.com.ar\/index.php\/hoy-celeste-muriega-una-de-las-bailarinas-y-modelos-mas-bonita-del-pais\/"]}]},{"@type":"ImageObject","inLanguage":"es","@id":"https:\/\/infoecos.com.ar\/index.php\/hoy-celeste-muriega-una-de-las-bailarinas-y-modelos-mas-bonita-del-pais\/#primaryimage","url":"https:\/\/infoecos.com.ar\/wp-content\/uploads\/2023\/08\/fotomuriega.jpg","contentUrl":"https:\/\/infoecos.com.ar\/wp-content\/uploads\/2023\/08\/fotomuriega.jpg","width":381,"height":312},{"@type":"BreadcrumbList","@id":"https:\/\/infoecos.com.ar\/index.php\/hoy-celeste-muriega-una-de-las-bailarinas-y-modelos-mas-bonita-del-pais\/#breadcrumb","itemListElement":[{"@type":"ListItem","position":1,"name":"Portada","item":"https:\/\/infoecos.com.ar\/"},{"@type":"ListItem","position":2,"name":"Hoy Celeste Muriega, una de las bailarinas y modelo m\u00e1s bonita del pa\u00eds"}]},{"@type":"WebSite","@id":"https:\/\/infoecos.com.ar\/#website","url":"https:\/\/infoecos.com.ar\/","name":"Infoecos","description":"Noticias de trenque lauquen y la zona","publisher":{"@id":"https:\/\/infoecos.com.ar\/#organization"},"alternateName":"Noticias","potentialAction":[{"@type":"SearchAction","target":{"@type":"EntryPoint","urlTemplate":"https:\/\/infoecos.com.ar\/?s={search_term_string}"},"query-input":{"@type":"PropertyValueSpecification","valueRequired":true,"valueName":"search_term_string"}}],"inLanguage":"es"},{"@type":"Organization","@id":"https:\/\/infoecos.com.ar\/#organization","name":"Infoecos","alternateName":"Noticias","url":"https:\/\/infoecos.com.ar\/","logo":{"@type":"ImageObject","inLanguage":"es","@id":"https:\/\/infoecos.com.ar\/#\/schema\/logo\/image\/","url":"https:\/\/infoecos.com.ar\/wp-content\/uploads\/2024\/03\/cropped-logo.png","contentUrl":"https:\/\/infoecos.com.ar\/wp-content\/uploads\/2024\/03\/cropped-logo.png","width":374,"height":90,"caption":"Infoecos"},"image":{"@id":"https:\/\/infoecos.com.ar\/#\/schema\/logo\/image\/"},"sameAs":["https:\/\/www.facebook.com\/profile.php?id=100063200290284","https:\/\/x.com\/infoecos"]},{"@type":"Person","@id":"https:\/\/infoecos.com.ar\/#\/schema\/person\/8f5ace5ce73b4b4aac4b7245aee6f191","name":"Jorge Matheus","url":"https:\/\/infoecos.com.ar\/index.php\/author\/jomatheus\/"}]}},"featured_image_urls":{"full":["https:\/\/infoecos.com.ar\/wp-content\/uploads\/2023\/08\/fotomuriega.jpg",381,312,false],"thumbnail":["https:\/\/infoecos.com.ar\/wp-content\/uploads\/2023\/08\/fotomuriega-300x150.jpg",300,150,true],"medium":["https:\/\/infoecos.com.ar\/wp-content\/uploads\/2023\/08\/fotomuriega.jpg",381,312,false],"medium_large":["https:\/\/infoecos.com.ar\/wp-content\/uploads\/2023\/08\/fotomuriega.jpg",381,312,false],"large":["https:\/\/infoecos.com.ar\/wp-content\/uploads\/2023\/08\/fotomuriega.jpg",381,312,false],"1536x1536":["https:\/\/infoecos.com.ar\/wp-content\/uploads\/2023\/08\/fotomuriega.jpg",381,312,false],"2048x2048":["https:\/\/infoecos.com.ar\/wp-content\/uploads\/2023\/08\/fotomuriega.jpg",381,312,false],"covernews-slider-full":["https:\/\/infoecos.com.ar\/wp-content\/uploads\/2023\/08\/fotomuriega.jpg",381,312,false],"covernews-slider-center":["https:\/\/infoecos.com.ar\/wp-content\/uploads\/2023\/08\/fotomuriega.jpg",381,312,false],"covernews-featured":["https:\/\/infoecos.com.ar\/wp-content\/uploads\/2023\/08\/fotomuriega.jpg",381,312,false],"covernews-medium":["https:\/\/infoecos.com.ar\/wp-content\/uploads\/2023\/08\/fotomuriega.jpg",381,312,false],"covernews-medium-square":["https:\/\/infoecos.com.ar\/wp-content\/uploads\/2023\/08\/fotomuriega.jpg",305,250,false]},"author_info":{"info":["Jorge Matheus"]},"category_info":"<a href=\"https:\/\/infoecos.com.ar\/index.php\/category\/inferior4\/\" rel=\"category tag\">Bloque inferior - 4<\/a>","tag_info":"Bloque inferior - 4","comment_count":"0","_links":{"self":[{"href":"https:\/\/infoecos.com.ar\/index.php\/wp-json\/wp\/v2\/posts\/110128"}],"collection":[{"href":"https:\/\/infoecos.com.ar\/index.php\/wp-json\/wp\/v2\/posts"}],"about":[{"href":"https:\/\/infoecos.com.ar\/index.php\/wp-json\/wp\/v2\/types\/post"}],"author":[{"embeddable":true,"href":"https:\/\/infoecos.com.ar\/index.php\/wp-json\/wp\/v2\/users\/2"}],"replies":[{"embeddable":true,"href":"https:\/\/infoecos.com.ar\/index.php\/wp-json\/wp\/v2\/comments?post=110128"}],"version-history":[{"count":3,"href":"https:\/\/infoecos.com.ar\/index.php\/wp-json\/wp\/v2\/posts\/110128\/revisions"}],"predecessor-version":[{"id":110143,"href":"https:\/\/infoecos.com.ar\/index.php\/wp-json\/wp\/v2\/posts\/110128\/revisions\/110143"}],"wp:featuredmedia":[{"embeddable":true,"href":"https:\/\/infoecos.com.ar\/index.php\/wp-json\/wp\/v2\/media\/110131"}],"wp:attachment":[{"href":"https:\/\/infoecos.com.ar\/index.php\/wp-json\/wp\/v2\/media?parent=110128"}],"wp:term":[{"taxonomy":"category","embeddable":true,"href":"https:\/\/infoecos.com.ar\/index.php\/wp-json\/wp\/v2\/categories?post=110128"},{"taxonomy":"post_tag","embeddable":true,"href":"https:\/\/infoecos.com.ar\/index.php\/wp-json\/wp\/v2\/tags?post=110128"}],"curies":[{"name":"wp","href":"https:\/\/api.w.org\/{rel}","templated":true}]}}