{"id":110162,"date":"2023-08-17T22:26:43","date_gmt":"2023-08-18T01:26:43","guid":{"rendered":"https:\/\/infoecos.com.ar\/?p=110162"},"modified":"2023-08-19T04:44:56","modified_gmt":"2023-08-19T07:44:56","slug":"messi-hablo-sobre-lo-que-la-mayoria-de-los-argentinos-en-especial-deseaban-escuchar","status":"publish","type":"post","link":"https:\/\/infoecos.com.ar\/index.php\/messi-hablo-sobre-lo-que-la-mayoria-de-los-argentinos-en-especial-deseaban-escuchar\/","title":{"rendered":"Messi habl\u00f3 sobre lo que la mayor\u00eda de los argentinos, en especial, deseaban escuchar"},"content":{"rendered":"\n<p>La conferencia de prensa que el mundo estaba esperando, pero los argentinos muy en especial, por lo que signific\u00f3 la obtenci\u00f3n del Mundial en Qatar, como as\u00ed tambi\u00e9n las razones por las que eligi\u00f3 el Inter Miami para jugar.<\/p>\n\n\n\n<figure class=\"wp-block-image aligncenter size-full is-resized\"><img loading=\"lazy\" decoding=\"async\" src=\"https:\/\/infoecos.com.ar\/wp-content\/uploads\/2023\/08\/image-82.png\" alt=\"\" class=\"wp-image-110163\" width=\"472\" height=\"277\" srcset=\"https:\/\/infoecos.com.ar\/wp-content\/uploads\/2023\/08\/image-82.png 1290w, https:\/\/infoecos.com.ar\/wp-content\/uploads\/2023\/08\/image-82-800x471.png 800w, https:\/\/infoecos.com.ar\/wp-content\/uploads\/2023\/08\/image-82-768x452.png 768w, https:\/\/infoecos.com.ar\/wp-content\/uploads\/2023\/08\/image-82-1024x603.png 1024w\" sizes=\"(max-width: 472px) 100vw, 472px\" \/><\/figure>\n\n\n\n<p>Sus declaraciones tuvieron, como queda dicho, alcance universal.<\/p>\n\n\n\n<p><\/p>\n\n\n\n<figure class=\"wp-block-embed is-type-video is-provider-youtube wp-block-embed-youtube wp-embed-aspect-16-9 wp-has-aspect-ratio\"><div class=\"wp-block-embed__wrapper\">\n<iframe loading=\"lazy\" title=\"&quot;MI PREMIO M\u00c1S GRANDE FUE GANAR EL MUNDIAL&quot;: IMPERDIBLE CONFERENCIA DE PRENSA de Lionel MESSI\" width=\"640\" height=\"360\" src=\"https:\/\/www.youtube.com\/embed\/6ZQXvQv8YXA?feature=oembed\" frameborder=\"0\" allow=\"accelerometer; autoplay; clipboard-write; encrypted-media; gyroscope; picture-in-picture; web-share\" referrerpolicy=\"strict-origin-when-cross-origin\" allowfullscreen><\/iframe>\n<\/div><\/figure>\n","protected":false},"excerpt":{"rendered":"<p>Habl\u00f3 lo que signific\u00f3 la obtenci\u00f3n del Mundial de Qatar y las razones por las que estableci\u00f3 en Miami<\/p>\n","protected":false},"author":2,"featured_media":110163,"comment_status":"closed","ping_status":"open","sticky":false,"template":"","format":"standard","meta":{"footnotes":""},"categories":[1327,41,1328],"tags":[8779],"class_list":["post-110162","post","type-post","status-publish","format-standard","has-post-thumbnail","hentry","category-audio","category-inferior2","category-video","tag-conferencia-de-prensa-universal"],"yoast_head":"<!-- This site is optimized with the Yoast SEO plugin v23.4 - https:\/\/yoast.com\/wordpress\/plugins\/seo\/ -->\n<title>Messi habl\u00f3 sobre lo que la mayor\u00eda de los argentinos, en especial, deseaban escuchar - Infoecos<\/title>\n<meta name=\"robots\" content=\"index, follow, max-snippet:-1, max-image-preview:large, max-video-preview:-1\" \/>\n<link rel=\"canonical\" href=\"https:\/\/infoecos.com.ar\/index.php\/messi-hablo-sobre-lo-que-la-mayoria-de-los-argentinos-en-especial-deseaban-escuchar\/\" \/>\n<meta property=\"og:locale\" content=\"es_ES\" \/>\n<meta property=\"og:type\" content=\"article\" \/>\n<meta property=\"og:title\" content=\"Messi habl\u00f3 sobre lo que la mayor\u00eda de los argentinos, en especial, deseaban escuchar - Infoecos\" \/>\n<meta property=\"og:description\" content=\"Habl\u00f3 lo que signific\u00f3 la obtenci\u00f3n del Mundial de Qatar y las razones por las que estableci\u00f3 en Miami\" \/>\n<meta property=\"og:url\" content=\"https:\/\/infoecos.com.ar\/index.php\/messi-hablo-sobre-lo-que-la-mayoria-de-los-argentinos-en-especial-deseaban-escuchar\/\" \/>\n<meta property=\"og:site_name\" content=\"Infoecos\" \/>\n<meta property=\"article:publisher\" content=\"https:\/\/www.facebook.com\/profile.php?id=100063200290284\" \/>\n<meta property=\"article:published_time\" content=\"2023-08-18T01:26:43+00:00\" \/>\n<meta property=\"article:modified_time\" content=\"2023-08-19T07:44:56+00:00\" \/>\n<meta property=\"og:image\" content=\"https:\/\/infoecos.com.ar\/wp-content\/uploads\/2023\/08\/image-82.png\" \/>\n\t<meta property=\"og:image:width\" content=\"1290\" \/>\n\t<meta property=\"og:image:height\" content=\"760\" \/>\n\t<meta property=\"og:image:type\" content=\"image\/png\" \/>\n<meta name=\"author\" content=\"Jorge Matheus\" \/>\n<meta name=\"twitter:card\" content=\"summary_large_image\" \/>\n<meta name=\"twitter:creator\" content=\"@infoecos\" \/>\n<meta name=\"twitter:site\" content=\"@infoecos\" \/>\n<meta name=\"twitter:label1\" content=\"Escrito por\" \/>\n\t<meta name=\"twitter:data1\" content=\"Jorge Matheus\" \/>\n\t<meta name=\"twitter:label2\" content=\"Tiempo de lectura\" \/>\n\t<meta name=\"twitter:data2\" content=\"1 minuto\" \/>\n<script type=\"application\/ld+json\" class=\"yoast-schema-graph\">{\"@context\":\"https:\/\/schema.org\",\"@graph\":[{\"@type\":\"Article\",\"@id\":\"https:\/\/infoecos.com.ar\/index.php\/messi-hablo-sobre-lo-que-la-mayoria-de-los-argentinos-en-especial-deseaban-escuchar\/#article\",\"isPartOf\":{\"@id\":\"https:\/\/infoecos.com.ar\/index.php\/messi-hablo-sobre-lo-que-la-mayoria-de-los-argentinos-en-especial-deseaban-escuchar\/\"},\"author\":{\"name\":\"Jorge Matheus\",\"@id\":\"https:\/\/infoecos.com.ar\/#\/schema\/person\/8f5ace5ce73b4b4aac4b7245aee6f191\"},\"headline\":\"Messi habl\u00f3 sobre lo que la mayor\u00eda de los argentinos, en especial, deseaban escuchar\",\"datePublished\":\"2023-08-18T01:26:43+00:00\",\"dateModified\":\"2023-08-19T07:44:56+00:00\",\"mainEntityOfPage\":{\"@id\":\"https:\/\/infoecos.com.ar\/index.php\/messi-hablo-sobre-lo-que-la-mayoria-de-los-argentinos-en-especial-deseaban-escuchar\/\"},\"wordCount\":76,\"publisher\":{\"@id\":\"https:\/\/infoecos.com.ar\/#organization\"},\"image\":{\"@id\":\"https:\/\/infoecos.com.ar\/index.php\/messi-hablo-sobre-lo-que-la-mayoria-de-los-argentinos-en-especial-deseaban-escuchar\/#primaryimage\"},\"thumbnailUrl\":\"https:\/\/infoecos.com.ar\/wp-content\/uploads\/2023\/08\/image-82.png\",\"keywords\":[\"CONFERENCIA DE PRENSA UNIVERSAL\"],\"articleSection\":[\"Audio\",\"Bloque inferior - 2\",\"Video\"],\"inLanguage\":\"es\"},{\"@type\":\"WebPage\",\"@id\":\"https:\/\/infoecos.com.ar\/index.php\/messi-hablo-sobre-lo-que-la-mayoria-de-los-argentinos-en-especial-deseaban-escuchar\/\",\"url\":\"https:\/\/infoecos.com.ar\/index.php\/messi-hablo-sobre-lo-que-la-mayoria-de-los-argentinos-en-especial-deseaban-escuchar\/\",\"name\":\"Messi habl\u00f3 sobre lo que la mayor\u00eda de los argentinos, en especial, deseaban escuchar - Infoecos\",\"isPartOf\":{\"@id\":\"https:\/\/infoecos.com.ar\/#website\"},\"primaryImageOfPage\":{\"@id\":\"https:\/\/infoecos.com.ar\/index.php\/messi-hablo-sobre-lo-que-la-mayoria-de-los-argentinos-en-especial-deseaban-escuchar\/#primaryimage\"},\"image\":{\"@id\":\"https:\/\/infoecos.com.ar\/index.php\/messi-hablo-sobre-lo-que-la-mayoria-de-los-argentinos-en-especial-deseaban-escuchar\/#primaryimage\"},\"thumbnailUrl\":\"https:\/\/infoecos.com.ar\/wp-content\/uploads\/2023\/08\/image-82.png\",\"datePublished\":\"2023-08-18T01:26:43+00:00\",\"dateModified\":\"2023-08-19T07:44:56+00:00\",\"breadcrumb\":{\"@id\":\"https:\/\/infoecos.com.ar\/index.php\/messi-hablo-sobre-lo-que-la-mayoria-de-los-argentinos-en-especial-deseaban-escuchar\/#breadcrumb\"},\"inLanguage\":\"es\",\"potentialAction\":[{\"@type\":\"ReadAction\",\"target\":[\"https:\/\/infoecos.com.ar\/index.php\/messi-hablo-sobre-lo-que-la-mayoria-de-los-argentinos-en-especial-deseaban-escuchar\/\"]}]},{\"@type\":\"ImageObject\",\"inLanguage\":\"es\",\"@id\":\"https:\/\/infoecos.com.ar\/index.php\/messi-hablo-sobre-lo-que-la-mayoria-de-los-argentinos-en-especial-deseaban-escuchar\/#primaryimage\",\"url\":\"https:\/\/infoecos.com.ar\/wp-content\/uploads\/2023\/08\/image-82.png\",\"contentUrl\":\"https:\/\/infoecos.com.ar\/wp-content\/uploads\/2023\/08\/image-82.png\",\"width\":1290,\"height\":760},{\"@type\":\"BreadcrumbList\",\"@id\":\"https:\/\/infoecos.com.ar\/index.php\/messi-hablo-sobre-lo-que-la-mayoria-de-los-argentinos-en-especial-deseaban-escuchar\/#breadcrumb\",\"itemListElement\":[{\"@type\":\"ListItem\",\"position\":1,\"name\":\"Portada\",\"item\":\"https:\/\/infoecos.com.ar\/\"},{\"@type\":\"ListItem\",\"position\":2,\"name\":\"Messi habl\u00f3 sobre lo que la mayor\u00eda de los argentinos, en especial, deseaban escuchar\"}]},{\"@type\":\"WebSite\",\"@id\":\"https:\/\/infoecos.com.ar\/#website\",\"url\":\"https:\/\/infoecos.com.ar\/\",\"name\":\"Infoecos\",\"description\":\"Noticias de trenque lauquen y la zona\",\"publisher\":{\"@id\":\"https:\/\/infoecos.com.ar\/#organization\"},\"alternateName\":\"Noticias\",\"potentialAction\":[{\"@type\":\"SearchAction\",\"target\":{\"@type\":\"EntryPoint\",\"urlTemplate\":\"https:\/\/infoecos.com.ar\/?s={search_term_string}\"},\"query-input\":{\"@type\":\"PropertyValueSpecification\",\"valueRequired\":true,\"valueName\":\"search_term_string\"}}],\"inLanguage\":\"es\"},{\"@type\":\"Organization\",\"@id\":\"https:\/\/infoecos.com.ar\/#organization\",\"name\":\"Infoecos\",\"alternateName\":\"Noticias\",\"url\":\"https:\/\/infoecos.com.ar\/\",\"logo\":{\"@type\":\"ImageObject\",\"inLanguage\":\"es\",\"@id\":\"https:\/\/infoecos.com.ar\/#\/schema\/logo\/image\/\",\"url\":\"https:\/\/infoecos.com.ar\/wp-content\/uploads\/2024\/03\/cropped-logo.png\",\"contentUrl\":\"https:\/\/infoecos.com.ar\/wp-content\/uploads\/2024\/03\/cropped-logo.png\",\"width\":374,\"height\":90,\"caption\":\"Infoecos\"},\"image\":{\"@id\":\"https:\/\/infoecos.com.ar\/#\/schema\/logo\/image\/\"},\"sameAs\":[\"https:\/\/www.facebook.com\/profile.php?id=100063200290284\",\"https:\/\/x.com\/infoecos\"]},{\"@type\":\"Person\",\"@id\":\"https:\/\/infoecos.com.ar\/#\/schema\/person\/8f5ace5ce73b4b4aac4b7245aee6f191\",\"name\":\"Jorge Matheus\",\"url\":\"https:\/\/infoecos.com.ar\/index.php\/author\/jomatheus\/\"}]}<\/script>\n<!-- \/ Yoast SEO plugin. -->","yoast_head_json":{"title":"Messi habl\u00f3 sobre lo que la mayor\u00eda de los argentinos, en especial, deseaban escuchar - Infoecos","robots":{"index":"index","follow":"follow","max-snippet":"max-snippet:-1","max-image-preview":"max-image-preview:large","max-video-preview":"max-video-preview:-1"},"canonical":"https:\/\/infoecos.com.ar\/index.php\/messi-hablo-sobre-lo-que-la-mayoria-de-los-argentinos-en-especial-deseaban-escuchar\/","og_locale":"es_ES","og_type":"article","og_title":"Messi habl\u00f3 sobre lo que la mayor\u00eda de los argentinos, en especial, deseaban escuchar - Infoecos","og_description":"Habl\u00f3 lo que signific\u00f3 la obtenci\u00f3n del Mundial de Qatar y las razones por las que estableci\u00f3 en Miami","og_url":"https:\/\/infoecos.com.ar\/index.php\/messi-hablo-sobre-lo-que-la-mayoria-de-los-argentinos-en-especial-deseaban-escuchar\/","og_site_name":"Infoecos","article_publisher":"https:\/\/www.facebook.com\/profile.php?id=100063200290284","article_published_time":"2023-08-18T01:26:43+00:00","article_modified_time":"2023-08-19T07:44:56+00:00","og_image":[{"width":1290,"height":760,"url":"https:\/\/infoecos.com.ar\/wp-content\/uploads\/2023\/08\/image-82.png","type":"image\/png"}],"author":"Jorge Matheus","twitter_card":"summary_large_image","twitter_creator":"@infoecos","twitter_site":"@infoecos","twitter_misc":{"Escrito por":"Jorge Matheus","Tiempo de lectura":"1 minuto"},"schema":{"@context":"https:\/\/schema.org","@graph":[{"@type":"Article","@id":"https:\/\/infoecos.com.ar\/index.php\/messi-hablo-sobre-lo-que-la-mayoria-de-los-argentinos-en-especial-deseaban-escuchar\/#article","isPartOf":{"@id":"https:\/\/infoecos.com.ar\/index.php\/messi-hablo-sobre-lo-que-la-mayoria-de-los-argentinos-en-especial-deseaban-escuchar\/"},"author":{"name":"Jorge Matheus","@id":"https:\/\/infoecos.com.ar\/#\/schema\/person\/8f5ace5ce73b4b4aac4b7245aee6f191"},"headline":"Messi habl\u00f3 sobre lo que la mayor\u00eda de los argentinos, en especial, deseaban escuchar","datePublished":"2023-08-18T01:26:43+00:00","dateModified":"2023-08-19T07:44:56+00:00","mainEntityOfPage":{"@id":"https:\/\/infoecos.com.ar\/index.php\/messi-hablo-sobre-lo-que-la-mayoria-de-los-argentinos-en-especial-deseaban-escuchar\/"},"wordCount":76,"publisher":{"@id":"https:\/\/infoecos.com.ar\/#organization"},"image":{"@id":"https:\/\/infoecos.com.ar\/index.php\/messi-hablo-sobre-lo-que-la-mayoria-de-los-argentinos-en-especial-deseaban-escuchar\/#primaryimage"},"thumbnailUrl":"https:\/\/infoecos.com.ar\/wp-content\/uploads\/2023\/08\/image-82.png","keywords":["CONFERENCIA DE PRENSA UNIVERSAL"],"articleSection":["Audio","Bloque inferior - 2","Video"],"inLanguage":"es"},{"@type":"WebPage","@id":"https:\/\/infoecos.com.ar\/index.php\/messi-hablo-sobre-lo-que-la-mayoria-de-los-argentinos-en-especial-deseaban-escuchar\/","url":"https:\/\/infoecos.com.ar\/index.php\/messi-hablo-sobre-lo-que-la-mayoria-de-los-argentinos-en-especial-deseaban-escuchar\/","name":"Messi habl\u00f3 sobre lo que la mayor\u00eda de los argentinos, en especial, deseaban escuchar - Infoecos","isPartOf":{"@id":"https:\/\/infoecos.com.ar\/#website"},"primaryImageOfPage":{"@id":"https:\/\/infoecos.com.ar\/index.php\/messi-hablo-sobre-lo-que-la-mayoria-de-los-argentinos-en-especial-deseaban-escuchar\/#primaryimage"},"image":{"@id":"https:\/\/infoecos.com.ar\/index.php\/messi-hablo-sobre-lo-que-la-mayoria-de-los-argentinos-en-especial-deseaban-escuchar\/#primaryimage"},"thumbnailUrl":"https:\/\/infoecos.com.ar\/wp-content\/uploads\/2023\/08\/image-82.png","datePublished":"2023-08-18T01:26:43+00:00","dateModified":"2023-08-19T07:44:56+00:00","breadcrumb":{"@id":"https:\/\/infoecos.com.ar\/index.php\/messi-hablo-sobre-lo-que-la-mayoria-de-los-argentinos-en-especial-deseaban-escuchar\/#breadcrumb"},"inLanguage":"es","potentialAction":[{"@type":"ReadAction","target":["https:\/\/infoecos.com.ar\/index.php\/messi-hablo-sobre-lo-que-la-mayoria-de-los-argentinos-en-especial-deseaban-escuchar\/"]}]},{"@type":"ImageObject","inLanguage":"es","@id":"https:\/\/infoecos.com.ar\/index.php\/messi-hablo-sobre-lo-que-la-mayoria-de-los-argentinos-en-especial-deseaban-escuchar\/#primaryimage","url":"https:\/\/infoecos.com.ar\/wp-content\/uploads\/2023\/08\/image-82.png","contentUrl":"https:\/\/infoecos.com.ar\/wp-content\/uploads\/2023\/08\/image-82.png","width":1290,"height":760},{"@type":"BreadcrumbList","@id":"https:\/\/infoecos.com.ar\/index.php\/messi-hablo-sobre-lo-que-la-mayoria-de-los-argentinos-en-especial-deseaban-escuchar\/#breadcrumb","itemListElement":[{"@type":"ListItem","position":1,"name":"Portada","item":"https:\/\/infoecos.com.ar\/"},{"@type":"ListItem","position":2,"name":"Messi habl\u00f3 sobre lo que la mayor\u00eda de los argentinos, en especial, deseaban escuchar"}]},{"@type":"WebSite","@id":"https:\/\/infoecos.com.ar\/#website","url":"https:\/\/infoecos.com.ar\/","name":"Infoecos","description":"Noticias de trenque lauquen y la zona","publisher":{"@id":"https:\/\/infoecos.com.ar\/#organization"},"alternateName":"Noticias","potentialAction":[{"@type":"SearchAction","target":{"@type":"EntryPoint","urlTemplate":"https:\/\/infoecos.com.ar\/?s={search_term_string}"},"query-input":{"@type":"PropertyValueSpecification","valueRequired":true,"valueName":"search_term_string"}}],"inLanguage":"es"},{"@type":"Organization","@id":"https:\/\/infoecos.com.ar\/#organization","name":"Infoecos","alternateName":"Noticias","url":"https:\/\/infoecos.com.ar\/","logo":{"@type":"ImageObject","inLanguage":"es","@id":"https:\/\/infoecos.com.ar\/#\/schema\/logo\/image\/","url":"https:\/\/infoecos.com.ar\/wp-content\/uploads\/2024\/03\/cropped-logo.png","contentUrl":"https:\/\/infoecos.com.ar\/wp-content\/uploads\/2024\/03\/cropped-logo.png","width":374,"height":90,"caption":"Infoecos"},"image":{"@id":"https:\/\/infoecos.com.ar\/#\/schema\/logo\/image\/"},"sameAs":["https:\/\/www.facebook.com\/profile.php?id=100063200290284","https:\/\/x.com\/infoecos"]},{"@type":"Person","@id":"https:\/\/infoecos.com.ar\/#\/schema\/person\/8f5ace5ce73b4b4aac4b7245aee6f191","name":"Jorge Matheus","url":"https:\/\/infoecos.com.ar\/index.php\/author\/jomatheus\/"}]}},"featured_image_urls":{"full":["https:\/\/infoecos.com.ar\/wp-content\/uploads\/2023\/08\/image-82.png",1290,760,false],"thumbnail":["https:\/\/infoecos.com.ar\/wp-content\/uploads\/2023\/08\/image-82-300x150.png",300,150,true],"medium":["https:\/\/infoecos.com.ar\/wp-content\/uploads\/2023\/08\/image-82-800x471.png",800,471,true],"medium_large":["https:\/\/infoecos.com.ar\/wp-content\/uploads\/2023\/08\/image-82-768x452.png",640,377,true],"large":["https:\/\/infoecos.com.ar\/wp-content\/uploads\/2023\/08\/image-82.png",640,377,false],"1536x1536":["https:\/\/infoecos.com.ar\/wp-content\/uploads\/2023\/08\/image-82.png",1290,760,false],"2048x2048":["https:\/\/infoecos.com.ar\/wp-content\/uploads\/2023\/08\/image-82.png",1290,760,false],"covernews-slider-full":["https:\/\/infoecos.com.ar\/wp-content\/uploads\/2023\/08\/image-82.png",1115,657,false],"covernews-slider-center":["https:\/\/infoecos.com.ar\/wp-content\/uploads\/2023\/08\/image-82-936x760.png",616,500,true],"covernews-featured":["https:\/\/infoecos.com.ar\/wp-content\/uploads\/2023\/08\/image-82-1024x603.png",1024,603,true],"covernews-medium":["https:\/\/infoecos.com.ar\/wp-content\/uploads\/2023\/08\/image-82-720x380.png",540,285,true],"covernews-medium-square":["https:\/\/infoecos.com.ar\/wp-content\/uploads\/2023\/08\/image-82-675x450.png",375,250,true]},"author_info":{"info":["Jorge Matheus"]},"category_info":"<a href=\"https:\/\/infoecos.com.ar\/index.php\/category\/audio\/\" rel=\"category tag\">Audio<\/a> <a href=\"https:\/\/infoecos.com.ar\/index.php\/category\/inferior2\/\" rel=\"category tag\">Bloque inferior - 2<\/a> <a href=\"https:\/\/infoecos.com.ar\/index.php\/category\/video\/\" rel=\"category tag\">Video<\/a>","tag_info":"Video","comment_count":"0","_links":{"self":[{"href":"https:\/\/infoecos.com.ar\/index.php\/wp-json\/wp\/v2\/posts\/110162"}],"collection":[{"href":"https:\/\/infoecos.com.ar\/index.php\/wp-json\/wp\/v2\/posts"}],"about":[{"href":"https:\/\/infoecos.com.ar\/index.php\/wp-json\/wp\/v2\/types\/post"}],"author":[{"embeddable":true,"href":"https:\/\/infoecos.com.ar\/index.php\/wp-json\/wp\/v2\/users\/2"}],"replies":[{"embeddable":true,"href":"https:\/\/infoecos.com.ar\/index.php\/wp-json\/wp\/v2\/comments?post=110162"}],"version-history":[{"count":1,"href":"https:\/\/infoecos.com.ar\/index.php\/wp-json\/wp\/v2\/posts\/110162\/revisions"}],"predecessor-version":[{"id":110164,"href":"https:\/\/infoecos.com.ar\/index.php\/wp-json\/wp\/v2\/posts\/110162\/revisions\/110164"}],"wp:featuredmedia":[{"embeddable":true,"href":"https:\/\/infoecos.com.ar\/index.php\/wp-json\/wp\/v2\/media\/110163"}],"wp:attachment":[{"href":"https:\/\/infoecos.com.ar\/index.php\/wp-json\/wp\/v2\/media?parent=110162"}],"wp:term":[{"taxonomy":"category","embeddable":true,"href":"https:\/\/infoecos.com.ar\/index.php\/wp-json\/wp\/v2\/categories?post=110162"},{"taxonomy":"post_tag","embeddable":true,"href":"https:\/\/infoecos.com.ar\/index.php\/wp-json\/wp\/v2\/tags?post=110162"}],"curies":[{"name":"wp","href":"https:\/\/api.w.org\/{rel}","templated":true}]}}